{"id":6019,"date":"2024-02-08T11:07:25","date_gmt":"2024-02-08T11:07:25","guid":{"rendered":"https:\/\/challengeseconomiques.com\/?p=6019"},"modified":"2024-02-08T12:56:48","modified_gmt":"2024-02-08T12:56:48","slug":"train-express-regional-de-dakar-lajout-de-7-nouvelles-rames-prevu-pour-debut-2025-au-plus-tard","status":"publish","type":"post","link":"https:\/\/challengeseconomiques.com\/?p=6019","title":{"rendered":"Train express r\u00e9gional de Dakar : l\u2019ajout de 7 nouvelles rames pr\u00e9vu pour d\u00e9but 2025 au plus tard"},"content":{"rendered":"<p class=\"texte textearticle\"><strong>Actuellement, le service du TER de Dakar qui couvre 35 km de lin\u00e9aire dispose d\u2019une flotte de 15 rames (dont une douzaine pleinement op\u00e9rationnelles) et d\u2019une capacit\u00e9 de 115\u00a0000 passagers par jour.<\/strong><\/p>\n<p class=\"texte textearticle\">7 nouvelles rames seront r\u00e9ceptionn\u00e9es fin 2024-d\u00e9but 2025 pour le train express r\u00e9gional de Dakar, a r\u00e9cemment annonc\u00e9 Charles Civreis, DG de la SETER (Soci\u00e9t\u00e9 d\u2019exploitation du train express r\u00e9gional). <em>\u00ab\u00a0Il y a une forte demande. L\u2019\u00c9tat a command\u00e9 de nouvelles rames qui sont en construction. Les 7 nouvelles rames vont aider \u00e0 combler cette demande suppl\u00e9mentaire en voyages\u00a0\u00bb<\/em> a-t-il expliqu\u00e9.<\/p>\n<p class=\"texte textearticle\">Depuis fin d\u00e9cembre 2021, date sa mise en service, le TER s\u2019est impos\u00e9 comme principal moyen de transport dans Dakar et ses banlieues. En 2023, pr\u00e8s de 41 millions de voyageurs ont emprunt\u00e9 le r\u00e9seau pour leur besoin de d\u00e9placement, selon les r\u00e9centes statistiques de la Soci\u00e9t\u00e9 nationale de gestion du patrimoine du Train express r\u00e9gional (SEN-TER S.A).<\/p>\n<p class=\"texte textearticle\">Une deuxi\u00e8me phase du projet est actuellement en d\u00e9veloppement pour \u00e9tendre le r\u00e9seau sur 19 km vers l\u2019a\u00e9roport international Blaise Diagne de Dakar (AIBD), ce qui en portera la capacit\u00e9 \u00e0 300\u00a0000 passagers par jour.<\/p>\n<p class=\"texte textearticle\">Le TER fait partie des projets phares de l\u2019\u00c9tat s\u00e9n\u00e9galais, au m\u00eame titre que le projet de Bus Rapide Transit (BRT), pour r\u00e9duire une partie des d\u00e9fis de mobilit\u00e9 urbaine \u00e0 travers une augmentation de l\u2019offre publique de transport collectif. Le BRT officiellement mis en service \u00e0 la mi-janvier dernier devrait transporter quant \u00e0 300\u00a0000 passagers par jour.<\/p>\n<p><strong>(Agence Ecofin)<\/strong><\/p>\n","protected":false},"excerpt":{"rendered":"<p>Actuellement, le service du TER de Dakar qui couvre 35 km de lin\u00e9aire dispose d\u2019une flotte de 15 rames (dont une douzaine pleinement op\u00e9rationnelles) et&#8230;<\/p>\n","protected":false},"author":1,"featured_media":2467,"comment_status":"closed","ping_status":"open","sticky":false,"template":"","format":"standard","meta":{"_jetpack_memberships_contains_paid_content":false,"footnotes":""},"categories":[8],"tags":[],"class_list":["post-6019","post","type-post","status-publish","format-standard","has-post-thumbnail","hentry","category-actualite-economique","wpcat-8-id"],"yoast_head":"<!-- This site is optimized with the Yoast SEO plugin v27.1.1 - https:\/\/yoast.com\/product\/yoast-seo-wordpress\/ -->\n<title>Train express r\u00e9gional de Dakar : l\u2019ajout de 7 nouvelles rames pr\u00e9vu pour d\u00e9but 2025 au plus tard - challenges economiques<\/title>\n<meta name=\"robots\" content=\"index, follow, max-snippet:-1, max-image-preview:large, max-video-preview:-1\" \/>\n<link rel=\"canonical\" href=\"https:\/\/challengeseconomiques.com\/?p=6019\" \/>\n<meta property=\"og:locale\" content=\"fr_FR\" \/>\n<meta property=\"og:type\" content=\"article\" \/>\n<meta property=\"og:title\" content=\"Train express r\u00e9gional de Dakar : l\u2019ajout de 7 nouvelles rames pr\u00e9vu pour d\u00e9but 2025 au plus tard - challenges economiques\" \/>\n<meta property=\"og:description\" content=\"Actuellement, le service du TER de Dakar qui couvre 35 km de lin\u00e9aire dispose d\u2019une flotte de 15 rames (dont une douzaine pleinement op\u00e9rationnelles) et...\" \/>\n<meta property=\"og:url\" content=\"https:\/\/challengeseconomiques.com\/?p=6019\" \/>\n<meta property=\"og:site_name\" content=\"challenges economiques\" \/>\n<meta property=\"article:published_time\" content=\"2024-02-08T11:07:25+00:00\" \/>\n<meta property=\"article:modified_time\" content=\"2024-02-08T12:56:48+00:00\" \/>\n<meta property=\"og:image\" content=\"https:\/\/challengeseconomiques.com\/wp-content\/uploads\/2021\/12\/TER-senegal.jpg\" \/>\n\t<meta property=\"og:image:width\" content=\"1200\" \/>\n\t<meta property=\"og:image:height\" content=\"675\" \/>\n\t<meta property=\"og:image:type\" content=\"image\/jpeg\" \/>\n<meta name=\"author\" content=\"admin\" \/>\n<meta name=\"twitter:card\" content=\"summary_large_image\" \/>\n<meta name=\"twitter:label1\" content=\"\u00c9crit par\" \/>\n\t<meta name=\"twitter:data1\" content=\"admin\" \/>\n\t<meta name=\"twitter:label2\" content=\"Dur\u00e9e de lecture estim\u00e9e\" \/>\n\t<meta name=\"twitter:data2\" content=\"1 minute\" \/>\n<script type=\"application\/ld+json\" class=\"yoast-schema-graph\">{\"@context\":\"https:\/\/schema.org\",\"@graph\":[{\"@type\":\"Article\",\"@id\":\"https:\/\/challengeseconomiques.com\/?p=6019#article\",\"isPartOf\":{\"@id\":\"https:\/\/challengeseconomiques.com\/?p=6019\"},\"author\":{\"name\":\"admin\",\"@id\":\"https:\/\/challengeseconomiques.com\/#\/schema\/person\/b4568c9afebc5a9238a771873801e349\"},\"headline\":\"Train express r\u00e9gional de Dakar : l\u2019ajout de 7 nouvelles rames pr\u00e9vu pour d\u00e9but 2025 au plus tard\",\"datePublished\":\"2024-02-08T11:07:25+00:00\",\"dateModified\":\"2024-02-08T12:56:48+00:00\",\"mainEntityOfPage\":{\"@id\":\"https:\/\/challengeseconomiques.com\/?p=6019\"},\"wordCount\":283,\"image\":{\"@id\":\"https:\/\/challengeseconomiques.com\/?p=6019#primaryimage\"},\"thumbnailUrl\":\"https:\/\/challengeseconomiques.com\/wp-content\/uploads\/2021\/12\/TER-senegal.jpg\",\"articleSection\":[\"Actualit\u00e9 \u00e9conomique\"],\"inLanguage\":\"fr-FR\"},{\"@type\":\"WebPage\",\"@id\":\"https:\/\/challengeseconomiques.com\/?p=6019\",\"url\":\"https:\/\/challengeseconomiques.com\/?p=6019\",\"name\":\"Train express r\u00e9gional de Dakar : l\u2019ajout de 7 nouvelles rames pr\u00e9vu pour d\u00e9but 2025 au plus tard - challenges economiques\",\"isPartOf\":{\"@id\":\"https:\/\/challengeseconomiques.com\/#website\"},\"primaryImageOfPage\":{\"@id\":\"https:\/\/challengeseconomiques.com\/?p=6019#primaryimage\"},\"image\":{\"@id\":\"https:\/\/challengeseconomiques.com\/?p=6019#primaryimage\"},\"thumbnailUrl\":\"https:\/\/challengeseconomiques.com\/wp-content\/uploads\/2021\/12\/TER-senegal.jpg\",\"datePublished\":\"2024-02-08T11:07:25+00:00\",\"dateModified\":\"2024-02-08T12:56:48+00:00\",\"author\":{\"@id\":\"https:\/\/challengeseconomiques.com\/#\/schema\/person\/b4568c9afebc5a9238a771873801e349\"},\"breadcrumb\":{\"@id\":\"https:\/\/challengeseconomiques.com\/?p=6019#breadcrumb\"},\"inLanguage\":\"fr-FR\",\"potentialAction\":[{\"@type\":\"ReadAction\",\"target\":[\"https:\/\/challengeseconomiques.com\/?p=6019\"]}]},{\"@type\":\"ImageObject\",\"inLanguage\":\"fr-FR\",\"@id\":\"https:\/\/challengeseconomiques.com\/?p=6019#primaryimage\",\"url\":\"https:\/\/challengeseconomiques.com\/wp-content\/uploads\/2021\/12\/TER-senegal.jpg\",\"contentUrl\":\"https:\/\/challengeseconomiques.com\/wp-content\/uploads\/2021\/12\/TER-senegal.jpg\",\"width\":1200,\"height\":675},{\"@type\":\"BreadcrumbList\",\"@id\":\"https:\/\/challengeseconomiques.com\/?p=6019#breadcrumb\",\"itemListElement\":[{\"@type\":\"ListItem\",\"position\":1,\"name\":\"Home\",\"item\":\"https:\/\/challengeseconomiques.com\/\"},{\"@type\":\"ListItem\",\"position\":2,\"name\":\"Train express r\u00e9gional de Dakar : l\u2019ajout de 7 nouvelles rames pr\u00e9vu pour d\u00e9but 2025 au plus tard\"}]},{\"@type\":\"WebSite\",\"@id\":\"https:\/\/challengeseconomiques.com\/#website\",\"url\":\"https:\/\/challengeseconomiques.com\/\",\"name\":\"challenges economiques\",\"description\":\"\",\"potentialAction\":[{\"@type\":\"SearchAction\",\"target\":{\"@type\":\"EntryPoint\",\"urlTemplate\":\"https:\/\/challengeseconomiques.com\/?s={search_term_string}\"},\"query-input\":{\"@type\":\"PropertyValueSpecification\",\"valueRequired\":true,\"valueName\":\"search_term_string\"}}],\"inLanguage\":\"fr-FR\"},{\"@type\":\"Person\",\"@id\":\"https:\/\/challengeseconomiques.com\/#\/schema\/person\/b4568c9afebc5a9238a771873801e349\",\"name\":\"admin\",\"image\":{\"@type\":\"ImageObject\",\"inLanguage\":\"fr-FR\",\"@id\":\"https:\/\/challengeseconomiques.com\/#\/schema\/person\/image\/\",\"url\":\"https:\/\/secure.gravatar.com\/avatar\/099e42240b5eea11acdb72751fcce0dd918603f0749d24974b7984ea47ed9fd9?s=96&d=mm&r=g\",\"contentUrl\":\"https:\/\/secure.gravatar.com\/avatar\/099e42240b5eea11acdb72751fcce0dd918603f0749d24974b7984ea47ed9fd9?s=96&d=mm&r=g\",\"caption\":\"admin\"},\"sameAs\":[\"https:\/\/challengeseconomiques.com\"],\"url\":\"https:\/\/challengeseconomiques.com\/?author=1\"}]}<\/script>\n<!-- \/ Yoast SEO plugin. -->","yoast_head_json":{"title":"Train express r\u00e9gional de Dakar : l\u2019ajout de 7 nouvelles rames pr\u00e9vu pour d\u00e9but 2025 au plus tard - challenges economiques","robots":{"index":"index","follow":"follow","max-snippet":"max-snippet:-1","max-image-preview":"max-image-preview:large","max-video-preview":"max-video-preview:-1"},"canonical":"https:\/\/challengeseconomiques.com\/?p=6019","og_locale":"fr_FR","og_type":"article","og_title":"Train express r\u00e9gional de Dakar : l\u2019ajout de 7 nouvelles rames pr\u00e9vu pour d\u00e9but 2025 au plus tard - challenges economiques","og_description":"Actuellement, le service du TER de Dakar qui couvre 35 km de lin\u00e9aire dispose d\u2019une flotte de 15 rames (dont une douzaine pleinement op\u00e9rationnelles) et...","og_url":"https:\/\/challengeseconomiques.com\/?p=6019","og_site_name":"challenges economiques","article_published_time":"2024-02-08T11:07:25+00:00","article_modified_time":"2024-02-08T12:56:48+00:00","og_image":[{"width":1200,"height":675,"url":"https:\/\/challengeseconomiques.com\/wp-content\/uploads\/2021\/12\/TER-senegal.jpg","type":"image\/jpeg"}],"author":"admin","twitter_card":"summary_large_image","twitter_misc":{"\u00c9crit par":"admin","Dur\u00e9e de lecture estim\u00e9e":"1 minute"},"schema":{"@context":"https:\/\/schema.org","@graph":[{"@type":"Article","@id":"https:\/\/challengeseconomiques.com\/?p=6019#article","isPartOf":{"@id":"https:\/\/challengeseconomiques.com\/?p=6019"},"author":{"name":"admin","@id":"https:\/\/challengeseconomiques.com\/#\/schema\/person\/b4568c9afebc5a9238a771873801e349"},"headline":"Train express r\u00e9gional de Dakar : l\u2019ajout de 7 nouvelles rames pr\u00e9vu pour d\u00e9but 2025 au plus tard","datePublished":"2024-02-08T11:07:25+00:00","dateModified":"2024-02-08T12:56:48+00:00","mainEntityOfPage":{"@id":"https:\/\/challengeseconomiques.com\/?p=6019"},"wordCount":283,"image":{"@id":"https:\/\/challengeseconomiques.com\/?p=6019#primaryimage"},"thumbnailUrl":"https:\/\/challengeseconomiques.com\/wp-content\/uploads\/2021\/12\/TER-senegal.jpg","articleSection":["Actualit\u00e9 \u00e9conomique"],"inLanguage":"fr-FR"},{"@type":"WebPage","@id":"https:\/\/challengeseconomiques.com\/?p=6019","url":"https:\/\/challengeseconomiques.com\/?p=6019","name":"Train express r\u00e9gional de Dakar : l\u2019ajout de 7 nouvelles rames pr\u00e9vu pour d\u00e9but 2025 au plus tard - challenges economiques","isPartOf":{"@id":"https:\/\/challengeseconomiques.com\/#website"},"primaryImageOfPage":{"@id":"https:\/\/challengeseconomiques.com\/?p=6019#primaryimage"},"image":{"@id":"https:\/\/challengeseconomiques.com\/?p=6019#primaryimage"},"thumbnailUrl":"https:\/\/challengeseconomiques.com\/wp-content\/uploads\/2021\/12\/TER-senegal.jpg","datePublished":"2024-02-08T11:07:25+00:00","dateModified":"2024-02-08T12:56:48+00:00","author":{"@id":"https:\/\/challengeseconomiques.com\/#\/schema\/person\/b4568c9afebc5a9238a771873801e349"},"breadcrumb":{"@id":"https:\/\/challengeseconomiques.com\/?p=6019#breadcrumb"},"inLanguage":"fr-FR","potentialAction":[{"@type":"ReadAction","target":["https:\/\/challengeseconomiques.com\/?p=6019"]}]},{"@type":"ImageObject","inLanguage":"fr-FR","@id":"https:\/\/challengeseconomiques.com\/?p=6019#primaryimage","url":"https:\/\/challengeseconomiques.com\/wp-content\/uploads\/2021\/12\/TER-senegal.jpg","contentUrl":"https:\/\/challengeseconomiques.com\/wp-content\/uploads\/2021\/12\/TER-senegal.jpg","width":1200,"height":675},{"@type":"BreadcrumbList","@id":"https:\/\/challengeseconomiques.com\/?p=6019#breadcrumb","itemListElement":[{"@type":"ListItem","position":1,"name":"Home","item":"https:\/\/challengeseconomiques.com\/"},{"@type":"ListItem","position":2,"name":"Train express r\u00e9gional de Dakar : l\u2019ajout de 7 nouvelles rames pr\u00e9vu pour d\u00e9but 2025 au plus tard"}]},{"@type":"WebSite","@id":"https:\/\/challengeseconomiques.com\/#website","url":"https:\/\/challengeseconomiques.com\/","name":"challenges economiques","description":"","potentialAction":[{"@type":"SearchAction","target":{"@type":"EntryPoint","urlTemplate":"https:\/\/challengeseconomiques.com\/?s={search_term_string}"},"query-input":{"@type":"PropertyValueSpecification","valueRequired":true,"valueName":"search_term_string"}}],"inLanguage":"fr-FR"},{"@type":"Person","@id":"https:\/\/challengeseconomiques.com\/#\/schema\/person\/b4568c9afebc5a9238a771873801e349","name":"admin","image":{"@type":"ImageObject","inLanguage":"fr-FR","@id":"https:\/\/challengeseconomiques.com\/#\/schema\/person\/image\/","url":"https:\/\/secure.gravatar.com\/avatar\/099e42240b5eea11acdb72751fcce0dd918603f0749d24974b7984ea47ed9fd9?s=96&d=mm&r=g","contentUrl":"https:\/\/secure.gravatar.com\/avatar\/099e42240b5eea11acdb72751fcce0dd918603f0749d24974b7984ea47ed9fd9?s=96&d=mm&r=g","caption":"admin"},"sameAs":["https:\/\/challengeseconomiques.com"],"url":"https:\/\/challengeseconomiques.com\/?author=1"}]}},"jetpack_featured_media_url":"https:\/\/challengeseconomiques.com\/wp-content\/uploads\/2021\/12\/TER-senegal.jpg","jetpack_sharing_enabled":true,"_links":{"self":[{"href":"https:\/\/challengeseconomiques.com\/index.php?rest_route=\/wp\/v2\/posts\/6019","targetHints":{"allow":["GET"]}}],"collection":[{"href":"https:\/\/challengeseconomiques.com\/index.php?rest_route=\/wp\/v2\/posts"}],"about":[{"href":"https:\/\/challengeseconomiques.com\/index.php?rest_route=\/wp\/v2\/types\/post"}],"author":[{"embeddable":true,"href":"https:\/\/challengeseconomiques.com\/index.php?rest_route=\/wp\/v2\/users\/1"}],"replies":[{"embeddable":true,"href":"https:\/\/challengeseconomiques.com\/index.php?rest_route=%2Fwp%2Fv2%2Fcomments&post=6019"}],"version-history":[{"count":1,"href":"https:\/\/challengeseconomiques.com\/index.php?rest_route=\/wp\/v2\/posts\/6019\/revisions"}],"predecessor-version":[{"id":6020,"href":"https:\/\/challengeseconomiques.com\/index.php?rest_route=\/wp\/v2\/posts\/6019\/revisions\/6020"}],"wp:featuredmedia":[{"embeddable":true,"href":"https:\/\/challengeseconomiques.com\/index.php?rest_route=\/wp\/v2\/media\/2467"}],"wp:attachment":[{"href":"https:\/\/challengeseconomiques.com\/index.php?rest_route=%2Fwp%2Fv2%2Fmedia&parent=6019"}],"wp:term":[{"taxonomy":"category","embeddable":true,"href":"https:\/\/challengeseconomiques.com\/index.php?rest_route=%2Fwp%2Fv2%2Fcategories&post=6019"},{"taxonomy":"post_tag","embeddable":true,"href":"https:\/\/challengeseconomiques.com\/index.php?rest_route=%2Fwp%2Fv2%2Ftags&post=6019"}],"curies":[{"name":"wp","href":"https:\/\/api.w.org\/{rel}","templated":true}]}}