{"id":6008,"date":"2024-02-03T12:47:32","date_gmt":"2024-02-03T12:47:32","guid":{"rendered":"https:\/\/challengeseconomiques.com\/?p=6008"},"modified":"2024-02-03T13:03:34","modified_gmt":"2024-02-03T13:03:34","slug":"aliko-dangote-eleve-au-grade-de-commandeur-dans-lordre-national-du-lion-par-le-president-macky-sall","status":"publish","type":"post","link":"https:\/\/challengeseconomiques.com\/?p=6008","title":{"rendered":"Aliko DANGOTE \u00e9lev\u00e9 au grade de Commandeur dans l\u2019Ordre National du Lion par le Pr\u00e9sident Macky SALL"},"content":{"rendered":"<p>Le Pr\u00e9sident de DANGOTE Group El Hadji Aliko DANGOTE a \u00e9t\u00e9 \u00e9lev\u00e9 au grade de Commandeur dans l&rsquo;Ordre National du Lion par le chef de l\u2019Etat s\u00e9n\u00e9galais, Macky Sall selon un communiqu\u00e9. C&rsquo;est la plus haute distinction conf\u00e9r\u00e9e par la R\u00e9publique du S\u00e9n\u00e9gal \u00e0 des personnalit\u00e9s civiles et militaires \u00e9m\u00e9rites pr\u00e9cise ce communiqu\u00e9. Lequel indique que\u00a0 c\u00e9r\u00e9monie s\u2019est tenue le vendredi 02 f\u00e9vrier 2024, au Palais de la R\u00e9publique.<\/p>\n<p>Accompagn\u00e9 d&rsquo;une forte d\u00e9l\u00e9gation, poursuit le communiqu\u00e9,\u00a0 le tycoon nig\u00e9rian a d\u00e9clar\u00e9 \u00ab \u00eatre tr\u00e8s honor\u00e9 par cette grande marque de consid\u00e9ration \u00bb d&rsquo;apr\u00e8s le communiqu\u00e9. \u00ab J\u2019ai \u00e9t\u00e9 tr\u00e8s honor\u00e9 d\u2019entendre le Pr\u00e9sident dire que je m\u00e9rite cette distinction pour tout ce que je fais au S\u00e9n\u00e9gal et en Afrique. Au nom de mon groupe, je remercie son Excellence M. le Pr\u00e9sident Macky Sall de m\u2019avoir \u00e9lev\u00e9 au grade de Commandeur dans l\u2019Ordre National du Lion.\u00a0 C\u2019est un geste que j\u2019appr\u00e9cie \u00e0 sa juste valeur car il vient renforcer les relations de notre groupe et de notre pays le Nigeria avec le S\u00e9n\u00e9gal. Cela va nous motiver \u00e0 investir davantage dans ce pays \u00bb, a-t-il d\u00e9clar\u00e9 \u00e0 sa sortie d\u2019audience. En effet, le conglom\u00e9rat cimentier de l\u2019investisseur nig\u00e9rian op\u00e8re d\u00e9j\u00e0 depuis janvier 2015 au S\u00e9n\u00e9gal, une filiale \u00e0 Pout, dans la r\u00e9gion de Thi\u00e8s.<\/p>\n<p>De l\u2019entretien entre les deux hommes, est ressortie une d\u00e9cision importante. \u00ab Nous avons eu des discussions fructueuses avec son Excellence, et nous avons l\u2019intention d\u2019investir dans d\u2019autres secteurs \u00e9conomique du pays, notamment les phosphates \u00bb, a annonc\u00e9 Aliko DANGOTE selon le communiqu\u00e9.<\/p>\n","protected":false},"excerpt":{"rendered":"<p>Le Pr\u00e9sident de DANGOTE Group El Hadji Aliko DANGOTE a \u00e9t\u00e9 \u00e9lev\u00e9 au grade de Commandeur dans l&rsquo;Ordre National du Lion par le chef de&#8230;<\/p>\n","protected":false},"author":1,"featured_media":6015,"comment_status":"closed","ping_status":"open","sticky":false,"template":"","format":"standard","meta":{"_jetpack_memberships_contains_paid_content":false,"footnotes":""},"categories":[23,10],"tags":[],"class_list":["post-6008","post","type-post","status-publish","format-standard","has-post-thumbnail","hentry","category-a-la-une","category-infos-eco","wpcat-23-id","wpcat-10-id"],"yoast_head":"<!-- This site is optimized with the Yoast SEO plugin v27.1.1 - https:\/\/yoast.com\/product\/yoast-seo-wordpress\/ -->\n<title>Aliko DANGOTE \u00e9lev\u00e9 au grade de Commandeur dans l\u2019Ordre National du Lion par le Pr\u00e9sident Macky SALL - challenges economiques<\/title>\n<meta name=\"robots\" content=\"index, follow, max-snippet:-1, max-image-preview:large, max-video-preview:-1\" \/>\n<link rel=\"canonical\" href=\"https:\/\/challengeseconomiques.com\/?p=6008\" \/>\n<meta property=\"og:locale\" content=\"fr_FR\" \/>\n<meta property=\"og:type\" content=\"article\" \/>\n<meta property=\"og:title\" content=\"Aliko DANGOTE \u00e9lev\u00e9 au grade de Commandeur dans l\u2019Ordre National du Lion par le Pr\u00e9sident Macky SALL - challenges economiques\" \/>\n<meta property=\"og:description\" content=\"Le Pr\u00e9sident de DANGOTE Group El Hadji Aliko DANGOTE a \u00e9t\u00e9 \u00e9lev\u00e9 au grade de Commandeur dans l&rsquo;Ordre National du Lion par le chef de...\" \/>\n<meta property=\"og:url\" content=\"https:\/\/challengeseconomiques.com\/?p=6008\" \/>\n<meta property=\"og:site_name\" content=\"challenges economiques\" \/>\n<meta property=\"article:published_time\" content=\"2024-02-03T12:47:32+00:00\" \/>\n<meta property=\"article:modified_time\" content=\"2024-02-03T13:03:34+00:00\" \/>\n<meta property=\"og:image\" content=\"https:\/\/challengeseconomiques.com\/wp-content\/uploads\/2024\/02\/alikodeux.jpg\" \/>\n\t<meta property=\"og:image:width\" content=\"2560\" \/>\n\t<meta property=\"og:image:height\" content=\"1624\" \/>\n\t<meta property=\"og:image:type\" content=\"image\/jpeg\" \/>\n<meta name=\"author\" content=\"admin\" \/>\n<meta name=\"twitter:card\" content=\"summary_large_image\" \/>\n<meta name=\"twitter:label1\" content=\"\u00c9crit par\" \/>\n\t<meta name=\"twitter:data1\" content=\"admin\" \/>\n\t<meta name=\"twitter:label2\" content=\"Dur\u00e9e de lecture estim\u00e9e\" \/>\n\t<meta name=\"twitter:data2\" content=\"1 minute\" \/>\n<script type=\"application\/ld+json\" class=\"yoast-schema-graph\">{\"@context\":\"https:\/\/schema.org\",\"@graph\":[{\"@type\":\"Article\",\"@id\":\"https:\/\/challengeseconomiques.com\/?p=6008#article\",\"isPartOf\":{\"@id\":\"https:\/\/challengeseconomiques.com\/?p=6008\"},\"author\":{\"name\":\"admin\",\"@id\":\"https:\/\/challengeseconomiques.com\/#\/schema\/person\/b4568c9afebc5a9238a771873801e349\"},\"headline\":\"Aliko DANGOTE \u00e9lev\u00e9 au grade de Commandeur dans l\u2019Ordre National du Lion par le Pr\u00e9sident Macky SALL\",\"datePublished\":\"2024-02-03T12:47:32+00:00\",\"dateModified\":\"2024-02-03T13:03:34+00:00\",\"mainEntityOfPage\":{\"@id\":\"https:\/\/challengeseconomiques.com\/?p=6008\"},\"wordCount\":321,\"image\":{\"@id\":\"https:\/\/challengeseconomiques.com\/?p=6008#primaryimage\"},\"thumbnailUrl\":\"https:\/\/challengeseconomiques.com\/wp-content\/uploads\/2024\/02\/alikodeux.jpg\",\"articleSection\":[\"A la une\",\"Infos \u00e9co\"],\"inLanguage\":\"fr-FR\"},{\"@type\":\"WebPage\",\"@id\":\"https:\/\/challengeseconomiques.com\/?p=6008\",\"url\":\"https:\/\/challengeseconomiques.com\/?p=6008\",\"name\":\"Aliko DANGOTE \u00e9lev\u00e9 au grade de Commandeur dans l\u2019Ordre National du Lion par le Pr\u00e9sident Macky SALL - challenges economiques\",\"isPartOf\":{\"@id\":\"https:\/\/challengeseconomiques.com\/#website\"},\"primaryImageOfPage\":{\"@id\":\"https:\/\/challengeseconomiques.com\/?p=6008#primaryimage\"},\"image\":{\"@id\":\"https:\/\/challengeseconomiques.com\/?p=6008#primaryimage\"},\"thumbnailUrl\":\"https:\/\/challengeseconomiques.com\/wp-content\/uploads\/2024\/02\/alikodeux.jpg\",\"datePublished\":\"2024-02-03T12:47:32+00:00\",\"dateModified\":\"2024-02-03T13:03:34+00:00\",\"author\":{\"@id\":\"https:\/\/challengeseconomiques.com\/#\/schema\/person\/b4568c9afebc5a9238a771873801e349\"},\"breadcrumb\":{\"@id\":\"https:\/\/challengeseconomiques.com\/?p=6008#breadcrumb\"},\"inLanguage\":\"fr-FR\",\"potentialAction\":[{\"@type\":\"ReadAction\",\"target\":[\"https:\/\/challengeseconomiques.com\/?p=6008\"]}]},{\"@type\":\"ImageObject\",\"inLanguage\":\"fr-FR\",\"@id\":\"https:\/\/challengeseconomiques.com\/?p=6008#primaryimage\",\"url\":\"https:\/\/challengeseconomiques.com\/wp-content\/uploads\/2024\/02\/alikodeux.jpg\",\"contentUrl\":\"https:\/\/challengeseconomiques.com\/wp-content\/uploads\/2024\/02\/alikodeux.jpg\",\"width\":2560,\"height\":1624},{\"@type\":\"BreadcrumbList\",\"@id\":\"https:\/\/challengeseconomiques.com\/?p=6008#breadcrumb\",\"itemListElement\":[{\"@type\":\"ListItem\",\"position\":1,\"name\":\"Home\",\"item\":\"https:\/\/challengeseconomiques.com\/\"},{\"@type\":\"ListItem\",\"position\":2,\"name\":\"Aliko DANGOTE \u00e9lev\u00e9 au grade de Commandeur dans l\u2019Ordre National du Lion par le Pr\u00e9sident Macky SALL\"}]},{\"@type\":\"WebSite\",\"@id\":\"https:\/\/challengeseconomiques.com\/#website\",\"url\":\"https:\/\/challengeseconomiques.com\/\",\"name\":\"challenges economiques\",\"description\":\"\",\"potentialAction\":[{\"@type\":\"SearchAction\",\"target\":{\"@type\":\"EntryPoint\",\"urlTemplate\":\"https:\/\/challengeseconomiques.com\/?s={search_term_string}\"},\"query-input\":{\"@type\":\"PropertyValueSpecification\",\"valueRequired\":true,\"valueName\":\"search_term_string\"}}],\"inLanguage\":\"fr-FR\"},{\"@type\":\"Person\",\"@id\":\"https:\/\/challengeseconomiques.com\/#\/schema\/person\/b4568c9afebc5a9238a771873801e349\",\"name\":\"admin\",\"image\":{\"@type\":\"ImageObject\",\"inLanguage\":\"fr-FR\",\"@id\":\"https:\/\/challengeseconomiques.com\/#\/schema\/person\/image\/\",\"url\":\"https:\/\/secure.gravatar.com\/avatar\/099e42240b5eea11acdb72751fcce0dd918603f0749d24974b7984ea47ed9fd9?s=96&d=mm&r=g\",\"contentUrl\":\"https:\/\/secure.gravatar.com\/avatar\/099e42240b5eea11acdb72751fcce0dd918603f0749d24974b7984ea47ed9fd9?s=96&d=mm&r=g\",\"caption\":\"admin\"},\"sameAs\":[\"https:\/\/challengeseconomiques.com\"],\"url\":\"https:\/\/challengeseconomiques.com\/?author=1\"}]}<\/script>\n<!-- \/ Yoast SEO plugin. -->","yoast_head_json":{"title":"Aliko DANGOTE \u00e9lev\u00e9 au grade de Commandeur dans l\u2019Ordre National du Lion par le Pr\u00e9sident Macky SALL - challenges economiques","robots":{"index":"index","follow":"follow","max-snippet":"max-snippet:-1","max-image-preview":"max-image-preview:large","max-video-preview":"max-video-preview:-1"},"canonical":"https:\/\/challengeseconomiques.com\/?p=6008","og_locale":"fr_FR","og_type":"article","og_title":"Aliko DANGOTE \u00e9lev\u00e9 au grade de Commandeur dans l\u2019Ordre National du Lion par le Pr\u00e9sident Macky SALL - challenges economiques","og_description":"Le Pr\u00e9sident de DANGOTE Group El Hadji Aliko DANGOTE a \u00e9t\u00e9 \u00e9lev\u00e9 au grade de Commandeur dans l&rsquo;Ordre National du Lion par le chef de...","og_url":"https:\/\/challengeseconomiques.com\/?p=6008","og_site_name":"challenges economiques","article_published_time":"2024-02-03T12:47:32+00:00","article_modified_time":"2024-02-03T13:03:34+00:00","og_image":[{"width":2560,"height":1624,"url":"https:\/\/challengeseconomiques.com\/wp-content\/uploads\/2024\/02\/alikodeux.jpg","type":"image\/jpeg"}],"author":"admin","twitter_card":"summary_large_image","twitter_misc":{"\u00c9crit par":"admin","Dur\u00e9e de lecture estim\u00e9e":"1 minute"},"schema":{"@context":"https:\/\/schema.org","@graph":[{"@type":"Article","@id":"https:\/\/challengeseconomiques.com\/?p=6008#article","isPartOf":{"@id":"https:\/\/challengeseconomiques.com\/?p=6008"},"author":{"name":"admin","@id":"https:\/\/challengeseconomiques.com\/#\/schema\/person\/b4568c9afebc5a9238a771873801e349"},"headline":"Aliko DANGOTE \u00e9lev\u00e9 au grade de Commandeur dans l\u2019Ordre National du Lion par le Pr\u00e9sident Macky SALL","datePublished":"2024-02-03T12:47:32+00:00","dateModified":"2024-02-03T13:03:34+00:00","mainEntityOfPage":{"@id":"https:\/\/challengeseconomiques.com\/?p=6008"},"wordCount":321,"image":{"@id":"https:\/\/challengeseconomiques.com\/?p=6008#primaryimage"},"thumbnailUrl":"https:\/\/challengeseconomiques.com\/wp-content\/uploads\/2024\/02\/alikodeux.jpg","articleSection":["A la une","Infos \u00e9co"],"inLanguage":"fr-FR"},{"@type":"WebPage","@id":"https:\/\/challengeseconomiques.com\/?p=6008","url":"https:\/\/challengeseconomiques.com\/?p=6008","name":"Aliko DANGOTE \u00e9lev\u00e9 au grade de Commandeur dans l\u2019Ordre National du Lion par le Pr\u00e9sident Macky SALL - challenges economiques","isPartOf":{"@id":"https:\/\/challengeseconomiques.com\/#website"},"primaryImageOfPage":{"@id":"https:\/\/challengeseconomiques.com\/?p=6008#primaryimage"},"image":{"@id":"https:\/\/challengeseconomiques.com\/?p=6008#primaryimage"},"thumbnailUrl":"https:\/\/challengeseconomiques.com\/wp-content\/uploads\/2024\/02\/alikodeux.jpg","datePublished":"2024-02-03T12:47:32+00:00","dateModified":"2024-02-03T13:03:34+00:00","author":{"@id":"https:\/\/challengeseconomiques.com\/#\/schema\/person\/b4568c9afebc5a9238a771873801e349"},"breadcrumb":{"@id":"https:\/\/challengeseconomiques.com\/?p=6008#breadcrumb"},"inLanguage":"fr-FR","potentialAction":[{"@type":"ReadAction","target":["https:\/\/challengeseconomiques.com\/?p=6008"]}]},{"@type":"ImageObject","inLanguage":"fr-FR","@id":"https:\/\/challengeseconomiques.com\/?p=6008#primaryimage","url":"https:\/\/challengeseconomiques.com\/wp-content\/uploads\/2024\/02\/alikodeux.jpg","contentUrl":"https:\/\/challengeseconomiques.com\/wp-content\/uploads\/2024\/02\/alikodeux.jpg","width":2560,"height":1624},{"@type":"BreadcrumbList","@id":"https:\/\/challengeseconomiques.com\/?p=6008#breadcrumb","itemListElement":[{"@type":"ListItem","position":1,"name":"Home","item":"https:\/\/challengeseconomiques.com\/"},{"@type":"ListItem","position":2,"name":"Aliko DANGOTE \u00e9lev\u00e9 au grade de Commandeur dans l\u2019Ordre National du Lion par le Pr\u00e9sident Macky SALL"}]},{"@type":"WebSite","@id":"https:\/\/challengeseconomiques.com\/#website","url":"https:\/\/challengeseconomiques.com\/","name":"challenges economiques","description":"","potentialAction":[{"@type":"SearchAction","target":{"@type":"EntryPoint","urlTemplate":"https:\/\/challengeseconomiques.com\/?s={search_term_string}"},"query-input":{"@type":"PropertyValueSpecification","valueRequired":true,"valueName":"search_term_string"}}],"inLanguage":"fr-FR"},{"@type":"Person","@id":"https:\/\/challengeseconomiques.com\/#\/schema\/person\/b4568c9afebc5a9238a771873801e349","name":"admin","image":{"@type":"ImageObject","inLanguage":"fr-FR","@id":"https:\/\/challengeseconomiques.com\/#\/schema\/person\/image\/","url":"https:\/\/secure.gravatar.com\/avatar\/099e42240b5eea11acdb72751fcce0dd918603f0749d24974b7984ea47ed9fd9?s=96&d=mm&r=g","contentUrl":"https:\/\/secure.gravatar.com\/avatar\/099e42240b5eea11acdb72751fcce0dd918603f0749d24974b7984ea47ed9fd9?s=96&d=mm&r=g","caption":"admin"},"sameAs":["https:\/\/challengeseconomiques.com"],"url":"https:\/\/challengeseconomiques.com\/?author=1"}]}},"jetpack_featured_media_url":"https:\/\/challengeseconomiques.com\/wp-content\/uploads\/2024\/02\/alikodeux.jpg","jetpack_sharing_enabled":true,"_links":{"self":[{"href":"https:\/\/challengeseconomiques.com\/index.php?rest_route=\/wp\/v2\/posts\/6008","targetHints":{"allow":["GET"]}}],"collection":[{"href":"https:\/\/challengeseconomiques.com\/index.php?rest_route=\/wp\/v2\/posts"}],"about":[{"href":"https:\/\/challengeseconomiques.com\/index.php?rest_route=\/wp\/v2\/types\/post"}],"author":[{"embeddable":true,"href":"https:\/\/challengeseconomiques.com\/index.php?rest_route=\/wp\/v2\/users\/1"}],"replies":[{"embeddable":true,"href":"https:\/\/challengeseconomiques.com\/index.php?rest_route=%2Fwp%2Fv2%2Fcomments&post=6008"}],"version-history":[{"count":3,"href":"https:\/\/challengeseconomiques.com\/index.php?rest_route=\/wp\/v2\/posts\/6008\/revisions"}],"predecessor-version":[{"id":6014,"href":"https:\/\/challengeseconomiques.com\/index.php?rest_route=\/wp\/v2\/posts\/6008\/revisions\/6014"}],"wp:featuredmedia":[{"embeddable":true,"href":"https:\/\/challengeseconomiques.com\/index.php?rest_route=\/wp\/v2\/media\/6015"}],"wp:attachment":[{"href":"https:\/\/challengeseconomiques.com\/index.php?rest_route=%2Fwp%2Fv2%2Fmedia&parent=6008"}],"wp:term":[{"taxonomy":"category","embeddable":true,"href":"https:\/\/challengeseconomiques.com\/index.php?rest_route=%2Fwp%2Fv2%2Fcategories&post=6008"},{"taxonomy":"post_tag","embeddable":true,"href":"https:\/\/challengeseconomiques.com\/index.php?rest_route=%2Fwp%2Fv2%2Ftags&post=6008"}],"curies":[{"name":"wp","href":"https:\/\/api.w.org\/{rel}","templated":true}]}}