{"id":6004,"date":"2024-02-02T17:23:27","date_gmt":"2024-02-02T17:23:27","guid":{"rendered":"https:\/\/challengeseconomiques.com\/?p=6004"},"modified":"2024-02-02T17:23:56","modified_gmt":"2024-02-02T17:23:56","slug":"6-milliards-de-dollars-americain-pour-le-renforcement-du-partenariat-entre-litalie-et-lafrique","status":"publish","type":"post","link":"https:\/\/challengeseconomiques.com\/?p=6004","title":{"rendered":"6 milliards de dollars am\u00e9ricain pour le renforcement du partenariat entre l\u2019Italie et l\u2019Afrique"},"content":{"rendered":"<p><strong>Le gouvernement italien a d\u00e9voil\u00e9 \u00e0 Rome \u00e0 l\u2019occasion du sommet Italie-Afrique un plan de pr\u00e8s de 6\u00a0milliards de dollars am\u00e9ricains pour soutenir le d\u00e9veloppement des pays africains. Il faut signaler que le pr\u00e9sident du Groupe de la Banque africaine de d\u00e9veloppement (BAD), Akinwumi Adesina, a pris part avec 25\u00a0dirigeants africains et responsables de l\u2019Union europ\u00e9enne \u00e0 ce sommet.<\/strong><\/p>\n<p>Georgia Meloni, la pr\u00e9sidente du conseil italien a d\u00e9clar\u00e9 qu\u2019il est possible d\u2019envisager et d\u2019\u00e9crire un nouveau chapitre dans l\u2019histoire des relations entre l\u2019Afrique et l\u2019Italie, une coop\u00e9ration entre partenaires \u00e9gaux, loin de toute imposition pr\u00e9datrice ou position charitable \u00e0 l\u2019\u00e9gard de l\u2019Afrique.<\/p>\n<p>Elle a affirm\u00e9 que Le monde ne peut pas penser \u00e0 l\u2019avenir sans penser \u00e0 l\u2019Afrique et l\u2019Italie est naturellement de ce point de vue, encline \u00e0 \u00eatre un pont entre l\u2019Afrique et l\u2019Europe.<\/p>\n<p>Notons que la dirigeante italienne a parall\u00e8lement annonc\u00e9 diverses initiatives destin\u00e9es \u00e0 renforcer les liens \u00e9conomiques et \u00e0 cr\u00e9er un p\u00f4le \u00e9nerg\u00e9tique pour l\u2019Europe, tout en freinant l\u2019\u00e9migration africaine vers l\u2019Europe. Ces initiatives comprennent un engagement initial de 5,5\u00a0milliards d\u2019euros (5,95\u00a0milliards de dollars), garanties comprises.<\/p>\n<p>R\u00e9agissant \u00e0 ces annonces de la pr\u00e9sidente du conseil italien, le pr\u00e9sident de la Commission de l\u2019Union africaine, Moussa Faki Mahamat, a salu\u00e9 le soutien promis, tout en notant qu\u2019une consultation pr\u00e9alable avec le continent africain aurait \u00e9t\u00e9 souhaitable, en particulier lors de l\u2019\u00e9laboration du plan Mattei. Il a toutefois indiqu\u00e9 que le plan s\u2019alignait n\u00e9anmoins sur les priorit\u00e9s de l\u2019Afrique.<\/p>\n<p>S\u2019exprimant lors d\u2019une\u00a0session sur la coop\u00e9ration en mati\u00e8re d\u2019\u00e9conomie et d\u2019infrastructures, le pr\u00e9sident du groupe de la BAD, Akinwumi Adesina a soulign\u00e9 le r\u00f4le cl\u00e9 de sa structure dans le soutien aux pays africains. Il a ainsi estim\u00e9 que la trajectoire \u00e9conomique de l\u2019Afrique est convaincante.<\/p>\n<p>\u00ab\u2009Avec une population de 1,4\u00a0milliard d\u2019habitants, la plus grande population de jeunes, les r\u00e9serves les plus importantes de sources d\u2019\u00e9nergie renouvelable, les plus grands gisements de min\u00e9raux et de m\u00e9taux critiques et la plus grande part de terres arables non cultiv\u00e9es restantes du monde, l\u2019Afrique d\u00e9terminera l\u2019avenir du monde\u2009\u00bb, a relev\u00e9 le pr\u00e9sident de la BAD.<\/p>\n<p>Akinwumi Adesina a en outre soulign\u00e9 la r\u00e9silience \u00e9conomique de l\u2019Afrique, en rappelant qu\u2019en d\u00e9pit des difficult\u00e9s \u00e9conomiques mondiales li\u00e9es au changement climatique, aux conflits et \u00e0 la pand\u00e9mie sanitaire, le continent est rest\u00e9 fort avec une croissance du produit int\u00e9rieur brut (PIB) r\u00e9el de 4,1\u00a0% en 2022, sup\u00e9rieure \u00e0 la moyenne mondiale de 3,5\u00a0% pour la m\u00eame p\u00e9riode.<\/p>\n<p>A propos des investissements du groupe de la BAD sur le continent africain Akinwumi Adesina a aussi rappel\u00e9 que 44 milliards de dollars ont \u00e9t\u00e9 investis par son groupe dans les infrastructures au cours des sept derni\u00e8res ann\u00e9es. Il a pr\u00e9cis\u00e9 que ces investissements \u00e9taient destin\u00e9s au d\u00e9veloppement des ports, des chemins de fer, des corridors de transport, de l\u2019\u00e9nergie et des infrastructures num\u00e9riques.<\/p>\n<p>Le pr\u00e9sident du Groupe de la BAD a par ailleurs salu\u00e9 le gouvernement italien pour la facilit\u00e9 de financement du processus de Rome, qui fournira 100\u00a0millions d\u2019euros (dont 90\u00a0% de financements concessionnels), pour soutenir les infrastructures en Afrique, en particulier pour les \u00e9nergies renouvelables, les projets d\u2019efficacit\u00e9 \u00e9nerg\u00e9tique, l\u2019eau et l\u2019assainissement, les initiatives agricoles, ainsi que la formation professionnelle et la cr\u00e9ation d\u2019emplois.<\/p>\n<p>Il a \u00e9galement salu\u00e9 le \u00ab\u2009Plan Mattei pour l\u2019Afrique\u2009\u00bb de l\u2019Italie, dont il a reconnu qu\u2019il donnait la priorit\u00e9 \u00e0 la s\u00e9curit\u00e9 \u00e9nerg\u00e9tique.<\/p>\n","protected":false},"excerpt":{"rendered":"<p>Le gouvernement italien a d\u00e9voil\u00e9 \u00e0 Rome \u00e0 l\u2019occasion du sommet Italie-Afrique un plan de pr\u00e8s de 6\u00a0milliards de dollars am\u00e9ricains pour soutenir le d\u00e9veloppement&#8230;<\/p>\n","protected":false},"author":1,"featured_media":6005,"comment_status":"closed","ping_status":"open","sticky":false,"template":"","format":"standard","meta":{"_jetpack_memberships_contains_paid_content":false,"footnotes":""},"categories":[8,10],"tags":[],"class_list":["post-6004","post","type-post","status-publish","format-standard","has-post-thumbnail","hentry","category-actualite-economique","category-infos-eco","wpcat-8-id","wpcat-10-id"],"yoast_head":"<!-- This site is optimized with the Yoast SEO plugin v27.1.1 - https:\/\/yoast.com\/product\/yoast-seo-wordpress\/ -->\n<title>6 milliards de dollars am\u00e9ricain pour le renforcement du partenariat entre l\u2019Italie et l\u2019Afrique - challenges economiques<\/title>\n<meta name=\"robots\" content=\"index, follow, max-snippet:-1, max-image-preview:large, max-video-preview:-1\" \/>\n<link rel=\"canonical\" href=\"https:\/\/challengeseconomiques.com\/?p=6004\" \/>\n<meta property=\"og:locale\" content=\"fr_FR\" \/>\n<meta property=\"og:type\" content=\"article\" \/>\n<meta property=\"og:title\" content=\"6 milliards de dollars am\u00e9ricain pour le renforcement du partenariat entre l\u2019Italie et l\u2019Afrique - challenges economiques\" \/>\n<meta property=\"og:description\" content=\"Le gouvernement italien a d\u00e9voil\u00e9 \u00e0 Rome \u00e0 l\u2019occasion du sommet Italie-Afrique un plan de pr\u00e8s de 6\u00a0milliards de dollars am\u00e9ricains pour soutenir le d\u00e9veloppement...\" \/>\n<meta property=\"og:url\" content=\"https:\/\/challengeseconomiques.com\/?p=6004\" \/>\n<meta property=\"og:site_name\" content=\"challenges economiques\" \/>\n<meta property=\"article:published_time\" content=\"2024-02-02T17:23:27+00:00\" \/>\n<meta property=\"article:modified_time\" content=\"2024-02-02T17:23:56+00:00\" \/>\n<meta property=\"og:image\" content=\"https:\/\/challengeseconomiques.com\/wp-content\/uploads\/2024\/02\/italieafrique.webp\" \/>\n\t<meta property=\"og:image:width\" content=\"1300\" \/>\n\t<meta property=\"og:image:height\" content=\"535\" \/>\n\t<meta property=\"og:image:type\" content=\"image\/webp\" \/>\n<meta name=\"author\" content=\"admin\" \/>\n<meta name=\"twitter:card\" content=\"summary_large_image\" \/>\n<meta name=\"twitter:label1\" content=\"\u00c9crit par\" \/>\n\t<meta name=\"twitter:data1\" content=\"admin\" \/>\n\t<meta name=\"twitter:label2\" content=\"Dur\u00e9e de lecture estim\u00e9e\" \/>\n\t<meta name=\"twitter:data2\" content=\"3 minutes\" \/>\n<script type=\"application\/ld+json\" class=\"yoast-schema-graph\">{\"@context\":\"https:\/\/schema.org\",\"@graph\":[{\"@type\":\"Article\",\"@id\":\"https:\/\/challengeseconomiques.com\/?p=6004#article\",\"isPartOf\":{\"@id\":\"https:\/\/challengeseconomiques.com\/?p=6004\"},\"author\":{\"name\":\"admin\",\"@id\":\"https:\/\/challengeseconomiques.com\/#\/schema\/person\/b4568c9afebc5a9238a771873801e349\"},\"headline\":\"6 milliards de dollars am\u00e9ricain pour le renforcement du partenariat entre l\u2019Italie et l\u2019Afrique\",\"datePublished\":\"2024-02-02T17:23:27+00:00\",\"dateModified\":\"2024-02-02T17:23:56+00:00\",\"mainEntityOfPage\":{\"@id\":\"https:\/\/challengeseconomiques.com\/?p=6004\"},\"wordCount\":649,\"image\":{\"@id\":\"https:\/\/challengeseconomiques.com\/?p=6004#primaryimage\"},\"thumbnailUrl\":\"https:\/\/challengeseconomiques.com\/wp-content\/uploads\/2024\/02\/italieafrique.webp\",\"articleSection\":[\"Actualit\u00e9 \u00e9conomique\",\"Infos \u00e9co\"],\"inLanguage\":\"fr-FR\"},{\"@type\":\"WebPage\",\"@id\":\"https:\/\/challengeseconomiques.com\/?p=6004\",\"url\":\"https:\/\/challengeseconomiques.com\/?p=6004\",\"name\":\"6 milliards de dollars am\u00e9ricain pour le renforcement du partenariat entre l\u2019Italie et l\u2019Afrique - challenges economiques\",\"isPartOf\":{\"@id\":\"https:\/\/challengeseconomiques.com\/#website\"},\"primaryImageOfPage\":{\"@id\":\"https:\/\/challengeseconomiques.com\/?p=6004#primaryimage\"},\"image\":{\"@id\":\"https:\/\/challengeseconomiques.com\/?p=6004#primaryimage\"},\"thumbnailUrl\":\"https:\/\/challengeseconomiques.com\/wp-content\/uploads\/2024\/02\/italieafrique.webp\",\"datePublished\":\"2024-02-02T17:23:27+00:00\",\"dateModified\":\"2024-02-02T17:23:56+00:00\",\"author\":{\"@id\":\"https:\/\/challengeseconomiques.com\/#\/schema\/person\/b4568c9afebc5a9238a771873801e349\"},\"breadcrumb\":{\"@id\":\"https:\/\/challengeseconomiques.com\/?p=6004#breadcrumb\"},\"inLanguage\":\"fr-FR\",\"potentialAction\":[{\"@type\":\"ReadAction\",\"target\":[\"https:\/\/challengeseconomiques.com\/?p=6004\"]}]},{\"@type\":\"ImageObject\",\"inLanguage\":\"fr-FR\",\"@id\":\"https:\/\/challengeseconomiques.com\/?p=6004#primaryimage\",\"url\":\"https:\/\/challengeseconomiques.com\/wp-content\/uploads\/2024\/02\/italieafrique.webp\",\"contentUrl\":\"https:\/\/challengeseconomiques.com\/wp-content\/uploads\/2024\/02\/italieafrique.webp\",\"width\":1300,\"height\":535},{\"@type\":\"BreadcrumbList\",\"@id\":\"https:\/\/challengeseconomiques.com\/?p=6004#breadcrumb\",\"itemListElement\":[{\"@type\":\"ListItem\",\"position\":1,\"name\":\"Home\",\"item\":\"https:\/\/challengeseconomiques.com\/\"},{\"@type\":\"ListItem\",\"position\":2,\"name\":\"6 milliards de dollars am\u00e9ricain pour le renforcement du partenariat entre l\u2019Italie et l\u2019Afrique\"}]},{\"@type\":\"WebSite\",\"@id\":\"https:\/\/challengeseconomiques.com\/#website\",\"url\":\"https:\/\/challengeseconomiques.com\/\",\"name\":\"challenges economiques\",\"description\":\"\",\"potentialAction\":[{\"@type\":\"SearchAction\",\"target\":{\"@type\":\"EntryPoint\",\"urlTemplate\":\"https:\/\/challengeseconomiques.com\/?s={search_term_string}\"},\"query-input\":{\"@type\":\"PropertyValueSpecification\",\"valueRequired\":true,\"valueName\":\"search_term_string\"}}],\"inLanguage\":\"fr-FR\"},{\"@type\":\"Person\",\"@id\":\"https:\/\/challengeseconomiques.com\/#\/schema\/person\/b4568c9afebc5a9238a771873801e349\",\"name\":\"admin\",\"image\":{\"@type\":\"ImageObject\",\"inLanguage\":\"fr-FR\",\"@id\":\"https:\/\/challengeseconomiques.com\/#\/schema\/person\/image\/\",\"url\":\"https:\/\/secure.gravatar.com\/avatar\/099e42240b5eea11acdb72751fcce0dd918603f0749d24974b7984ea47ed9fd9?s=96&d=mm&r=g\",\"contentUrl\":\"https:\/\/secure.gravatar.com\/avatar\/099e42240b5eea11acdb72751fcce0dd918603f0749d24974b7984ea47ed9fd9?s=96&d=mm&r=g\",\"caption\":\"admin\"},\"sameAs\":[\"https:\/\/challengeseconomiques.com\"],\"url\":\"https:\/\/challengeseconomiques.com\/?author=1\"}]}<\/script>\n<!-- \/ Yoast SEO plugin. -->","yoast_head_json":{"title":"6 milliards de dollars am\u00e9ricain pour le renforcement du partenariat entre l\u2019Italie et l\u2019Afrique - challenges economiques","robots":{"index":"index","follow":"follow","max-snippet":"max-snippet:-1","max-image-preview":"max-image-preview:large","max-video-preview":"max-video-preview:-1"},"canonical":"https:\/\/challengeseconomiques.com\/?p=6004","og_locale":"fr_FR","og_type":"article","og_title":"6 milliards de dollars am\u00e9ricain pour le renforcement du partenariat entre l\u2019Italie et l\u2019Afrique - challenges economiques","og_description":"Le gouvernement italien a d\u00e9voil\u00e9 \u00e0 Rome \u00e0 l\u2019occasion du sommet Italie-Afrique un plan de pr\u00e8s de 6\u00a0milliards de dollars am\u00e9ricains pour soutenir le d\u00e9veloppement...","og_url":"https:\/\/challengeseconomiques.com\/?p=6004","og_site_name":"challenges economiques","article_published_time":"2024-02-02T17:23:27+00:00","article_modified_time":"2024-02-02T17:23:56+00:00","og_image":[{"width":1300,"height":535,"url":"https:\/\/challengeseconomiques.com\/wp-content\/uploads\/2024\/02\/italieafrique.webp","type":"image\/webp"}],"author":"admin","twitter_card":"summary_large_image","twitter_misc":{"\u00c9crit par":"admin","Dur\u00e9e de lecture estim\u00e9e":"3 minutes"},"schema":{"@context":"https:\/\/schema.org","@graph":[{"@type":"Article","@id":"https:\/\/challengeseconomiques.com\/?p=6004#article","isPartOf":{"@id":"https:\/\/challengeseconomiques.com\/?p=6004"},"author":{"name":"admin","@id":"https:\/\/challengeseconomiques.com\/#\/schema\/person\/b4568c9afebc5a9238a771873801e349"},"headline":"6 milliards de dollars am\u00e9ricain pour le renforcement du partenariat entre l\u2019Italie et l\u2019Afrique","datePublished":"2024-02-02T17:23:27+00:00","dateModified":"2024-02-02T17:23:56+00:00","mainEntityOfPage":{"@id":"https:\/\/challengeseconomiques.com\/?p=6004"},"wordCount":649,"image":{"@id":"https:\/\/challengeseconomiques.com\/?p=6004#primaryimage"},"thumbnailUrl":"https:\/\/challengeseconomiques.com\/wp-content\/uploads\/2024\/02\/italieafrique.webp","articleSection":["Actualit\u00e9 \u00e9conomique","Infos \u00e9co"],"inLanguage":"fr-FR"},{"@type":"WebPage","@id":"https:\/\/challengeseconomiques.com\/?p=6004","url":"https:\/\/challengeseconomiques.com\/?p=6004","name":"6 milliards de dollars am\u00e9ricain pour le renforcement du partenariat entre l\u2019Italie et l\u2019Afrique - challenges economiques","isPartOf":{"@id":"https:\/\/challengeseconomiques.com\/#website"},"primaryImageOfPage":{"@id":"https:\/\/challengeseconomiques.com\/?p=6004#primaryimage"},"image":{"@id":"https:\/\/challengeseconomiques.com\/?p=6004#primaryimage"},"thumbnailUrl":"https:\/\/challengeseconomiques.com\/wp-content\/uploads\/2024\/02\/italieafrique.webp","datePublished":"2024-02-02T17:23:27+00:00","dateModified":"2024-02-02T17:23:56+00:00","author":{"@id":"https:\/\/challengeseconomiques.com\/#\/schema\/person\/b4568c9afebc5a9238a771873801e349"},"breadcrumb":{"@id":"https:\/\/challengeseconomiques.com\/?p=6004#breadcrumb"},"inLanguage":"fr-FR","potentialAction":[{"@type":"ReadAction","target":["https:\/\/challengeseconomiques.com\/?p=6004"]}]},{"@type":"ImageObject","inLanguage":"fr-FR","@id":"https:\/\/challengeseconomiques.com\/?p=6004#primaryimage","url":"https:\/\/challengeseconomiques.com\/wp-content\/uploads\/2024\/02\/italieafrique.webp","contentUrl":"https:\/\/challengeseconomiques.com\/wp-content\/uploads\/2024\/02\/italieafrique.webp","width":1300,"height":535},{"@type":"BreadcrumbList","@id":"https:\/\/challengeseconomiques.com\/?p=6004#breadcrumb","itemListElement":[{"@type":"ListItem","position":1,"name":"Home","item":"https:\/\/challengeseconomiques.com\/"},{"@type":"ListItem","position":2,"name":"6 milliards de dollars am\u00e9ricain pour le renforcement du partenariat entre l\u2019Italie et l\u2019Afrique"}]},{"@type":"WebSite","@id":"https:\/\/challengeseconomiques.com\/#website","url":"https:\/\/challengeseconomiques.com\/","name":"challenges economiques","description":"","potentialAction":[{"@type":"SearchAction","target":{"@type":"EntryPoint","urlTemplate":"https:\/\/challengeseconomiques.com\/?s={search_term_string}"},"query-input":{"@type":"PropertyValueSpecification","valueRequired":true,"valueName":"search_term_string"}}],"inLanguage":"fr-FR"},{"@type":"Person","@id":"https:\/\/challengeseconomiques.com\/#\/schema\/person\/b4568c9afebc5a9238a771873801e349","name":"admin","image":{"@type":"ImageObject","inLanguage":"fr-FR","@id":"https:\/\/challengeseconomiques.com\/#\/schema\/person\/image\/","url":"https:\/\/secure.gravatar.com\/avatar\/099e42240b5eea11acdb72751fcce0dd918603f0749d24974b7984ea47ed9fd9?s=96&d=mm&r=g","contentUrl":"https:\/\/secure.gravatar.com\/avatar\/099e42240b5eea11acdb72751fcce0dd918603f0749d24974b7984ea47ed9fd9?s=96&d=mm&r=g","caption":"admin"},"sameAs":["https:\/\/challengeseconomiques.com"],"url":"https:\/\/challengeseconomiques.com\/?author=1"}]}},"jetpack_featured_media_url":"https:\/\/challengeseconomiques.com\/wp-content\/uploads\/2024\/02\/italieafrique.webp","jetpack_sharing_enabled":true,"_links":{"self":[{"href":"https:\/\/challengeseconomiques.com\/index.php?rest_route=\/wp\/v2\/posts\/6004","targetHints":{"allow":["GET"]}}],"collection":[{"href":"https:\/\/challengeseconomiques.com\/index.php?rest_route=\/wp\/v2\/posts"}],"about":[{"href":"https:\/\/challengeseconomiques.com\/index.php?rest_route=\/wp\/v2\/types\/post"}],"author":[{"embeddable":true,"href":"https:\/\/challengeseconomiques.com\/index.php?rest_route=\/wp\/v2\/users\/1"}],"replies":[{"embeddable":true,"href":"https:\/\/challengeseconomiques.com\/index.php?rest_route=%2Fwp%2Fv2%2Fcomments&post=6004"}],"version-history":[{"count":1,"href":"https:\/\/challengeseconomiques.com\/index.php?rest_route=\/wp\/v2\/posts\/6004\/revisions"}],"predecessor-version":[{"id":6006,"href":"https:\/\/challengeseconomiques.com\/index.php?rest_route=\/wp\/v2\/posts\/6004\/revisions\/6006"}],"wp:featuredmedia":[{"embeddable":true,"href":"https:\/\/challengeseconomiques.com\/index.php?rest_route=\/wp\/v2\/media\/6005"}],"wp:attachment":[{"href":"https:\/\/challengeseconomiques.com\/index.php?rest_route=%2Fwp%2Fv2%2Fmedia&parent=6004"}],"wp:term":[{"taxonomy":"category","embeddable":true,"href":"https:\/\/challengeseconomiques.com\/index.php?rest_route=%2Fwp%2Fv2%2Fcategories&post=6004"},{"taxonomy":"post_tag","embeddable":true,"href":"https:\/\/challengeseconomiques.com\/index.php?rest_route=%2Fwp%2Fv2%2Ftags&post=6004"}],"curies":[{"name":"wp","href":"https:\/\/api.w.org\/{rel}","templated":true}]}}