{"id":5986,"date":"2024-01-30T22:22:54","date_gmt":"2024-01-30T22:22:54","guid":{"rendered":"https:\/\/challengeseconomiques.com\/?p=5986"},"modified":"2024-01-30T22:23:41","modified_gmt":"2024-01-30T22:23:41","slug":"le-fonsis-lance-oyass-capital-un-fonds-dedie-a-lappui-aux-pme-senegalaises","status":"publish","type":"post","link":"https:\/\/challengeseconomiques.com\/?p=5986","title":{"rendered":"Le FONSIS lance Oyass Capital, un fonds d\u00e9di\u00e9 \u00e0 l\u2019appui aux PME s\u00e9n\u00e9galaises"},"content":{"rendered":"<p><strong>Le Fonds Souverain d\u2019Investissements Strat\u00e9giques (FONSIS) a proc\u00e9d\u00e9 mardi, 30 janvier 2024 au lancement de Oyass Capital, un fonds cr\u00e9\u00e9 par le FONSIS en partenariat avec la Coop\u00e9ration Allemande \u00e0 travers la KFW, dans le cadre du Compact with Africa et la Banque Mondiale.<\/strong><\/p>\n<p>Il faut pr\u00e9ciser que l&rsquo;objectif d\u2019Oyass capital est entre autres de faciliter l&rsquo;acc\u00e8s au financement en capital pour les petites et moyennes entreprises (PME) s\u00e9n\u00e9galaises \u00e0 fort potentiel de croissance et de cr\u00e9ation de valeur, stimuler la croissance \u00e9conomique, afin d\u2019impacter durablement la cr\u00e9ation d\u2019emplois et de richesses.<\/p>\n<p>Le FONSIS a capitalis\u00e9 Oyass Capital \u00e0 hauteur de 35 milliards de francs CFA pour son d\u00e9marrage. Gr\u00e2ce aux financements mobilis\u00e9s aupr\u00e8s de la KFW, de la Banque Mondiale et de l\u2019Etat du S\u00e9n\u00e9gal. Les 15 milliards restants pour atteindre la taille cible de 50 milliards de francs CFA seront lev\u00e9s aupr\u00e8s du secteur priv\u00e9 et des investisseurs d\u2019impact.<\/p>\n<p>A la suite d\u2019un appel d\u2019offres international, le FONSIS a confi\u00e9 le mandat de gestion \u00e0 SEAF, un des leaders mondiaux en gestion de fonds de Private Equity, avec plus de 400 investissements en capital-risque r\u00e9alis\u00e9s, 38 fonds g\u00e9r\u00e9s et 14 centres pour l&rsquo;entrepreneuriat et le d\u00e9veloppement des cadres (CEED) dans 33 pays.<\/p>\n<p>Le d\u00e9ploiement d\u2019Oyass capital va d\u00e9buter \u00e0 partir de janvier 2024, marquant ainsi le d\u00e9but d&rsquo;une nouvelle \u00e8re pour les PME s\u00e9n\u00e9galaises.<\/p>\n<p>Abdoulaye Diouf Sarr, le directeur g\u00e9n\u00e9ral du FONSIS a pour sa part indiqu\u00e9 que le lancement d\u2019Oyass Capital rev\u00eat une importance particuli\u00e8re dans la mesure o\u00f9 le financement \u00e0 long terme des PME est une question cruciale \u00e0 adresser dans le cadre du processus de transformation structurelle de l\u2019\u00e9conomie nationale qui constitue le premier pilier du Plan S\u00e9n\u00e9gal Emergent (PSE).<\/p>\n<p>\u00ab\u00a0A travers OYASS Capital, le Gouvernement du S\u00e9n\u00e9gal, par le concours de son Fonds Souverain, met en place un puissant catalyseur pour l\u2019\u00e9mergence de\u00a0 Champions nationaux qui constitueront des moteurs solides de croissance inclusive et de cr\u00e9ation d\u2019opportunit\u00e9s \u00e9conomiques pour chaque citoyen\u00a0\u00bb, a expliqu\u00e9 le directeur g\u00e9n\u00e9ral du FONSIS.<\/p>\n<p>Selon lui, l\u2019id\u00e9e de mettre en place au S\u00e9n\u00e9gal un fonds de capital croissance d\u2019une taille significative et enregistr\u00e9 localement est une id\u00e9e caress\u00e9e par le FONSIS de longue date et qui a pu \u00eatre concr\u00e9tis\u00e9e gr\u00e2ce au concours de l\u2019Etat et de ses partenaires, aux premiers rangs desquels figurent la KFW et la Banque Mondiale.<\/p>\n<p>Abdoulaye Diouf Sarr a pr\u00e9cis\u00e9 qu\u2019au-del\u00e0 del\u00e0 du financement en fonds propres, OYASS Capital proc\u00e9dera aussi au renforcement de capacit\u00e9 des PME financ\u00e9es \u00e0 travers une facilit\u00e9 d\u2019assistance technique d\u2019un montant fix\u00e9 \u00e0 5% de la taille du fonds.<\/p>\n<p>\u00ab\u00a0Il s\u2019agira \u00e9galement pour OYASS Capital de cr\u00e9er un effet de levier important au profit des PME financ\u00e9es en invitant les institutions financi\u00e8res traditionnelles que sont les Banques, les institutions de garantie et les Institutions de m\u00e9so\/micro finance etc.\u00a0 \u00e0 accompagner toute PME b\u00e9n\u00e9ficiaire de l\u2019investissement de OYASS Capital\u00a0\u00bb, a-t-il soulign\u00e9.<\/p>\n<p>Par ailleurs, le directeur g\u00e9n\u00e9ral du FONSIS a not\u00e9 qu\u2019avec une taille initiale de 35 milliards FCFA au 1er \u00ab closing \u00bb, OYASS Capital atteindra une taille cible de 50 milliards au 2nd \u00ab closing \u00bb.<\/p>\n<p>\u00ab\u00a0Les tickets d&rsquo;investissement varieront de 200 millions de francs CFA \u00e0 2,6 milliards FCFA, permettant ainsi de r\u00e9pondre aux besoins des PME en pleine croissance avec du capital patient et une plus grande app\u00e9tence au risque\u00a0\u00bb, a-t-il indiqu\u00e9.<\/p>\n<p>Abdoulaye Diouf Sarr a aussi signal\u00e9 qu\u2019OYASS Capital prend le risque de ne se r\u00e9mun\u00e9rer que si la performance financi\u00e8re escompt\u00e9e est effectivement au rendez-vous. Et pour ce faire, OYASS Capital demeure un investisseur tr\u00e8s actif dans la gouvernance des entreprises dans lesquelles elle investit.<\/p>\n<p><strong>Idrissa GUEYE<\/strong><\/p>\n","protected":false},"excerpt":{"rendered":"<p>Le Fonds Souverain d\u2019Investissements Strat\u00e9giques (FONSIS) a proc\u00e9d\u00e9 mardi, 30 janvier 2024 au lancement de Oyass Capital, un fonds cr\u00e9\u00e9 par le FONSIS en partenariat&#8230;<\/p>\n","protected":false},"author":1,"featured_media":5987,"comment_status":"closed","ping_status":"open","sticky":false,"template":"","format":"standard","meta":{"_jetpack_memberships_contains_paid_content":false,"footnotes":""},"categories":[23,8],"tags":[],"class_list":["post-5986","post","type-post","status-publish","format-standard","has-post-thumbnail","hentry","category-a-la-une","category-actualite-economique","wpcat-23-id","wpcat-8-id"],"yoast_head":"<!-- This site is optimized with the Yoast SEO plugin v27.1.1 - https:\/\/yoast.com\/product\/yoast-seo-wordpress\/ -->\n<title>Le FONSIS lance Oyass Capital, un fonds d\u00e9di\u00e9 \u00e0 l\u2019appui aux PME s\u00e9n\u00e9galaises - challenges economiques<\/title>\n<meta name=\"robots\" content=\"index, follow, max-snippet:-1, max-image-preview:large, max-video-preview:-1\" \/>\n<link rel=\"canonical\" href=\"https:\/\/challengeseconomiques.com\/?p=5986\" \/>\n<meta property=\"og:locale\" content=\"fr_FR\" \/>\n<meta property=\"og:type\" content=\"article\" \/>\n<meta property=\"og:title\" content=\"Le FONSIS lance Oyass Capital, un fonds d\u00e9di\u00e9 \u00e0 l\u2019appui aux PME s\u00e9n\u00e9galaises - challenges economiques\" \/>\n<meta property=\"og:description\" content=\"Le Fonds Souverain d\u2019Investissements Strat\u00e9giques (FONSIS) a proc\u00e9d\u00e9 mardi, 30 janvier 2024 au lancement de Oyass Capital, un fonds cr\u00e9\u00e9 par le FONSIS en partenariat...\" \/>\n<meta property=\"og:url\" content=\"https:\/\/challengeseconomiques.com\/?p=5986\" \/>\n<meta property=\"og:site_name\" content=\"challenges economiques\" \/>\n<meta property=\"article:published_time\" content=\"2024-01-30T22:22:54+00:00\" \/>\n<meta property=\"article:modified_time\" content=\"2024-01-30T22:23:41+00:00\" \/>\n<meta property=\"og:image\" content=\"https:\/\/challengeseconomiques.com\/wp-content\/uploads\/2024\/01\/oyass.jpg\" \/>\n\t<meta property=\"og:image:width\" content=\"1080\" \/>\n\t<meta property=\"og:image:height\" content=\"719\" \/>\n\t<meta property=\"og:image:type\" content=\"image\/jpeg\" \/>\n<meta name=\"author\" content=\"admin\" \/>\n<meta name=\"twitter:card\" content=\"summary_large_image\" \/>\n<meta name=\"twitter:label1\" content=\"\u00c9crit par\" \/>\n\t<meta name=\"twitter:data1\" content=\"admin\" \/>\n\t<meta name=\"twitter:label2\" content=\"Dur\u00e9e de lecture estim\u00e9e\" \/>\n\t<meta name=\"twitter:data2\" content=\"3 minutes\" \/>\n<script type=\"application\/ld+json\" class=\"yoast-schema-graph\">{\"@context\":\"https:\/\/schema.org\",\"@graph\":[{\"@type\":\"Article\",\"@id\":\"https:\/\/challengeseconomiques.com\/?p=5986#article\",\"isPartOf\":{\"@id\":\"https:\/\/challengeseconomiques.com\/?p=5986\"},\"author\":{\"name\":\"admin\",\"@id\":\"https:\/\/challengeseconomiques.com\/#\/schema\/person\/b4568c9afebc5a9238a771873801e349\"},\"headline\":\"Le FONSIS lance Oyass Capital, un fonds d\u00e9di\u00e9 \u00e0 l\u2019appui aux PME s\u00e9n\u00e9galaises\",\"datePublished\":\"2024-01-30T22:22:54+00:00\",\"dateModified\":\"2024-01-30T22:23:41+00:00\",\"mainEntityOfPage\":{\"@id\":\"https:\/\/challengeseconomiques.com\/?p=5986\"},\"wordCount\":682,\"image\":{\"@id\":\"https:\/\/challengeseconomiques.com\/?p=5986#primaryimage\"},\"thumbnailUrl\":\"https:\/\/challengeseconomiques.com\/wp-content\/uploads\/2024\/01\/oyass.jpg\",\"articleSection\":[\"A la une\",\"Actualit\u00e9 \u00e9conomique\"],\"inLanguage\":\"fr-FR\"},{\"@type\":\"WebPage\",\"@id\":\"https:\/\/challengeseconomiques.com\/?p=5986\",\"url\":\"https:\/\/challengeseconomiques.com\/?p=5986\",\"name\":\"Le FONSIS lance Oyass Capital, un fonds d\u00e9di\u00e9 \u00e0 l\u2019appui aux PME s\u00e9n\u00e9galaises - challenges economiques\",\"isPartOf\":{\"@id\":\"https:\/\/challengeseconomiques.com\/#website\"},\"primaryImageOfPage\":{\"@id\":\"https:\/\/challengeseconomiques.com\/?p=5986#primaryimage\"},\"image\":{\"@id\":\"https:\/\/challengeseconomiques.com\/?p=5986#primaryimage\"},\"thumbnailUrl\":\"https:\/\/challengeseconomiques.com\/wp-content\/uploads\/2024\/01\/oyass.jpg\",\"datePublished\":\"2024-01-30T22:22:54+00:00\",\"dateModified\":\"2024-01-30T22:23:41+00:00\",\"author\":{\"@id\":\"https:\/\/challengeseconomiques.com\/#\/schema\/person\/b4568c9afebc5a9238a771873801e349\"},\"breadcrumb\":{\"@id\":\"https:\/\/challengeseconomiques.com\/?p=5986#breadcrumb\"},\"inLanguage\":\"fr-FR\",\"potentialAction\":[{\"@type\":\"ReadAction\",\"target\":[\"https:\/\/challengeseconomiques.com\/?p=5986\"]}]},{\"@type\":\"ImageObject\",\"inLanguage\":\"fr-FR\",\"@id\":\"https:\/\/challengeseconomiques.com\/?p=5986#primaryimage\",\"url\":\"https:\/\/challengeseconomiques.com\/wp-content\/uploads\/2024\/01\/oyass.jpg\",\"contentUrl\":\"https:\/\/challengeseconomiques.com\/wp-content\/uploads\/2024\/01\/oyass.jpg\",\"width\":1080,\"height\":719},{\"@type\":\"BreadcrumbList\",\"@id\":\"https:\/\/challengeseconomiques.com\/?p=5986#breadcrumb\",\"itemListElement\":[{\"@type\":\"ListItem\",\"position\":1,\"name\":\"Home\",\"item\":\"https:\/\/challengeseconomiques.com\/\"},{\"@type\":\"ListItem\",\"position\":2,\"name\":\"Le FONSIS lance Oyass Capital, un fonds d\u00e9di\u00e9 \u00e0 l\u2019appui aux PME s\u00e9n\u00e9galaises\"}]},{\"@type\":\"WebSite\",\"@id\":\"https:\/\/challengeseconomiques.com\/#website\",\"url\":\"https:\/\/challengeseconomiques.com\/\",\"name\":\"challenges economiques\",\"description\":\"\",\"potentialAction\":[{\"@type\":\"SearchAction\",\"target\":{\"@type\":\"EntryPoint\",\"urlTemplate\":\"https:\/\/challengeseconomiques.com\/?s={search_term_string}\"},\"query-input\":{\"@type\":\"PropertyValueSpecification\",\"valueRequired\":true,\"valueName\":\"search_term_string\"}}],\"inLanguage\":\"fr-FR\"},{\"@type\":\"Person\",\"@id\":\"https:\/\/challengeseconomiques.com\/#\/schema\/person\/b4568c9afebc5a9238a771873801e349\",\"name\":\"admin\",\"image\":{\"@type\":\"ImageObject\",\"inLanguage\":\"fr-FR\",\"@id\":\"https:\/\/challengeseconomiques.com\/#\/schema\/person\/image\/\",\"url\":\"https:\/\/secure.gravatar.com\/avatar\/099e42240b5eea11acdb72751fcce0dd918603f0749d24974b7984ea47ed9fd9?s=96&d=mm&r=g\",\"contentUrl\":\"https:\/\/secure.gravatar.com\/avatar\/099e42240b5eea11acdb72751fcce0dd918603f0749d24974b7984ea47ed9fd9?s=96&d=mm&r=g\",\"caption\":\"admin\"},\"sameAs\":[\"https:\/\/challengeseconomiques.com\"],\"url\":\"https:\/\/challengeseconomiques.com\/?author=1\"}]}<\/script>\n<!-- \/ Yoast SEO plugin. -->","yoast_head_json":{"title":"Le FONSIS lance Oyass Capital, un fonds d\u00e9di\u00e9 \u00e0 l\u2019appui aux PME s\u00e9n\u00e9galaises - challenges economiques","robots":{"index":"index","follow":"follow","max-snippet":"max-snippet:-1","max-image-preview":"max-image-preview:large","max-video-preview":"max-video-preview:-1"},"canonical":"https:\/\/challengeseconomiques.com\/?p=5986","og_locale":"fr_FR","og_type":"article","og_title":"Le FONSIS lance Oyass Capital, un fonds d\u00e9di\u00e9 \u00e0 l\u2019appui aux PME s\u00e9n\u00e9galaises - challenges economiques","og_description":"Le Fonds Souverain d\u2019Investissements Strat\u00e9giques (FONSIS) a proc\u00e9d\u00e9 mardi, 30 janvier 2024 au lancement de Oyass Capital, un fonds cr\u00e9\u00e9 par le FONSIS en partenariat...","og_url":"https:\/\/challengeseconomiques.com\/?p=5986","og_site_name":"challenges economiques","article_published_time":"2024-01-30T22:22:54+00:00","article_modified_time":"2024-01-30T22:23:41+00:00","og_image":[{"width":1080,"height":719,"url":"https:\/\/challengeseconomiques.com\/wp-content\/uploads\/2024\/01\/oyass.jpg","type":"image\/jpeg"}],"author":"admin","twitter_card":"summary_large_image","twitter_misc":{"\u00c9crit par":"admin","Dur\u00e9e de lecture estim\u00e9e":"3 minutes"},"schema":{"@context":"https:\/\/schema.org","@graph":[{"@type":"Article","@id":"https:\/\/challengeseconomiques.com\/?p=5986#article","isPartOf":{"@id":"https:\/\/challengeseconomiques.com\/?p=5986"},"author":{"name":"admin","@id":"https:\/\/challengeseconomiques.com\/#\/schema\/person\/b4568c9afebc5a9238a771873801e349"},"headline":"Le FONSIS lance Oyass Capital, un fonds d\u00e9di\u00e9 \u00e0 l\u2019appui aux PME s\u00e9n\u00e9galaises","datePublished":"2024-01-30T22:22:54+00:00","dateModified":"2024-01-30T22:23:41+00:00","mainEntityOfPage":{"@id":"https:\/\/challengeseconomiques.com\/?p=5986"},"wordCount":682,"image":{"@id":"https:\/\/challengeseconomiques.com\/?p=5986#primaryimage"},"thumbnailUrl":"https:\/\/challengeseconomiques.com\/wp-content\/uploads\/2024\/01\/oyass.jpg","articleSection":["A la une","Actualit\u00e9 \u00e9conomique"],"inLanguage":"fr-FR"},{"@type":"WebPage","@id":"https:\/\/challengeseconomiques.com\/?p=5986","url":"https:\/\/challengeseconomiques.com\/?p=5986","name":"Le FONSIS lance Oyass Capital, un fonds d\u00e9di\u00e9 \u00e0 l\u2019appui aux PME s\u00e9n\u00e9galaises - challenges economiques","isPartOf":{"@id":"https:\/\/challengeseconomiques.com\/#website"},"primaryImageOfPage":{"@id":"https:\/\/challengeseconomiques.com\/?p=5986#primaryimage"},"image":{"@id":"https:\/\/challengeseconomiques.com\/?p=5986#primaryimage"},"thumbnailUrl":"https:\/\/challengeseconomiques.com\/wp-content\/uploads\/2024\/01\/oyass.jpg","datePublished":"2024-01-30T22:22:54+00:00","dateModified":"2024-01-30T22:23:41+00:00","author":{"@id":"https:\/\/challengeseconomiques.com\/#\/schema\/person\/b4568c9afebc5a9238a771873801e349"},"breadcrumb":{"@id":"https:\/\/challengeseconomiques.com\/?p=5986#breadcrumb"},"inLanguage":"fr-FR","potentialAction":[{"@type":"ReadAction","target":["https:\/\/challengeseconomiques.com\/?p=5986"]}]},{"@type":"ImageObject","inLanguage":"fr-FR","@id":"https:\/\/challengeseconomiques.com\/?p=5986#primaryimage","url":"https:\/\/challengeseconomiques.com\/wp-content\/uploads\/2024\/01\/oyass.jpg","contentUrl":"https:\/\/challengeseconomiques.com\/wp-content\/uploads\/2024\/01\/oyass.jpg","width":1080,"height":719},{"@type":"BreadcrumbList","@id":"https:\/\/challengeseconomiques.com\/?p=5986#breadcrumb","itemListElement":[{"@type":"ListItem","position":1,"name":"Home","item":"https:\/\/challengeseconomiques.com\/"},{"@type":"ListItem","position":2,"name":"Le FONSIS lance Oyass Capital, un fonds d\u00e9di\u00e9 \u00e0 l\u2019appui aux PME s\u00e9n\u00e9galaises"}]},{"@type":"WebSite","@id":"https:\/\/challengeseconomiques.com\/#website","url":"https:\/\/challengeseconomiques.com\/","name":"challenges economiques","description":"","potentialAction":[{"@type":"SearchAction","target":{"@type":"EntryPoint","urlTemplate":"https:\/\/challengeseconomiques.com\/?s={search_term_string}"},"query-input":{"@type":"PropertyValueSpecification","valueRequired":true,"valueName":"search_term_string"}}],"inLanguage":"fr-FR"},{"@type":"Person","@id":"https:\/\/challengeseconomiques.com\/#\/schema\/person\/b4568c9afebc5a9238a771873801e349","name":"admin","image":{"@type":"ImageObject","inLanguage":"fr-FR","@id":"https:\/\/challengeseconomiques.com\/#\/schema\/person\/image\/","url":"https:\/\/secure.gravatar.com\/avatar\/099e42240b5eea11acdb72751fcce0dd918603f0749d24974b7984ea47ed9fd9?s=96&d=mm&r=g","contentUrl":"https:\/\/secure.gravatar.com\/avatar\/099e42240b5eea11acdb72751fcce0dd918603f0749d24974b7984ea47ed9fd9?s=96&d=mm&r=g","caption":"admin"},"sameAs":["https:\/\/challengeseconomiques.com"],"url":"https:\/\/challengeseconomiques.com\/?author=1"}]}},"jetpack_featured_media_url":"https:\/\/challengeseconomiques.com\/wp-content\/uploads\/2024\/01\/oyass.jpg","jetpack_sharing_enabled":true,"_links":{"self":[{"href":"https:\/\/challengeseconomiques.com\/index.php?rest_route=\/wp\/v2\/posts\/5986","targetHints":{"allow":["GET"]}}],"collection":[{"href":"https:\/\/challengeseconomiques.com\/index.php?rest_route=\/wp\/v2\/posts"}],"about":[{"href":"https:\/\/challengeseconomiques.com\/index.php?rest_route=\/wp\/v2\/types\/post"}],"author":[{"embeddable":true,"href":"https:\/\/challengeseconomiques.com\/index.php?rest_route=\/wp\/v2\/users\/1"}],"replies":[{"embeddable":true,"href":"https:\/\/challengeseconomiques.com\/index.php?rest_route=%2Fwp%2Fv2%2Fcomments&post=5986"}],"version-history":[{"count":1,"href":"https:\/\/challengeseconomiques.com\/index.php?rest_route=\/wp\/v2\/posts\/5986\/revisions"}],"predecessor-version":[{"id":5988,"href":"https:\/\/challengeseconomiques.com\/index.php?rest_route=\/wp\/v2\/posts\/5986\/revisions\/5988"}],"wp:featuredmedia":[{"embeddable":true,"href":"https:\/\/challengeseconomiques.com\/index.php?rest_route=\/wp\/v2\/media\/5987"}],"wp:attachment":[{"href":"https:\/\/challengeseconomiques.com\/index.php?rest_route=%2Fwp%2Fv2%2Fmedia&parent=5986"}],"wp:term":[{"taxonomy":"category","embeddable":true,"href":"https:\/\/challengeseconomiques.com\/index.php?rest_route=%2Fwp%2Fv2%2Fcategories&post=5986"},{"taxonomy":"post_tag","embeddable":true,"href":"https:\/\/challengeseconomiques.com\/index.php?rest_route=%2Fwp%2Fv2%2Ftags&post=5986"}],"curies":[{"name":"wp","href":"https:\/\/api.w.org\/{rel}","templated":true}]}}