{"id":5977,"date":"2024-01-29T14:10:03","date_gmt":"2024-01-29T14:10:03","guid":{"rendered":"https:\/\/challengeseconomiques.com\/?p=5977"},"modified":"2024-01-29T12:20:09","modified_gmt":"2024-01-29T12:20:09","slug":"industrie-verte-au-senegal-les-defis-souleves-par-le-bureau-de-mise-a-niveau-bmn","status":"publish","type":"post","link":"https:\/\/challengeseconomiques.com\/?p=5977","title":{"rendered":"Industrie verte au S\u00e9n\u00e9gal : les d\u00e9fis soulev\u00e9s par le Bureau de mise \u00e0 niveau (BMN)"},"content":{"rendered":"<p>Le Jeudi 25 janvier 2024 s\u2019est tenu \u00e0 l\u2019h\u00f4tel Pullman-Dakar, un panel sur les D\u00e9fis d\u2019une Industrie Verte au S\u00e9n\u00e9gal, sous la houlette du Bureau de Mise \u00e0 Niveau des entreprises du S\u00e9n\u00e9gal (BMN). L\u2019objectif est, selon un communiqu\u00e9 parvenu \u00e0 Espacedev, de partager les exp\u00e9riences de la mise \u00e0 niveau environnementale et \u00e9nerg\u00e9tique du BMN. Ainsi, sous la Pr\u00e9sidence de la Direction du Red\u00e9ploiement Industriel (DRI), les r\u00e9flexions et probl\u00e9matiques ont tourn\u00e9 autour du th\u00e8me : \u00ab Comment la transition vers une industrie verte favorise-t-elle l\u2019am\u00e9lioration de la comp\u00e9titivit\u00e9 des entreprises et la cr\u00e9ation d\u2019emplois, jalons essentiels au d\u00e9veloppement et de la transformation structurelle de l\u2019\u00e9conomie ? \u00bb<\/p>\n<p>Selon notre source, le Plan S\u00e9n\u00e9gal \u00c9mergent place l\u2019industrie au c\u0153ur du processus de d\u00e9veloppement \u00e9conomique et social et entend cr\u00e9er les conditions d\u2019\u00e9mergence d\u2019une industrialisation durable, connue sous le label d\u2019Industrie verte, qui profite \u00e0 tous et encourage l\u2019innovation, notamment par une approche plus respectueuse de la sant\u00e9 des \u00e9cosyst\u00e8mes et des populations. Parvenir \u00e0 une croissance inclusive et rendre la croissance \u00e9conomique plus r\u00e9active aux objectifs d\u2019\u00e9radication de la pauvret\u00e9 figurent parmi les pr\u00e9occupations prioritaires auxquelles le PSE devrait r\u00e9pondre. In fine, les conclusions des travaux des pan\u00e9listes ont permis d\u2019identifier les enjeux et d\u00e9fis d\u2019une industrialisation verte au S\u00e9n\u00e9gal pour l\u2019atteinte des objectifs du PSE et en d\u00e9limitant structurellement le r\u00f4le et les contours du Programme de Mise \u00e0 Niveau (PMN) dans ce processus.<\/p>\n","protected":false},"excerpt":{"rendered":"<p>Le Jeudi 25 janvier 2024 s\u2019est tenu \u00e0 l\u2019h\u00f4tel Pullman-Dakar, un panel sur les D\u00e9fis d\u2019une Industrie Verte au S\u00e9n\u00e9gal, sous la houlette du Bureau&#8230;<\/p>\n","protected":false},"author":1,"featured_media":5978,"comment_status":"closed","ping_status":"open","sticky":false,"template":"","format":"standard","meta":{"_jetpack_memberships_contains_paid_content":false,"footnotes":""},"categories":[8,10],"tags":[],"class_list":["post-5977","post","type-post","status-publish","format-standard","has-post-thumbnail","hentry","category-actualite-economique","category-infos-eco","wpcat-8-id","wpcat-10-id"],"yoast_head":"<!-- This site is optimized with the Yoast SEO plugin v27.1.1 - https:\/\/yoast.com\/product\/yoast-seo-wordpress\/ -->\n<title>Industrie verte au S\u00e9n\u00e9gal : les d\u00e9fis soulev\u00e9s par le Bureau de mise \u00e0 niveau (BMN) - challenges economiques<\/title>\n<meta name=\"robots\" content=\"index, follow, max-snippet:-1, max-image-preview:large, max-video-preview:-1\" \/>\n<link rel=\"canonical\" href=\"https:\/\/challengeseconomiques.com\/?p=5977\" \/>\n<meta property=\"og:locale\" content=\"fr_FR\" \/>\n<meta property=\"og:type\" content=\"article\" \/>\n<meta property=\"og:title\" content=\"Industrie verte au S\u00e9n\u00e9gal : les d\u00e9fis soulev\u00e9s par le Bureau de mise \u00e0 niveau (BMN) - challenges economiques\" \/>\n<meta property=\"og:description\" content=\"Le Jeudi 25 janvier 2024 s\u2019est tenu \u00e0 l\u2019h\u00f4tel Pullman-Dakar, un panel sur les D\u00e9fis d\u2019une Industrie Verte au S\u00e9n\u00e9gal, sous la houlette du Bureau...\" \/>\n<meta property=\"og:url\" content=\"https:\/\/challengeseconomiques.com\/?p=5977\" \/>\n<meta property=\"og:site_name\" content=\"challenges economiques\" \/>\n<meta property=\"article:published_time\" content=\"2024-01-29T14:10:03+00:00\" \/>\n<meta property=\"og:image\" content=\"https:\/\/challengeseconomiques.com\/wp-content\/uploads\/2024\/01\/industrieverte.jpg\" \/>\n\t<meta property=\"og:image:width\" content=\"254\" \/>\n\t<meta property=\"og:image:height\" content=\"169\" \/>\n\t<meta property=\"og:image:type\" content=\"image\/jpeg\" \/>\n<meta name=\"author\" content=\"admin\" \/>\n<meta name=\"twitter:card\" content=\"summary_large_image\" \/>\n<meta name=\"twitter:label1\" content=\"\u00c9crit par\" \/>\n\t<meta name=\"twitter:data1\" content=\"admin\" \/>\n\t<meta name=\"twitter:label2\" content=\"Dur\u00e9e de lecture estim\u00e9e\" \/>\n\t<meta name=\"twitter:data2\" content=\"1 minute\" \/>\n<script type=\"application\/ld+json\" class=\"yoast-schema-graph\">{\"@context\":\"https:\/\/schema.org\",\"@graph\":[{\"@type\":\"Article\",\"@id\":\"https:\/\/challengeseconomiques.com\/?p=5977#article\",\"isPartOf\":{\"@id\":\"https:\/\/challengeseconomiques.com\/?p=5977\"},\"author\":{\"name\":\"admin\",\"@id\":\"https:\/\/challengeseconomiques.com\/#\/schema\/person\/b4568c9afebc5a9238a771873801e349\"},\"headline\":\"Industrie verte au S\u00e9n\u00e9gal : les d\u00e9fis soulev\u00e9s par le Bureau de mise \u00e0 niveau (BMN)\",\"datePublished\":\"2024-01-29T14:10:03+00:00\",\"mainEntityOfPage\":{\"@id\":\"https:\/\/challengeseconomiques.com\/?p=5977\"},\"wordCount\":289,\"image\":{\"@id\":\"https:\/\/challengeseconomiques.com\/?p=5977#primaryimage\"},\"thumbnailUrl\":\"https:\/\/challengeseconomiques.com\/wp-content\/uploads\/2024\/01\/industrieverte.jpg\",\"articleSection\":[\"Actualit\u00e9 \u00e9conomique\",\"Infos \u00e9co\"],\"inLanguage\":\"fr-FR\"},{\"@type\":\"WebPage\",\"@id\":\"https:\/\/challengeseconomiques.com\/?p=5977\",\"url\":\"https:\/\/challengeseconomiques.com\/?p=5977\",\"name\":\"Industrie verte au S\u00e9n\u00e9gal : les d\u00e9fis soulev\u00e9s par le Bureau de mise \u00e0 niveau (BMN) - challenges economiques\",\"isPartOf\":{\"@id\":\"https:\/\/challengeseconomiques.com\/#website\"},\"primaryImageOfPage\":{\"@id\":\"https:\/\/challengeseconomiques.com\/?p=5977#primaryimage\"},\"image\":{\"@id\":\"https:\/\/challengeseconomiques.com\/?p=5977#primaryimage\"},\"thumbnailUrl\":\"https:\/\/challengeseconomiques.com\/wp-content\/uploads\/2024\/01\/industrieverte.jpg\",\"datePublished\":\"2024-01-29T14:10:03+00:00\",\"author\":{\"@id\":\"https:\/\/challengeseconomiques.com\/#\/schema\/person\/b4568c9afebc5a9238a771873801e349\"},\"breadcrumb\":{\"@id\":\"https:\/\/challengeseconomiques.com\/?p=5977#breadcrumb\"},\"inLanguage\":\"fr-FR\",\"potentialAction\":[{\"@type\":\"ReadAction\",\"target\":[\"https:\/\/challengeseconomiques.com\/?p=5977\"]}]},{\"@type\":\"ImageObject\",\"inLanguage\":\"fr-FR\",\"@id\":\"https:\/\/challengeseconomiques.com\/?p=5977#primaryimage\",\"url\":\"https:\/\/challengeseconomiques.com\/wp-content\/uploads\/2024\/01\/industrieverte.jpg\",\"contentUrl\":\"https:\/\/challengeseconomiques.com\/wp-content\/uploads\/2024\/01\/industrieverte.jpg\",\"width\":254,\"height\":169},{\"@type\":\"BreadcrumbList\",\"@id\":\"https:\/\/challengeseconomiques.com\/?p=5977#breadcrumb\",\"itemListElement\":[{\"@type\":\"ListItem\",\"position\":1,\"name\":\"Home\",\"item\":\"https:\/\/challengeseconomiques.com\/\"},{\"@type\":\"ListItem\",\"position\":2,\"name\":\"Industrie verte au S\u00e9n\u00e9gal : les d\u00e9fis soulev\u00e9s par le Bureau de mise \u00e0 niveau (BMN)\"}]},{\"@type\":\"WebSite\",\"@id\":\"https:\/\/challengeseconomiques.com\/#website\",\"url\":\"https:\/\/challengeseconomiques.com\/\",\"name\":\"challenges economiques\",\"description\":\"\",\"potentialAction\":[{\"@type\":\"SearchAction\",\"target\":{\"@type\":\"EntryPoint\",\"urlTemplate\":\"https:\/\/challengeseconomiques.com\/?s={search_term_string}\"},\"query-input\":{\"@type\":\"PropertyValueSpecification\",\"valueRequired\":true,\"valueName\":\"search_term_string\"}}],\"inLanguage\":\"fr-FR\"},{\"@type\":\"Person\",\"@id\":\"https:\/\/challengeseconomiques.com\/#\/schema\/person\/b4568c9afebc5a9238a771873801e349\",\"name\":\"admin\",\"image\":{\"@type\":\"ImageObject\",\"inLanguage\":\"fr-FR\",\"@id\":\"https:\/\/challengeseconomiques.com\/#\/schema\/person\/image\/\",\"url\":\"https:\/\/secure.gravatar.com\/avatar\/099e42240b5eea11acdb72751fcce0dd918603f0749d24974b7984ea47ed9fd9?s=96&d=mm&r=g\",\"contentUrl\":\"https:\/\/secure.gravatar.com\/avatar\/099e42240b5eea11acdb72751fcce0dd918603f0749d24974b7984ea47ed9fd9?s=96&d=mm&r=g\",\"caption\":\"admin\"},\"sameAs\":[\"https:\/\/challengeseconomiques.com\"],\"url\":\"https:\/\/challengeseconomiques.com\/?author=1\"}]}<\/script>\n<!-- \/ Yoast SEO plugin. -->","yoast_head_json":{"title":"Industrie verte au S\u00e9n\u00e9gal : les d\u00e9fis soulev\u00e9s par le Bureau de mise \u00e0 niveau (BMN) - challenges economiques","robots":{"index":"index","follow":"follow","max-snippet":"max-snippet:-1","max-image-preview":"max-image-preview:large","max-video-preview":"max-video-preview:-1"},"canonical":"https:\/\/challengeseconomiques.com\/?p=5977","og_locale":"fr_FR","og_type":"article","og_title":"Industrie verte au S\u00e9n\u00e9gal : les d\u00e9fis soulev\u00e9s par le Bureau de mise \u00e0 niveau (BMN) - challenges economiques","og_description":"Le Jeudi 25 janvier 2024 s\u2019est tenu \u00e0 l\u2019h\u00f4tel Pullman-Dakar, un panel sur les D\u00e9fis d\u2019une Industrie Verte au S\u00e9n\u00e9gal, sous la houlette du Bureau...","og_url":"https:\/\/challengeseconomiques.com\/?p=5977","og_site_name":"challenges economiques","article_published_time":"2024-01-29T14:10:03+00:00","og_image":[{"width":254,"height":169,"url":"https:\/\/challengeseconomiques.com\/wp-content\/uploads\/2024\/01\/industrieverte.jpg","type":"image\/jpeg"}],"author":"admin","twitter_card":"summary_large_image","twitter_misc":{"\u00c9crit par":"admin","Dur\u00e9e de lecture estim\u00e9e":"1 minute"},"schema":{"@context":"https:\/\/schema.org","@graph":[{"@type":"Article","@id":"https:\/\/challengeseconomiques.com\/?p=5977#article","isPartOf":{"@id":"https:\/\/challengeseconomiques.com\/?p=5977"},"author":{"name":"admin","@id":"https:\/\/challengeseconomiques.com\/#\/schema\/person\/b4568c9afebc5a9238a771873801e349"},"headline":"Industrie verte au S\u00e9n\u00e9gal : les d\u00e9fis soulev\u00e9s par le Bureau de mise \u00e0 niveau (BMN)","datePublished":"2024-01-29T14:10:03+00:00","mainEntityOfPage":{"@id":"https:\/\/challengeseconomiques.com\/?p=5977"},"wordCount":289,"image":{"@id":"https:\/\/challengeseconomiques.com\/?p=5977#primaryimage"},"thumbnailUrl":"https:\/\/challengeseconomiques.com\/wp-content\/uploads\/2024\/01\/industrieverte.jpg","articleSection":["Actualit\u00e9 \u00e9conomique","Infos \u00e9co"],"inLanguage":"fr-FR"},{"@type":"WebPage","@id":"https:\/\/challengeseconomiques.com\/?p=5977","url":"https:\/\/challengeseconomiques.com\/?p=5977","name":"Industrie verte au S\u00e9n\u00e9gal : les d\u00e9fis soulev\u00e9s par le Bureau de mise \u00e0 niveau (BMN) - challenges economiques","isPartOf":{"@id":"https:\/\/challengeseconomiques.com\/#website"},"primaryImageOfPage":{"@id":"https:\/\/challengeseconomiques.com\/?p=5977#primaryimage"},"image":{"@id":"https:\/\/challengeseconomiques.com\/?p=5977#primaryimage"},"thumbnailUrl":"https:\/\/challengeseconomiques.com\/wp-content\/uploads\/2024\/01\/industrieverte.jpg","datePublished":"2024-01-29T14:10:03+00:00","author":{"@id":"https:\/\/challengeseconomiques.com\/#\/schema\/person\/b4568c9afebc5a9238a771873801e349"},"breadcrumb":{"@id":"https:\/\/challengeseconomiques.com\/?p=5977#breadcrumb"},"inLanguage":"fr-FR","potentialAction":[{"@type":"ReadAction","target":["https:\/\/challengeseconomiques.com\/?p=5977"]}]},{"@type":"ImageObject","inLanguage":"fr-FR","@id":"https:\/\/challengeseconomiques.com\/?p=5977#primaryimage","url":"https:\/\/challengeseconomiques.com\/wp-content\/uploads\/2024\/01\/industrieverte.jpg","contentUrl":"https:\/\/challengeseconomiques.com\/wp-content\/uploads\/2024\/01\/industrieverte.jpg","width":254,"height":169},{"@type":"BreadcrumbList","@id":"https:\/\/challengeseconomiques.com\/?p=5977#breadcrumb","itemListElement":[{"@type":"ListItem","position":1,"name":"Home","item":"https:\/\/challengeseconomiques.com\/"},{"@type":"ListItem","position":2,"name":"Industrie verte au S\u00e9n\u00e9gal : les d\u00e9fis soulev\u00e9s par le Bureau de mise \u00e0 niveau (BMN)"}]},{"@type":"WebSite","@id":"https:\/\/challengeseconomiques.com\/#website","url":"https:\/\/challengeseconomiques.com\/","name":"challenges economiques","description":"","potentialAction":[{"@type":"SearchAction","target":{"@type":"EntryPoint","urlTemplate":"https:\/\/challengeseconomiques.com\/?s={search_term_string}"},"query-input":{"@type":"PropertyValueSpecification","valueRequired":true,"valueName":"search_term_string"}}],"inLanguage":"fr-FR"},{"@type":"Person","@id":"https:\/\/challengeseconomiques.com\/#\/schema\/person\/b4568c9afebc5a9238a771873801e349","name":"admin","image":{"@type":"ImageObject","inLanguage":"fr-FR","@id":"https:\/\/challengeseconomiques.com\/#\/schema\/person\/image\/","url":"https:\/\/secure.gravatar.com\/avatar\/099e42240b5eea11acdb72751fcce0dd918603f0749d24974b7984ea47ed9fd9?s=96&d=mm&r=g","contentUrl":"https:\/\/secure.gravatar.com\/avatar\/099e42240b5eea11acdb72751fcce0dd918603f0749d24974b7984ea47ed9fd9?s=96&d=mm&r=g","caption":"admin"},"sameAs":["https:\/\/challengeseconomiques.com"],"url":"https:\/\/challengeseconomiques.com\/?author=1"}]}},"jetpack_featured_media_url":"https:\/\/challengeseconomiques.com\/wp-content\/uploads\/2024\/01\/industrieverte.jpg","jetpack_sharing_enabled":true,"_links":{"self":[{"href":"https:\/\/challengeseconomiques.com\/index.php?rest_route=\/wp\/v2\/posts\/5977","targetHints":{"allow":["GET"]}}],"collection":[{"href":"https:\/\/challengeseconomiques.com\/index.php?rest_route=\/wp\/v2\/posts"}],"about":[{"href":"https:\/\/challengeseconomiques.com\/index.php?rest_route=\/wp\/v2\/types\/post"}],"author":[{"embeddable":true,"href":"https:\/\/challengeseconomiques.com\/index.php?rest_route=\/wp\/v2\/users\/1"}],"replies":[{"embeddable":true,"href":"https:\/\/challengeseconomiques.com\/index.php?rest_route=%2Fwp%2Fv2%2Fcomments&post=5977"}],"version-history":[{"count":1,"href":"https:\/\/challengeseconomiques.com\/index.php?rest_route=\/wp\/v2\/posts\/5977\/revisions"}],"predecessor-version":[{"id":5979,"href":"https:\/\/challengeseconomiques.com\/index.php?rest_route=\/wp\/v2\/posts\/5977\/revisions\/5979"}],"wp:featuredmedia":[{"embeddable":true,"href":"https:\/\/challengeseconomiques.com\/index.php?rest_route=\/wp\/v2\/media\/5978"}],"wp:attachment":[{"href":"https:\/\/challengeseconomiques.com\/index.php?rest_route=%2Fwp%2Fv2%2Fmedia&parent=5977"}],"wp:term":[{"taxonomy":"category","embeddable":true,"href":"https:\/\/challengeseconomiques.com\/index.php?rest_route=%2Fwp%2Fv2%2Fcategories&post=5977"},{"taxonomy":"post_tag","embeddable":true,"href":"https:\/\/challengeseconomiques.com\/index.php?rest_route=%2Fwp%2Fv2%2Ftags&post=5977"}],"curies":[{"name":"wp","href":"https:\/\/api.w.org\/{rel}","templated":true}]}}