{"id":5924,"date":"2024-01-12T20:57:47","date_gmt":"2024-01-12T20:57:47","guid":{"rendered":"https:\/\/challengeseconomiques.com\/?p=5924"},"modified":"2024-01-12T20:58:45","modified_gmt":"2024-01-12T20:58:45","slug":"industries-minieres-le-forum-civil-salue-le-redressement-fiscal-engage-par-ladministration-senegalaise","status":"publish","type":"post","link":"https:\/\/challengeseconomiques.com\/?p=5924","title":{"rendered":"Industries mini\u00e8res : le forum civil salue le redressement fiscal engag\u00e9 par l\u2019administration s\u00e9n\u00e9galaise"},"content":{"rendered":"<p><strong>Birahim Seck, Coordonnateur du Forum civil<\/strong><\/p>\n<p><strong>Le bureau ex\u00e9cutif forum civil, la section s\u00e9n\u00e9galaise de transparency international salue les proc\u00e9dures de redressements fiscaux engag\u00e9s par l\u2019administration fiscale s\u00e9n\u00e9galaise \u00e0 l\u2019\u00e9gard de certaines entreprises du secteur minier exer\u00e7ant des activit\u00e9s ou \u00e9tablies ou poss\u00e9dant des actifs au S\u00e9n\u00e9gal<\/strong>.<\/p>\n<p>Dans un communiqu\u00e9 transmis \u00e0 notre r\u00e9daction, le forum civil indique suivre avec attention le d\u00e9nouement des cas des entreprises Eiffage, Philip Morris, Grands Moulins de Dakar et Ericsson S\u00e9n\u00e9gal en cours d\u2019instruction par la justice.<\/p>\n<p>Notons que ce communiqu\u00e9 du forum civil fait suite \u00e0 des informations rendues publiques par la presse notamment, le quotidien Lib\u00e9ration \u00e0 propos des proc\u00e9dures de redressements fiscaux dont font l\u2019objet certaines entreprises extractives.<\/p>\n<p>\u00ab\u00a0Appr\u00e9ciant cette situation, le bureau ex\u00e9cutif du forum civil encourage les agents de l\u2019administration fiscale \u00e0 pers\u00e9v\u00e9rer dans leur travail de mobilisation juste et transparente des ressources domestiques dans le respect des droits des contribuables, de la pr\u00e9servation des int\u00e9r\u00eats des citoyens et du Tr\u00e9sor public et de la sauvegarde de la cr\u00e9dibilit\u00e9 de l\u2019administration\u00a0\u00bb, soutient l\u2019organisation dans le communiqu\u00e9.<\/p>\n<p>Dans ce cadre, le bureau ex\u00e9cutif du forum civil invite les agents de l\u2019administration fiscale \u00e0 refuser d\u2019ex\u00e9cuter ou de faire ex\u00e9cuter toute instruction ou d\u00e9cision ill\u00e9gale de quelle que autorit\u00e9 que ce soit.<\/p>\n<p>Le bureau ex\u00e9cutif du forum civil note que des cas de \u00ab transactions fiscales \u00bb sur des redressements dus, sous r\u00e9serve de la pr\u00e9somption d\u2019innocence, sont intervenus dans un contexte o\u00f9 le S\u00e9n\u00e9gal n\u00e9gociait une facilit\u00e9 de 166 milliards de francs CFA aupr\u00e8s du fonds mon\u00e9taire international (FMI) largement inf\u00e9rieur au cumul des 111 milliards de francs CFA abandonn\u00e9s au profit de l\u2019entreprise Barrick Gold et 136 milliards de francs CFA \u00e0 Sabodala gold operations (SGO).<\/p>\n<p>Le forum civil s\u2019\u00e9tonne aussi du silence assourdissant du ministre des finances et du budget qui pourtant selon l\u2019organisation, fait une large promotion de la strat\u00e9gie de mobilisation des ressources \u00e0 moyen terme.<\/p>\n<p>Par ailleurs, le bureau ex\u00e9cutif de la section s\u00e9n\u00e9galaise de transparency international, appelle l\u2019Etat \u00e0 travailler s\u00e9rieusement \u00e0 la ren\u00e9gociation de certaines clauses contractuelles d\u2019int\u00e9r\u00eat g\u00e9n\u00e9ral pour une prise en charge effective des besoins des communaut\u00e9s durement impact\u00e9es par les activit\u00e9s des entreprises et un meilleur recouvrement des revenus issus du secteur extractif.<\/p>\n<p>En outre le forum civil exhorte la direction g\u00e9n\u00e9rale des imp\u00f4ts et domaines, de produire un rapport de redevabilit\u00e9 sur le contr\u00f4le fiscal. L\u2019organisation demande aussi au ministre des finances et du budget, d\u2019apporter tous les \u00e9clairages sur la situation des 120 milliards de \u00a0francs CFA de Barrick Gold et des 150 milliards de francs CFA concernant SGO.<\/p>\n<p><strong>Idrissa GUEYE<\/strong><\/p>\n","protected":false},"excerpt":{"rendered":"<p>Birahim Seck, Coordonnateur du Forum civil Le bureau ex\u00e9cutif forum civil, la section s\u00e9n\u00e9galaise de transparency international salue les proc\u00e9dures de redressements fiscaux engag\u00e9s par&#8230;<\/p>\n","protected":false},"author":1,"featured_media":5926,"comment_status":"closed","ping_status":"open","sticky":false,"template":"","format":"standard","meta":{"_jetpack_memberships_contains_paid_content":false,"footnotes":""},"categories":[23,8],"tags":[],"class_list":["post-5924","post","type-post","status-publish","format-standard","has-post-thumbnail","hentry","category-a-la-une","category-actualite-economique","wpcat-23-id","wpcat-8-id"],"yoast_head":"<!-- This site is optimized with the Yoast SEO plugin v27.1.1 - https:\/\/yoast.com\/product\/yoast-seo-wordpress\/ -->\n<title>Industries mini\u00e8res : le forum civil salue le redressement fiscal engag\u00e9 par l\u2019administration s\u00e9n\u00e9galaise - challenges economiques<\/title>\n<meta name=\"robots\" content=\"index, follow, max-snippet:-1, max-image-preview:large, max-video-preview:-1\" \/>\n<link rel=\"canonical\" href=\"https:\/\/challengeseconomiques.com\/?p=5924\" \/>\n<meta property=\"og:locale\" content=\"fr_FR\" \/>\n<meta property=\"og:type\" content=\"article\" \/>\n<meta property=\"og:title\" content=\"Industries mini\u00e8res : le forum civil salue le redressement fiscal engag\u00e9 par l\u2019administration s\u00e9n\u00e9galaise - challenges economiques\" \/>\n<meta property=\"og:description\" content=\"Birahim Seck, Coordonnateur du Forum civil Le bureau ex\u00e9cutif forum civil, la section s\u00e9n\u00e9galaise de transparency international salue les proc\u00e9dures de redressements fiscaux engag\u00e9s par...\" \/>\n<meta property=\"og:url\" content=\"https:\/\/challengeseconomiques.com\/?p=5924\" \/>\n<meta property=\"og:site_name\" content=\"challenges economiques\" \/>\n<meta property=\"article:published_time\" content=\"2024-01-12T20:57:47+00:00\" \/>\n<meta property=\"article:modified_time\" content=\"2024-01-12T20:58:45+00:00\" \/>\n<meta property=\"og:image\" content=\"https:\/\/challengeseconomiques.com\/wp-content\/uploads\/2024\/01\/Birahim-seckFORUMCIVIL.jpg\" \/>\n\t<meta property=\"og:image:width\" content=\"650\" \/>\n\t<meta property=\"og:image:height\" content=\"402\" \/>\n\t<meta property=\"og:image:type\" content=\"image\/jpeg\" \/>\n<meta name=\"author\" content=\"admin\" \/>\n<meta name=\"twitter:card\" content=\"summary_large_image\" \/>\n<meta name=\"twitter:label1\" content=\"\u00c9crit par\" \/>\n\t<meta name=\"twitter:data1\" content=\"admin\" \/>\n\t<meta name=\"twitter:label2\" content=\"Dur\u00e9e de lecture estim\u00e9e\" \/>\n\t<meta name=\"twitter:data2\" content=\"2 minutes\" \/>\n<script type=\"application\/ld+json\" class=\"yoast-schema-graph\">{\"@context\":\"https:\/\/schema.org\",\"@graph\":[{\"@type\":\"Article\",\"@id\":\"https:\/\/challengeseconomiques.com\/?p=5924#article\",\"isPartOf\":{\"@id\":\"https:\/\/challengeseconomiques.com\/?p=5924\"},\"author\":{\"name\":\"admin\",\"@id\":\"https:\/\/challengeseconomiques.com\/#\/schema\/person\/b4568c9afebc5a9238a771873801e349\"},\"headline\":\"Industries mini\u00e8res : le forum civil salue le redressement fiscal engag\u00e9 par l\u2019administration s\u00e9n\u00e9galaise\",\"datePublished\":\"2024-01-12T20:57:47+00:00\",\"dateModified\":\"2024-01-12T20:58:45+00:00\",\"mainEntityOfPage\":{\"@id\":\"https:\/\/challengeseconomiques.com\/?p=5924\"},\"wordCount\":509,\"image\":{\"@id\":\"https:\/\/challengeseconomiques.com\/?p=5924#primaryimage\"},\"thumbnailUrl\":\"https:\/\/challengeseconomiques.com\/wp-content\/uploads\/2024\/01\/Birahim-seckFORUMCIVIL.jpg\",\"articleSection\":[\"A la une\",\"Actualit\u00e9 \u00e9conomique\"],\"inLanguage\":\"fr-FR\"},{\"@type\":\"WebPage\",\"@id\":\"https:\/\/challengeseconomiques.com\/?p=5924\",\"url\":\"https:\/\/challengeseconomiques.com\/?p=5924\",\"name\":\"Industries mini\u00e8res : le forum civil salue le redressement fiscal engag\u00e9 par l\u2019administration s\u00e9n\u00e9galaise - challenges economiques\",\"isPartOf\":{\"@id\":\"https:\/\/challengeseconomiques.com\/#website\"},\"primaryImageOfPage\":{\"@id\":\"https:\/\/challengeseconomiques.com\/?p=5924#primaryimage\"},\"image\":{\"@id\":\"https:\/\/challengeseconomiques.com\/?p=5924#primaryimage\"},\"thumbnailUrl\":\"https:\/\/challengeseconomiques.com\/wp-content\/uploads\/2024\/01\/Birahim-seckFORUMCIVIL.jpg\",\"datePublished\":\"2024-01-12T20:57:47+00:00\",\"dateModified\":\"2024-01-12T20:58:45+00:00\",\"author\":{\"@id\":\"https:\/\/challengeseconomiques.com\/#\/schema\/person\/b4568c9afebc5a9238a771873801e349\"},\"breadcrumb\":{\"@id\":\"https:\/\/challengeseconomiques.com\/?p=5924#breadcrumb\"},\"inLanguage\":\"fr-FR\",\"potentialAction\":[{\"@type\":\"ReadAction\",\"target\":[\"https:\/\/challengeseconomiques.com\/?p=5924\"]}]},{\"@type\":\"ImageObject\",\"inLanguage\":\"fr-FR\",\"@id\":\"https:\/\/challengeseconomiques.com\/?p=5924#primaryimage\",\"url\":\"https:\/\/challengeseconomiques.com\/wp-content\/uploads\/2024\/01\/Birahim-seckFORUMCIVIL.jpg\",\"contentUrl\":\"https:\/\/challengeseconomiques.com\/wp-content\/uploads\/2024\/01\/Birahim-seckFORUMCIVIL.jpg\",\"width\":650,\"height\":402},{\"@type\":\"BreadcrumbList\",\"@id\":\"https:\/\/challengeseconomiques.com\/?p=5924#breadcrumb\",\"itemListElement\":[{\"@type\":\"ListItem\",\"position\":1,\"name\":\"Home\",\"item\":\"https:\/\/challengeseconomiques.com\/\"},{\"@type\":\"ListItem\",\"position\":2,\"name\":\"Industries mini\u00e8res : le forum civil salue le redressement fiscal engag\u00e9 par l\u2019administration s\u00e9n\u00e9galaise\"}]},{\"@type\":\"WebSite\",\"@id\":\"https:\/\/challengeseconomiques.com\/#website\",\"url\":\"https:\/\/challengeseconomiques.com\/\",\"name\":\"challenges economiques\",\"description\":\"\",\"potentialAction\":[{\"@type\":\"SearchAction\",\"target\":{\"@type\":\"EntryPoint\",\"urlTemplate\":\"https:\/\/challengeseconomiques.com\/?s={search_term_string}\"},\"query-input\":{\"@type\":\"PropertyValueSpecification\",\"valueRequired\":true,\"valueName\":\"search_term_string\"}}],\"inLanguage\":\"fr-FR\"},{\"@type\":\"Person\",\"@id\":\"https:\/\/challengeseconomiques.com\/#\/schema\/person\/b4568c9afebc5a9238a771873801e349\",\"name\":\"admin\",\"image\":{\"@type\":\"ImageObject\",\"inLanguage\":\"fr-FR\",\"@id\":\"https:\/\/challengeseconomiques.com\/#\/schema\/person\/image\/\",\"url\":\"https:\/\/secure.gravatar.com\/avatar\/099e42240b5eea11acdb72751fcce0dd918603f0749d24974b7984ea47ed9fd9?s=96&d=mm&r=g\",\"contentUrl\":\"https:\/\/secure.gravatar.com\/avatar\/099e42240b5eea11acdb72751fcce0dd918603f0749d24974b7984ea47ed9fd9?s=96&d=mm&r=g\",\"caption\":\"admin\"},\"sameAs\":[\"https:\/\/challengeseconomiques.com\"],\"url\":\"https:\/\/challengeseconomiques.com\/?author=1\"}]}<\/script>\n<!-- \/ Yoast SEO plugin. -->","yoast_head_json":{"title":"Industries mini\u00e8res : le forum civil salue le redressement fiscal engag\u00e9 par l\u2019administration s\u00e9n\u00e9galaise - challenges economiques","robots":{"index":"index","follow":"follow","max-snippet":"max-snippet:-1","max-image-preview":"max-image-preview:large","max-video-preview":"max-video-preview:-1"},"canonical":"https:\/\/challengeseconomiques.com\/?p=5924","og_locale":"fr_FR","og_type":"article","og_title":"Industries mini\u00e8res : le forum civil salue le redressement fiscal engag\u00e9 par l\u2019administration s\u00e9n\u00e9galaise - challenges economiques","og_description":"Birahim Seck, Coordonnateur du Forum civil Le bureau ex\u00e9cutif forum civil, la section s\u00e9n\u00e9galaise de transparency international salue les proc\u00e9dures de redressements fiscaux engag\u00e9s par...","og_url":"https:\/\/challengeseconomiques.com\/?p=5924","og_site_name":"challenges economiques","article_published_time":"2024-01-12T20:57:47+00:00","article_modified_time":"2024-01-12T20:58:45+00:00","og_image":[{"width":650,"height":402,"url":"https:\/\/challengeseconomiques.com\/wp-content\/uploads\/2024\/01\/Birahim-seckFORUMCIVIL.jpg","type":"image\/jpeg"}],"author":"admin","twitter_card":"summary_large_image","twitter_misc":{"\u00c9crit par":"admin","Dur\u00e9e de lecture estim\u00e9e":"2 minutes"},"schema":{"@context":"https:\/\/schema.org","@graph":[{"@type":"Article","@id":"https:\/\/challengeseconomiques.com\/?p=5924#article","isPartOf":{"@id":"https:\/\/challengeseconomiques.com\/?p=5924"},"author":{"name":"admin","@id":"https:\/\/challengeseconomiques.com\/#\/schema\/person\/b4568c9afebc5a9238a771873801e349"},"headline":"Industries mini\u00e8res : le forum civil salue le redressement fiscal engag\u00e9 par l\u2019administration s\u00e9n\u00e9galaise","datePublished":"2024-01-12T20:57:47+00:00","dateModified":"2024-01-12T20:58:45+00:00","mainEntityOfPage":{"@id":"https:\/\/challengeseconomiques.com\/?p=5924"},"wordCount":509,"image":{"@id":"https:\/\/challengeseconomiques.com\/?p=5924#primaryimage"},"thumbnailUrl":"https:\/\/challengeseconomiques.com\/wp-content\/uploads\/2024\/01\/Birahim-seckFORUMCIVIL.jpg","articleSection":["A la une","Actualit\u00e9 \u00e9conomique"],"inLanguage":"fr-FR"},{"@type":"WebPage","@id":"https:\/\/challengeseconomiques.com\/?p=5924","url":"https:\/\/challengeseconomiques.com\/?p=5924","name":"Industries mini\u00e8res : le forum civil salue le redressement fiscal engag\u00e9 par l\u2019administration s\u00e9n\u00e9galaise - challenges economiques","isPartOf":{"@id":"https:\/\/challengeseconomiques.com\/#website"},"primaryImageOfPage":{"@id":"https:\/\/challengeseconomiques.com\/?p=5924#primaryimage"},"image":{"@id":"https:\/\/challengeseconomiques.com\/?p=5924#primaryimage"},"thumbnailUrl":"https:\/\/challengeseconomiques.com\/wp-content\/uploads\/2024\/01\/Birahim-seckFORUMCIVIL.jpg","datePublished":"2024-01-12T20:57:47+00:00","dateModified":"2024-01-12T20:58:45+00:00","author":{"@id":"https:\/\/challengeseconomiques.com\/#\/schema\/person\/b4568c9afebc5a9238a771873801e349"},"breadcrumb":{"@id":"https:\/\/challengeseconomiques.com\/?p=5924#breadcrumb"},"inLanguage":"fr-FR","potentialAction":[{"@type":"ReadAction","target":["https:\/\/challengeseconomiques.com\/?p=5924"]}]},{"@type":"ImageObject","inLanguage":"fr-FR","@id":"https:\/\/challengeseconomiques.com\/?p=5924#primaryimage","url":"https:\/\/challengeseconomiques.com\/wp-content\/uploads\/2024\/01\/Birahim-seckFORUMCIVIL.jpg","contentUrl":"https:\/\/challengeseconomiques.com\/wp-content\/uploads\/2024\/01\/Birahim-seckFORUMCIVIL.jpg","width":650,"height":402},{"@type":"BreadcrumbList","@id":"https:\/\/challengeseconomiques.com\/?p=5924#breadcrumb","itemListElement":[{"@type":"ListItem","position":1,"name":"Home","item":"https:\/\/challengeseconomiques.com\/"},{"@type":"ListItem","position":2,"name":"Industries mini\u00e8res : le forum civil salue le redressement fiscal engag\u00e9 par l\u2019administration s\u00e9n\u00e9galaise"}]},{"@type":"WebSite","@id":"https:\/\/challengeseconomiques.com\/#website","url":"https:\/\/challengeseconomiques.com\/","name":"challenges economiques","description":"","potentialAction":[{"@type":"SearchAction","target":{"@type":"EntryPoint","urlTemplate":"https:\/\/challengeseconomiques.com\/?s={search_term_string}"},"query-input":{"@type":"PropertyValueSpecification","valueRequired":true,"valueName":"search_term_string"}}],"inLanguage":"fr-FR"},{"@type":"Person","@id":"https:\/\/challengeseconomiques.com\/#\/schema\/person\/b4568c9afebc5a9238a771873801e349","name":"admin","image":{"@type":"ImageObject","inLanguage":"fr-FR","@id":"https:\/\/challengeseconomiques.com\/#\/schema\/person\/image\/","url":"https:\/\/secure.gravatar.com\/avatar\/099e42240b5eea11acdb72751fcce0dd918603f0749d24974b7984ea47ed9fd9?s=96&d=mm&r=g","contentUrl":"https:\/\/secure.gravatar.com\/avatar\/099e42240b5eea11acdb72751fcce0dd918603f0749d24974b7984ea47ed9fd9?s=96&d=mm&r=g","caption":"admin"},"sameAs":["https:\/\/challengeseconomiques.com"],"url":"https:\/\/challengeseconomiques.com\/?author=1"}]}},"jetpack_featured_media_url":"https:\/\/challengeseconomiques.com\/wp-content\/uploads\/2024\/01\/Birahim-seckFORUMCIVIL.jpg","jetpack_sharing_enabled":true,"_links":{"self":[{"href":"https:\/\/challengeseconomiques.com\/index.php?rest_route=\/wp\/v2\/posts\/5924","targetHints":{"allow":["GET"]}}],"collection":[{"href":"https:\/\/challengeseconomiques.com\/index.php?rest_route=\/wp\/v2\/posts"}],"about":[{"href":"https:\/\/challengeseconomiques.com\/index.php?rest_route=\/wp\/v2\/types\/post"}],"author":[{"embeddable":true,"href":"https:\/\/challengeseconomiques.com\/index.php?rest_route=\/wp\/v2\/users\/1"}],"replies":[{"embeddable":true,"href":"https:\/\/challengeseconomiques.com\/index.php?rest_route=%2Fwp%2Fv2%2Fcomments&post=5924"}],"version-history":[{"count":1,"href":"https:\/\/challengeseconomiques.com\/index.php?rest_route=\/wp\/v2\/posts\/5924\/revisions"}],"predecessor-version":[{"id":5927,"href":"https:\/\/challengeseconomiques.com\/index.php?rest_route=\/wp\/v2\/posts\/5924\/revisions\/5927"}],"wp:featuredmedia":[{"embeddable":true,"href":"https:\/\/challengeseconomiques.com\/index.php?rest_route=\/wp\/v2\/media\/5926"}],"wp:attachment":[{"href":"https:\/\/challengeseconomiques.com\/index.php?rest_route=%2Fwp%2Fv2%2Fmedia&parent=5924"}],"wp:term":[{"taxonomy":"category","embeddable":true,"href":"https:\/\/challengeseconomiques.com\/index.php?rest_route=%2Fwp%2Fv2%2Fcategories&post=5924"},{"taxonomy":"post_tag","embeddable":true,"href":"https:\/\/challengeseconomiques.com\/index.php?rest_route=%2Fwp%2Fv2%2Ftags&post=5924"}],"curies":[{"name":"wp","href":"https:\/\/api.w.org\/{rel}","templated":true}]}}