{"id":5912,"date":"2024-01-11T19:00:30","date_gmt":"2024-01-11T19:00:30","guid":{"rendered":"https:\/\/challengeseconomiques.com\/?p=5912"},"modified":"2024-01-11T17:29:28","modified_gmt":"2024-01-11T17:29:28","slug":"exploitation-du-marche-dinteret-national-pouvoirs-publics-commercants-et-transporteurs-se-mettent-daccord","status":"publish","type":"post","link":"https:\/\/challengeseconomiques.com\/?p=5912","title":{"rendered":"Exploitation du march\u00e9 d\u2019int\u00e9r\u00eat national : pouvoirs publics, commer\u00e7ants et transporteurs se mettent d\u2019accord"},"content":{"rendered":"<p><strong>La Soci\u00e9t\u00e9 d\u2019exploitation du march\u00e9 d\u2019int\u00e9r\u00eat national et de la gare des gros porteurs (SEMIG) a tenu une r\u00e9union d\u2019information sur l\u2019obligation faite d\u00e9sormais aux camionneurs de d\u00e9charger \u00e0 Diamniadio (ouest) les fruits et l\u00e9gumes destin\u00e9s \u00e0 la r\u00e9gion de Dakar, a constat\u00e9 l\u2019APS, jeudi.<\/strong><\/p>\n<p>\u2018\u2019Les sites de stationnement et de d\u00e9chargement des v\u00e9hicules [\u2026] de plus de 3,5 tonnes de poids total autoris\u00e9 en charge, affect\u00e9s aux transports publics et priv\u00e9s de fruits et l\u00e9gumes en provenance de l\u2019int\u00e9rieur du pays ou de l\u2019\u00e9tranger, pour approvisionner les march\u00e9s de la r\u00e9gion de Dakar, sont fix\u00e9s au march\u00e9 d\u2019int\u00e9r\u00eat national et \u00e0 la gare des gros porteurs de Diamniadio\u2019\u2019, indique un arr\u00eat\u00e9 du gouverneur de Dakar, Al Hassan Sall.<\/p>\n<p>\u2018\u2019Toute infraction aux dispositions du pr\u00e9sent arr\u00eat\u00e9 sera sanctionn\u00e9e, conform\u00e9ment aux dispositions l\u00e9gislatives et r\u00e9glementaires en vigueur\u2019\u2019, a ajout\u00e9 M. Sall dans un arr\u00eat\u00e9 du 29 d\u00e9cembre dernier.<\/p>\n<p>Lors de sa rencontre avec les transporteurs, commer\u00e7ants et horticulteurs concern\u00e9s, la directrice g\u00e9n\u00e9rale la SEMIG, Fatoumata Niang Ba, a salu\u00e9 une d\u00e9cision administrative d\u2019\u2018\u2019une grande importance\u2019\u2019.<\/p>\n<p>\u2018\u2019Nous avons jug\u00e9 tr\u00e8s utile de rencontrer les acteurs concern\u00e9s pour partager avec cet arr\u00eat\u00e9 du gouverneur\u2019\u2019, a dit Mme Ba aux journalistes apr\u00e8s la r\u00e9union.<\/p>\n<p>L\u2019\u00c9tat a investi 55 milliards de francs CFA pour construire et \u00e9quiper le march\u00e9 d\u2019int\u00e9r\u00eat national et la gare des gros porteurs de Dimaniadio, qui s\u2019\u00e9tendent sur 33 hectares, a-t-elle dit.<\/p>\n<p>Les deux infrastructures destin\u00e9es notamment au commerce et \u00e0 la conservation des fruits et l\u00e9gumes peuvent contenir 15.000 tonnes, selon la directrice g\u00e9n\u00e9rale de la SEMIG.<\/p>\n<p>Elle assure que l\u2019arr\u00eat\u00e9 du gouverneur va r\u00e9duire les embouteillages et les risques d\u2019accident que peut entra\u00eener la circulation des gros porteurs charg\u00e9s d\u2019approvisionner en fruits et l\u00e9gumes les march\u00e9s dakarois.<\/p>\n<p>\u2018\u2019Ce march\u00e9 d\u2019int\u00e9r\u00eat national et la gare des gros porteurs sont un carrefour pour les acteurs de la fili\u00e8re fruits et l\u00e9gumes\u2019\u2019, a soulign\u00e9 Mme Ba.<\/p>\n<p>Le directeur g\u00e9n\u00e9ral de l\u2019horticulture, Macoumba Diouf, s\u2019est r\u00e9joui de la d\u00e9cision du gouverneur et a exhort\u00e9 les commer\u00e7ants, horticulteurs et transporteurs \u00e0 la respecter.<\/p>\n<p>En d\u00e9cembre dernier, des repr\u00e9sentants d\u2019associations de commer\u00e7ants, d\u2019horticulteurs et de transporteurs se sont r\u00e9unis pour discuter de \u2018\u2019strat\u00e9gies\u2019\u2019 \u00e0 d\u00e9rouler en vue de la rentabilit\u00e9 du march\u00e9 d\u2019int\u00e9r\u00eat national et de la gare des gros porteurs.<\/p>\n<p>Le but de cette rencontre pr\u00e9sid\u00e9e par le gouverneur de Dakar \u00e9tait de faire en sorte que ces deux infrastructures commerciales soient davantage utilis\u00e9es par les usagers.<\/p>\n<p><strong>(APS)<\/strong><\/p>\n","protected":false},"excerpt":{"rendered":"<p>La Soci\u00e9t\u00e9 d\u2019exploitation du march\u00e9 d\u2019int\u00e9r\u00eat national et de la gare des gros porteurs (SEMIG) a tenu une r\u00e9union d\u2019information sur l\u2019obligation faite d\u00e9sormais aux&#8230;<\/p>\n","protected":false},"author":1,"featured_media":5841,"comment_status":"closed","ping_status":"open","sticky":false,"template":"","format":"standard","meta":{"_jetpack_memberships_contains_paid_content":false,"footnotes":""},"categories":[23],"tags":[],"class_list":["post-5912","post","type-post","status-publish","format-standard","has-post-thumbnail","hentry","category-a-la-une","wpcat-23-id"],"yoast_head":"<!-- This site is optimized with the Yoast SEO plugin v27.1.1 - https:\/\/yoast.com\/product\/yoast-seo-wordpress\/ -->\n<title>Exploitation du march\u00e9 d\u2019int\u00e9r\u00eat national : pouvoirs publics, commer\u00e7ants et transporteurs se mettent d\u2019accord - challenges economiques<\/title>\n<meta name=\"robots\" content=\"index, follow, max-snippet:-1, max-image-preview:large, max-video-preview:-1\" \/>\n<link rel=\"canonical\" href=\"https:\/\/challengeseconomiques.com\/?p=5912\" \/>\n<meta property=\"og:locale\" content=\"fr_FR\" \/>\n<meta property=\"og:type\" content=\"article\" \/>\n<meta property=\"og:title\" content=\"Exploitation du march\u00e9 d\u2019int\u00e9r\u00eat national : pouvoirs publics, commer\u00e7ants et transporteurs se mettent d\u2019accord - challenges economiques\" \/>\n<meta property=\"og:description\" content=\"La Soci\u00e9t\u00e9 d\u2019exploitation du march\u00e9 d\u2019int\u00e9r\u00eat national et de la gare des gros porteurs (SEMIG) a tenu une r\u00e9union d\u2019information sur l\u2019obligation faite d\u00e9sormais aux...\" \/>\n<meta property=\"og:url\" content=\"https:\/\/challengeseconomiques.com\/?p=5912\" \/>\n<meta property=\"og:site_name\" content=\"challenges economiques\" \/>\n<meta property=\"article:published_time\" content=\"2024-01-11T19:00:30+00:00\" \/>\n<meta property=\"og:image\" content=\"https:\/\/challengeseconomiques.com\/wp-content\/uploads\/2023\/12\/MIN_FIDAK_2023_6.jpeg\" \/>\n\t<meta property=\"og:image:width\" content=\"1080\" \/>\n\t<meta property=\"og:image:height\" content=\"720\" \/>\n\t<meta property=\"og:image:type\" content=\"image\/jpeg\" \/>\n<meta name=\"author\" content=\"admin\" \/>\n<meta name=\"twitter:card\" content=\"summary_large_image\" \/>\n<meta name=\"twitter:label1\" content=\"\u00c9crit par\" \/>\n\t<meta name=\"twitter:data1\" content=\"admin\" \/>\n\t<meta name=\"twitter:label2\" content=\"Dur\u00e9e de lecture estim\u00e9e\" \/>\n\t<meta name=\"twitter:data2\" content=\"2 minutes\" \/>\n<script type=\"application\/ld+json\" class=\"yoast-schema-graph\">{\"@context\":\"https:\/\/schema.org\",\"@graph\":[{\"@type\":\"Article\",\"@id\":\"https:\/\/challengeseconomiques.com\/?p=5912#article\",\"isPartOf\":{\"@id\":\"https:\/\/challengeseconomiques.com\/?p=5912\"},\"author\":{\"name\":\"admin\",\"@id\":\"https:\/\/challengeseconomiques.com\/#\/schema\/person\/b4568c9afebc5a9238a771873801e349\"},\"headline\":\"Exploitation du march\u00e9 d\u2019int\u00e9r\u00eat national : pouvoirs publics, commer\u00e7ants et transporteurs se mettent d\u2019accord\",\"datePublished\":\"2024-01-11T19:00:30+00:00\",\"mainEntityOfPage\":{\"@id\":\"https:\/\/challengeseconomiques.com\/?p=5912\"},\"wordCount\":502,\"image\":{\"@id\":\"https:\/\/challengeseconomiques.com\/?p=5912#primaryimage\"},\"thumbnailUrl\":\"https:\/\/challengeseconomiques.com\/wp-content\/uploads\/2023\/12\/MIN_FIDAK_2023_6.jpeg\",\"articleSection\":[\"A la une\"],\"inLanguage\":\"fr-FR\"},{\"@type\":\"WebPage\",\"@id\":\"https:\/\/challengeseconomiques.com\/?p=5912\",\"url\":\"https:\/\/challengeseconomiques.com\/?p=5912\",\"name\":\"Exploitation du march\u00e9 d\u2019int\u00e9r\u00eat national : pouvoirs publics, commer\u00e7ants et transporteurs se mettent d\u2019accord - challenges economiques\",\"isPartOf\":{\"@id\":\"https:\/\/challengeseconomiques.com\/#website\"},\"primaryImageOfPage\":{\"@id\":\"https:\/\/challengeseconomiques.com\/?p=5912#primaryimage\"},\"image\":{\"@id\":\"https:\/\/challengeseconomiques.com\/?p=5912#primaryimage\"},\"thumbnailUrl\":\"https:\/\/challengeseconomiques.com\/wp-content\/uploads\/2023\/12\/MIN_FIDAK_2023_6.jpeg\",\"datePublished\":\"2024-01-11T19:00:30+00:00\",\"author\":{\"@id\":\"https:\/\/challengeseconomiques.com\/#\/schema\/person\/b4568c9afebc5a9238a771873801e349\"},\"breadcrumb\":{\"@id\":\"https:\/\/challengeseconomiques.com\/?p=5912#breadcrumb\"},\"inLanguage\":\"fr-FR\",\"potentialAction\":[{\"@type\":\"ReadAction\",\"target\":[\"https:\/\/challengeseconomiques.com\/?p=5912\"]}]},{\"@type\":\"ImageObject\",\"inLanguage\":\"fr-FR\",\"@id\":\"https:\/\/challengeseconomiques.com\/?p=5912#primaryimage\",\"url\":\"https:\/\/challengeseconomiques.com\/wp-content\/uploads\/2023\/12\/MIN_FIDAK_2023_6.jpeg\",\"contentUrl\":\"https:\/\/challengeseconomiques.com\/wp-content\/uploads\/2023\/12\/MIN_FIDAK_2023_6.jpeg\",\"width\":1080,\"height\":720},{\"@type\":\"BreadcrumbList\",\"@id\":\"https:\/\/challengeseconomiques.com\/?p=5912#breadcrumb\",\"itemListElement\":[{\"@type\":\"ListItem\",\"position\":1,\"name\":\"Home\",\"item\":\"https:\/\/challengeseconomiques.com\/\"},{\"@type\":\"ListItem\",\"position\":2,\"name\":\"Exploitation du march\u00e9 d\u2019int\u00e9r\u00eat national : pouvoirs publics, commer\u00e7ants et transporteurs se mettent d\u2019accord\"}]},{\"@type\":\"WebSite\",\"@id\":\"https:\/\/challengeseconomiques.com\/#website\",\"url\":\"https:\/\/challengeseconomiques.com\/\",\"name\":\"challenges economiques\",\"description\":\"\",\"potentialAction\":[{\"@type\":\"SearchAction\",\"target\":{\"@type\":\"EntryPoint\",\"urlTemplate\":\"https:\/\/challengeseconomiques.com\/?s={search_term_string}\"},\"query-input\":{\"@type\":\"PropertyValueSpecification\",\"valueRequired\":true,\"valueName\":\"search_term_string\"}}],\"inLanguage\":\"fr-FR\"},{\"@type\":\"Person\",\"@id\":\"https:\/\/challengeseconomiques.com\/#\/schema\/person\/b4568c9afebc5a9238a771873801e349\",\"name\":\"admin\",\"image\":{\"@type\":\"ImageObject\",\"inLanguage\":\"fr-FR\",\"@id\":\"https:\/\/challengeseconomiques.com\/#\/schema\/person\/image\/\",\"url\":\"https:\/\/secure.gravatar.com\/avatar\/099e42240b5eea11acdb72751fcce0dd918603f0749d24974b7984ea47ed9fd9?s=96&d=mm&r=g\",\"contentUrl\":\"https:\/\/secure.gravatar.com\/avatar\/099e42240b5eea11acdb72751fcce0dd918603f0749d24974b7984ea47ed9fd9?s=96&d=mm&r=g\",\"caption\":\"admin\"},\"sameAs\":[\"https:\/\/challengeseconomiques.com\"],\"url\":\"https:\/\/challengeseconomiques.com\/?author=1\"}]}<\/script>\n<!-- \/ Yoast SEO plugin. -->","yoast_head_json":{"title":"Exploitation du march\u00e9 d\u2019int\u00e9r\u00eat national : pouvoirs publics, commer\u00e7ants et transporteurs se mettent d\u2019accord - challenges economiques","robots":{"index":"index","follow":"follow","max-snippet":"max-snippet:-1","max-image-preview":"max-image-preview:large","max-video-preview":"max-video-preview:-1"},"canonical":"https:\/\/challengeseconomiques.com\/?p=5912","og_locale":"fr_FR","og_type":"article","og_title":"Exploitation du march\u00e9 d\u2019int\u00e9r\u00eat national : pouvoirs publics, commer\u00e7ants et transporteurs se mettent d\u2019accord - challenges economiques","og_description":"La Soci\u00e9t\u00e9 d\u2019exploitation du march\u00e9 d\u2019int\u00e9r\u00eat national et de la gare des gros porteurs (SEMIG) a tenu une r\u00e9union d\u2019information sur l\u2019obligation faite d\u00e9sormais aux...","og_url":"https:\/\/challengeseconomiques.com\/?p=5912","og_site_name":"challenges economiques","article_published_time":"2024-01-11T19:00:30+00:00","og_image":[{"width":1080,"height":720,"url":"https:\/\/challengeseconomiques.com\/wp-content\/uploads\/2023\/12\/MIN_FIDAK_2023_6.jpeg","type":"image\/jpeg"}],"author":"admin","twitter_card":"summary_large_image","twitter_misc":{"\u00c9crit par":"admin","Dur\u00e9e de lecture estim\u00e9e":"2 minutes"},"schema":{"@context":"https:\/\/schema.org","@graph":[{"@type":"Article","@id":"https:\/\/challengeseconomiques.com\/?p=5912#article","isPartOf":{"@id":"https:\/\/challengeseconomiques.com\/?p=5912"},"author":{"name":"admin","@id":"https:\/\/challengeseconomiques.com\/#\/schema\/person\/b4568c9afebc5a9238a771873801e349"},"headline":"Exploitation du march\u00e9 d\u2019int\u00e9r\u00eat national : pouvoirs publics, commer\u00e7ants et transporteurs se mettent d\u2019accord","datePublished":"2024-01-11T19:00:30+00:00","mainEntityOfPage":{"@id":"https:\/\/challengeseconomiques.com\/?p=5912"},"wordCount":502,"image":{"@id":"https:\/\/challengeseconomiques.com\/?p=5912#primaryimage"},"thumbnailUrl":"https:\/\/challengeseconomiques.com\/wp-content\/uploads\/2023\/12\/MIN_FIDAK_2023_6.jpeg","articleSection":["A la une"],"inLanguage":"fr-FR"},{"@type":"WebPage","@id":"https:\/\/challengeseconomiques.com\/?p=5912","url":"https:\/\/challengeseconomiques.com\/?p=5912","name":"Exploitation du march\u00e9 d\u2019int\u00e9r\u00eat national : pouvoirs publics, commer\u00e7ants et transporteurs se mettent d\u2019accord - challenges economiques","isPartOf":{"@id":"https:\/\/challengeseconomiques.com\/#website"},"primaryImageOfPage":{"@id":"https:\/\/challengeseconomiques.com\/?p=5912#primaryimage"},"image":{"@id":"https:\/\/challengeseconomiques.com\/?p=5912#primaryimage"},"thumbnailUrl":"https:\/\/challengeseconomiques.com\/wp-content\/uploads\/2023\/12\/MIN_FIDAK_2023_6.jpeg","datePublished":"2024-01-11T19:00:30+00:00","author":{"@id":"https:\/\/challengeseconomiques.com\/#\/schema\/person\/b4568c9afebc5a9238a771873801e349"},"breadcrumb":{"@id":"https:\/\/challengeseconomiques.com\/?p=5912#breadcrumb"},"inLanguage":"fr-FR","potentialAction":[{"@type":"ReadAction","target":["https:\/\/challengeseconomiques.com\/?p=5912"]}]},{"@type":"ImageObject","inLanguage":"fr-FR","@id":"https:\/\/challengeseconomiques.com\/?p=5912#primaryimage","url":"https:\/\/challengeseconomiques.com\/wp-content\/uploads\/2023\/12\/MIN_FIDAK_2023_6.jpeg","contentUrl":"https:\/\/challengeseconomiques.com\/wp-content\/uploads\/2023\/12\/MIN_FIDAK_2023_6.jpeg","width":1080,"height":720},{"@type":"BreadcrumbList","@id":"https:\/\/challengeseconomiques.com\/?p=5912#breadcrumb","itemListElement":[{"@type":"ListItem","position":1,"name":"Home","item":"https:\/\/challengeseconomiques.com\/"},{"@type":"ListItem","position":2,"name":"Exploitation du march\u00e9 d\u2019int\u00e9r\u00eat national : pouvoirs publics, commer\u00e7ants et transporteurs se mettent d\u2019accord"}]},{"@type":"WebSite","@id":"https:\/\/challengeseconomiques.com\/#website","url":"https:\/\/challengeseconomiques.com\/","name":"challenges economiques","description":"","potentialAction":[{"@type":"SearchAction","target":{"@type":"EntryPoint","urlTemplate":"https:\/\/challengeseconomiques.com\/?s={search_term_string}"},"query-input":{"@type":"PropertyValueSpecification","valueRequired":true,"valueName":"search_term_string"}}],"inLanguage":"fr-FR"},{"@type":"Person","@id":"https:\/\/challengeseconomiques.com\/#\/schema\/person\/b4568c9afebc5a9238a771873801e349","name":"admin","image":{"@type":"ImageObject","inLanguage":"fr-FR","@id":"https:\/\/challengeseconomiques.com\/#\/schema\/person\/image\/","url":"https:\/\/secure.gravatar.com\/avatar\/099e42240b5eea11acdb72751fcce0dd918603f0749d24974b7984ea47ed9fd9?s=96&d=mm&r=g","contentUrl":"https:\/\/secure.gravatar.com\/avatar\/099e42240b5eea11acdb72751fcce0dd918603f0749d24974b7984ea47ed9fd9?s=96&d=mm&r=g","caption":"admin"},"sameAs":["https:\/\/challengeseconomiques.com"],"url":"https:\/\/challengeseconomiques.com\/?author=1"}]}},"jetpack_featured_media_url":"https:\/\/challengeseconomiques.com\/wp-content\/uploads\/2023\/12\/MIN_FIDAK_2023_6.jpeg","jetpack_sharing_enabled":true,"_links":{"self":[{"href":"https:\/\/challengeseconomiques.com\/index.php?rest_route=\/wp\/v2\/posts\/5912","targetHints":{"allow":["GET"]}}],"collection":[{"href":"https:\/\/challengeseconomiques.com\/index.php?rest_route=\/wp\/v2\/posts"}],"about":[{"href":"https:\/\/challengeseconomiques.com\/index.php?rest_route=\/wp\/v2\/types\/post"}],"author":[{"embeddable":true,"href":"https:\/\/challengeseconomiques.com\/index.php?rest_route=\/wp\/v2\/users\/1"}],"replies":[{"embeddable":true,"href":"https:\/\/challengeseconomiques.com\/index.php?rest_route=%2Fwp%2Fv2%2Fcomments&post=5912"}],"version-history":[{"count":1,"href":"https:\/\/challengeseconomiques.com\/index.php?rest_route=\/wp\/v2\/posts\/5912\/revisions"}],"predecessor-version":[{"id":5913,"href":"https:\/\/challengeseconomiques.com\/index.php?rest_route=\/wp\/v2\/posts\/5912\/revisions\/5913"}],"wp:featuredmedia":[{"embeddable":true,"href":"https:\/\/challengeseconomiques.com\/index.php?rest_route=\/wp\/v2\/media\/5841"}],"wp:attachment":[{"href":"https:\/\/challengeseconomiques.com\/index.php?rest_route=%2Fwp%2Fv2%2Fmedia&parent=5912"}],"wp:term":[{"taxonomy":"category","embeddable":true,"href":"https:\/\/challengeseconomiques.com\/index.php?rest_route=%2Fwp%2Fv2%2Fcategories&post=5912"},{"taxonomy":"post_tag","embeddable":true,"href":"https:\/\/challengeseconomiques.com\/index.php?rest_route=%2Fwp%2Fv2%2Ftags&post=5912"}],"curies":[{"name":"wp","href":"https:\/\/api.w.org\/{rel}","templated":true}]}}