{"id":5900,"date":"2024-01-08T12:05:26","date_gmt":"2024-01-08T12:05:26","guid":{"rendered":"https:\/\/challengeseconomiques.com\/?p=5900"},"modified":"2024-01-08T12:05:56","modified_gmt":"2024-01-08T12:05:56","slug":"senegal-souleymane-sarr-nouveau-dg-dacep","status":"publish","type":"post","link":"https:\/\/challengeseconomiques.com\/?p=5900","title":{"rendered":"S\u00e9n\u00e9gal : Souleymane Sarr nouveau DG d\u2019ACEP"},"content":{"rendered":"<p>Souleymane SARR est le nouveau directeur g\u00e9n\u00e9ral d\u2019ACEP S\u00e9n\u00e9gal. L\u2019annonce est faite ce mercredi 3 janvier 2024. Il \u00e9tait jusque-l\u00e0, directeur g\u00e9n\u00e9ral de ce syst\u00e8me financier d\u00e9centralis\u00e9. M. Sarr conna\u00eet bien cette maison o\u00f9 il \u00e9volue \u00e0 diff\u00e9rents niveaux de responsabilit\u00e9 depuis 2015. Il remplace Daouda Fall, en poste depuis 2019.<\/p>\n<p>Son premier poste au sein de cette structure a \u00e9t\u00e9 celui de Directeur des \u00c9tudes du D\u00e9veloppement et de la formation. A ce titre, il fut charg\u00e9 de mettre en place le guichet PME de l&rsquo;ACEP avec l&rsquo;appui de Frankfurt school of finance and management sur financement de la Kfw, le guichet credit \u00e0 l&rsquo;\u00e9ducation, le credit aux salari\u00e9s etc.<\/p>\n<p>Le nouveau directeur g\u00e9n\u00e9ral d\u2019ACEP totalise 20 ans d&rsquo;exp\u00e9rience dans la microfinance. Il a commenc\u00e9 carri\u00e8re \u00e0 la Direction<br \/>\nG\u00e9n\u00e9rale du Cr\u00e9dit mutuel du S\u00e9n\u00e9gal comme analyste financier pendant 2 ans avant de rejoindre le cabinet Remix, l&rsquo;un des plus grands cabinets de conseil en microfinance de<br \/>\nl&rsquo;\u00e9poque, avec un portefeuille clients dans toute la sous r\u00e9gion Afrique de l&rsquo;ouest.<\/p>\n<p>Souleymane Sarr est titulaire d\u2019une Maitrise en gestion des entreprises et \u00e9conomie obtenue en 1998 \u00e0 l\u2019Universit\u00e9 Cheikh Anta Diop de Dakar apr\u00e8s un bac C. Il est \u00e9galement titulaire d\u2019un Master 2 en marketing et strat\u00e9gie \u00e0 BEM Dakar en 2019, ainsi que des certificats en gestion d\u2019un r\u00e9seau d\u2019agents, en finance digitale au Kenya et en gestion des risques au Luxemburg.<\/p>\n<p>ACEP couvre l\u2019ensemble du territoire national et compte pr\u00e9s de 80 agences, soit 350\u00a0000 membres. La structure a accord\u00e9 50\u00a0000 pr\u00eats actifs aux micro petites et moyennes entreprises pour un volume de cr\u00e9dits de 100 milliards en 2022. Le montant des fonds propres s\u2019\u00e9l\u00e8ve \u00e0 46 milliards FCFA.<\/p>\n<p><strong>Sikafinance<\/strong><\/p>\n","protected":false},"excerpt":{"rendered":"<p>Souleymane SARR est le nouveau directeur g\u00e9n\u00e9ral d\u2019ACEP S\u00e9n\u00e9gal. L\u2019annonce est faite ce mercredi 3 janvier 2024. Il \u00e9tait jusque-l\u00e0, directeur g\u00e9n\u00e9ral de ce syst\u00e8me&#8230;<\/p>\n","protected":false},"author":1,"featured_media":5901,"comment_status":"closed","ping_status":"open","sticky":false,"template":"","format":"standard","meta":{"_jetpack_memberships_contains_paid_content":false,"footnotes":""},"categories":[8,10],"tags":[],"class_list":["post-5900","post","type-post","status-publish","format-standard","has-post-thumbnail","hentry","category-actualite-economique","category-infos-eco","wpcat-8-id","wpcat-10-id"],"yoast_head":"<!-- This site is optimized with the Yoast SEO plugin v27.1.1 - https:\/\/yoast.com\/product\/yoast-seo-wordpress\/ -->\n<title>S\u00e9n\u00e9gal : Souleymane Sarr nouveau DG d\u2019ACEP - challenges economiques<\/title>\n<meta name=\"robots\" content=\"index, follow, max-snippet:-1, max-image-preview:large, max-video-preview:-1\" \/>\n<link rel=\"canonical\" href=\"https:\/\/challengeseconomiques.com\/?p=5900\" \/>\n<meta property=\"og:locale\" content=\"fr_FR\" \/>\n<meta property=\"og:type\" content=\"article\" \/>\n<meta property=\"og:title\" content=\"S\u00e9n\u00e9gal : Souleymane Sarr nouveau DG d\u2019ACEP - challenges economiques\" \/>\n<meta property=\"og:description\" content=\"Souleymane SARR est le nouveau directeur g\u00e9n\u00e9ral d\u2019ACEP S\u00e9n\u00e9gal. L\u2019annonce est faite ce mercredi 3 janvier 2024. Il \u00e9tait jusque-l\u00e0, directeur g\u00e9n\u00e9ral de ce syst\u00e8me...\" \/>\n<meta property=\"og:url\" content=\"https:\/\/challengeseconomiques.com\/?p=5900\" \/>\n<meta property=\"og:site_name\" content=\"challenges economiques\" \/>\n<meta property=\"article:published_time\" content=\"2024-01-08T12:05:26+00:00\" \/>\n<meta property=\"article:modified_time\" content=\"2024-01-08T12:05:56+00:00\" \/>\n<meta property=\"og:image\" content=\"https:\/\/challengeseconomiques.com\/wp-content\/uploads\/2024\/01\/Souleymane-SarrDG-ACEP.jpg\" \/>\n\t<meta property=\"og:image:width\" content=\"600\" \/>\n\t<meta property=\"og:image:height\" content=\"410\" \/>\n\t<meta property=\"og:image:type\" content=\"image\/jpeg\" \/>\n<meta name=\"author\" content=\"admin\" \/>\n<meta name=\"twitter:card\" content=\"summary_large_image\" \/>\n<meta name=\"twitter:label1\" content=\"\u00c9crit par\" \/>\n\t<meta name=\"twitter:data1\" content=\"admin\" \/>\n\t<meta name=\"twitter:label2\" content=\"Dur\u00e9e de lecture estim\u00e9e\" \/>\n\t<meta name=\"twitter:data2\" content=\"2 minutes\" \/>\n<script type=\"application\/ld+json\" class=\"yoast-schema-graph\">{\"@context\":\"https:\/\/schema.org\",\"@graph\":[{\"@type\":\"Article\",\"@id\":\"https:\/\/challengeseconomiques.com\/?p=5900#article\",\"isPartOf\":{\"@id\":\"https:\/\/challengeseconomiques.com\/?p=5900\"},\"author\":{\"name\":\"admin\",\"@id\":\"https:\/\/challengeseconomiques.com\/#\/schema\/person\/b4568c9afebc5a9238a771873801e349\"},\"headline\":\"S\u00e9n\u00e9gal : Souleymane Sarr nouveau DG d\u2019ACEP\",\"datePublished\":\"2024-01-08T12:05:26+00:00\",\"dateModified\":\"2024-01-08T12:05:56+00:00\",\"mainEntityOfPage\":{\"@id\":\"https:\/\/challengeseconomiques.com\/?p=5900\"},\"wordCount\":317,\"image\":{\"@id\":\"https:\/\/challengeseconomiques.com\/?p=5900#primaryimage\"},\"thumbnailUrl\":\"https:\/\/challengeseconomiques.com\/wp-content\/uploads\/2024\/01\/Souleymane-SarrDG-ACEP.jpg\",\"articleSection\":[\"Actualit\u00e9 \u00e9conomique\",\"Infos \u00e9co\"],\"inLanguage\":\"fr-FR\"},{\"@type\":\"WebPage\",\"@id\":\"https:\/\/challengeseconomiques.com\/?p=5900\",\"url\":\"https:\/\/challengeseconomiques.com\/?p=5900\",\"name\":\"S\u00e9n\u00e9gal : Souleymane Sarr nouveau DG d\u2019ACEP - challenges economiques\",\"isPartOf\":{\"@id\":\"https:\/\/challengeseconomiques.com\/#website\"},\"primaryImageOfPage\":{\"@id\":\"https:\/\/challengeseconomiques.com\/?p=5900#primaryimage\"},\"image\":{\"@id\":\"https:\/\/challengeseconomiques.com\/?p=5900#primaryimage\"},\"thumbnailUrl\":\"https:\/\/challengeseconomiques.com\/wp-content\/uploads\/2024\/01\/Souleymane-SarrDG-ACEP.jpg\",\"datePublished\":\"2024-01-08T12:05:26+00:00\",\"dateModified\":\"2024-01-08T12:05:56+00:00\",\"author\":{\"@id\":\"https:\/\/challengeseconomiques.com\/#\/schema\/person\/b4568c9afebc5a9238a771873801e349\"},\"breadcrumb\":{\"@id\":\"https:\/\/challengeseconomiques.com\/?p=5900#breadcrumb\"},\"inLanguage\":\"fr-FR\",\"potentialAction\":[{\"@type\":\"ReadAction\",\"target\":[\"https:\/\/challengeseconomiques.com\/?p=5900\"]}]},{\"@type\":\"ImageObject\",\"inLanguage\":\"fr-FR\",\"@id\":\"https:\/\/challengeseconomiques.com\/?p=5900#primaryimage\",\"url\":\"https:\/\/challengeseconomiques.com\/wp-content\/uploads\/2024\/01\/Souleymane-SarrDG-ACEP.jpg\",\"contentUrl\":\"https:\/\/challengeseconomiques.com\/wp-content\/uploads\/2024\/01\/Souleymane-SarrDG-ACEP.jpg\",\"width\":600,\"height\":410},{\"@type\":\"BreadcrumbList\",\"@id\":\"https:\/\/challengeseconomiques.com\/?p=5900#breadcrumb\",\"itemListElement\":[{\"@type\":\"ListItem\",\"position\":1,\"name\":\"Home\",\"item\":\"https:\/\/challengeseconomiques.com\/\"},{\"@type\":\"ListItem\",\"position\":2,\"name\":\"S\u00e9n\u00e9gal : Souleymane Sarr nouveau DG d\u2019ACEP\"}]},{\"@type\":\"WebSite\",\"@id\":\"https:\/\/challengeseconomiques.com\/#website\",\"url\":\"https:\/\/challengeseconomiques.com\/\",\"name\":\"challenges economiques\",\"description\":\"\",\"potentialAction\":[{\"@type\":\"SearchAction\",\"target\":{\"@type\":\"EntryPoint\",\"urlTemplate\":\"https:\/\/challengeseconomiques.com\/?s={search_term_string}\"},\"query-input\":{\"@type\":\"PropertyValueSpecification\",\"valueRequired\":true,\"valueName\":\"search_term_string\"}}],\"inLanguage\":\"fr-FR\"},{\"@type\":\"Person\",\"@id\":\"https:\/\/challengeseconomiques.com\/#\/schema\/person\/b4568c9afebc5a9238a771873801e349\",\"name\":\"admin\",\"image\":{\"@type\":\"ImageObject\",\"inLanguage\":\"fr-FR\",\"@id\":\"https:\/\/challengeseconomiques.com\/#\/schema\/person\/image\/\",\"url\":\"https:\/\/secure.gravatar.com\/avatar\/099e42240b5eea11acdb72751fcce0dd918603f0749d24974b7984ea47ed9fd9?s=96&d=mm&r=g\",\"contentUrl\":\"https:\/\/secure.gravatar.com\/avatar\/099e42240b5eea11acdb72751fcce0dd918603f0749d24974b7984ea47ed9fd9?s=96&d=mm&r=g\",\"caption\":\"admin\"},\"sameAs\":[\"https:\/\/challengeseconomiques.com\"],\"url\":\"https:\/\/challengeseconomiques.com\/?author=1\"}]}<\/script>\n<!-- \/ Yoast SEO plugin. -->","yoast_head_json":{"title":"S\u00e9n\u00e9gal : Souleymane Sarr nouveau DG d\u2019ACEP - challenges economiques","robots":{"index":"index","follow":"follow","max-snippet":"max-snippet:-1","max-image-preview":"max-image-preview:large","max-video-preview":"max-video-preview:-1"},"canonical":"https:\/\/challengeseconomiques.com\/?p=5900","og_locale":"fr_FR","og_type":"article","og_title":"S\u00e9n\u00e9gal : Souleymane Sarr nouveau DG d\u2019ACEP - challenges economiques","og_description":"Souleymane SARR est le nouveau directeur g\u00e9n\u00e9ral d\u2019ACEP S\u00e9n\u00e9gal. L\u2019annonce est faite ce mercredi 3 janvier 2024. Il \u00e9tait jusque-l\u00e0, directeur g\u00e9n\u00e9ral de ce syst\u00e8me...","og_url":"https:\/\/challengeseconomiques.com\/?p=5900","og_site_name":"challenges economiques","article_published_time":"2024-01-08T12:05:26+00:00","article_modified_time":"2024-01-08T12:05:56+00:00","og_image":[{"width":600,"height":410,"url":"https:\/\/challengeseconomiques.com\/wp-content\/uploads\/2024\/01\/Souleymane-SarrDG-ACEP.jpg","type":"image\/jpeg"}],"author":"admin","twitter_card":"summary_large_image","twitter_misc":{"\u00c9crit par":"admin","Dur\u00e9e de lecture estim\u00e9e":"2 minutes"},"schema":{"@context":"https:\/\/schema.org","@graph":[{"@type":"Article","@id":"https:\/\/challengeseconomiques.com\/?p=5900#article","isPartOf":{"@id":"https:\/\/challengeseconomiques.com\/?p=5900"},"author":{"name":"admin","@id":"https:\/\/challengeseconomiques.com\/#\/schema\/person\/b4568c9afebc5a9238a771873801e349"},"headline":"S\u00e9n\u00e9gal : Souleymane Sarr nouveau DG d\u2019ACEP","datePublished":"2024-01-08T12:05:26+00:00","dateModified":"2024-01-08T12:05:56+00:00","mainEntityOfPage":{"@id":"https:\/\/challengeseconomiques.com\/?p=5900"},"wordCount":317,"image":{"@id":"https:\/\/challengeseconomiques.com\/?p=5900#primaryimage"},"thumbnailUrl":"https:\/\/challengeseconomiques.com\/wp-content\/uploads\/2024\/01\/Souleymane-SarrDG-ACEP.jpg","articleSection":["Actualit\u00e9 \u00e9conomique","Infos \u00e9co"],"inLanguage":"fr-FR"},{"@type":"WebPage","@id":"https:\/\/challengeseconomiques.com\/?p=5900","url":"https:\/\/challengeseconomiques.com\/?p=5900","name":"S\u00e9n\u00e9gal : Souleymane Sarr nouveau DG d\u2019ACEP - challenges economiques","isPartOf":{"@id":"https:\/\/challengeseconomiques.com\/#website"},"primaryImageOfPage":{"@id":"https:\/\/challengeseconomiques.com\/?p=5900#primaryimage"},"image":{"@id":"https:\/\/challengeseconomiques.com\/?p=5900#primaryimage"},"thumbnailUrl":"https:\/\/challengeseconomiques.com\/wp-content\/uploads\/2024\/01\/Souleymane-SarrDG-ACEP.jpg","datePublished":"2024-01-08T12:05:26+00:00","dateModified":"2024-01-08T12:05:56+00:00","author":{"@id":"https:\/\/challengeseconomiques.com\/#\/schema\/person\/b4568c9afebc5a9238a771873801e349"},"breadcrumb":{"@id":"https:\/\/challengeseconomiques.com\/?p=5900#breadcrumb"},"inLanguage":"fr-FR","potentialAction":[{"@type":"ReadAction","target":["https:\/\/challengeseconomiques.com\/?p=5900"]}]},{"@type":"ImageObject","inLanguage":"fr-FR","@id":"https:\/\/challengeseconomiques.com\/?p=5900#primaryimage","url":"https:\/\/challengeseconomiques.com\/wp-content\/uploads\/2024\/01\/Souleymane-SarrDG-ACEP.jpg","contentUrl":"https:\/\/challengeseconomiques.com\/wp-content\/uploads\/2024\/01\/Souleymane-SarrDG-ACEP.jpg","width":600,"height":410},{"@type":"BreadcrumbList","@id":"https:\/\/challengeseconomiques.com\/?p=5900#breadcrumb","itemListElement":[{"@type":"ListItem","position":1,"name":"Home","item":"https:\/\/challengeseconomiques.com\/"},{"@type":"ListItem","position":2,"name":"S\u00e9n\u00e9gal : Souleymane Sarr nouveau DG d\u2019ACEP"}]},{"@type":"WebSite","@id":"https:\/\/challengeseconomiques.com\/#website","url":"https:\/\/challengeseconomiques.com\/","name":"challenges economiques","description":"","potentialAction":[{"@type":"SearchAction","target":{"@type":"EntryPoint","urlTemplate":"https:\/\/challengeseconomiques.com\/?s={search_term_string}"},"query-input":{"@type":"PropertyValueSpecification","valueRequired":true,"valueName":"search_term_string"}}],"inLanguage":"fr-FR"},{"@type":"Person","@id":"https:\/\/challengeseconomiques.com\/#\/schema\/person\/b4568c9afebc5a9238a771873801e349","name":"admin","image":{"@type":"ImageObject","inLanguage":"fr-FR","@id":"https:\/\/challengeseconomiques.com\/#\/schema\/person\/image\/","url":"https:\/\/secure.gravatar.com\/avatar\/099e42240b5eea11acdb72751fcce0dd918603f0749d24974b7984ea47ed9fd9?s=96&d=mm&r=g","contentUrl":"https:\/\/secure.gravatar.com\/avatar\/099e42240b5eea11acdb72751fcce0dd918603f0749d24974b7984ea47ed9fd9?s=96&d=mm&r=g","caption":"admin"},"sameAs":["https:\/\/challengeseconomiques.com"],"url":"https:\/\/challengeseconomiques.com\/?author=1"}]}},"jetpack_featured_media_url":"https:\/\/challengeseconomiques.com\/wp-content\/uploads\/2024\/01\/Souleymane-SarrDG-ACEP.jpg","jetpack_sharing_enabled":true,"_links":{"self":[{"href":"https:\/\/challengeseconomiques.com\/index.php?rest_route=\/wp\/v2\/posts\/5900","targetHints":{"allow":["GET"]}}],"collection":[{"href":"https:\/\/challengeseconomiques.com\/index.php?rest_route=\/wp\/v2\/posts"}],"about":[{"href":"https:\/\/challengeseconomiques.com\/index.php?rest_route=\/wp\/v2\/types\/post"}],"author":[{"embeddable":true,"href":"https:\/\/challengeseconomiques.com\/index.php?rest_route=\/wp\/v2\/users\/1"}],"replies":[{"embeddable":true,"href":"https:\/\/challengeseconomiques.com\/index.php?rest_route=%2Fwp%2Fv2%2Fcomments&post=5900"}],"version-history":[{"count":1,"href":"https:\/\/challengeseconomiques.com\/index.php?rest_route=\/wp\/v2\/posts\/5900\/revisions"}],"predecessor-version":[{"id":5902,"href":"https:\/\/challengeseconomiques.com\/index.php?rest_route=\/wp\/v2\/posts\/5900\/revisions\/5902"}],"wp:featuredmedia":[{"embeddable":true,"href":"https:\/\/challengeseconomiques.com\/index.php?rest_route=\/wp\/v2\/media\/5901"}],"wp:attachment":[{"href":"https:\/\/challengeseconomiques.com\/index.php?rest_route=%2Fwp%2Fv2%2Fmedia&parent=5900"}],"wp:term":[{"taxonomy":"category","embeddable":true,"href":"https:\/\/challengeseconomiques.com\/index.php?rest_route=%2Fwp%2Fv2%2Fcategories&post=5900"},{"taxonomy":"post_tag","embeddable":true,"href":"https:\/\/challengeseconomiques.com\/index.php?rest_route=%2Fwp%2Fv2%2Ftags&post=5900"}],"curies":[{"name":"wp","href":"https:\/\/api.w.org\/{rel}","templated":true}]}}