{"id":5880,"date":"2023-12-29T21:11:54","date_gmt":"2023-12-29T21:11:54","guid":{"rendered":"https:\/\/challengeseconomiques.com\/?p=5880"},"modified":"2023-12-30T15:16:29","modified_gmt":"2023-12-30T15:16:29","slug":"les-acteurs-concernes-par-lexploitation-de-la-gare-des-gros-porteurs-saluent-sa-mise-en-service","status":"publish","type":"post","link":"https:\/\/challengeseconomiques.com\/?p=5880","title":{"rendered":"Les acteurs concern\u00e9s par l\u2019exploitation de la gare des gros porteurs saluent sa mise en service"},"content":{"rendered":"<p><strong>La mise en service de la gare des gros porteurs de Diamniadio a \u00e9t\u00e9 unanimement salu\u00e9e par les acteurs \u00e9conomiques associ\u00e9s \u00e0 son exploitation, notamment les transporteurs et les commer\u00e7ants, qui ont relev\u00e9 les avantages que l\u2019exploitation de cette infrastructure va \u00e0 terme leur offrir, principalement en termes de fluidit\u00e9 du trafic \u00e0 Dakar et de d\u00e9congestionnement.<\/strong><\/p>\n<p>Ainsi, Abdoulaye Sow, le pr\u00e9sident de la chambre de commerce d\u2019industrie et d\u2019agriculture de Dakar, par ailleurs pr\u00e9sident du conseil d\u2019administration de la soci\u00e9t\u00e9 d\u2019exploitation du march\u00e9 d\u2019int\u00e9r\u00eat national et de la gare des gros porteurs (SEMIG) a indiqu\u00e9 que la mise en service de la gare des gros porteurs permettra de r\u00e9soudre les contraintes de mobilit\u00e9, qui se posent \u00e0 Dakar.<\/p>\n<p>\u00ab\u00a0Selon une \u00e9tude men\u00e9e par l\u2019observatoire de la chambre de commerce d\u2019industrie et d\u2019agriculture de Dakar, la r\u00e9gion de Dakar concentre 33% de la population s\u00e9n\u00e9galaise et beaucoup d\u2019activit\u00e9s \u00e9conomiques du S\u00e9n\u00e9gal s\u2019y concentrent \u00e9galement. C\u2019est une situation, qui engendre des probl\u00e8mes relatifs au stationnement des v\u00e9hicules et une perte de la client\u00e8le\u00a0\u00bb, a fait observer Abdoulaye Sow lors d\u2019une conf\u00e9rence de presse.<\/p>\n<p>Selon le pr\u00e9sident du conseil d\u2019administration de la SEMIG, les entreprises install\u00e9es dans la r\u00e9gion de Dakar sont confront\u00e9es \u00e0 des probl\u00e8mes li\u00e9s \u00e0 la circulation. Et \u00e0 son avis, l\u2019exploitation commerciale de la gare des gros porteurs contribuera \u00e0\u00a0 rendre fluide la circulation des v\u00e9hicules dans la r\u00e9gion de Dakar.<\/p>\n<p>Notons que cette sortie des acteurs du transport, des commer\u00e7ants et des responsables en charge de la SEMIG fait suite \u00e0 la d\u00e9cision prise par le gouverneur de la r\u00e9gion de Dakar, qui rend obligatoire le d\u00e9chargement au march\u00e9 d\u2019int\u00e9r\u00eat national de Diamniadio des gros porteurs transportant des l\u00e9gumes et fruits, en provenance de l\u2019int\u00e9rieur du pays ou de l\u2019\u00e9tranger, pour ravitailler les diff\u00e9rents march\u00e9s de Dakar.<\/p>\n<p>Il faut pr\u00e9ciser que la d\u00e9cision\u00a0 du gouverneur entrera en vigueur \u00e0 partir du\u00a0 1<sup>er<\/sup>\u00a0janvier 2024. Elle aura trois avantages dont celui, qui consiste \u00e0 faire jouer au march\u00e9 d\u2019int\u00e9r\u00eat national son r\u00f4le de march\u00e9 d\u2019\u00e9clatement, de contribuer au d\u00e9congestionnement des art\u00e8res de Dakar, de permettre aux techniciens du laboratoire national d\u2019analyses et de contr\u00f4le de proc\u00e9der au contr\u00f4le sanitaire des produits de grandes consommations.<\/p>\n<p>A propos des avantages, Fatoumata Niang Ba, la directrice g\u00e9n\u00e9rale de la SEMIG est revenue sur les commodit\u00e9s que la gare des gros porteurs va mettre \u00e0 la disposition des diff\u00e9rents acteurs. En effet, elle a insist\u00e9 sur la capacit\u00e9 de stationnement estim\u00e9e \u00e0 200 camions de la gare, du garage de r\u00e9paration de v\u00e9hicules et du restaurant qui se trouvent au sein de la gare.<\/p>\n<p>\u00ab\u00a0Beaucoup d\u2019activit\u00e9s \u00e9conomiques du S\u00e9n\u00e9gal sont concentr\u00e9es \u00e0 Dakar. La mise en service de la gare des gros porteurs va participer \u00e0 l\u2019am\u00e9lioration du cadre de vie \u00e0 Dakar. En plus de \u00e7a, son exploitation va permettre de r\u00e9duire les accidents et de faire fonctionner notre laboratoire d\u2019analyses et de contr\u00f4le\u00a0\u00bb, a soulign\u00e9 Fatoumata Niang Ba.<\/p>\n<p>Elle a aussi fait part de sa confiance par rapport \u00e0 l\u2019exploitation de la gare des gros porteurs, notamment en raison de la convergence de vues des diff\u00e9rents acteurs concern\u00e9s.<\/p>\n<p>Au nom des op\u00e9rateurs \u00e9conomiques Tamsir Niane de l\u2019union nationale des commer\u00e7ants et industriels du S\u00e9n\u00e9gal (UNACOIS) a not\u00e9 que la gare des gros porteurs va donner les possibilit\u00e9s au S\u00e9n\u00e9gal d\u2019entrer dans l\u2019\u00e8re de la modernisation.<\/p>\n<p>\u00ab\u00a0C\u2019est une infrastructure, qui participera \u00e0 l\u2019all\u00e8gement des charges de transport. Les commer\u00e7ants n\u2019ont pas de craintes par rapport \u00e0 sa mise en service, parce qu\u2019on va y disposer de services, qui vont nous faciliter le travail\u00a0\u00bb, a relev\u00e9 Tamsir Niane.<\/p>\n<p>Par la voix de Gora Khouma, le secr\u00e9taire g\u00e9n\u00e9ral de l\u2019union des routiers du S\u00e9n\u00e9gal, les transporteurs se sont aussi f\u00e9licit\u00e9s de la d\u00e9cision prise par l\u2019Etat de mettre en service la gare des gros porteurs.<\/p>\n<p>\u00ab\u00a0C\u2019est une mesure dont on se f\u00e9licite. Cependant, je dois pr\u00e9ciser qu\u2019\u00e0 partir du 1<sup>er<\/sup> janvier 2024, ce sont les camions qui transportent les fruits et l\u00e9gumes, qui sont les seuls concern\u00e9s par la mesure du gouverneur. Les camions transportant d\u2019autres produits de consommation ne sont pas concern\u00e9s\u00a0\u00bb, a toutefois pr\u00e9cis\u00e9 le syndicaliste.<\/p>\n<p>Il a parall\u00e8lement indiqu\u00e9 que les transporteurs ne s\u2019engageront pas \u00e0 payer les droits de stationnement, qui doivent \u00e0 son avis \u00eatre pay\u00e9s par les propri\u00e9taires des marchandises transport\u00e9es. Aussi, a-t-il plaid\u00e9 pour\u00a0 que tous les camions soient concern\u00e9s par la mise en service de la gare des gros porteurs.<\/p>\n<p><strong>Idrissa GUEYE<\/strong><\/p>\n","protected":false},"excerpt":{"rendered":"<p>La mise en service de la gare des gros porteurs de Diamniadio a \u00e9t\u00e9 unanimement salu\u00e9e par les acteurs \u00e9conomiques associ\u00e9s \u00e0 son exploitation, notamment&#8230;<\/p>\n","protected":false},"author":1,"featured_media":5882,"comment_status":"closed","ping_status":"open","sticky":false,"template":"","format":"standard","meta":{"_jetpack_memberships_contains_paid_content":false,"footnotes":""},"categories":[23,10],"tags":[],"class_list":["post-5880","post","type-post","status-publish","format-standard","has-post-thumbnail","hentry","category-a-la-une","category-infos-eco","wpcat-23-id","wpcat-10-id"],"yoast_head":"<!-- This site is optimized with the Yoast SEO plugin v27.1.1 - https:\/\/yoast.com\/product\/yoast-seo-wordpress\/ -->\n<title>Les acteurs concern\u00e9s par l\u2019exploitation de la gare des gros porteurs saluent sa mise en service - challenges economiques<\/title>\n<meta name=\"robots\" content=\"index, follow, max-snippet:-1, max-image-preview:large, max-video-preview:-1\" \/>\n<link rel=\"canonical\" href=\"https:\/\/challengeseconomiques.com\/?p=5880\" \/>\n<meta property=\"og:locale\" content=\"fr_FR\" \/>\n<meta property=\"og:type\" content=\"article\" \/>\n<meta property=\"og:title\" content=\"Les acteurs concern\u00e9s par l\u2019exploitation de la gare des gros porteurs saluent sa mise en service - challenges economiques\" \/>\n<meta property=\"og:description\" content=\"La mise en service de la gare des gros porteurs de Diamniadio a \u00e9t\u00e9 unanimement salu\u00e9e par les acteurs \u00e9conomiques associ\u00e9s \u00e0 son exploitation, notamment...\" \/>\n<meta property=\"og:url\" content=\"https:\/\/challengeseconomiques.com\/?p=5880\" \/>\n<meta property=\"og:site_name\" content=\"challenges economiques\" \/>\n<meta property=\"article:published_time\" content=\"2023-12-29T21:11:54+00:00\" \/>\n<meta property=\"article:modified_time\" content=\"2023-12-30T15:16:29+00:00\" \/>\n<meta property=\"og:image\" content=\"https:\/\/challengeseconomiques.com\/wp-content\/uploads\/2023\/12\/semig.jpg\" \/>\n\t<meta property=\"og:image:width\" content=\"960\" \/>\n\t<meta property=\"og:image:height\" content=\"540\" \/>\n\t<meta property=\"og:image:type\" content=\"image\/jpeg\" \/>\n<meta name=\"author\" content=\"admin\" \/>\n<meta name=\"twitter:card\" content=\"summary_large_image\" \/>\n<meta name=\"twitter:label1\" content=\"\u00c9crit par\" \/>\n\t<meta name=\"twitter:data1\" content=\"admin\" \/>\n\t<meta name=\"twitter:label2\" content=\"Dur\u00e9e de lecture estim\u00e9e\" \/>\n\t<meta name=\"twitter:data2\" content=\"4 minutes\" \/>\n<script type=\"application\/ld+json\" class=\"yoast-schema-graph\">{\"@context\":\"https:\/\/schema.org\",\"@graph\":[{\"@type\":\"Article\",\"@id\":\"https:\/\/challengeseconomiques.com\/?p=5880#article\",\"isPartOf\":{\"@id\":\"https:\/\/challengeseconomiques.com\/?p=5880\"},\"author\":{\"name\":\"admin\",\"@id\":\"https:\/\/challengeseconomiques.com\/#\/schema\/person\/b4568c9afebc5a9238a771873801e349\"},\"headline\":\"Les acteurs concern\u00e9s par l\u2019exploitation de la gare des gros porteurs saluent sa mise en service\",\"datePublished\":\"2023-12-29T21:11:54+00:00\",\"dateModified\":\"2023-12-30T15:16:29+00:00\",\"mainEntityOfPage\":{\"@id\":\"https:\/\/challengeseconomiques.com\/?p=5880\"},\"wordCount\":860,\"image\":{\"@id\":\"https:\/\/challengeseconomiques.com\/?p=5880#primaryimage\"},\"thumbnailUrl\":\"https:\/\/challengeseconomiques.com\/wp-content\/uploads\/2023\/12\/semig.jpg\",\"articleSection\":[\"A la une\",\"Infos \u00e9co\"],\"inLanguage\":\"fr-FR\"},{\"@type\":\"WebPage\",\"@id\":\"https:\/\/challengeseconomiques.com\/?p=5880\",\"url\":\"https:\/\/challengeseconomiques.com\/?p=5880\",\"name\":\"Les acteurs concern\u00e9s par l\u2019exploitation de la gare des gros porteurs saluent sa mise en service - challenges economiques\",\"isPartOf\":{\"@id\":\"https:\/\/challengeseconomiques.com\/#website\"},\"primaryImageOfPage\":{\"@id\":\"https:\/\/challengeseconomiques.com\/?p=5880#primaryimage\"},\"image\":{\"@id\":\"https:\/\/challengeseconomiques.com\/?p=5880#primaryimage\"},\"thumbnailUrl\":\"https:\/\/challengeseconomiques.com\/wp-content\/uploads\/2023\/12\/semig.jpg\",\"datePublished\":\"2023-12-29T21:11:54+00:00\",\"dateModified\":\"2023-12-30T15:16:29+00:00\",\"author\":{\"@id\":\"https:\/\/challengeseconomiques.com\/#\/schema\/person\/b4568c9afebc5a9238a771873801e349\"},\"breadcrumb\":{\"@id\":\"https:\/\/challengeseconomiques.com\/?p=5880#breadcrumb\"},\"inLanguage\":\"fr-FR\",\"potentialAction\":[{\"@type\":\"ReadAction\",\"target\":[\"https:\/\/challengeseconomiques.com\/?p=5880\"]}]},{\"@type\":\"ImageObject\",\"inLanguage\":\"fr-FR\",\"@id\":\"https:\/\/challengeseconomiques.com\/?p=5880#primaryimage\",\"url\":\"https:\/\/challengeseconomiques.com\/wp-content\/uploads\/2023\/12\/semig.jpg\",\"contentUrl\":\"https:\/\/challengeseconomiques.com\/wp-content\/uploads\/2023\/12\/semig.jpg\",\"width\":960,\"height\":540},{\"@type\":\"BreadcrumbList\",\"@id\":\"https:\/\/challengeseconomiques.com\/?p=5880#breadcrumb\",\"itemListElement\":[{\"@type\":\"ListItem\",\"position\":1,\"name\":\"Home\",\"item\":\"https:\/\/challengeseconomiques.com\/\"},{\"@type\":\"ListItem\",\"position\":2,\"name\":\"Les acteurs concern\u00e9s par l\u2019exploitation de la gare des gros porteurs saluent sa mise en service\"}]},{\"@type\":\"WebSite\",\"@id\":\"https:\/\/challengeseconomiques.com\/#website\",\"url\":\"https:\/\/challengeseconomiques.com\/\",\"name\":\"challenges economiques\",\"description\":\"\",\"potentialAction\":[{\"@type\":\"SearchAction\",\"target\":{\"@type\":\"EntryPoint\",\"urlTemplate\":\"https:\/\/challengeseconomiques.com\/?s={search_term_string}\"},\"query-input\":{\"@type\":\"PropertyValueSpecification\",\"valueRequired\":true,\"valueName\":\"search_term_string\"}}],\"inLanguage\":\"fr-FR\"},{\"@type\":\"Person\",\"@id\":\"https:\/\/challengeseconomiques.com\/#\/schema\/person\/b4568c9afebc5a9238a771873801e349\",\"name\":\"admin\",\"image\":{\"@type\":\"ImageObject\",\"inLanguage\":\"fr-FR\",\"@id\":\"https:\/\/challengeseconomiques.com\/#\/schema\/person\/image\/\",\"url\":\"https:\/\/secure.gravatar.com\/avatar\/099e42240b5eea11acdb72751fcce0dd918603f0749d24974b7984ea47ed9fd9?s=96&d=mm&r=g\",\"contentUrl\":\"https:\/\/secure.gravatar.com\/avatar\/099e42240b5eea11acdb72751fcce0dd918603f0749d24974b7984ea47ed9fd9?s=96&d=mm&r=g\",\"caption\":\"admin\"},\"sameAs\":[\"https:\/\/challengeseconomiques.com\"],\"url\":\"https:\/\/challengeseconomiques.com\/?author=1\"}]}<\/script>\n<!-- \/ Yoast SEO plugin. -->","yoast_head_json":{"title":"Les acteurs concern\u00e9s par l\u2019exploitation de la gare des gros porteurs saluent sa mise en service - challenges economiques","robots":{"index":"index","follow":"follow","max-snippet":"max-snippet:-1","max-image-preview":"max-image-preview:large","max-video-preview":"max-video-preview:-1"},"canonical":"https:\/\/challengeseconomiques.com\/?p=5880","og_locale":"fr_FR","og_type":"article","og_title":"Les acteurs concern\u00e9s par l\u2019exploitation de la gare des gros porteurs saluent sa mise en service - challenges economiques","og_description":"La mise en service de la gare des gros porteurs de Diamniadio a \u00e9t\u00e9 unanimement salu\u00e9e par les acteurs \u00e9conomiques associ\u00e9s \u00e0 son exploitation, notamment...","og_url":"https:\/\/challengeseconomiques.com\/?p=5880","og_site_name":"challenges economiques","article_published_time":"2023-12-29T21:11:54+00:00","article_modified_time":"2023-12-30T15:16:29+00:00","og_image":[{"width":960,"height":540,"url":"https:\/\/challengeseconomiques.com\/wp-content\/uploads\/2023\/12\/semig.jpg","type":"image\/jpeg"}],"author":"admin","twitter_card":"summary_large_image","twitter_misc":{"\u00c9crit par":"admin","Dur\u00e9e de lecture estim\u00e9e":"4 minutes"},"schema":{"@context":"https:\/\/schema.org","@graph":[{"@type":"Article","@id":"https:\/\/challengeseconomiques.com\/?p=5880#article","isPartOf":{"@id":"https:\/\/challengeseconomiques.com\/?p=5880"},"author":{"name":"admin","@id":"https:\/\/challengeseconomiques.com\/#\/schema\/person\/b4568c9afebc5a9238a771873801e349"},"headline":"Les acteurs concern\u00e9s par l\u2019exploitation de la gare des gros porteurs saluent sa mise en service","datePublished":"2023-12-29T21:11:54+00:00","dateModified":"2023-12-30T15:16:29+00:00","mainEntityOfPage":{"@id":"https:\/\/challengeseconomiques.com\/?p=5880"},"wordCount":860,"image":{"@id":"https:\/\/challengeseconomiques.com\/?p=5880#primaryimage"},"thumbnailUrl":"https:\/\/challengeseconomiques.com\/wp-content\/uploads\/2023\/12\/semig.jpg","articleSection":["A la une","Infos \u00e9co"],"inLanguage":"fr-FR"},{"@type":"WebPage","@id":"https:\/\/challengeseconomiques.com\/?p=5880","url":"https:\/\/challengeseconomiques.com\/?p=5880","name":"Les acteurs concern\u00e9s par l\u2019exploitation de la gare des gros porteurs saluent sa mise en service - challenges economiques","isPartOf":{"@id":"https:\/\/challengeseconomiques.com\/#website"},"primaryImageOfPage":{"@id":"https:\/\/challengeseconomiques.com\/?p=5880#primaryimage"},"image":{"@id":"https:\/\/challengeseconomiques.com\/?p=5880#primaryimage"},"thumbnailUrl":"https:\/\/challengeseconomiques.com\/wp-content\/uploads\/2023\/12\/semig.jpg","datePublished":"2023-12-29T21:11:54+00:00","dateModified":"2023-12-30T15:16:29+00:00","author":{"@id":"https:\/\/challengeseconomiques.com\/#\/schema\/person\/b4568c9afebc5a9238a771873801e349"},"breadcrumb":{"@id":"https:\/\/challengeseconomiques.com\/?p=5880#breadcrumb"},"inLanguage":"fr-FR","potentialAction":[{"@type":"ReadAction","target":["https:\/\/challengeseconomiques.com\/?p=5880"]}]},{"@type":"ImageObject","inLanguage":"fr-FR","@id":"https:\/\/challengeseconomiques.com\/?p=5880#primaryimage","url":"https:\/\/challengeseconomiques.com\/wp-content\/uploads\/2023\/12\/semig.jpg","contentUrl":"https:\/\/challengeseconomiques.com\/wp-content\/uploads\/2023\/12\/semig.jpg","width":960,"height":540},{"@type":"BreadcrumbList","@id":"https:\/\/challengeseconomiques.com\/?p=5880#breadcrumb","itemListElement":[{"@type":"ListItem","position":1,"name":"Home","item":"https:\/\/challengeseconomiques.com\/"},{"@type":"ListItem","position":2,"name":"Les acteurs concern\u00e9s par l\u2019exploitation de la gare des gros porteurs saluent sa mise en service"}]},{"@type":"WebSite","@id":"https:\/\/challengeseconomiques.com\/#website","url":"https:\/\/challengeseconomiques.com\/","name":"challenges economiques","description":"","potentialAction":[{"@type":"SearchAction","target":{"@type":"EntryPoint","urlTemplate":"https:\/\/challengeseconomiques.com\/?s={search_term_string}"},"query-input":{"@type":"PropertyValueSpecification","valueRequired":true,"valueName":"search_term_string"}}],"inLanguage":"fr-FR"},{"@type":"Person","@id":"https:\/\/challengeseconomiques.com\/#\/schema\/person\/b4568c9afebc5a9238a771873801e349","name":"admin","image":{"@type":"ImageObject","inLanguage":"fr-FR","@id":"https:\/\/challengeseconomiques.com\/#\/schema\/person\/image\/","url":"https:\/\/secure.gravatar.com\/avatar\/099e42240b5eea11acdb72751fcce0dd918603f0749d24974b7984ea47ed9fd9?s=96&d=mm&r=g","contentUrl":"https:\/\/secure.gravatar.com\/avatar\/099e42240b5eea11acdb72751fcce0dd918603f0749d24974b7984ea47ed9fd9?s=96&d=mm&r=g","caption":"admin"},"sameAs":["https:\/\/challengeseconomiques.com"],"url":"https:\/\/challengeseconomiques.com\/?author=1"}]}},"jetpack_featured_media_url":"https:\/\/challengeseconomiques.com\/wp-content\/uploads\/2023\/12\/semig.jpg","jetpack_sharing_enabled":true,"_links":{"self":[{"href":"https:\/\/challengeseconomiques.com\/index.php?rest_route=\/wp\/v2\/posts\/5880","targetHints":{"allow":["GET"]}}],"collection":[{"href":"https:\/\/challengeseconomiques.com\/index.php?rest_route=\/wp\/v2\/posts"}],"about":[{"href":"https:\/\/challengeseconomiques.com\/index.php?rest_route=\/wp\/v2\/types\/post"}],"author":[{"embeddable":true,"href":"https:\/\/challengeseconomiques.com\/index.php?rest_route=\/wp\/v2\/users\/1"}],"replies":[{"embeddable":true,"href":"https:\/\/challengeseconomiques.com\/index.php?rest_route=%2Fwp%2Fv2%2Fcomments&post=5880"}],"version-history":[{"count":2,"href":"https:\/\/challengeseconomiques.com\/index.php?rest_route=\/wp\/v2\/posts\/5880\/revisions"}],"predecessor-version":[{"id":5884,"href":"https:\/\/challengeseconomiques.com\/index.php?rest_route=\/wp\/v2\/posts\/5880\/revisions\/5884"}],"wp:featuredmedia":[{"embeddable":true,"href":"https:\/\/challengeseconomiques.com\/index.php?rest_route=\/wp\/v2\/media\/5882"}],"wp:attachment":[{"href":"https:\/\/challengeseconomiques.com\/index.php?rest_route=%2Fwp%2Fv2%2Fmedia&parent=5880"}],"wp:term":[{"taxonomy":"category","embeddable":true,"href":"https:\/\/challengeseconomiques.com\/index.php?rest_route=%2Fwp%2Fv2%2Fcategories&post=5880"},{"taxonomy":"post_tag","embeddable":true,"href":"https:\/\/challengeseconomiques.com\/index.php?rest_route=%2Fwp%2Fv2%2Ftags&post=5880"}],"curies":[{"name":"wp","href":"https:\/\/api.w.org\/{rel}","templated":true}]}}