{"id":5873,"date":"2023-12-28T12:00:15","date_gmt":"2023-12-28T12:00:15","guid":{"rendered":"https:\/\/challengeseconomiques.com\/?p=5873"},"modified":"2023-12-28T12:02:01","modified_gmt":"2023-12-28T12:02:01","slug":"avec-la-mise-en-service-de-la-gare-des-gros-porteurs","status":"publish","type":"post","link":"https:\/\/challengeseconomiques.com\/?p=5873","title":{"rendered":"Les gros porteurs d\u00e9chargeront leurs produits \u00e0 Diamniadio \u00e0 partir du 4 janvier 2024"},"content":{"rendered":"<p>Les gros porteurs transportant des l\u00e9gumes et fruits, en provenance de l\u2019int\u00e9rieur du pays ou de l\u2019\u00e9tranger, pour ravitailler les diff\u00e9rents march\u00e9s de Dakar, d\u00e9chargeront d\u00e9sormais leurs produits au march\u00e9 d\u2019int\u00e9r\u00eat national de Diamniadio.<\/p>\n<p>C\u2019est l\u00e0 une\u00a0 mesure prise par le gouverneur de la r\u00e9gion de Dakar, \u00e0 l\u2019issue d\u2019une s\u00e9ance de travail qu\u2019il a eu, le 21 d\u00e9cembre 2023, avec les autorit\u00e9s de la soci\u00e9t\u00e9 d\u2019exploitation du march\u00e9 d\u2019int\u00e9r\u00eat national et de la gare des gros porteurs, en pr\u00e9sence des acteurs du secteur.<\/p>\n<p>Les gros porteurs auront en effet avec la mise en service de la gare des gros porteurs un lieu de stationnement ad\u00e9quat.<\/p>\n<p>Cette mesure entrera en vigueur le 1<sup>er<\/sup> janvier 2024. Elle aura selon le communiqu\u00e9 annon\u00e7ant la nouvelle trois avantages. Il s\u2019agit\u00a0: de faire jouer au march\u00e9 d\u2019int\u00e9r\u00eat national son r\u00f4le de march\u00e9 d\u2019\u00e9clatement\u00a0; de contribuer au d\u00e9congestionnement des art\u00e8res de Dakar\u00a0;de permettre aux techniciens du laboratoire national d\u2019analyses et de contr\u00f4le de proc\u00e9der au contr\u00f4le sanitaire de ces produits de grandes consommation.<\/p>\n<p>Le communiqu\u00e9 pr\u00e9cise qu\u2019un arr\u00eat\u00e9 du gouverneur pr\u00e9cisera les modalit\u00e9s d\u2019application de la mesure.<\/p>\n","protected":false},"excerpt":{"rendered":"<p>Les gros porteurs transportant des l\u00e9gumes et fruits, en provenance de l\u2019int\u00e9rieur du pays ou de l\u2019\u00e9tranger, pour ravitailler les diff\u00e9rents march\u00e9s de Dakar, d\u00e9chargeront&#8230;<\/p>\n","protected":false},"author":1,"featured_media":5874,"comment_status":"closed","ping_status":"open","sticky":false,"template":"","format":"standard","meta":{"_jetpack_memberships_contains_paid_content":false,"footnotes":""},"categories":[23,10],"tags":[],"class_list":["post-5873","post","type-post","status-publish","format-standard","has-post-thumbnail","hentry","category-a-la-une","category-infos-eco","wpcat-23-id","wpcat-10-id"],"yoast_head":"<!-- This site is optimized with the Yoast SEO plugin v27.1.1 - https:\/\/yoast.com\/product\/yoast-seo-wordpress\/ -->\n<title>Les gros porteurs d\u00e9chargeront leurs produits \u00e0 Diamniadio \u00e0 partir du 4 janvier 2024 - challenges economiques<\/title>\n<meta name=\"robots\" content=\"index, follow, max-snippet:-1, max-image-preview:large, max-video-preview:-1\" \/>\n<link rel=\"canonical\" href=\"https:\/\/challengeseconomiques.com\/?p=5873\" \/>\n<meta property=\"og:locale\" content=\"fr_FR\" \/>\n<meta property=\"og:type\" content=\"article\" \/>\n<meta property=\"og:title\" content=\"Les gros porteurs d\u00e9chargeront leurs produits \u00e0 Diamniadio \u00e0 partir du 4 janvier 2024 - challenges economiques\" \/>\n<meta property=\"og:description\" content=\"Les gros porteurs transportant des l\u00e9gumes et fruits, en provenance de l\u2019int\u00e9rieur du pays ou de l\u2019\u00e9tranger, pour ravitailler les diff\u00e9rents march\u00e9s de Dakar, d\u00e9chargeront...\" \/>\n<meta property=\"og:url\" content=\"https:\/\/challengeseconomiques.com\/?p=5873\" \/>\n<meta property=\"og:site_name\" content=\"challenges economiques\" \/>\n<meta property=\"article:published_time\" content=\"2023-12-28T12:00:15+00:00\" \/>\n<meta property=\"article:modified_time\" content=\"2023-12-28T12:02:01+00:00\" \/>\n<meta property=\"og:image\" content=\"https:\/\/challengeseconomiques.com\/wp-content\/uploads\/2023\/12\/garedesgrosporteurs.jpg\" \/>\n\t<meta property=\"og:image:width\" content=\"1080\" \/>\n\t<meta property=\"og:image:height\" content=\"720\" \/>\n\t<meta property=\"og:image:type\" content=\"image\/jpeg\" \/>\n<meta name=\"author\" content=\"admin\" \/>\n<meta name=\"twitter:card\" content=\"summary_large_image\" \/>\n<meta name=\"twitter:label1\" content=\"\u00c9crit par\" \/>\n\t<meta name=\"twitter:data1\" content=\"admin\" \/>\n\t<meta name=\"twitter:label2\" content=\"Dur\u00e9e de lecture estim\u00e9e\" \/>\n\t<meta name=\"twitter:data2\" content=\"1 minute\" \/>\n<script type=\"application\/ld+json\" class=\"yoast-schema-graph\">{\"@context\":\"https:\/\/schema.org\",\"@graph\":[{\"@type\":\"Article\",\"@id\":\"https:\/\/challengeseconomiques.com\/?p=5873#article\",\"isPartOf\":{\"@id\":\"https:\/\/challengeseconomiques.com\/?p=5873\"},\"author\":{\"name\":\"admin\",\"@id\":\"https:\/\/challengeseconomiques.com\/#\/schema\/person\/b4568c9afebc5a9238a771873801e349\"},\"headline\":\"Les gros porteurs d\u00e9chargeront leurs produits \u00e0 Diamniadio \u00e0 partir du 4 janvier 2024\",\"datePublished\":\"2023-12-28T12:00:15+00:00\",\"dateModified\":\"2023-12-28T12:02:01+00:00\",\"mainEntityOfPage\":{\"@id\":\"https:\/\/challengeseconomiques.com\/?p=5873\"},\"wordCount\":235,\"image\":{\"@id\":\"https:\/\/challengeseconomiques.com\/?p=5873#primaryimage\"},\"thumbnailUrl\":\"https:\/\/challengeseconomiques.com\/wp-content\/uploads\/2023\/12\/garedesgrosporteurs.jpg\",\"articleSection\":[\"A la une\",\"Infos \u00e9co\"],\"inLanguage\":\"fr-FR\"},{\"@type\":\"WebPage\",\"@id\":\"https:\/\/challengeseconomiques.com\/?p=5873\",\"url\":\"https:\/\/challengeseconomiques.com\/?p=5873\",\"name\":\"Les gros porteurs d\u00e9chargeront leurs produits \u00e0 Diamniadio \u00e0 partir du 4 janvier 2024 - challenges economiques\",\"isPartOf\":{\"@id\":\"https:\/\/challengeseconomiques.com\/#website\"},\"primaryImageOfPage\":{\"@id\":\"https:\/\/challengeseconomiques.com\/?p=5873#primaryimage\"},\"image\":{\"@id\":\"https:\/\/challengeseconomiques.com\/?p=5873#primaryimage\"},\"thumbnailUrl\":\"https:\/\/challengeseconomiques.com\/wp-content\/uploads\/2023\/12\/garedesgrosporteurs.jpg\",\"datePublished\":\"2023-12-28T12:00:15+00:00\",\"dateModified\":\"2023-12-28T12:02:01+00:00\",\"author\":{\"@id\":\"https:\/\/challengeseconomiques.com\/#\/schema\/person\/b4568c9afebc5a9238a771873801e349\"},\"breadcrumb\":{\"@id\":\"https:\/\/challengeseconomiques.com\/?p=5873#breadcrumb\"},\"inLanguage\":\"fr-FR\",\"potentialAction\":[{\"@type\":\"ReadAction\",\"target\":[\"https:\/\/challengeseconomiques.com\/?p=5873\"]}]},{\"@type\":\"ImageObject\",\"inLanguage\":\"fr-FR\",\"@id\":\"https:\/\/challengeseconomiques.com\/?p=5873#primaryimage\",\"url\":\"https:\/\/challengeseconomiques.com\/wp-content\/uploads\/2023\/12\/garedesgrosporteurs.jpg\",\"contentUrl\":\"https:\/\/challengeseconomiques.com\/wp-content\/uploads\/2023\/12\/garedesgrosporteurs.jpg\",\"width\":1080,\"height\":720},{\"@type\":\"BreadcrumbList\",\"@id\":\"https:\/\/challengeseconomiques.com\/?p=5873#breadcrumb\",\"itemListElement\":[{\"@type\":\"ListItem\",\"position\":1,\"name\":\"Home\",\"item\":\"https:\/\/challengeseconomiques.com\/\"},{\"@type\":\"ListItem\",\"position\":2,\"name\":\"Les gros porteurs d\u00e9chargeront leurs produits \u00e0 Diamniadio \u00e0 partir du 4 janvier 2024\"}]},{\"@type\":\"WebSite\",\"@id\":\"https:\/\/challengeseconomiques.com\/#website\",\"url\":\"https:\/\/challengeseconomiques.com\/\",\"name\":\"challenges economiques\",\"description\":\"\",\"potentialAction\":[{\"@type\":\"SearchAction\",\"target\":{\"@type\":\"EntryPoint\",\"urlTemplate\":\"https:\/\/challengeseconomiques.com\/?s={search_term_string}\"},\"query-input\":{\"@type\":\"PropertyValueSpecification\",\"valueRequired\":true,\"valueName\":\"search_term_string\"}}],\"inLanguage\":\"fr-FR\"},{\"@type\":\"Person\",\"@id\":\"https:\/\/challengeseconomiques.com\/#\/schema\/person\/b4568c9afebc5a9238a771873801e349\",\"name\":\"admin\",\"image\":{\"@type\":\"ImageObject\",\"inLanguage\":\"fr-FR\",\"@id\":\"https:\/\/challengeseconomiques.com\/#\/schema\/person\/image\/\",\"url\":\"https:\/\/secure.gravatar.com\/avatar\/099e42240b5eea11acdb72751fcce0dd918603f0749d24974b7984ea47ed9fd9?s=96&d=mm&r=g\",\"contentUrl\":\"https:\/\/secure.gravatar.com\/avatar\/099e42240b5eea11acdb72751fcce0dd918603f0749d24974b7984ea47ed9fd9?s=96&d=mm&r=g\",\"caption\":\"admin\"},\"sameAs\":[\"https:\/\/challengeseconomiques.com\"],\"url\":\"https:\/\/challengeseconomiques.com\/?author=1\"}]}<\/script>\n<!-- \/ Yoast SEO plugin. -->","yoast_head_json":{"title":"Les gros porteurs d\u00e9chargeront leurs produits \u00e0 Diamniadio \u00e0 partir du 4 janvier 2024 - challenges economiques","robots":{"index":"index","follow":"follow","max-snippet":"max-snippet:-1","max-image-preview":"max-image-preview:large","max-video-preview":"max-video-preview:-1"},"canonical":"https:\/\/challengeseconomiques.com\/?p=5873","og_locale":"fr_FR","og_type":"article","og_title":"Les gros porteurs d\u00e9chargeront leurs produits \u00e0 Diamniadio \u00e0 partir du 4 janvier 2024 - challenges economiques","og_description":"Les gros porteurs transportant des l\u00e9gumes et fruits, en provenance de l\u2019int\u00e9rieur du pays ou de l\u2019\u00e9tranger, pour ravitailler les diff\u00e9rents march\u00e9s de Dakar, d\u00e9chargeront...","og_url":"https:\/\/challengeseconomiques.com\/?p=5873","og_site_name":"challenges economiques","article_published_time":"2023-12-28T12:00:15+00:00","article_modified_time":"2023-12-28T12:02:01+00:00","og_image":[{"width":1080,"height":720,"url":"https:\/\/challengeseconomiques.com\/wp-content\/uploads\/2023\/12\/garedesgrosporteurs.jpg","type":"image\/jpeg"}],"author":"admin","twitter_card":"summary_large_image","twitter_misc":{"\u00c9crit par":"admin","Dur\u00e9e de lecture estim\u00e9e":"1 minute"},"schema":{"@context":"https:\/\/schema.org","@graph":[{"@type":"Article","@id":"https:\/\/challengeseconomiques.com\/?p=5873#article","isPartOf":{"@id":"https:\/\/challengeseconomiques.com\/?p=5873"},"author":{"name":"admin","@id":"https:\/\/challengeseconomiques.com\/#\/schema\/person\/b4568c9afebc5a9238a771873801e349"},"headline":"Les gros porteurs d\u00e9chargeront leurs produits \u00e0 Diamniadio \u00e0 partir du 4 janvier 2024","datePublished":"2023-12-28T12:00:15+00:00","dateModified":"2023-12-28T12:02:01+00:00","mainEntityOfPage":{"@id":"https:\/\/challengeseconomiques.com\/?p=5873"},"wordCount":235,"image":{"@id":"https:\/\/challengeseconomiques.com\/?p=5873#primaryimage"},"thumbnailUrl":"https:\/\/challengeseconomiques.com\/wp-content\/uploads\/2023\/12\/garedesgrosporteurs.jpg","articleSection":["A la une","Infos \u00e9co"],"inLanguage":"fr-FR"},{"@type":"WebPage","@id":"https:\/\/challengeseconomiques.com\/?p=5873","url":"https:\/\/challengeseconomiques.com\/?p=5873","name":"Les gros porteurs d\u00e9chargeront leurs produits \u00e0 Diamniadio \u00e0 partir du 4 janvier 2024 - challenges economiques","isPartOf":{"@id":"https:\/\/challengeseconomiques.com\/#website"},"primaryImageOfPage":{"@id":"https:\/\/challengeseconomiques.com\/?p=5873#primaryimage"},"image":{"@id":"https:\/\/challengeseconomiques.com\/?p=5873#primaryimage"},"thumbnailUrl":"https:\/\/challengeseconomiques.com\/wp-content\/uploads\/2023\/12\/garedesgrosporteurs.jpg","datePublished":"2023-12-28T12:00:15+00:00","dateModified":"2023-12-28T12:02:01+00:00","author":{"@id":"https:\/\/challengeseconomiques.com\/#\/schema\/person\/b4568c9afebc5a9238a771873801e349"},"breadcrumb":{"@id":"https:\/\/challengeseconomiques.com\/?p=5873#breadcrumb"},"inLanguage":"fr-FR","potentialAction":[{"@type":"ReadAction","target":["https:\/\/challengeseconomiques.com\/?p=5873"]}]},{"@type":"ImageObject","inLanguage":"fr-FR","@id":"https:\/\/challengeseconomiques.com\/?p=5873#primaryimage","url":"https:\/\/challengeseconomiques.com\/wp-content\/uploads\/2023\/12\/garedesgrosporteurs.jpg","contentUrl":"https:\/\/challengeseconomiques.com\/wp-content\/uploads\/2023\/12\/garedesgrosporteurs.jpg","width":1080,"height":720},{"@type":"BreadcrumbList","@id":"https:\/\/challengeseconomiques.com\/?p=5873#breadcrumb","itemListElement":[{"@type":"ListItem","position":1,"name":"Home","item":"https:\/\/challengeseconomiques.com\/"},{"@type":"ListItem","position":2,"name":"Les gros porteurs d\u00e9chargeront leurs produits \u00e0 Diamniadio \u00e0 partir du 4 janvier 2024"}]},{"@type":"WebSite","@id":"https:\/\/challengeseconomiques.com\/#website","url":"https:\/\/challengeseconomiques.com\/","name":"challenges economiques","description":"","potentialAction":[{"@type":"SearchAction","target":{"@type":"EntryPoint","urlTemplate":"https:\/\/challengeseconomiques.com\/?s={search_term_string}"},"query-input":{"@type":"PropertyValueSpecification","valueRequired":true,"valueName":"search_term_string"}}],"inLanguage":"fr-FR"},{"@type":"Person","@id":"https:\/\/challengeseconomiques.com\/#\/schema\/person\/b4568c9afebc5a9238a771873801e349","name":"admin","image":{"@type":"ImageObject","inLanguage":"fr-FR","@id":"https:\/\/challengeseconomiques.com\/#\/schema\/person\/image\/","url":"https:\/\/secure.gravatar.com\/avatar\/099e42240b5eea11acdb72751fcce0dd918603f0749d24974b7984ea47ed9fd9?s=96&d=mm&r=g","contentUrl":"https:\/\/secure.gravatar.com\/avatar\/099e42240b5eea11acdb72751fcce0dd918603f0749d24974b7984ea47ed9fd9?s=96&d=mm&r=g","caption":"admin"},"sameAs":["https:\/\/challengeseconomiques.com"],"url":"https:\/\/challengeseconomiques.com\/?author=1"}]}},"jetpack_featured_media_url":"https:\/\/challengeseconomiques.com\/wp-content\/uploads\/2023\/12\/garedesgrosporteurs.jpg","jetpack_sharing_enabled":true,"_links":{"self":[{"href":"https:\/\/challengeseconomiques.com\/index.php?rest_route=\/wp\/v2\/posts\/5873","targetHints":{"allow":["GET"]}}],"collection":[{"href":"https:\/\/challengeseconomiques.com\/index.php?rest_route=\/wp\/v2\/posts"}],"about":[{"href":"https:\/\/challengeseconomiques.com\/index.php?rest_route=\/wp\/v2\/types\/post"}],"author":[{"embeddable":true,"href":"https:\/\/challengeseconomiques.com\/index.php?rest_route=\/wp\/v2\/users\/1"}],"replies":[{"embeddable":true,"href":"https:\/\/challengeseconomiques.com\/index.php?rest_route=%2Fwp%2Fv2%2Fcomments&post=5873"}],"version-history":[{"count":2,"href":"https:\/\/challengeseconomiques.com\/index.php?rest_route=\/wp\/v2\/posts\/5873\/revisions"}],"predecessor-version":[{"id":5877,"href":"https:\/\/challengeseconomiques.com\/index.php?rest_route=\/wp\/v2\/posts\/5873\/revisions\/5877"}],"wp:featuredmedia":[{"embeddable":true,"href":"https:\/\/challengeseconomiques.com\/index.php?rest_route=\/wp\/v2\/media\/5874"}],"wp:attachment":[{"href":"https:\/\/challengeseconomiques.com\/index.php?rest_route=%2Fwp%2Fv2%2Fmedia&parent=5873"}],"wp:term":[{"taxonomy":"category","embeddable":true,"href":"https:\/\/challengeseconomiques.com\/index.php?rest_route=%2Fwp%2Fv2%2Fcategories&post=5873"},{"taxonomy":"post_tag","embeddable":true,"href":"https:\/\/challengeseconomiques.com\/index.php?rest_route=%2Fwp%2Fv2%2Ftags&post=5873"}],"curies":[{"name":"wp","href":"https:\/\/api.w.org\/{rel}","templated":true}]}}