{"id":5870,"date":"2023-12-27T15:39:44","date_gmt":"2023-12-27T15:39:44","guid":{"rendered":"https:\/\/challengeseconomiques.com\/?p=5870"},"modified":"2023-12-27T15:41:06","modified_gmt":"2023-12-27T15:41:06","slug":"luemoa-table-sur-un-taux-dinflation-de-37-sur-lensemble-de-lannee-2023","status":"publish","type":"post","link":"https:\/\/challengeseconomiques.com\/?p=5870","title":{"rendered":"L\u2019UEMOA table sur un taux d\u2019inflation de 3,7% sur l\u2019ensemble de l\u2019ann\u00e9e 2023"},"content":{"rendered":"<p><strong>Adama Coulibaly,\u00a0 ministre des finances et du budget de la C\u00f4te d\u2019Ivoire et pr\u00e9sident en exercice du conseil des ministres<\/strong><\/p>\n<p><strong>Le taux d\u2019inflation au sein de l\u2019union \u00e9conomique et mon\u00e9taire ouest africaine (UEMOA) devrait ainsi ressortir \u00e0 3,7% sur l\u2019ensemble de l\u2019ann\u00e9e 2023 apr\u00e8s,<\/strong> <strong>7,4% en 2022, annonce un communiqu\u00e9 rendant compte du conseil des ministres de l\u2019institution lors de <\/strong><strong>sa 4e session ordinaire au titre de l\u2019ann\u00e9e 2023, \u00e0 l\u2019agence principale de la banque centrale des Etats de l\u2019Afrique de l\u2019ouest (BCEAO) \u00e0 Cotonou, en R\u00e9publique du B\u00e9nin.<\/strong><\/p>\n<p>\u00ab\u00a0En<em> d\u00e9pit du contexte difficile au niveau mondial, l\u2019activit\u00e9 \u00e9conomique au sein de l\u2019UEMOA est demeur\u00e9e vigoureuse au troisi\u00e8me trimestre 2023. Les tensions inflationnistes se sont \u00e9galement att\u00e9nu\u00e9es, bien que les risques d\u2019un retournement de situation ne soient pas \u00e0 \u00e9carter. Le taux d\u2019inflation dans l\u2019Union devrait ainsi ressortir \u00e0 3,7% sur l\u2019ensemble de l\u2019ann\u00e9e 2023, apr\u00e8s 7,4% en 2022\u00a0\u00bb, <\/em>indique le communiqu\u00e9.<\/p>\n<p>Pr\u00e9sid\u00e9 par Adama Coulibaly, le ministre des finances et du budget de la R\u00e9publique de C\u00f4te d\u2019Ivoire et pr\u00e9sident en exercice du conseil des ministres, la rencontre a \u00e9t\u00e9 l\u2019occasion de relever le durcissement des conditions sur les march\u00e9s\u00a0 financiers internationaux et la mont\u00e9e des\u00a0 tensions g\u00e9opolitiques, qui ont contribu\u00e9 au ralentissement de la croissance \u00e9conomique mondiale qui devrait se situer, selon les derni\u00e8res projections du Fonds Mon\u00e9taire International (FMI), \u00e0 3,0% pour l\u2019ann\u00e9e 2023, contre 3,5% en 2022.<\/p>\n<p>\u00ab\u00a0Les crises s\u00e9curitaires et socio-politiques continuent d\u2019impacter les \u00e9conomies des pays membres de l\u2019UEMOA\u00a0\u00bb, souligne la source.<\/p>\n<p>Signalons que la hausse du d\u00e9ficit budg\u00e9taire global qui a entra\u00een\u00e9 une forte pression sur le march\u00e9 financier r\u00e9gional a \u00e9t\u00e9 aussi au menu des d\u00e9bats.<\/p>\n<p>\u00ab\u00a0Le Conseil des ministres de l\u2019UEMOA porte une attention particuli\u00e8re aux r\u00e9serves de change, dont le niveau pr\u00e9sente une tendance baissi\u00e8re depuis le d\u00e9but de l\u2019ann\u00e9e, cons\u00e9quence d\u2019effets conjugu\u00e9s \u00e0 l\u2019\u00e9chelle internationale et sous r\u00e9gionale, \u00e0 savoir la hausse des d\u00e9penses d\u2019importation et la lutte contre l\u2019ins\u00e9curit\u00e9\u00a0\u00bb, a insist\u00e9 le ministre ivoirien des finances et du budget.<\/p>\n<p>Par ailleurs, plusieurs projets structurants de la BCEAO ont \u00e9t\u00e9 adopt\u00e9s par le conseil des ministres. En effet, le rapport sur la situation \u00e9conomique et mon\u00e9taire de l&rsquo;UEMOA au 30 septembre 2023 et le cadrage macro\u00e9conomique de l\u2019UEMOA pour les ann\u00e9es 2023 \u00e0 2028 ont \u00e9t\u00e9 adopt\u00e9s.<\/p>\n<p><strong>Idrissa GUEYE<\/strong><\/p>\n","protected":false},"excerpt":{"rendered":"<p>Adama Coulibaly,\u00a0 ministre des finances et du budget de la C\u00f4te d\u2019Ivoire et pr\u00e9sident en exercice du conseil des ministres Le taux d\u2019inflation au sein&#8230;<\/p>\n","protected":false},"author":1,"featured_media":343,"comment_status":"closed","ping_status":"open","sticky":false,"template":"","format":"standard","meta":{"_jetpack_memberships_contains_paid_content":false,"footnotes":""},"categories":[23,8,10],"tags":[],"class_list":["post-5870","post","type-post","status-publish","format-standard","has-post-thumbnail","hentry","category-a-la-une","category-actualite-economique","category-infos-eco","wpcat-23-id","wpcat-8-id","wpcat-10-id"],"yoast_head":"<!-- This site is optimized with the Yoast SEO plugin v27.1.1 - https:\/\/yoast.com\/product\/yoast-seo-wordpress\/ -->\n<title>L\u2019UEMOA table sur un taux d\u2019inflation de 3,7% sur l\u2019ensemble de l\u2019ann\u00e9e 2023 - challenges economiques<\/title>\n<meta name=\"robots\" content=\"index, follow, max-snippet:-1, max-image-preview:large, max-video-preview:-1\" \/>\n<link rel=\"canonical\" href=\"https:\/\/challengeseconomiques.com\/?p=5870\" \/>\n<meta property=\"og:locale\" content=\"fr_FR\" \/>\n<meta property=\"og:type\" content=\"article\" \/>\n<meta property=\"og:title\" content=\"L\u2019UEMOA table sur un taux d\u2019inflation de 3,7% sur l\u2019ensemble de l\u2019ann\u00e9e 2023 - challenges economiques\" \/>\n<meta property=\"og:description\" content=\"Adama Coulibaly,\u00a0 ministre des finances et du budget de la C\u00f4te d\u2019Ivoire et pr\u00e9sident en exercice du conseil des ministres Le taux d\u2019inflation au sein...\" \/>\n<meta property=\"og:url\" content=\"https:\/\/challengeseconomiques.com\/?p=5870\" \/>\n<meta property=\"og:site_name\" content=\"challenges economiques\" \/>\n<meta property=\"article:published_time\" content=\"2023-12-27T15:39:44+00:00\" \/>\n<meta property=\"article:modified_time\" content=\"2023-12-27T15:41:06+00:00\" \/>\n<meta property=\"og:image\" content=\"https:\/\/challengeseconomiques.com\/wp-content\/uploads\/2020\/11\/ADAMA-COULIBALY-MEF-CI.jpg\" \/>\n\t<meta property=\"og:image:width\" content=\"640\" \/>\n\t<meta property=\"og:image:height\" content=\"478\" \/>\n\t<meta property=\"og:image:type\" content=\"image\/jpeg\" \/>\n<meta name=\"author\" content=\"admin\" \/>\n<meta name=\"twitter:card\" content=\"summary_large_image\" \/>\n<meta name=\"twitter:label1\" content=\"\u00c9crit par\" \/>\n\t<meta name=\"twitter:data1\" content=\"admin\" \/>\n\t<meta name=\"twitter:label2\" content=\"Dur\u00e9e de lecture estim\u00e9e\" \/>\n\t<meta name=\"twitter:data2\" content=\"2 minutes\" \/>\n<script type=\"application\/ld+json\" class=\"yoast-schema-graph\">{\"@context\":\"https:\/\/schema.org\",\"@graph\":[{\"@type\":\"Article\",\"@id\":\"https:\/\/challengeseconomiques.com\/?p=5870#article\",\"isPartOf\":{\"@id\":\"https:\/\/challengeseconomiques.com\/?p=5870\"},\"author\":{\"name\":\"admin\",\"@id\":\"https:\/\/challengeseconomiques.com\/#\/schema\/person\/b4568c9afebc5a9238a771873801e349\"},\"headline\":\"L\u2019UEMOA table sur un taux d\u2019inflation de 3,7% sur l\u2019ensemble de l\u2019ann\u00e9e 2023\",\"datePublished\":\"2023-12-27T15:39:44+00:00\",\"dateModified\":\"2023-12-27T15:41:06+00:00\",\"mainEntityOfPage\":{\"@id\":\"https:\/\/challengeseconomiques.com\/?p=5870\"},\"wordCount\":446,\"image\":{\"@id\":\"https:\/\/challengeseconomiques.com\/?p=5870#primaryimage\"},\"thumbnailUrl\":\"https:\/\/challengeseconomiques.com\/wp-content\/uploads\/2020\/11\/ADAMA-COULIBALY-MEF-CI.jpg\",\"articleSection\":[\"A la une\",\"Actualit\u00e9 \u00e9conomique\",\"Infos \u00e9co\"],\"inLanguage\":\"fr-FR\"},{\"@type\":\"WebPage\",\"@id\":\"https:\/\/challengeseconomiques.com\/?p=5870\",\"url\":\"https:\/\/challengeseconomiques.com\/?p=5870\",\"name\":\"L\u2019UEMOA table sur un taux d\u2019inflation de 3,7% sur l\u2019ensemble de l\u2019ann\u00e9e 2023 - challenges economiques\",\"isPartOf\":{\"@id\":\"https:\/\/challengeseconomiques.com\/#website\"},\"primaryImageOfPage\":{\"@id\":\"https:\/\/challengeseconomiques.com\/?p=5870#primaryimage\"},\"image\":{\"@id\":\"https:\/\/challengeseconomiques.com\/?p=5870#primaryimage\"},\"thumbnailUrl\":\"https:\/\/challengeseconomiques.com\/wp-content\/uploads\/2020\/11\/ADAMA-COULIBALY-MEF-CI.jpg\",\"datePublished\":\"2023-12-27T15:39:44+00:00\",\"dateModified\":\"2023-12-27T15:41:06+00:00\",\"author\":{\"@id\":\"https:\/\/challengeseconomiques.com\/#\/schema\/person\/b4568c9afebc5a9238a771873801e349\"},\"breadcrumb\":{\"@id\":\"https:\/\/challengeseconomiques.com\/?p=5870#breadcrumb\"},\"inLanguage\":\"fr-FR\",\"potentialAction\":[{\"@type\":\"ReadAction\",\"target\":[\"https:\/\/challengeseconomiques.com\/?p=5870\"]}]},{\"@type\":\"ImageObject\",\"inLanguage\":\"fr-FR\",\"@id\":\"https:\/\/challengeseconomiques.com\/?p=5870#primaryimage\",\"url\":\"https:\/\/challengeseconomiques.com\/wp-content\/uploads\/2020\/11\/ADAMA-COULIBALY-MEF-CI.jpg\",\"contentUrl\":\"https:\/\/challengeseconomiques.com\/wp-content\/uploads\/2020\/11\/ADAMA-COULIBALY-MEF-CI.jpg\",\"width\":640,\"height\":478,\"caption\":\"Adama Coulibaly Ministre de l'\u00e9conomie de la C\u00f4te d'Ivoire\"},{\"@type\":\"BreadcrumbList\",\"@id\":\"https:\/\/challengeseconomiques.com\/?p=5870#breadcrumb\",\"itemListElement\":[{\"@type\":\"ListItem\",\"position\":1,\"name\":\"Home\",\"item\":\"https:\/\/challengeseconomiques.com\/\"},{\"@type\":\"ListItem\",\"position\":2,\"name\":\"L\u2019UEMOA table sur un taux d\u2019inflation de 3,7% sur l\u2019ensemble de l\u2019ann\u00e9e 2023\"}]},{\"@type\":\"WebSite\",\"@id\":\"https:\/\/challengeseconomiques.com\/#website\",\"url\":\"https:\/\/challengeseconomiques.com\/\",\"name\":\"challenges economiques\",\"description\":\"\",\"potentialAction\":[{\"@type\":\"SearchAction\",\"target\":{\"@type\":\"EntryPoint\",\"urlTemplate\":\"https:\/\/challengeseconomiques.com\/?s={search_term_string}\"},\"query-input\":{\"@type\":\"PropertyValueSpecification\",\"valueRequired\":true,\"valueName\":\"search_term_string\"}}],\"inLanguage\":\"fr-FR\"},{\"@type\":\"Person\",\"@id\":\"https:\/\/challengeseconomiques.com\/#\/schema\/person\/b4568c9afebc5a9238a771873801e349\",\"name\":\"admin\",\"image\":{\"@type\":\"ImageObject\",\"inLanguage\":\"fr-FR\",\"@id\":\"https:\/\/challengeseconomiques.com\/#\/schema\/person\/image\/\",\"url\":\"https:\/\/secure.gravatar.com\/avatar\/099e42240b5eea11acdb72751fcce0dd918603f0749d24974b7984ea47ed9fd9?s=96&d=mm&r=g\",\"contentUrl\":\"https:\/\/secure.gravatar.com\/avatar\/099e42240b5eea11acdb72751fcce0dd918603f0749d24974b7984ea47ed9fd9?s=96&d=mm&r=g\",\"caption\":\"admin\"},\"sameAs\":[\"https:\/\/challengeseconomiques.com\"],\"url\":\"https:\/\/challengeseconomiques.com\/?author=1\"}]}<\/script>\n<!-- \/ Yoast SEO plugin. -->","yoast_head_json":{"title":"L\u2019UEMOA table sur un taux d\u2019inflation de 3,7% sur l\u2019ensemble de l\u2019ann\u00e9e 2023 - challenges economiques","robots":{"index":"index","follow":"follow","max-snippet":"max-snippet:-1","max-image-preview":"max-image-preview:large","max-video-preview":"max-video-preview:-1"},"canonical":"https:\/\/challengeseconomiques.com\/?p=5870","og_locale":"fr_FR","og_type":"article","og_title":"L\u2019UEMOA table sur un taux d\u2019inflation de 3,7% sur l\u2019ensemble de l\u2019ann\u00e9e 2023 - challenges economiques","og_description":"Adama Coulibaly,\u00a0 ministre des finances et du budget de la C\u00f4te d\u2019Ivoire et pr\u00e9sident en exercice du conseil des ministres Le taux d\u2019inflation au sein...","og_url":"https:\/\/challengeseconomiques.com\/?p=5870","og_site_name":"challenges economiques","article_published_time":"2023-12-27T15:39:44+00:00","article_modified_time":"2023-12-27T15:41:06+00:00","og_image":[{"width":640,"height":478,"url":"https:\/\/challengeseconomiques.com\/wp-content\/uploads\/2020\/11\/ADAMA-COULIBALY-MEF-CI.jpg","type":"image\/jpeg"}],"author":"admin","twitter_card":"summary_large_image","twitter_misc":{"\u00c9crit par":"admin","Dur\u00e9e de lecture estim\u00e9e":"2 minutes"},"schema":{"@context":"https:\/\/schema.org","@graph":[{"@type":"Article","@id":"https:\/\/challengeseconomiques.com\/?p=5870#article","isPartOf":{"@id":"https:\/\/challengeseconomiques.com\/?p=5870"},"author":{"name":"admin","@id":"https:\/\/challengeseconomiques.com\/#\/schema\/person\/b4568c9afebc5a9238a771873801e349"},"headline":"L\u2019UEMOA table sur un taux d\u2019inflation de 3,7% sur l\u2019ensemble de l\u2019ann\u00e9e 2023","datePublished":"2023-12-27T15:39:44+00:00","dateModified":"2023-12-27T15:41:06+00:00","mainEntityOfPage":{"@id":"https:\/\/challengeseconomiques.com\/?p=5870"},"wordCount":446,"image":{"@id":"https:\/\/challengeseconomiques.com\/?p=5870#primaryimage"},"thumbnailUrl":"https:\/\/challengeseconomiques.com\/wp-content\/uploads\/2020\/11\/ADAMA-COULIBALY-MEF-CI.jpg","articleSection":["A la une","Actualit\u00e9 \u00e9conomique","Infos \u00e9co"],"inLanguage":"fr-FR"},{"@type":"WebPage","@id":"https:\/\/challengeseconomiques.com\/?p=5870","url":"https:\/\/challengeseconomiques.com\/?p=5870","name":"L\u2019UEMOA table sur un taux d\u2019inflation de 3,7% sur l\u2019ensemble de l\u2019ann\u00e9e 2023 - challenges economiques","isPartOf":{"@id":"https:\/\/challengeseconomiques.com\/#website"},"primaryImageOfPage":{"@id":"https:\/\/challengeseconomiques.com\/?p=5870#primaryimage"},"image":{"@id":"https:\/\/challengeseconomiques.com\/?p=5870#primaryimage"},"thumbnailUrl":"https:\/\/challengeseconomiques.com\/wp-content\/uploads\/2020\/11\/ADAMA-COULIBALY-MEF-CI.jpg","datePublished":"2023-12-27T15:39:44+00:00","dateModified":"2023-12-27T15:41:06+00:00","author":{"@id":"https:\/\/challengeseconomiques.com\/#\/schema\/person\/b4568c9afebc5a9238a771873801e349"},"breadcrumb":{"@id":"https:\/\/challengeseconomiques.com\/?p=5870#breadcrumb"},"inLanguage":"fr-FR","potentialAction":[{"@type":"ReadAction","target":["https:\/\/challengeseconomiques.com\/?p=5870"]}]},{"@type":"ImageObject","inLanguage":"fr-FR","@id":"https:\/\/challengeseconomiques.com\/?p=5870#primaryimage","url":"https:\/\/challengeseconomiques.com\/wp-content\/uploads\/2020\/11\/ADAMA-COULIBALY-MEF-CI.jpg","contentUrl":"https:\/\/challengeseconomiques.com\/wp-content\/uploads\/2020\/11\/ADAMA-COULIBALY-MEF-CI.jpg","width":640,"height":478,"caption":"Adama Coulibaly Ministre de l'\u00e9conomie de la C\u00f4te d'Ivoire"},{"@type":"BreadcrumbList","@id":"https:\/\/challengeseconomiques.com\/?p=5870#breadcrumb","itemListElement":[{"@type":"ListItem","position":1,"name":"Home","item":"https:\/\/challengeseconomiques.com\/"},{"@type":"ListItem","position":2,"name":"L\u2019UEMOA table sur un taux d\u2019inflation de 3,7% sur l\u2019ensemble de l\u2019ann\u00e9e 2023"}]},{"@type":"WebSite","@id":"https:\/\/challengeseconomiques.com\/#website","url":"https:\/\/challengeseconomiques.com\/","name":"challenges economiques","description":"","potentialAction":[{"@type":"SearchAction","target":{"@type":"EntryPoint","urlTemplate":"https:\/\/challengeseconomiques.com\/?s={search_term_string}"},"query-input":{"@type":"PropertyValueSpecification","valueRequired":true,"valueName":"search_term_string"}}],"inLanguage":"fr-FR"},{"@type":"Person","@id":"https:\/\/challengeseconomiques.com\/#\/schema\/person\/b4568c9afebc5a9238a771873801e349","name":"admin","image":{"@type":"ImageObject","inLanguage":"fr-FR","@id":"https:\/\/challengeseconomiques.com\/#\/schema\/person\/image\/","url":"https:\/\/secure.gravatar.com\/avatar\/099e42240b5eea11acdb72751fcce0dd918603f0749d24974b7984ea47ed9fd9?s=96&d=mm&r=g","contentUrl":"https:\/\/secure.gravatar.com\/avatar\/099e42240b5eea11acdb72751fcce0dd918603f0749d24974b7984ea47ed9fd9?s=96&d=mm&r=g","caption":"admin"},"sameAs":["https:\/\/challengeseconomiques.com"],"url":"https:\/\/challengeseconomiques.com\/?author=1"}]}},"jetpack_featured_media_url":"https:\/\/challengeseconomiques.com\/wp-content\/uploads\/2020\/11\/ADAMA-COULIBALY-MEF-CI.jpg","jetpack_sharing_enabled":true,"_links":{"self":[{"href":"https:\/\/challengeseconomiques.com\/index.php?rest_route=\/wp\/v2\/posts\/5870","targetHints":{"allow":["GET"]}}],"collection":[{"href":"https:\/\/challengeseconomiques.com\/index.php?rest_route=\/wp\/v2\/posts"}],"about":[{"href":"https:\/\/challengeseconomiques.com\/index.php?rest_route=\/wp\/v2\/types\/post"}],"author":[{"embeddable":true,"href":"https:\/\/challengeseconomiques.com\/index.php?rest_route=\/wp\/v2\/users\/1"}],"replies":[{"embeddable":true,"href":"https:\/\/challengeseconomiques.com\/index.php?rest_route=%2Fwp%2Fv2%2Fcomments&post=5870"}],"version-history":[{"count":2,"href":"https:\/\/challengeseconomiques.com\/index.php?rest_route=\/wp\/v2\/posts\/5870\/revisions"}],"predecessor-version":[{"id":5872,"href":"https:\/\/challengeseconomiques.com\/index.php?rest_route=\/wp\/v2\/posts\/5870\/revisions\/5872"}],"wp:featuredmedia":[{"embeddable":true,"href":"https:\/\/challengeseconomiques.com\/index.php?rest_route=\/wp\/v2\/media\/343"}],"wp:attachment":[{"href":"https:\/\/challengeseconomiques.com\/index.php?rest_route=%2Fwp%2Fv2%2Fmedia&parent=5870"}],"wp:term":[{"taxonomy":"category","embeddable":true,"href":"https:\/\/challengeseconomiques.com\/index.php?rest_route=%2Fwp%2Fv2%2Fcategories&post=5870"},{"taxonomy":"post_tag","embeddable":true,"href":"https:\/\/challengeseconomiques.com\/index.php?rest_route=%2Fwp%2Fv2%2Ftags&post=5870"}],"curies":[{"name":"wp","href":"https:\/\/api.w.org\/{rel}","templated":true}]}}