{"id":5862,"date":"2023-12-26T12:05:38","date_gmt":"2023-12-26T12:05:38","guid":{"rendered":"https:\/\/challengeseconomiques.com\/?p=5862"},"modified":"2023-12-26T12:08:10","modified_gmt":"2023-12-26T12:08:10","slug":"la-boad-annonce-lentree-de-la-badea-a-son-capital","status":"publish","type":"post","link":"https:\/\/challengeseconomiques.com\/?p=5862","title":{"rendered":"La  BADEA entre dans le capital de la BOAD"},"content":{"rendered":"<div class=\"w-full md:px-20 py-12 md:py-20 bg-white\">\n<div class=\"max-w-screen-xl w-full mx-auto px-4\">\n<div class=\"w-full grid grid-cols-1 lg:grid-cols-2 gap-10 lg:gap-24\">\n<div class=\"flex flex-col justify-center gap-6\">\n<div class=\"editable-content\">\n<div class=\"space-y-6\">\n<div class=\"space-y-2 text-sm text-boad-dark font-light text-content\">\n<p><strong> La Banque Ouest Africaine de D\u00e9veloppement (BOAD) a annonc\u00e9 le 21 d\u00e9cembre 2023,\u00a0 l\u2019entr\u00e9e dans son capital, de la Banque Arabe pour le D\u00e9veloppement Economique en Afrique (BADEA).\u00a0<\/strong><\/p>\n<p><span data-contrast=\"auto\">Apr\u00e8s un avis favorable du Conseil d\u2019Administration de la Banque \u00e9mis au cours de sa 139<\/span><span data-contrast=\"auto\">\u00e8me<\/span><span data-contrast=\"auto\"> session tenue le 20 d\u00e9cembre 2023 \u00e0 Cotonou, le Conseil des Ministres de l\u2019UMOA r\u00e9uni le 21 d\u00e9cembre 2023 a approuv\u00e9 l\u2019entr\u00e9e de la BADEA au capital de la BOAD selon un communiqu\u00e9 de la banque. D&rsquo;apr\u00e9s ce communiqu\u00e9 cette entr\u00e9e ouvre la seconde phase du projet d\u2019augmentation de capital de la Banque, dont la premi\u00e8re phase pr\u00e9cise le communiqu\u00e9 a \u00e9t\u00e9 boucl\u00e9e en d\u00e9cembre 2022 pour un montant de 554, 382 milliards FCFA. <\/span><span data-ccp-props=\"{&quot;201341983&quot;:0,&quot;335551550&quot;:6,&quot;335551620&quot;:6,&quot;335559739&quot;:160,&quot;335559740&quot;:360}\">\u00a0<\/span><\/p>\n<p><span data-contrast=\"auto\">Pour rappel, l\u2019op\u00e9ration d\u2019augmentation du capital de la BOAD d\u00e9nomm\u00e9e projet Peninsula est dimensionn\u00e9e en deux phases\u202f: une premi\u00e8re phase portant sur l\u2019\u00e9mission d\u2019actions r\u00e9serv\u00e9es aux actionnaires actuels de la Banque, et une seconde portant sur une \u00e9mission d\u2019actions ouvertes \u00e0 de nouveaux actionnaires dont l\u2019adh\u00e9sion devrait \u00eatre approuv\u00e9e par le Conseil des Ministres, conform\u00e9ment aux statuts de la BOAD renseigne le communiqu\u00e9.<\/span><\/p>\n<p><span data-contrast=\"auto\"> L\u2019entr\u00e9e de la BADEA au capital de la Banque en qualit\u00e9 d\u2019actionnaire de cat\u00e9gorie B (actionnaires non r\u00e9gionaux), s\u2019inscrit dans cette deuxi\u00e8me phase, et porte sur un montant de 30 millions de dollars US, soit 18,4794 milliards FCFA selon le communiqu\u00e9. Cette participation \u00e9quivaut \u00e0 1,20% du capital social souscrit de la BOAD, permettant \u00e0 cette institution de premier ordre d\u2019obtenir un si\u00e8ge au sein de son Conseil d\u2019Administration.<\/span><span data-ccp-props=\"{&quot;201341983&quot;:0,&quot;335551550&quot;:6,&quot;335551620&quot;:6,&quot;335559739&quot;:160,&quot;335559740&quot;:360}\">\u00a0<\/span><\/p>\n<\/div>\n<\/div>\n<\/div>\n<\/div>\n<\/div>\n<\/div>\n<\/div>\n<div class=\"w-full md:px-20 py-12 md:py-20 bg-white\">\n<div class=\"max-w-screen-xl w-full mx-auto px-4 space-y-6\">\n<div class=\"space-y-8 text-block\">\n<div class=\"w-full editable-content grid grid-cols-1  text-left gap-10 lg:gap-24\">\n<div>\n<div class=\"space-y-2 text-content\">\n<p><span data-contrast=\"auto\">Les deux institutions entrent d\u00e9sormais dans une nouvelle \u00e8re de leur longue coop\u00e9ration, jusqu\u2019\u00e0 pr\u00e9sent marqu\u00e9e par la mise \u00e0 disposition par la BADEA de ressources \u00e0 des conditions pr\u00e9f\u00e9rentielles, et par le cofinancement de nombreux projets d\u2019infrastructures au sein des pays de l\u2019UEMOA, mais aussi par l\u2019octroi \u00e0 la BOAD, de subventions destin\u00e9es \u00e0 soutenir le financement de projets structurants.<\/span><span data-ccp-props=\"{&quot;201341983&quot;:0,&quot;335551550&quot;:6,&quot;335551620&quot;:6,&quot;335559739&quot;:160,&quot;335559740&quot;:360}\">\u00a0<\/span><\/p>\n<p>&nbsp;<\/p>\n<p><span data-ccp-props=\"{&quot;201341983&quot;:0,&quot;335551550&quot;:6,&quot;335551620&quot;:6,&quot;335559739&quot;:160,&quot;335559740&quot;:360}\">\u00a0<\/span><\/p>\n<p><span data-ccp-props=\"{&quot;335551550&quot;:6,&quot;335551620&quot;:6}\">\u00a0<\/span><\/p>\n<\/div>\n<\/div>\n<\/div>\n<\/div>\n<\/div>\n<\/div>\n","protected":false},"excerpt":{"rendered":"<p>La Banque Ouest Africaine de D\u00e9veloppement (BOAD) a annonc\u00e9 le 21 d\u00e9cembre 2023,\u00a0 l\u2019entr\u00e9e dans son capital, de la Banque Arabe pour le D\u00e9veloppement Economique&#8230;<\/p>\n","protected":false},"author":1,"featured_media":5863,"comment_status":"closed","ping_status":"open","sticky":false,"template":"","format":"standard","meta":{"_jetpack_memberships_contains_paid_content":false,"footnotes":""},"categories":[8,10],"tags":[],"class_list":["post-5862","post","type-post","status-publish","format-standard","has-post-thumbnail","hentry","category-actualite-economique","category-infos-eco","wpcat-8-id","wpcat-10-id"],"yoast_head":"<!-- This site is optimized with the Yoast SEO plugin v27.1.1 - https:\/\/yoast.com\/product\/yoast-seo-wordpress\/ -->\n<title>La BADEA entre dans le capital de la BOAD - challenges economiques<\/title>\n<meta name=\"robots\" content=\"index, follow, max-snippet:-1, max-image-preview:large, max-video-preview:-1\" \/>\n<link rel=\"canonical\" href=\"https:\/\/challengeseconomiques.com\/?p=5862\" \/>\n<meta property=\"og:locale\" content=\"fr_FR\" \/>\n<meta property=\"og:type\" content=\"article\" \/>\n<meta property=\"og:title\" content=\"La BADEA entre dans le capital de la BOAD - challenges economiques\" \/>\n<meta property=\"og:description\" content=\"La Banque Ouest Africaine de D\u00e9veloppement (BOAD) a annonc\u00e9 le 21 d\u00e9cembre 2023,\u00a0 l\u2019entr\u00e9e dans son capital, de la Banque Arabe pour le D\u00e9veloppement Economique...\" \/>\n<meta property=\"og:url\" content=\"https:\/\/challengeseconomiques.com\/?p=5862\" \/>\n<meta property=\"og:site_name\" content=\"challenges economiques\" \/>\n<meta property=\"article:published_time\" content=\"2023-12-26T12:05:38+00:00\" \/>\n<meta property=\"article:modified_time\" content=\"2023-12-26T12:08:10+00:00\" \/>\n<meta property=\"og:image\" content=\"https:\/\/challengeseconomiques.com\/wp-content\/uploads\/2023\/12\/ENTREE-BADEA-AU-CAPITAL.jpeg\" \/>\n\t<meta property=\"og:image:width\" content=\"1280\" \/>\n\t<meta property=\"og:image:height\" content=\"547\" \/>\n\t<meta property=\"og:image:type\" content=\"image\/jpeg\" \/>\n<meta name=\"author\" content=\"admin\" \/>\n<meta name=\"twitter:card\" content=\"summary_large_image\" \/>\n<meta name=\"twitter:label1\" content=\"\u00c9crit par\" \/>\n\t<meta name=\"twitter:data1\" content=\"admin\" \/>\n\t<meta name=\"twitter:label2\" content=\"Dur\u00e9e de lecture estim\u00e9e\" \/>\n\t<meta name=\"twitter:data2\" content=\"2 minutes\" \/>\n<script type=\"application\/ld+json\" class=\"yoast-schema-graph\">{\"@context\":\"https:\/\/schema.org\",\"@graph\":[{\"@type\":\"Article\",\"@id\":\"https:\/\/challengeseconomiques.com\/?p=5862#article\",\"isPartOf\":{\"@id\":\"https:\/\/challengeseconomiques.com\/?p=5862\"},\"author\":{\"name\":\"admin\",\"@id\":\"https:\/\/challengeseconomiques.com\/#\/schema\/person\/b4568c9afebc5a9238a771873801e349\"},\"headline\":\"La BADEA entre dans le capital de la BOAD\",\"datePublished\":\"2023-12-26T12:05:38+00:00\",\"dateModified\":\"2023-12-26T12:08:10+00:00\",\"mainEntityOfPage\":{\"@id\":\"https:\/\/challengeseconomiques.com\/?p=5862\"},\"wordCount\":358,\"image\":{\"@id\":\"https:\/\/challengeseconomiques.com\/?p=5862#primaryimage\"},\"thumbnailUrl\":\"https:\/\/challengeseconomiques.com\/wp-content\/uploads\/2023\/12\/ENTREE-BADEA-AU-CAPITAL.jpeg\",\"articleSection\":[\"Actualit\u00e9 \u00e9conomique\",\"Infos \u00e9co\"],\"inLanguage\":\"fr-FR\"},{\"@type\":\"WebPage\",\"@id\":\"https:\/\/challengeseconomiques.com\/?p=5862\",\"url\":\"https:\/\/challengeseconomiques.com\/?p=5862\",\"name\":\"La BADEA entre dans le capital de la BOAD - challenges economiques\",\"isPartOf\":{\"@id\":\"https:\/\/challengeseconomiques.com\/#website\"},\"primaryImageOfPage\":{\"@id\":\"https:\/\/challengeseconomiques.com\/?p=5862#primaryimage\"},\"image\":{\"@id\":\"https:\/\/challengeseconomiques.com\/?p=5862#primaryimage\"},\"thumbnailUrl\":\"https:\/\/challengeseconomiques.com\/wp-content\/uploads\/2023\/12\/ENTREE-BADEA-AU-CAPITAL.jpeg\",\"datePublished\":\"2023-12-26T12:05:38+00:00\",\"dateModified\":\"2023-12-26T12:08:10+00:00\",\"author\":{\"@id\":\"https:\/\/challengeseconomiques.com\/#\/schema\/person\/b4568c9afebc5a9238a771873801e349\"},\"breadcrumb\":{\"@id\":\"https:\/\/challengeseconomiques.com\/?p=5862#breadcrumb\"},\"inLanguage\":\"fr-FR\",\"potentialAction\":[{\"@type\":\"ReadAction\",\"target\":[\"https:\/\/challengeseconomiques.com\/?p=5862\"]}]},{\"@type\":\"ImageObject\",\"inLanguage\":\"fr-FR\",\"@id\":\"https:\/\/challengeseconomiques.com\/?p=5862#primaryimage\",\"url\":\"https:\/\/challengeseconomiques.com\/wp-content\/uploads\/2023\/12\/ENTREE-BADEA-AU-CAPITAL.jpeg\",\"contentUrl\":\"https:\/\/challengeseconomiques.com\/wp-content\/uploads\/2023\/12\/ENTREE-BADEA-AU-CAPITAL.jpeg\",\"width\":1280,\"height\":547},{\"@type\":\"BreadcrumbList\",\"@id\":\"https:\/\/challengeseconomiques.com\/?p=5862#breadcrumb\",\"itemListElement\":[{\"@type\":\"ListItem\",\"position\":1,\"name\":\"Home\",\"item\":\"https:\/\/challengeseconomiques.com\/\"},{\"@type\":\"ListItem\",\"position\":2,\"name\":\"La BADEA entre dans le capital de la BOAD\"}]},{\"@type\":\"WebSite\",\"@id\":\"https:\/\/challengeseconomiques.com\/#website\",\"url\":\"https:\/\/challengeseconomiques.com\/\",\"name\":\"challenges economiques\",\"description\":\"\",\"potentialAction\":[{\"@type\":\"SearchAction\",\"target\":{\"@type\":\"EntryPoint\",\"urlTemplate\":\"https:\/\/challengeseconomiques.com\/?s={search_term_string}\"},\"query-input\":{\"@type\":\"PropertyValueSpecification\",\"valueRequired\":true,\"valueName\":\"search_term_string\"}}],\"inLanguage\":\"fr-FR\"},{\"@type\":\"Person\",\"@id\":\"https:\/\/challengeseconomiques.com\/#\/schema\/person\/b4568c9afebc5a9238a771873801e349\",\"name\":\"admin\",\"image\":{\"@type\":\"ImageObject\",\"inLanguage\":\"fr-FR\",\"@id\":\"https:\/\/challengeseconomiques.com\/#\/schema\/person\/image\/\",\"url\":\"https:\/\/secure.gravatar.com\/avatar\/099e42240b5eea11acdb72751fcce0dd918603f0749d24974b7984ea47ed9fd9?s=96&d=mm&r=g\",\"contentUrl\":\"https:\/\/secure.gravatar.com\/avatar\/099e42240b5eea11acdb72751fcce0dd918603f0749d24974b7984ea47ed9fd9?s=96&d=mm&r=g\",\"caption\":\"admin\"},\"sameAs\":[\"https:\/\/challengeseconomiques.com\"],\"url\":\"https:\/\/challengeseconomiques.com\/?author=1\"}]}<\/script>\n<!-- \/ Yoast SEO plugin. -->","yoast_head_json":{"title":"La BADEA entre dans le capital de la BOAD - challenges economiques","robots":{"index":"index","follow":"follow","max-snippet":"max-snippet:-1","max-image-preview":"max-image-preview:large","max-video-preview":"max-video-preview:-1"},"canonical":"https:\/\/challengeseconomiques.com\/?p=5862","og_locale":"fr_FR","og_type":"article","og_title":"La BADEA entre dans le capital de la BOAD - challenges economiques","og_description":"La Banque Ouest Africaine de D\u00e9veloppement (BOAD) a annonc\u00e9 le 21 d\u00e9cembre 2023,\u00a0 l\u2019entr\u00e9e dans son capital, de la Banque Arabe pour le D\u00e9veloppement Economique...","og_url":"https:\/\/challengeseconomiques.com\/?p=5862","og_site_name":"challenges economiques","article_published_time":"2023-12-26T12:05:38+00:00","article_modified_time":"2023-12-26T12:08:10+00:00","og_image":[{"width":1280,"height":547,"url":"https:\/\/challengeseconomiques.com\/wp-content\/uploads\/2023\/12\/ENTREE-BADEA-AU-CAPITAL.jpeg","type":"image\/jpeg"}],"author":"admin","twitter_card":"summary_large_image","twitter_misc":{"\u00c9crit par":"admin","Dur\u00e9e de lecture estim\u00e9e":"2 minutes"},"schema":{"@context":"https:\/\/schema.org","@graph":[{"@type":"Article","@id":"https:\/\/challengeseconomiques.com\/?p=5862#article","isPartOf":{"@id":"https:\/\/challengeseconomiques.com\/?p=5862"},"author":{"name":"admin","@id":"https:\/\/challengeseconomiques.com\/#\/schema\/person\/b4568c9afebc5a9238a771873801e349"},"headline":"La BADEA entre dans le capital de la BOAD","datePublished":"2023-12-26T12:05:38+00:00","dateModified":"2023-12-26T12:08:10+00:00","mainEntityOfPage":{"@id":"https:\/\/challengeseconomiques.com\/?p=5862"},"wordCount":358,"image":{"@id":"https:\/\/challengeseconomiques.com\/?p=5862#primaryimage"},"thumbnailUrl":"https:\/\/challengeseconomiques.com\/wp-content\/uploads\/2023\/12\/ENTREE-BADEA-AU-CAPITAL.jpeg","articleSection":["Actualit\u00e9 \u00e9conomique","Infos \u00e9co"],"inLanguage":"fr-FR"},{"@type":"WebPage","@id":"https:\/\/challengeseconomiques.com\/?p=5862","url":"https:\/\/challengeseconomiques.com\/?p=5862","name":"La BADEA entre dans le capital de la BOAD - challenges economiques","isPartOf":{"@id":"https:\/\/challengeseconomiques.com\/#website"},"primaryImageOfPage":{"@id":"https:\/\/challengeseconomiques.com\/?p=5862#primaryimage"},"image":{"@id":"https:\/\/challengeseconomiques.com\/?p=5862#primaryimage"},"thumbnailUrl":"https:\/\/challengeseconomiques.com\/wp-content\/uploads\/2023\/12\/ENTREE-BADEA-AU-CAPITAL.jpeg","datePublished":"2023-12-26T12:05:38+00:00","dateModified":"2023-12-26T12:08:10+00:00","author":{"@id":"https:\/\/challengeseconomiques.com\/#\/schema\/person\/b4568c9afebc5a9238a771873801e349"},"breadcrumb":{"@id":"https:\/\/challengeseconomiques.com\/?p=5862#breadcrumb"},"inLanguage":"fr-FR","potentialAction":[{"@type":"ReadAction","target":["https:\/\/challengeseconomiques.com\/?p=5862"]}]},{"@type":"ImageObject","inLanguage":"fr-FR","@id":"https:\/\/challengeseconomiques.com\/?p=5862#primaryimage","url":"https:\/\/challengeseconomiques.com\/wp-content\/uploads\/2023\/12\/ENTREE-BADEA-AU-CAPITAL.jpeg","contentUrl":"https:\/\/challengeseconomiques.com\/wp-content\/uploads\/2023\/12\/ENTREE-BADEA-AU-CAPITAL.jpeg","width":1280,"height":547},{"@type":"BreadcrumbList","@id":"https:\/\/challengeseconomiques.com\/?p=5862#breadcrumb","itemListElement":[{"@type":"ListItem","position":1,"name":"Home","item":"https:\/\/challengeseconomiques.com\/"},{"@type":"ListItem","position":2,"name":"La BADEA entre dans le capital de la BOAD"}]},{"@type":"WebSite","@id":"https:\/\/challengeseconomiques.com\/#website","url":"https:\/\/challengeseconomiques.com\/","name":"challenges economiques","description":"","potentialAction":[{"@type":"SearchAction","target":{"@type":"EntryPoint","urlTemplate":"https:\/\/challengeseconomiques.com\/?s={search_term_string}"},"query-input":{"@type":"PropertyValueSpecification","valueRequired":true,"valueName":"search_term_string"}}],"inLanguage":"fr-FR"},{"@type":"Person","@id":"https:\/\/challengeseconomiques.com\/#\/schema\/person\/b4568c9afebc5a9238a771873801e349","name":"admin","image":{"@type":"ImageObject","inLanguage":"fr-FR","@id":"https:\/\/challengeseconomiques.com\/#\/schema\/person\/image\/","url":"https:\/\/secure.gravatar.com\/avatar\/099e42240b5eea11acdb72751fcce0dd918603f0749d24974b7984ea47ed9fd9?s=96&d=mm&r=g","contentUrl":"https:\/\/secure.gravatar.com\/avatar\/099e42240b5eea11acdb72751fcce0dd918603f0749d24974b7984ea47ed9fd9?s=96&d=mm&r=g","caption":"admin"},"sameAs":["https:\/\/challengeseconomiques.com"],"url":"https:\/\/challengeseconomiques.com\/?author=1"}]}},"jetpack_featured_media_url":"https:\/\/challengeseconomiques.com\/wp-content\/uploads\/2023\/12\/ENTREE-BADEA-AU-CAPITAL.jpeg","jetpack_sharing_enabled":true,"_links":{"self":[{"href":"https:\/\/challengeseconomiques.com\/index.php?rest_route=\/wp\/v2\/posts\/5862","targetHints":{"allow":["GET"]}}],"collection":[{"href":"https:\/\/challengeseconomiques.com\/index.php?rest_route=\/wp\/v2\/posts"}],"about":[{"href":"https:\/\/challengeseconomiques.com\/index.php?rest_route=\/wp\/v2\/types\/post"}],"author":[{"embeddable":true,"href":"https:\/\/challengeseconomiques.com\/index.php?rest_route=\/wp\/v2\/users\/1"}],"replies":[{"embeddable":true,"href":"https:\/\/challengeseconomiques.com\/index.php?rest_route=%2Fwp%2Fv2%2Fcomments&post=5862"}],"version-history":[{"count":2,"href":"https:\/\/challengeseconomiques.com\/index.php?rest_route=\/wp\/v2\/posts\/5862\/revisions"}],"predecessor-version":[{"id":5865,"href":"https:\/\/challengeseconomiques.com\/index.php?rest_route=\/wp\/v2\/posts\/5862\/revisions\/5865"}],"wp:featuredmedia":[{"embeddable":true,"href":"https:\/\/challengeseconomiques.com\/index.php?rest_route=\/wp\/v2\/media\/5863"}],"wp:attachment":[{"href":"https:\/\/challengeseconomiques.com\/index.php?rest_route=%2Fwp%2Fv2%2Fmedia&parent=5862"}],"wp:term":[{"taxonomy":"category","embeddable":true,"href":"https:\/\/challengeseconomiques.com\/index.php?rest_route=%2Fwp%2Fv2%2Fcategories&post=5862"},{"taxonomy":"post_tag","embeddable":true,"href":"https:\/\/challengeseconomiques.com\/index.php?rest_route=%2Fwp%2Fv2%2Ftags&post=5862"}],"curies":[{"name":"wp","href":"https:\/\/api.w.org\/{rel}","templated":true}]}}