{"id":5855,"date":"2023-12-25T14:51:13","date_gmt":"2023-12-25T14:51:13","guid":{"rendered":"https:\/\/challengeseconomiques.com\/?p=5855"},"modified":"2023-12-25T14:52:05","modified_gmt":"2023-12-25T14:52:05","slug":"ournee-de-la-cciad-a-la-31eme-fidak-linstitution-consulaire-de-dakar-revient-sur-son-dispositif-dedie-aux-femmes","status":"publish","type":"post","link":"https:\/\/challengeseconomiques.com\/?p=5855","title":{"rendered":"Journ\u00e9e de la CCIAD \u00e0 la 31\u00e8me FIDAK : L\u2019Institution Consulaire de Dakar revient sur son dispositif d\u00e9di\u00e9 aux femmes"},"content":{"rendered":"<p><strong>La Chambre de Commerce, d\u2019Industrie et d\u2019Agriculture de Dakar (CCIAD) a organis\u00e9, ce vendredi 22 d\u00e9cembre 2023, sa \u00ab\u00a0Journ\u00e9e\u00a0\u00bb dans le cadre de la 31\u00e8me \u00e9dition de la FIDAK. La c\u00e9r\u00e9monie s\u2019est d\u00e9roul\u00e9e en pr\u00e9sence de Mme l\u2019Ambassadeur du Pakistan au S\u00e9n\u00e9gal, du Directeur G\u00e9n\u00e9ral du CICES, et de la repr\u00e9sentante de l\u2019Ambassadeur de la C\u00f4te d\u2019Ivoire au S\u00e9n\u00e9gal. Lors de son discours d\u2019ouverture, le pr\u00e9sident de la CCIAD, Abdoulaye Sow, a mis en avant le dispositif d\u2019appui aux entreprises d\u00e9ploy\u00e9 pour la FIDAK.<\/strong><\/p>\n<p>Abdoulaye Sow a d\u00e9but\u00e9 son discours en rendant hommage \u00e0 Mme Saima Sayed, Ambassadeur de la R\u00e9publique du Pakistan au S\u00e9n\u00e9gal. Il a salu\u00e9 les efforts d\u00e9ploy\u00e9s par l\u2019ambassadeur pour renforcer la coop\u00e9ration \u00e9conomique entre les deux pays, soulignant sa d\u00e9termination \u00e0 am\u00e9liorer le partenariat.<br \/>\nLe pr\u00e9sident de la CCIAD consid\u00e8re le partenariat entre le Pakistan et le S\u00e9n\u00e9gal comme un mod\u00e8le de coop\u00e9ration, appelant \u00e0 des efforts continus \u00e0 tous les niveaux pour le transformer en une collaboration durable et fructueuse.<\/p>\n<p><strong>Dispositif de la CCIAD \u00e0 la FIDAK<\/strong><\/p>\n<p>La Chambre de Commerce, d\u2019Industrie et d\u2019Agriculture de Dakar (CCIAD), en tant qu\u2019acteur central dans l\u2019accompagnement des entreprises, joue un r\u00f4le actif dans l\u2019organisation et la r\u00e9ussite de la FIDAK. Pour cet \u00e9v\u00e9nement, la CCIAD a d\u00e9ploy\u00e9 son dispositif de cr\u00e9ation d\u2019entreprise et d\u2019accompagnement, accordant une attention particuli\u00e8re aux services destin\u00e9s aux entreprises dirig\u00e9es par des femmes, comme l\u2019a soulign\u00e9 M. Sow.<br \/>\nCet accompagnement inclut des initiatives telles que la sensibilisation et l\u2019information sur les opportunit\u00e9s offertes par l\u2019\u00c9tat et les partenaires aux femmes entrepreneures, la formation, ainsi que le soutien \u00e0 la formalisation, entre autres.<br \/>\nLe pr\u00e9sident de la CCIAD a soulign\u00e9 l\u2019importance des femmes en tant qu\u2019actrices cl\u00e9s de l\u2019\u00e9conomie, dot\u00e9es d\u2019un \u00e9norme potentiel mais \u00e9galement vuln\u00e9rables en raison de certaines contraintes.<br \/>\n\u00c9galement, M. Sow a mis en lumi\u00e8re le d\u00e9ploiement de l\u2019\u00e9quipe du Bulletin d\u2019Information \u00c9conomique (BIE) de la CCIAD, qui \u00e9dite, comme \u00e0 chaque \u00e9dition, un num\u00e9ro sp\u00e9cial.<\/p>\n<p><strong>Pour un meilleur positionnement de la CCIAD \u00e0 la FIDAK<\/strong><\/p>\n<p>Consid\u00e9rant le r\u00f4le central jou\u00e9 par la CCIAD \u00e0 la FIDAK, Abdoulaye Sow estime qu\u2019un meilleur positionnement de l\u2019institution lors de cet \u00e9v\u00e9nement devrait \u00eatre assur\u00e9. Ainsi, il a plaid\u00e9 pour l\u2019agrandissement du stand de la CCIAD lors des \u00e9ditions \u00e0 venir. \u00ab\u00a0Le constat est qu\u2019aujourd\u2019hui, toutes ces \u00e9quipes ne peuvent plus se contenir dans un espace de 50 m2. Aussi, nous souhaiterions sur les prochaines \u00e9ditions disposer d\u2019un stand de 100 m2 au niveau du pavillon brun afin que nous puissions mieux jouer notre partition dans la r\u00e9ussite de la FIDAK\u00a0\u00bb, a d\u00e9clar\u00e9 M. Sow.<br \/>\nLe pr\u00e9sident de la CCIAD a \u00e9galement exprim\u00e9 ses f\u00e9licitations au Directeur G\u00e9n\u00e9ral du CICES pour les initiatives visant \u00e0 am\u00e9liorer le positionnement du centre \u00e0 travers l\u2019organisation de foires, de salons, et d\u2019autres \u00e9v\u00e9nements commerciaux. Il a pris l\u2019engagement en tant que pr\u00e9sident de l\u2019Union Nationale des Chambres de Commerce, d\u2019Industrie et d\u2019Agriculture du S\u00e9n\u00e9gal (UNCCIAS) d\u2019organiser avec le CICES des foires et salons dans les diff\u00e9rentes r\u00e9gions du pays.<\/p>\n<p><strong>Le pr\u00e9sident Abdoulaye Sow , en compagnie de l&rsquo;ambassadrice du Pakistan \u00e0 Dakar<br \/>\n<\/strong><\/p>\n<p><img fetchpriority=\"high\" decoding=\"async\" class=\"alignnone size-full wp-image-7422\" src=\"https:\/\/bie.cciad.sn\/wp-content\/uploads\/2023\/12\/Journee-CCIAD_FIDAK-2023_5.jpeg\" sizes=\"(max-width: 1600px) 100vw, 1600px\" srcset=\"https:\/\/bie.cciad.sn\/wp-content\/uploads\/2023\/12\/Journee-CCIAD_FIDAK-2023_5.jpeg 1600w, https:\/\/bie.cciad.sn\/wp-content\/uploads\/2023\/12\/Journee-CCIAD_FIDAK-2023_5-300x199.jpeg 300w, https:\/\/bie.cciad.sn\/wp-content\/uploads\/2023\/12\/Journee-CCIAD_FIDAK-2023_5-1024x678.jpeg 1024w, https:\/\/bie.cciad.sn\/wp-content\/uploads\/2023\/12\/Journee-CCIAD_FIDAK-2023_5-768x509.jpeg 768w, https:\/\/bie.cciad.sn\/wp-content\/uploads\/2023\/12\/Journee-CCIAD_FIDAK-2023_5-1536x1018.jpeg 1536w, https:\/\/bie.cciad.sn\/wp-content\/uploads\/2023\/12\/Journee-CCIAD_FIDAK-2023_5-600x398.jpeg 600w, https:\/\/bie.cciad.sn\/wp-content\/uploads\/2023\/12\/Journee-CCIAD_FIDAK-2023_5-455x300.jpeg 455w\" alt=\"\" width=\"1600\" height=\"1060\" \/> <img decoding=\"async\" class=\"alignnone size-full wp-image-7424\" src=\"https:\/\/bie.cciad.sn\/wp-content\/uploads\/2023\/12\/Journee-CCIAD_FIDAK-2023_7.jpeg\" sizes=\"(max-width: 1600px) 100vw, 1600px\" srcset=\"https:\/\/bie.cciad.sn\/wp-content\/uploads\/2023\/12\/Journee-CCIAD_FIDAK-2023_7.jpeg 1600w, https:\/\/bie.cciad.sn\/wp-content\/uploads\/2023\/12\/Journee-CCIAD_FIDAK-2023_7-300x199.jpeg 300w, https:\/\/bie.cciad.sn\/wp-content\/uploads\/2023\/12\/Journee-CCIAD_FIDAK-2023_7-1024x678.jpeg 1024w, https:\/\/bie.cciad.sn\/wp-content\/uploads\/2023\/12\/Journee-CCIAD_FIDAK-2023_7-768x509.jpeg 768w, https:\/\/bie.cciad.sn\/wp-content\/uploads\/2023\/12\/Journee-CCIAD_FIDAK-2023_7-1536x1018.jpeg 1536w, https:\/\/bie.cciad.sn\/wp-content\/uploads\/2023\/12\/Journee-CCIAD_FIDAK-2023_7-600x398.jpeg 600w, https:\/\/bie.cciad.sn\/wp-content\/uploads\/2023\/12\/Journee-CCIAD_FIDAK-2023_7-455x300.jpeg 455w\" alt=\"\" width=\"1600\" height=\"1060\" \/><\/p>\n<p><strong>Le Pr\u00e9sident Abdoulaye Sow visitant les stands \u00e0 la FIDAK<\/strong><\/p>\n<p><strong>Source: BIE<\/strong><\/p>\n<p>&nbsp;<\/p>\n","protected":false},"excerpt":{"rendered":"<p>La Chambre de Commerce, d\u2019Industrie et d\u2019Agriculture de Dakar (CCIAD) a organis\u00e9, ce vendredi 22 d\u00e9cembre 2023, sa \u00ab\u00a0Journ\u00e9e\u00a0\u00bb dans le cadre de la 31\u00e8me&#8230;<\/p>\n","protected":false},"author":1,"featured_media":5856,"comment_status":"closed","ping_status":"open","sticky":false,"template":"","format":"standard","meta":{"_jetpack_memberships_contains_paid_content":false,"footnotes":""},"categories":[23,8],"tags":[],"class_list":["post-5855","post","type-post","status-publish","format-standard","has-post-thumbnail","hentry","category-a-la-une","category-actualite-economique","wpcat-23-id","wpcat-8-id"],"yoast_head":"<!-- This site is optimized with the Yoast SEO plugin v27.1.1 - https:\/\/yoast.com\/product\/yoast-seo-wordpress\/ -->\n<title>Journ\u00e9e de la CCIAD \u00e0 la 31\u00e8me FIDAK : L\u2019Institution Consulaire de Dakar revient sur son dispositif d\u00e9di\u00e9 aux femmes - challenges economiques<\/title>\n<meta name=\"robots\" content=\"index, follow, max-snippet:-1, max-image-preview:large, max-video-preview:-1\" \/>\n<link rel=\"canonical\" href=\"https:\/\/challengeseconomiques.com\/?p=5855\" \/>\n<meta property=\"og:locale\" content=\"fr_FR\" \/>\n<meta property=\"og:type\" content=\"article\" \/>\n<meta property=\"og:title\" content=\"Journ\u00e9e de la CCIAD \u00e0 la 31\u00e8me FIDAK : L\u2019Institution Consulaire de Dakar revient sur son dispositif d\u00e9di\u00e9 aux femmes - challenges economiques\" \/>\n<meta property=\"og:description\" content=\"La Chambre de Commerce, d\u2019Industrie et d\u2019Agriculture de Dakar (CCIAD) a organis\u00e9, ce vendredi 22 d\u00e9cembre 2023, sa \u00ab\u00a0Journ\u00e9e\u00a0\u00bb dans le cadre de la 31\u00e8me...\" \/>\n<meta property=\"og:url\" content=\"https:\/\/challengeseconomiques.com\/?p=5855\" \/>\n<meta property=\"og:site_name\" content=\"challenges economiques\" \/>\n<meta property=\"article:published_time\" content=\"2023-12-25T14:51:13+00:00\" \/>\n<meta property=\"article:modified_time\" content=\"2023-12-25T14:52:05+00:00\" \/>\n<meta property=\"og:image\" content=\"https:\/\/challengeseconomiques.com\/wp-content\/uploads\/2023\/12\/Journee-CCIAD_FIDAK-2023_1-1536x1018-1.jpeg\" \/>\n\t<meta property=\"og:image:width\" content=\"1536\" \/>\n\t<meta property=\"og:image:height\" content=\"1018\" \/>\n\t<meta property=\"og:image:type\" content=\"image\/jpeg\" \/>\n<meta name=\"author\" content=\"admin\" \/>\n<meta name=\"twitter:card\" content=\"summary_large_image\" \/>\n<meta name=\"twitter:label1\" content=\"\u00c9crit par\" \/>\n\t<meta name=\"twitter:data1\" content=\"admin\" \/>\n\t<meta name=\"twitter:label2\" content=\"Dur\u00e9e de lecture estim\u00e9e\" \/>\n\t<meta name=\"twitter:data2\" content=\"3 minutes\" \/>\n<script type=\"application\/ld+json\" class=\"yoast-schema-graph\">{\"@context\":\"https:\/\/schema.org\",\"@graph\":[{\"@type\":\"Article\",\"@id\":\"https:\/\/challengeseconomiques.com\/?p=5855#article\",\"isPartOf\":{\"@id\":\"https:\/\/challengeseconomiques.com\/?p=5855\"},\"author\":{\"name\":\"admin\",\"@id\":\"https:\/\/challengeseconomiques.com\/#\/schema\/person\/b4568c9afebc5a9238a771873801e349\"},\"headline\":\"Journ\u00e9e de la CCIAD \u00e0 la 31\u00e8me FIDAK : L\u2019Institution Consulaire de Dakar revient sur son dispositif d\u00e9di\u00e9 aux femmes\",\"datePublished\":\"2023-12-25T14:51:13+00:00\",\"dateModified\":\"2023-12-25T14:52:05+00:00\",\"mainEntityOfPage\":{\"@id\":\"https:\/\/challengeseconomiques.com\/?p=5855\"},\"wordCount\":636,\"image\":{\"@id\":\"https:\/\/challengeseconomiques.com\/?p=5855#primaryimage\"},\"thumbnailUrl\":\"https:\/\/challengeseconomiques.com\/wp-content\/uploads\/2023\/12\/Journee-CCIAD_FIDAK-2023_1-1536x1018-1.jpeg\",\"articleSection\":[\"A la une\",\"Actualit\u00e9 \u00e9conomique\"],\"inLanguage\":\"fr-FR\"},{\"@type\":\"WebPage\",\"@id\":\"https:\/\/challengeseconomiques.com\/?p=5855\",\"url\":\"https:\/\/challengeseconomiques.com\/?p=5855\",\"name\":\"Journ\u00e9e de la CCIAD \u00e0 la 31\u00e8me FIDAK : L\u2019Institution Consulaire de Dakar revient sur son dispositif d\u00e9di\u00e9 aux femmes - challenges economiques\",\"isPartOf\":{\"@id\":\"https:\/\/challengeseconomiques.com\/#website\"},\"primaryImageOfPage\":{\"@id\":\"https:\/\/challengeseconomiques.com\/?p=5855#primaryimage\"},\"image\":{\"@id\":\"https:\/\/challengeseconomiques.com\/?p=5855#primaryimage\"},\"thumbnailUrl\":\"https:\/\/challengeseconomiques.com\/wp-content\/uploads\/2023\/12\/Journee-CCIAD_FIDAK-2023_1-1536x1018-1.jpeg\",\"datePublished\":\"2023-12-25T14:51:13+00:00\",\"dateModified\":\"2023-12-25T14:52:05+00:00\",\"author\":{\"@id\":\"https:\/\/challengeseconomiques.com\/#\/schema\/person\/b4568c9afebc5a9238a771873801e349\"},\"breadcrumb\":{\"@id\":\"https:\/\/challengeseconomiques.com\/?p=5855#breadcrumb\"},\"inLanguage\":\"fr-FR\",\"potentialAction\":[{\"@type\":\"ReadAction\",\"target\":[\"https:\/\/challengeseconomiques.com\/?p=5855\"]}]},{\"@type\":\"ImageObject\",\"inLanguage\":\"fr-FR\",\"@id\":\"https:\/\/challengeseconomiques.com\/?p=5855#primaryimage\",\"url\":\"https:\/\/challengeseconomiques.com\/wp-content\/uploads\/2023\/12\/Journee-CCIAD_FIDAK-2023_1-1536x1018-1.jpeg\",\"contentUrl\":\"https:\/\/challengeseconomiques.com\/wp-content\/uploads\/2023\/12\/Journee-CCIAD_FIDAK-2023_1-1536x1018-1.jpeg\",\"width\":1536,\"height\":1018},{\"@type\":\"BreadcrumbList\",\"@id\":\"https:\/\/challengeseconomiques.com\/?p=5855#breadcrumb\",\"itemListElement\":[{\"@type\":\"ListItem\",\"position\":1,\"name\":\"Home\",\"item\":\"https:\/\/challengeseconomiques.com\/\"},{\"@type\":\"ListItem\",\"position\":2,\"name\":\"Journ\u00e9e de la CCIAD \u00e0 la 31\u00e8me FIDAK : L\u2019Institution Consulaire de Dakar revient sur son dispositif d\u00e9di\u00e9 aux femmes\"}]},{\"@type\":\"WebSite\",\"@id\":\"https:\/\/challengeseconomiques.com\/#website\",\"url\":\"https:\/\/challengeseconomiques.com\/\",\"name\":\"challenges economiques\",\"description\":\"\",\"potentialAction\":[{\"@type\":\"SearchAction\",\"target\":{\"@type\":\"EntryPoint\",\"urlTemplate\":\"https:\/\/challengeseconomiques.com\/?s={search_term_string}\"},\"query-input\":{\"@type\":\"PropertyValueSpecification\",\"valueRequired\":true,\"valueName\":\"search_term_string\"}}],\"inLanguage\":\"fr-FR\"},{\"@type\":\"Person\",\"@id\":\"https:\/\/challengeseconomiques.com\/#\/schema\/person\/b4568c9afebc5a9238a771873801e349\",\"name\":\"admin\",\"image\":{\"@type\":\"ImageObject\",\"inLanguage\":\"fr-FR\",\"@id\":\"https:\/\/challengeseconomiques.com\/#\/schema\/person\/image\/\",\"url\":\"https:\/\/secure.gravatar.com\/avatar\/099e42240b5eea11acdb72751fcce0dd918603f0749d24974b7984ea47ed9fd9?s=96&d=mm&r=g\",\"contentUrl\":\"https:\/\/secure.gravatar.com\/avatar\/099e42240b5eea11acdb72751fcce0dd918603f0749d24974b7984ea47ed9fd9?s=96&d=mm&r=g\",\"caption\":\"admin\"},\"sameAs\":[\"https:\/\/challengeseconomiques.com\"],\"url\":\"https:\/\/challengeseconomiques.com\/?author=1\"}]}<\/script>\n<!-- \/ Yoast SEO plugin. -->","yoast_head_json":{"title":"Journ\u00e9e de la CCIAD \u00e0 la 31\u00e8me FIDAK : L\u2019Institution Consulaire de Dakar revient sur son dispositif d\u00e9di\u00e9 aux femmes - challenges economiques","robots":{"index":"index","follow":"follow","max-snippet":"max-snippet:-1","max-image-preview":"max-image-preview:large","max-video-preview":"max-video-preview:-1"},"canonical":"https:\/\/challengeseconomiques.com\/?p=5855","og_locale":"fr_FR","og_type":"article","og_title":"Journ\u00e9e de la CCIAD \u00e0 la 31\u00e8me FIDAK : L\u2019Institution Consulaire de Dakar revient sur son dispositif d\u00e9di\u00e9 aux femmes - challenges economiques","og_description":"La Chambre de Commerce, d\u2019Industrie et d\u2019Agriculture de Dakar (CCIAD) a organis\u00e9, ce vendredi 22 d\u00e9cembre 2023, sa \u00ab\u00a0Journ\u00e9e\u00a0\u00bb dans le cadre de la 31\u00e8me...","og_url":"https:\/\/challengeseconomiques.com\/?p=5855","og_site_name":"challenges economiques","article_published_time":"2023-12-25T14:51:13+00:00","article_modified_time":"2023-12-25T14:52:05+00:00","og_image":[{"width":1536,"height":1018,"url":"https:\/\/challengeseconomiques.com\/wp-content\/uploads\/2023\/12\/Journee-CCIAD_FIDAK-2023_1-1536x1018-1.jpeg","type":"image\/jpeg"}],"author":"admin","twitter_card":"summary_large_image","twitter_misc":{"\u00c9crit par":"admin","Dur\u00e9e de lecture estim\u00e9e":"3 minutes"},"schema":{"@context":"https:\/\/schema.org","@graph":[{"@type":"Article","@id":"https:\/\/challengeseconomiques.com\/?p=5855#article","isPartOf":{"@id":"https:\/\/challengeseconomiques.com\/?p=5855"},"author":{"name":"admin","@id":"https:\/\/challengeseconomiques.com\/#\/schema\/person\/b4568c9afebc5a9238a771873801e349"},"headline":"Journ\u00e9e de la CCIAD \u00e0 la 31\u00e8me FIDAK : L\u2019Institution Consulaire de Dakar revient sur son dispositif d\u00e9di\u00e9 aux femmes","datePublished":"2023-12-25T14:51:13+00:00","dateModified":"2023-12-25T14:52:05+00:00","mainEntityOfPage":{"@id":"https:\/\/challengeseconomiques.com\/?p=5855"},"wordCount":636,"image":{"@id":"https:\/\/challengeseconomiques.com\/?p=5855#primaryimage"},"thumbnailUrl":"https:\/\/challengeseconomiques.com\/wp-content\/uploads\/2023\/12\/Journee-CCIAD_FIDAK-2023_1-1536x1018-1.jpeg","articleSection":["A la une","Actualit\u00e9 \u00e9conomique"],"inLanguage":"fr-FR"},{"@type":"WebPage","@id":"https:\/\/challengeseconomiques.com\/?p=5855","url":"https:\/\/challengeseconomiques.com\/?p=5855","name":"Journ\u00e9e de la CCIAD \u00e0 la 31\u00e8me FIDAK : L\u2019Institution Consulaire de Dakar revient sur son dispositif d\u00e9di\u00e9 aux femmes - challenges economiques","isPartOf":{"@id":"https:\/\/challengeseconomiques.com\/#website"},"primaryImageOfPage":{"@id":"https:\/\/challengeseconomiques.com\/?p=5855#primaryimage"},"image":{"@id":"https:\/\/challengeseconomiques.com\/?p=5855#primaryimage"},"thumbnailUrl":"https:\/\/challengeseconomiques.com\/wp-content\/uploads\/2023\/12\/Journee-CCIAD_FIDAK-2023_1-1536x1018-1.jpeg","datePublished":"2023-12-25T14:51:13+00:00","dateModified":"2023-12-25T14:52:05+00:00","author":{"@id":"https:\/\/challengeseconomiques.com\/#\/schema\/person\/b4568c9afebc5a9238a771873801e349"},"breadcrumb":{"@id":"https:\/\/challengeseconomiques.com\/?p=5855#breadcrumb"},"inLanguage":"fr-FR","potentialAction":[{"@type":"ReadAction","target":["https:\/\/challengeseconomiques.com\/?p=5855"]}]},{"@type":"ImageObject","inLanguage":"fr-FR","@id":"https:\/\/challengeseconomiques.com\/?p=5855#primaryimage","url":"https:\/\/challengeseconomiques.com\/wp-content\/uploads\/2023\/12\/Journee-CCIAD_FIDAK-2023_1-1536x1018-1.jpeg","contentUrl":"https:\/\/challengeseconomiques.com\/wp-content\/uploads\/2023\/12\/Journee-CCIAD_FIDAK-2023_1-1536x1018-1.jpeg","width":1536,"height":1018},{"@type":"BreadcrumbList","@id":"https:\/\/challengeseconomiques.com\/?p=5855#breadcrumb","itemListElement":[{"@type":"ListItem","position":1,"name":"Home","item":"https:\/\/challengeseconomiques.com\/"},{"@type":"ListItem","position":2,"name":"Journ\u00e9e de la CCIAD \u00e0 la 31\u00e8me FIDAK : L\u2019Institution Consulaire de Dakar revient sur son dispositif d\u00e9di\u00e9 aux femmes"}]},{"@type":"WebSite","@id":"https:\/\/challengeseconomiques.com\/#website","url":"https:\/\/challengeseconomiques.com\/","name":"challenges economiques","description":"","potentialAction":[{"@type":"SearchAction","target":{"@type":"EntryPoint","urlTemplate":"https:\/\/challengeseconomiques.com\/?s={search_term_string}"},"query-input":{"@type":"PropertyValueSpecification","valueRequired":true,"valueName":"search_term_string"}}],"inLanguage":"fr-FR"},{"@type":"Person","@id":"https:\/\/challengeseconomiques.com\/#\/schema\/person\/b4568c9afebc5a9238a771873801e349","name":"admin","image":{"@type":"ImageObject","inLanguage":"fr-FR","@id":"https:\/\/challengeseconomiques.com\/#\/schema\/person\/image\/","url":"https:\/\/secure.gravatar.com\/avatar\/099e42240b5eea11acdb72751fcce0dd918603f0749d24974b7984ea47ed9fd9?s=96&d=mm&r=g","contentUrl":"https:\/\/secure.gravatar.com\/avatar\/099e42240b5eea11acdb72751fcce0dd918603f0749d24974b7984ea47ed9fd9?s=96&d=mm&r=g","caption":"admin"},"sameAs":["https:\/\/challengeseconomiques.com"],"url":"https:\/\/challengeseconomiques.com\/?author=1"}]}},"jetpack_featured_media_url":"https:\/\/challengeseconomiques.com\/wp-content\/uploads\/2023\/12\/Journee-CCIAD_FIDAK-2023_1-1536x1018-1.jpeg","jetpack_sharing_enabled":true,"_links":{"self":[{"href":"https:\/\/challengeseconomiques.com\/index.php?rest_route=\/wp\/v2\/posts\/5855","targetHints":{"allow":["GET"]}}],"collection":[{"href":"https:\/\/challengeseconomiques.com\/index.php?rest_route=\/wp\/v2\/posts"}],"about":[{"href":"https:\/\/challengeseconomiques.com\/index.php?rest_route=\/wp\/v2\/types\/post"}],"author":[{"embeddable":true,"href":"https:\/\/challengeseconomiques.com\/index.php?rest_route=\/wp\/v2\/users\/1"}],"replies":[{"embeddable":true,"href":"https:\/\/challengeseconomiques.com\/index.php?rest_route=%2Fwp%2Fv2%2Fcomments&post=5855"}],"version-history":[{"count":2,"href":"https:\/\/challengeseconomiques.com\/index.php?rest_route=\/wp\/v2\/posts\/5855\/revisions"}],"predecessor-version":[{"id":5858,"href":"https:\/\/challengeseconomiques.com\/index.php?rest_route=\/wp\/v2\/posts\/5855\/revisions\/5858"}],"wp:featuredmedia":[{"embeddable":true,"href":"https:\/\/challengeseconomiques.com\/index.php?rest_route=\/wp\/v2\/media\/5856"}],"wp:attachment":[{"href":"https:\/\/challengeseconomiques.com\/index.php?rest_route=%2Fwp%2Fv2%2Fmedia&parent=5855"}],"wp:term":[{"taxonomy":"category","embeddable":true,"href":"https:\/\/challengeseconomiques.com\/index.php?rest_route=%2Fwp%2Fv2%2Fcategories&post=5855"},{"taxonomy":"post_tag","embeddable":true,"href":"https:\/\/challengeseconomiques.com\/index.php?rest_route=%2Fwp%2Fv2%2Ftags&post=5855"}],"curies":[{"name":"wp","href":"https:\/\/api.w.org\/{rel}","templated":true}]}}