{"id":5850,"date":"2023-12-22T20:17:38","date_gmt":"2023-12-22T20:17:38","guid":{"rendered":"https:\/\/challengeseconomiques.com\/?p=5850"},"modified":"2023-12-22T20:18:34","modified_gmt":"2023-12-22T20:18:34","slug":"conseil-presidentiel-de-linvestissement-lapix-procede-aux-derniers-reglages","status":"publish","type":"post","link":"https:\/\/challengeseconomiques.com\/?p=5850","title":{"rendered":"Conseil pr\u00e9sidentiel de l\u2019investissement : l\u2019APIX proc\u00e8de aux derniers r\u00e9glages"},"content":{"rendered":"<p><strong>Abdoulaye Bald\u00e9 , Dg Apix<\/strong><\/p>\n<p><strong>Un atelier de restitution des travaux de groupe tenus en vue de l\u2019organisation du prochain conseil pr\u00e9sidentiel de l\u2019investissement (CPI) a eu lieu jeudi \u00e0 Dakar, sous la pr\u00e9sidence d\u2019Abdoulaye Bald\u00e9, le directeur g\u00e9n\u00e9ral de l\u2019APIX, l\u2019agence gouvernementale charg\u00e9e des investissements et des grands travaux de l\u2019\u00c9tat, a constat\u00e9 l\u2019APS.<\/strong><\/p>\n<p>L\u2019atelier s\u2019est d\u00e9roul\u00e9e plus d\u2019un an et demi apr\u00e8s que le chef de l\u2019\u00c9tat a demand\u00e9 au ministre de l\u2019\u00c9conomie, du Plan et de la Coop\u00e9ration de relancer le CPI avec l\u2019aide de l\u2019APIX, qui en assure le secr\u00e9tariat permanent.<\/p>\n<p>Cette rencontre annuelle d\u00e9di\u00e9e aux investissements ne s\u2019est pas tenue depuis 2017.<\/p>\n<p>Les pr\u00e9paratifs du conseil pr\u00e9sidentiel de l\u2019investissement pr\u00e9vu en janvier prochain \u00e0 Dakar ont d\u00e9marr\u00e9 en juillet dernier par l\u2019organisation d\u2019un atelier au cours duquel quatre groupes de travail avaient \u00e9t\u00e9 constitu\u00e9s et d\u00e9di\u00e9s \u00e0 la r\u00e9gulation et \u00e0 la concurrence, \u00e0 la mobilit\u00e9 et \u00e0 l\u2019attractivit\u00e9 des territoires, \u00e0 la place financi\u00e8re de Dakar et \u00e0 la transformation digitale de l\u2019\u00e9conomie s\u00e9n\u00e9galaise.<\/p>\n<p>Le directeur g\u00e9n\u00e9ral de l\u2019APIX s\u2019est r\u00e9joui des r\u00e9sultats des groupes de travail. \u2018\u2019Je f\u00e9licite tous ceux qui, depuis six mois, n\u2019ont m\u00e9nag\u00e9 aucun effort pour nous permettre d\u2019arriver \u00e0 cette \u00e9tape importante des pr\u00e9paratifs du CPI\u2019\u2019, a dit Abdoulaye Bald\u00e9.<\/p>\n<p>Le groupe de travail charg\u00e9 de la r\u00e9gulation et de la concurrence a pour mission de proc\u00e9der \u00e0 \u2018\u2019une analyse profonde du cadre [\u2026] institutionnel\u2019\u2019 de l\u2019investissement au S\u00e9n\u00e9gal, de \u2018\u2019passer au peigne fin les outils et les proc\u00e9dures\u2019\u2019.<\/p>\n<p>Ses membres ont propos\u00e9 \u2018\u2019des r\u00e9formes innovantes qui [\u2026] aideront notre \u00e9conomie et notre secteur priv\u00e9 \u00e0 \u00eatre beaucoup plus dynamiques\u2019\u2019, a rapport\u00e9 son pr\u00e9sident, le professeur Abdoulaye Sakho, de la facult\u00e9 des sciences juridiques de l\u2019universit\u00e9 Cheikh-Anta-Diop de Dakar.<\/p>\n<p><strong>\u2018\u2019Un dispositif de pilotage des r\u00e9formes\u2019\u2019<\/strong><\/p>\n<p>\u2018\u2019La r\u00e9flexion et les recommandations ont permis de faire la valorisation du label S\u00e9n\u00e9gal et du label territorial, qui offrent des opportunit\u00e9s li\u00e9es notamment [\u2026] \u00e0 la tra\u00e7abilit\u00e9 des produits des entreprises\u2019\u2019, a dit Alla S\u00e8ne Gu\u00e8ye, le pr\u00e9sident de la commission charg\u00e9e du volet mobilit\u00e9 et attractivit\u00e9 des territoires.<\/p>\n<p>Le groupe charg\u00e9 de mener la r\u00e9flexion sur la place financi\u00e8re de Dakar a \u00e9tudi\u00e9 \u2018\u2019les atouts et les opportunit\u00e9s qui s\u2019offrent au S\u00e9n\u00e9gal pour faire de sa capitale une place financi\u00e8re\u2019\u2019 d\u2019envergure, a assur\u00e9 son pr\u00e9sident, Patrick\u00a0Brochet.<\/p>\n<p>Les membres du groupe d\u00e9di\u00e9 \u00e0 la transformation digitale de l\u2019\u00e9conomie s\u00e9n\u00e9galaise ont r\u00e9fl\u00e9chi aux \u2018\u2019r\u00e9formes et programmes\u2019\u2019 en vue de l\u2019\u2018\u2019acc\u00e9l\u00e9ration de la transformation digitale de notre \u00e9conomie\u2019\u2019, selon Antoine Ngom, son pr\u00e9sident.<\/p>\n<p>Ils ont propos\u00e9 \u2018\u2019un dispositif de pilotage des r\u00e9formes\u2019\u2019, a dit M. Ngom.<\/p>\n<p>Il esp\u00e8re, avec ses collaborateurs, pouvoir aider \u00e0 \u2018\u2019am\u00e9liorer l\u2019attractivit\u00e9 et les investissements, de m\u00eame que la comp\u00e9titivit\u00e9 des entreprises dans le domaine du num\u00e9rique\u2019\u2019, \u00e0 l\u2019issue du prochain conseil pr\u00e9sidentiel de l\u2019investissement.<\/p>\n<p><strong>\u2018\u2019Mettre en \u00e9vidence les caract\u00e9ristiques, les atouts et les opportunit\u00e9s\u2019\u2019<\/strong><\/p>\n<p>Le gouvernement a \u00e9labor\u00e9 en 2016 la strat\u00e9gie S\u00e9n\u00e9gal num\u00e9rique 2025, dont l\u2019objectif est de mener 28 r\u00e9formes et de d\u00e9rouler 69 projets en vue de la cr\u00e9ation de 140.000 emplois directs et indirects, a rappel\u00e9 Antoine Ngom.<\/p>\n<p>Avec la strat\u00e9gie S\u00e9n\u00e9gal num\u00e9rique, le num\u00e9rique devrait repr\u00e9senter 10 % du produit int\u00e9rieur brut du pays dans quelques ann\u00e9es, selon le groupe de travail dirig\u00e9 par Antoine Ngom.<\/p>\n<p>En parlant du groupe charg\u00e9 de la mobilit\u00e9 et de l\u2019attractivit\u00e9 des territoires, Abdoulaye Bald\u00e9 estime que \u2018\u2019ses r\u00e9flexions et ses recommandations contribueront sans aucun doute \u00e0 valoriser le label territorial en offrant d\u2019importantes opportunit\u00e9s li\u00e9es au marketing territorial et \u00e0 la tra\u00e7abilit\u00e9 des produits des entreprises\u2019\u2019.<\/p>\n<p>Il a \u00e9voqu\u00e9, concernant la place financi\u00e8re de Dakar, \u2018\u2019la volont\u00e9 du chef de l\u2019\u00c9tat de transformer fondamentalement notre \u00e9conomie et d\u2019int\u00e9grer notre capitale parmi les sept principales places financi\u00e8res africaines list\u00e9es dans le Global Financial Centres Index, aux c\u00f4t\u00e9s de villes telles que Casablanca, Cape Town, Johannesburg, Port-Louis, Kigali, Nairobi et Lagos\u2019\u2019.<\/p>\n<p>Le groupe charg\u00e9 de ce th\u00e8me a pour but de \u2018\u2019mettre en \u00e9vidence les caract\u00e9ristiques, les atouts et les opportunit\u00e9s permettant au S\u00e9n\u00e9gal de positionner sa capitale comme une place financi\u00e8re de r\u00e9f\u00e9rence\u2019\u2019, a pr\u00e9cis\u00e9 M. Bald\u00e9.<\/p>\n<p>\u2018\u2019Il est \u00e9vident que cet atelier de restitution des travaux des groupes repr\u00e9sente une \u00e9tape cruciale dans l\u2019organisation du conseil pr\u00e9sidentiel de l\u2019investissement\u2019\u2019, a soulign\u00e9 le directeur g\u00e9n\u00e9ral de l\u2019APIX.<\/p>\n<p><strong>(APS)<\/strong><\/p>\n","protected":false},"excerpt":{"rendered":"<p>Abdoulaye Bald\u00e9 , Dg Apix Un atelier de restitution des travaux de groupe tenus en vue de l\u2019organisation du prochain conseil pr\u00e9sidentiel de l\u2019investissement (CPI)&#8230;<\/p>\n","protected":false},"author":1,"featured_media":5851,"comment_status":"closed","ping_status":"open","sticky":false,"template":"","format":"standard","meta":{"_jetpack_memberships_contains_paid_content":false,"footnotes":""},"categories":[8,10],"tags":[],"class_list":["post-5850","post","type-post","status-publish","format-standard","has-post-thumbnail","hentry","category-actualite-economique","category-infos-eco","wpcat-8-id","wpcat-10-id"],"yoast_head":"<!-- This site is optimized with the Yoast SEO plugin v27.1.1 - https:\/\/yoast.com\/product\/yoast-seo-wordpress\/ -->\n<title>Conseil pr\u00e9sidentiel de l\u2019investissement : l\u2019APIX proc\u00e8de aux derniers r\u00e9glages - challenges economiques<\/title>\n<meta name=\"robots\" content=\"index, follow, max-snippet:-1, max-image-preview:large, max-video-preview:-1\" \/>\n<link rel=\"canonical\" href=\"https:\/\/challengeseconomiques.com\/?p=5850\" \/>\n<meta property=\"og:locale\" content=\"fr_FR\" \/>\n<meta property=\"og:type\" content=\"article\" \/>\n<meta property=\"og:title\" content=\"Conseil pr\u00e9sidentiel de l\u2019investissement : l\u2019APIX proc\u00e8de aux derniers r\u00e9glages - challenges economiques\" \/>\n<meta property=\"og:description\" content=\"Abdoulaye Bald\u00e9 , Dg Apix Un atelier de restitution des travaux de groupe tenus en vue de l\u2019organisation du prochain conseil pr\u00e9sidentiel de l\u2019investissement (CPI)...\" \/>\n<meta property=\"og:url\" content=\"https:\/\/challengeseconomiques.com\/?p=5850\" \/>\n<meta property=\"og:site_name\" content=\"challenges economiques\" \/>\n<meta property=\"article:published_time\" content=\"2023-12-22T20:17:38+00:00\" \/>\n<meta property=\"article:modified_time\" content=\"2023-12-22T20:18:34+00:00\" \/>\n<meta property=\"og:image\" content=\"https:\/\/challengeseconomiques.com\/wp-content\/uploads\/2023\/12\/Abdoulaye-Balde.jpg\" \/>\n\t<meta property=\"og:image:width\" content=\"600\" \/>\n\t<meta property=\"og:image:height\" content=\"556\" \/>\n\t<meta property=\"og:image:type\" content=\"image\/jpeg\" \/>\n<meta name=\"author\" content=\"admin\" \/>\n<meta name=\"twitter:card\" content=\"summary_large_image\" \/>\n<meta name=\"twitter:label1\" content=\"\u00c9crit par\" \/>\n\t<meta name=\"twitter:data1\" content=\"admin\" \/>\n\t<meta name=\"twitter:label2\" content=\"Dur\u00e9e de lecture estim\u00e9e\" \/>\n\t<meta name=\"twitter:data2\" content=\"4 minutes\" \/>\n<script type=\"application\/ld+json\" class=\"yoast-schema-graph\">{\"@context\":\"https:\/\/schema.org\",\"@graph\":[{\"@type\":\"Article\",\"@id\":\"https:\/\/challengeseconomiques.com\/?p=5850#article\",\"isPartOf\":{\"@id\":\"https:\/\/challengeseconomiques.com\/?p=5850\"},\"author\":{\"name\":\"admin\",\"@id\":\"https:\/\/challengeseconomiques.com\/#\/schema\/person\/b4568c9afebc5a9238a771873801e349\"},\"headline\":\"Conseil pr\u00e9sidentiel de l\u2019investissement : l\u2019APIX proc\u00e8de aux derniers r\u00e9glages\",\"datePublished\":\"2023-12-22T20:17:38+00:00\",\"dateModified\":\"2023-12-22T20:18:34+00:00\",\"mainEntityOfPage\":{\"@id\":\"https:\/\/challengeseconomiques.com\/?p=5850\"},\"wordCount\":847,\"image\":{\"@id\":\"https:\/\/challengeseconomiques.com\/?p=5850#primaryimage\"},\"thumbnailUrl\":\"https:\/\/challengeseconomiques.com\/wp-content\/uploads\/2023\/12\/Abdoulaye-Balde.jpg\",\"articleSection\":[\"Actualit\u00e9 \u00e9conomique\",\"Infos \u00e9co\"],\"inLanguage\":\"fr-FR\"},{\"@type\":\"WebPage\",\"@id\":\"https:\/\/challengeseconomiques.com\/?p=5850\",\"url\":\"https:\/\/challengeseconomiques.com\/?p=5850\",\"name\":\"Conseil pr\u00e9sidentiel de l\u2019investissement : l\u2019APIX proc\u00e8de aux derniers r\u00e9glages - challenges economiques\",\"isPartOf\":{\"@id\":\"https:\/\/challengeseconomiques.com\/#website\"},\"primaryImageOfPage\":{\"@id\":\"https:\/\/challengeseconomiques.com\/?p=5850#primaryimage\"},\"image\":{\"@id\":\"https:\/\/challengeseconomiques.com\/?p=5850#primaryimage\"},\"thumbnailUrl\":\"https:\/\/challengeseconomiques.com\/wp-content\/uploads\/2023\/12\/Abdoulaye-Balde.jpg\",\"datePublished\":\"2023-12-22T20:17:38+00:00\",\"dateModified\":\"2023-12-22T20:18:34+00:00\",\"author\":{\"@id\":\"https:\/\/challengeseconomiques.com\/#\/schema\/person\/b4568c9afebc5a9238a771873801e349\"},\"breadcrumb\":{\"@id\":\"https:\/\/challengeseconomiques.com\/?p=5850#breadcrumb\"},\"inLanguage\":\"fr-FR\",\"potentialAction\":[{\"@type\":\"ReadAction\",\"target\":[\"https:\/\/challengeseconomiques.com\/?p=5850\"]}]},{\"@type\":\"ImageObject\",\"inLanguage\":\"fr-FR\",\"@id\":\"https:\/\/challengeseconomiques.com\/?p=5850#primaryimage\",\"url\":\"https:\/\/challengeseconomiques.com\/wp-content\/uploads\/2023\/12\/Abdoulaye-Balde.jpg\",\"contentUrl\":\"https:\/\/challengeseconomiques.com\/wp-content\/uploads\/2023\/12\/Abdoulaye-Balde.jpg\",\"width\":600,\"height\":556},{\"@type\":\"BreadcrumbList\",\"@id\":\"https:\/\/challengeseconomiques.com\/?p=5850#breadcrumb\",\"itemListElement\":[{\"@type\":\"ListItem\",\"position\":1,\"name\":\"Home\",\"item\":\"https:\/\/challengeseconomiques.com\/\"},{\"@type\":\"ListItem\",\"position\":2,\"name\":\"Conseil pr\u00e9sidentiel de l\u2019investissement : l\u2019APIX proc\u00e8de aux derniers r\u00e9glages\"}]},{\"@type\":\"WebSite\",\"@id\":\"https:\/\/challengeseconomiques.com\/#website\",\"url\":\"https:\/\/challengeseconomiques.com\/\",\"name\":\"challenges economiques\",\"description\":\"\",\"potentialAction\":[{\"@type\":\"SearchAction\",\"target\":{\"@type\":\"EntryPoint\",\"urlTemplate\":\"https:\/\/challengeseconomiques.com\/?s={search_term_string}\"},\"query-input\":{\"@type\":\"PropertyValueSpecification\",\"valueRequired\":true,\"valueName\":\"search_term_string\"}}],\"inLanguage\":\"fr-FR\"},{\"@type\":\"Person\",\"@id\":\"https:\/\/challengeseconomiques.com\/#\/schema\/person\/b4568c9afebc5a9238a771873801e349\",\"name\":\"admin\",\"image\":{\"@type\":\"ImageObject\",\"inLanguage\":\"fr-FR\",\"@id\":\"https:\/\/challengeseconomiques.com\/#\/schema\/person\/image\/\",\"url\":\"https:\/\/secure.gravatar.com\/avatar\/099e42240b5eea11acdb72751fcce0dd918603f0749d24974b7984ea47ed9fd9?s=96&d=mm&r=g\",\"contentUrl\":\"https:\/\/secure.gravatar.com\/avatar\/099e42240b5eea11acdb72751fcce0dd918603f0749d24974b7984ea47ed9fd9?s=96&d=mm&r=g\",\"caption\":\"admin\"},\"sameAs\":[\"https:\/\/challengeseconomiques.com\"],\"url\":\"https:\/\/challengeseconomiques.com\/?author=1\"}]}<\/script>\n<!-- \/ Yoast SEO plugin. -->","yoast_head_json":{"title":"Conseil pr\u00e9sidentiel de l\u2019investissement : l\u2019APIX proc\u00e8de aux derniers r\u00e9glages - challenges economiques","robots":{"index":"index","follow":"follow","max-snippet":"max-snippet:-1","max-image-preview":"max-image-preview:large","max-video-preview":"max-video-preview:-1"},"canonical":"https:\/\/challengeseconomiques.com\/?p=5850","og_locale":"fr_FR","og_type":"article","og_title":"Conseil pr\u00e9sidentiel de l\u2019investissement : l\u2019APIX proc\u00e8de aux derniers r\u00e9glages - challenges economiques","og_description":"Abdoulaye Bald\u00e9 , Dg Apix Un atelier de restitution des travaux de groupe tenus en vue de l\u2019organisation du prochain conseil pr\u00e9sidentiel de l\u2019investissement (CPI)...","og_url":"https:\/\/challengeseconomiques.com\/?p=5850","og_site_name":"challenges economiques","article_published_time":"2023-12-22T20:17:38+00:00","article_modified_time":"2023-12-22T20:18:34+00:00","og_image":[{"width":600,"height":556,"url":"https:\/\/challengeseconomiques.com\/wp-content\/uploads\/2023\/12\/Abdoulaye-Balde.jpg","type":"image\/jpeg"}],"author":"admin","twitter_card":"summary_large_image","twitter_misc":{"\u00c9crit par":"admin","Dur\u00e9e de lecture estim\u00e9e":"4 minutes"},"schema":{"@context":"https:\/\/schema.org","@graph":[{"@type":"Article","@id":"https:\/\/challengeseconomiques.com\/?p=5850#article","isPartOf":{"@id":"https:\/\/challengeseconomiques.com\/?p=5850"},"author":{"name":"admin","@id":"https:\/\/challengeseconomiques.com\/#\/schema\/person\/b4568c9afebc5a9238a771873801e349"},"headline":"Conseil pr\u00e9sidentiel de l\u2019investissement : l\u2019APIX proc\u00e8de aux derniers r\u00e9glages","datePublished":"2023-12-22T20:17:38+00:00","dateModified":"2023-12-22T20:18:34+00:00","mainEntityOfPage":{"@id":"https:\/\/challengeseconomiques.com\/?p=5850"},"wordCount":847,"image":{"@id":"https:\/\/challengeseconomiques.com\/?p=5850#primaryimage"},"thumbnailUrl":"https:\/\/challengeseconomiques.com\/wp-content\/uploads\/2023\/12\/Abdoulaye-Balde.jpg","articleSection":["Actualit\u00e9 \u00e9conomique","Infos \u00e9co"],"inLanguage":"fr-FR"},{"@type":"WebPage","@id":"https:\/\/challengeseconomiques.com\/?p=5850","url":"https:\/\/challengeseconomiques.com\/?p=5850","name":"Conseil pr\u00e9sidentiel de l\u2019investissement : l\u2019APIX proc\u00e8de aux derniers r\u00e9glages - challenges economiques","isPartOf":{"@id":"https:\/\/challengeseconomiques.com\/#website"},"primaryImageOfPage":{"@id":"https:\/\/challengeseconomiques.com\/?p=5850#primaryimage"},"image":{"@id":"https:\/\/challengeseconomiques.com\/?p=5850#primaryimage"},"thumbnailUrl":"https:\/\/challengeseconomiques.com\/wp-content\/uploads\/2023\/12\/Abdoulaye-Balde.jpg","datePublished":"2023-12-22T20:17:38+00:00","dateModified":"2023-12-22T20:18:34+00:00","author":{"@id":"https:\/\/challengeseconomiques.com\/#\/schema\/person\/b4568c9afebc5a9238a771873801e349"},"breadcrumb":{"@id":"https:\/\/challengeseconomiques.com\/?p=5850#breadcrumb"},"inLanguage":"fr-FR","potentialAction":[{"@type":"ReadAction","target":["https:\/\/challengeseconomiques.com\/?p=5850"]}]},{"@type":"ImageObject","inLanguage":"fr-FR","@id":"https:\/\/challengeseconomiques.com\/?p=5850#primaryimage","url":"https:\/\/challengeseconomiques.com\/wp-content\/uploads\/2023\/12\/Abdoulaye-Balde.jpg","contentUrl":"https:\/\/challengeseconomiques.com\/wp-content\/uploads\/2023\/12\/Abdoulaye-Balde.jpg","width":600,"height":556},{"@type":"BreadcrumbList","@id":"https:\/\/challengeseconomiques.com\/?p=5850#breadcrumb","itemListElement":[{"@type":"ListItem","position":1,"name":"Home","item":"https:\/\/challengeseconomiques.com\/"},{"@type":"ListItem","position":2,"name":"Conseil pr\u00e9sidentiel de l\u2019investissement : l\u2019APIX proc\u00e8de aux derniers r\u00e9glages"}]},{"@type":"WebSite","@id":"https:\/\/challengeseconomiques.com\/#website","url":"https:\/\/challengeseconomiques.com\/","name":"challenges economiques","description":"","potentialAction":[{"@type":"SearchAction","target":{"@type":"EntryPoint","urlTemplate":"https:\/\/challengeseconomiques.com\/?s={search_term_string}"},"query-input":{"@type":"PropertyValueSpecification","valueRequired":true,"valueName":"search_term_string"}}],"inLanguage":"fr-FR"},{"@type":"Person","@id":"https:\/\/challengeseconomiques.com\/#\/schema\/person\/b4568c9afebc5a9238a771873801e349","name":"admin","image":{"@type":"ImageObject","inLanguage":"fr-FR","@id":"https:\/\/challengeseconomiques.com\/#\/schema\/person\/image\/","url":"https:\/\/secure.gravatar.com\/avatar\/099e42240b5eea11acdb72751fcce0dd918603f0749d24974b7984ea47ed9fd9?s=96&d=mm&r=g","contentUrl":"https:\/\/secure.gravatar.com\/avatar\/099e42240b5eea11acdb72751fcce0dd918603f0749d24974b7984ea47ed9fd9?s=96&d=mm&r=g","caption":"admin"},"sameAs":["https:\/\/challengeseconomiques.com"],"url":"https:\/\/challengeseconomiques.com\/?author=1"}]}},"jetpack_featured_media_url":"https:\/\/challengeseconomiques.com\/wp-content\/uploads\/2023\/12\/Abdoulaye-Balde.jpg","jetpack_sharing_enabled":true,"_links":{"self":[{"href":"https:\/\/challengeseconomiques.com\/index.php?rest_route=\/wp\/v2\/posts\/5850","targetHints":{"allow":["GET"]}}],"collection":[{"href":"https:\/\/challengeseconomiques.com\/index.php?rest_route=\/wp\/v2\/posts"}],"about":[{"href":"https:\/\/challengeseconomiques.com\/index.php?rest_route=\/wp\/v2\/types\/post"}],"author":[{"embeddable":true,"href":"https:\/\/challengeseconomiques.com\/index.php?rest_route=\/wp\/v2\/users\/1"}],"replies":[{"embeddable":true,"href":"https:\/\/challengeseconomiques.com\/index.php?rest_route=%2Fwp%2Fv2%2Fcomments&post=5850"}],"version-history":[{"count":1,"href":"https:\/\/challengeseconomiques.com\/index.php?rest_route=\/wp\/v2\/posts\/5850\/revisions"}],"predecessor-version":[{"id":5852,"href":"https:\/\/challengeseconomiques.com\/index.php?rest_route=\/wp\/v2\/posts\/5850\/revisions\/5852"}],"wp:featuredmedia":[{"embeddable":true,"href":"https:\/\/challengeseconomiques.com\/index.php?rest_route=\/wp\/v2\/media\/5851"}],"wp:attachment":[{"href":"https:\/\/challengeseconomiques.com\/index.php?rest_route=%2Fwp%2Fv2%2Fmedia&parent=5850"}],"wp:term":[{"taxonomy":"category","embeddable":true,"href":"https:\/\/challengeseconomiques.com\/index.php?rest_route=%2Fwp%2Fv2%2Fcategories&post=5850"},{"taxonomy":"post_tag","embeddable":true,"href":"https:\/\/challengeseconomiques.com\/index.php?rest_route=%2Fwp%2Fv2%2Ftags&post=5850"}],"curies":[{"name":"wp","href":"https:\/\/api.w.org\/{rel}","templated":true}]}}