{"id":5845,"date":"2023-12-21T11:32:19","date_gmt":"2023-12-21T11:32:19","guid":{"rendered":"https:\/\/challengeseconomiques.com\/?p=5845"},"modified":"2023-12-21T11:33:10","modified_gmt":"2023-12-21T11:33:10","slug":"les-deputes-adoptent-le-projet-de-loi-portant-loi-de-reglement-de-2021","status":"publish","type":"post","link":"https:\/\/challengeseconomiques.com\/?p=5845","title":{"rendered":"Les d\u00e9put\u00e9s adoptent le projet de loi portant loi de r\u00e8glement de 2021"},"content":{"rendered":"<p><strong>L\u2019Assembl\u00e9e nationale a adopt\u00e9 \u00e0 une large majorit\u00e9 un projet de loi portant loi de r\u00e8glement de 2021, dans le but de permettre au gouvernement de rendre compte de l\u2019ex\u00e9cution du budget initial et, \u00e9ventuellement, des lois de finances rectificatives de ladite ann\u00e9e, a constat\u00e9 l\u2019APS, mercredi, \u00e0 Dakar.<\/strong><\/p>\n<p>Cent vingt-neuf d\u00e9put\u00e9s ont vot\u00e9 oui \u00e0 l\u2019adoption du projet de loi. Quatorze l\u2019ont rejet\u00e9.<\/p>\n<p>Le but de l\u2019adoption du texte est de permettre au gouvernement de rendre compte de l\u2019ex\u00e9cution de la loi de finances initiale et, \u00e9ventuellement, des lois de finances rectificatives de 2021.<\/p>\n<p>Cet exercice de reddition des comptes est \u2018\u2019crucial\u2019\u2019, a soulign\u00e9 le ministre des Finances et du Budget, Mamadou Moustapha Ba, en d\u00e9fendant le projet de loi devant les d\u00e9put\u00e9s.<\/p>\n<p>La d\u00e9marche consistant \u00e0 proposer \u00e0 l\u2019Assembl\u00e9e nationale une loi pour rendre compte des d\u00e9penses et des recettes de l\u2019\u00c9tat garantit \u2018\u2019la sinc\u00e9rit\u00e9 et la r\u00e9gularit\u00e9\u2019\u2019 des comptes publics, a-t-il dit.<\/p>\n<p>C\u2019est aussi un \u2018\u2019gage de transparence\u2019\u2019, un exercice qui permet d\u2019\u2018\u2019appr\u00e9cier la qualit\u00e9 de la gestion des politiques publiques en fonction des r\u00e9sultats obtenus par les programmes budg\u00e9taires\u2019\u2019.<\/p>\n<p><strong>\u2018\u2019Des mesures appropri\u00e9es\u2019\u2019<\/strong><\/p>\n<p>L\u2019ex\u00e9cution du budget 2021 de l\u2019\u00c9tat s\u2019est d\u00e9roul\u00e9e dans un environnement \u00e9conomique international rest\u00e9 marqu\u00e9 par la pand\u00e9mie de Covid-19, a rappel\u00e9 Mamadou Moustapha Ba.<\/p>\n<p>Les finances publiques s\u00e9n\u00e9galaises sont rest\u00e9es performantes en 2021, a-t-il dit, rappelant que le pays avait un taux de croissance du produit int\u00e9rieur brut de 6,5 %, dans un contexte de reprise \u00e9conomique post-Covid, contre 1,3 % en 2020.<\/p>\n<p>\u2018\u2019Cette conjoncture d\u00e9favorable a n\u00e9cessit\u00e9 des mesures appropri\u00e9es, notamment la r\u00e9vision \u00e0 la baisse de certaines d\u00e9penses et l\u2019augmentation des d\u00e9penses sociales\u2019\u2019, a soulign\u00e9 M. Ba.<\/p>\n<p>Les recettes s\u2019\u00e9levaient \u00e0 2.966,84 milliards de francs CFA, les d\u00e9penses \u00e0 3.880,61 milliards en 2021, soit un d\u00e9ficit budg\u00e9taire de 913,77 milliards, selon le ministre des Finances et du Budget.<\/p>\n<p>Au cours du d\u00e9bat pr\u00e9alable \u00e0 l\u2019adoption du projet de loi, des d\u00e9put\u00e9s ont d\u00e9plor\u00e9 \u2018\u2019le retard\u2019\u2019 de l\u2019\u00e9laboration du texte soumis \u00e0 leur examen.<\/p>\n<p><strong>Des \u2018\u2019violations permanentes des textes\u2019\u2019<\/strong><\/p>\n<p>\u2018\u2019Nous en sommes encore l\u00e0 parce que le pr\u00e9sident de l\u2019Assembl\u00e9e nationale a ferm\u00e9 l\u2019institution pendant trois mois\u2019\u2019, a d\u00e9nonc\u00e9 Guy Marius Sagna, membre du groupe Yewwi Askan Wi (YAW).<\/p>\n<p>\u2018\u2019On est tellement en retard que \u00e7a risque de d\u00e9teindre sur le projet de loi de r\u00e8glement de 2022\u2019\u2019, s\u2019est inqui\u00e9t\u00e9 un autre membre du groupe YAW, Isma\u00efla Diallo, accusant ses coll\u00e8gues de Benno Bokk Yaakaar (BBY) de \u2018\u2019violations permanentes des textes\u2019\u2019 encadrant le fonctionnement de l\u2019Assembl\u00e9e nationale.<\/p>\n<p>Le pr\u00e9sident de la commission des finances et du contr\u00f4le budg\u00e9taire, Seydou Diouf, a rejet\u00e9 ces accusations. \u2018\u2019Si nous sommes en retard sur la loi de r\u00e8glement 2021 et celle de 2022, ce n\u2019est pas parce que l\u2019Assembl\u00e9e nationale ne s\u2019est pas r\u00e9unie\u2019\u2019, a soutenu M. Diouf, membre du groupe BBY.<\/p>\n<p>\u2018\u2019L\u2019Assembl\u00e9e nationale ne peut pas examiner un projet de loi de r\u00e8glement, m\u00eame s\u2019il a \u00e9t\u00e9 d\u00e9pos\u00e9 depuis le mois de juin 2023, parce qu\u2019elle n\u2019a pas re\u00e7u le rapport d\u2019ex\u00e9cution de la Cour des comptes\u2019\u2019, a-t-il fait valoir.<\/p>\n<p><strong>(APS)<\/strong><\/p>\n","protected":false},"excerpt":{"rendered":"<p>L\u2019Assembl\u00e9e nationale a adopt\u00e9 \u00e0 une large majorit\u00e9 un projet de loi portant loi de r\u00e8glement de 2021, dans le but de permettre au gouvernement&#8230;<\/p>\n","protected":false},"author":1,"featured_media":5846,"comment_status":"closed","ping_status":"open","sticky":false,"template":"","format":"standard","meta":{"_jetpack_memberships_contains_paid_content":false,"footnotes":""},"categories":[23,8,10],"tags":[],"class_list":["post-5845","post","type-post","status-publish","format-standard","has-post-thumbnail","hentry","category-a-la-une","category-actualite-economique","category-infos-eco","wpcat-23-id","wpcat-8-id","wpcat-10-id"],"yoast_head":"<!-- This site is optimized with the Yoast SEO plugin v27.1.1 - https:\/\/yoast.com\/product\/yoast-seo-wordpress\/ -->\n<title>Les d\u00e9put\u00e9s adoptent le projet de loi portant loi de r\u00e8glement de 2021 - challenges economiques<\/title>\n<meta name=\"robots\" content=\"index, follow, max-snippet:-1, max-image-preview:large, max-video-preview:-1\" \/>\n<link rel=\"canonical\" href=\"https:\/\/challengeseconomiques.com\/?p=5845\" \/>\n<meta property=\"og:locale\" content=\"fr_FR\" \/>\n<meta property=\"og:type\" content=\"article\" \/>\n<meta property=\"og:title\" content=\"Les d\u00e9put\u00e9s adoptent le projet de loi portant loi de r\u00e8glement de 2021 - challenges economiques\" \/>\n<meta property=\"og:description\" content=\"L\u2019Assembl\u00e9e nationale a adopt\u00e9 \u00e0 une large majorit\u00e9 un projet de loi portant loi de r\u00e8glement de 2021, dans le but de permettre au gouvernement...\" \/>\n<meta property=\"og:url\" content=\"https:\/\/challengeseconomiques.com\/?p=5845\" \/>\n<meta property=\"og:site_name\" content=\"challenges economiques\" \/>\n<meta property=\"article:published_time\" content=\"2023-12-21T11:32:19+00:00\" \/>\n<meta property=\"article:modified_time\" content=\"2023-12-21T11:33:10+00:00\" \/>\n<meta property=\"og:image\" content=\"https:\/\/challengeseconomiques.com\/wp-content\/uploads\/2023\/12\/Moustapha-ba-ministre-des-Finances.jpg\" \/>\n\t<meta property=\"og:image:width\" content=\"460\" \/>\n\t<meta property=\"og:image:height\" content=\"307\" \/>\n\t<meta property=\"og:image:type\" content=\"image\/jpeg\" \/>\n<meta name=\"author\" content=\"admin\" \/>\n<meta name=\"twitter:card\" content=\"summary_large_image\" \/>\n<meta name=\"twitter:label1\" content=\"\u00c9crit par\" \/>\n\t<meta name=\"twitter:data1\" content=\"admin\" \/>\n\t<meta name=\"twitter:label2\" content=\"Dur\u00e9e de lecture estim\u00e9e\" \/>\n\t<meta name=\"twitter:data2\" content=\"3 minutes\" \/>\n<script type=\"application\/ld+json\" class=\"yoast-schema-graph\">{\"@context\":\"https:\/\/schema.org\",\"@graph\":[{\"@type\":\"Article\",\"@id\":\"https:\/\/challengeseconomiques.com\/?p=5845#article\",\"isPartOf\":{\"@id\":\"https:\/\/challengeseconomiques.com\/?p=5845\"},\"author\":{\"name\":\"admin\",\"@id\":\"https:\/\/challengeseconomiques.com\/#\/schema\/person\/b4568c9afebc5a9238a771873801e349\"},\"headline\":\"Les d\u00e9put\u00e9s adoptent le projet de loi portant loi de r\u00e8glement de 2021\",\"datePublished\":\"2023-12-21T11:32:19+00:00\",\"dateModified\":\"2023-12-21T11:33:10+00:00\",\"mainEntityOfPage\":{\"@id\":\"https:\/\/challengeseconomiques.com\/?p=5845\"},\"wordCount\":586,\"image\":{\"@id\":\"https:\/\/challengeseconomiques.com\/?p=5845#primaryimage\"},\"thumbnailUrl\":\"https:\/\/challengeseconomiques.com\/wp-content\/uploads\/2023\/12\/Moustapha-ba-ministre-des-Finances.jpg\",\"articleSection\":[\"A la une\",\"Actualit\u00e9 \u00e9conomique\",\"Infos \u00e9co\"],\"inLanguage\":\"fr-FR\"},{\"@type\":\"WebPage\",\"@id\":\"https:\/\/challengeseconomiques.com\/?p=5845\",\"url\":\"https:\/\/challengeseconomiques.com\/?p=5845\",\"name\":\"Les d\u00e9put\u00e9s adoptent le projet de loi portant loi de r\u00e8glement de 2021 - challenges economiques\",\"isPartOf\":{\"@id\":\"https:\/\/challengeseconomiques.com\/#website\"},\"primaryImageOfPage\":{\"@id\":\"https:\/\/challengeseconomiques.com\/?p=5845#primaryimage\"},\"image\":{\"@id\":\"https:\/\/challengeseconomiques.com\/?p=5845#primaryimage\"},\"thumbnailUrl\":\"https:\/\/challengeseconomiques.com\/wp-content\/uploads\/2023\/12\/Moustapha-ba-ministre-des-Finances.jpg\",\"datePublished\":\"2023-12-21T11:32:19+00:00\",\"dateModified\":\"2023-12-21T11:33:10+00:00\",\"author\":{\"@id\":\"https:\/\/challengeseconomiques.com\/#\/schema\/person\/b4568c9afebc5a9238a771873801e349\"},\"breadcrumb\":{\"@id\":\"https:\/\/challengeseconomiques.com\/?p=5845#breadcrumb\"},\"inLanguage\":\"fr-FR\",\"potentialAction\":[{\"@type\":\"ReadAction\",\"target\":[\"https:\/\/challengeseconomiques.com\/?p=5845\"]}]},{\"@type\":\"ImageObject\",\"inLanguage\":\"fr-FR\",\"@id\":\"https:\/\/challengeseconomiques.com\/?p=5845#primaryimage\",\"url\":\"https:\/\/challengeseconomiques.com\/wp-content\/uploads\/2023\/12\/Moustapha-ba-ministre-des-Finances.jpg\",\"contentUrl\":\"https:\/\/challengeseconomiques.com\/wp-content\/uploads\/2023\/12\/Moustapha-ba-ministre-des-Finances.jpg\",\"width\":460,\"height\":307},{\"@type\":\"BreadcrumbList\",\"@id\":\"https:\/\/challengeseconomiques.com\/?p=5845#breadcrumb\",\"itemListElement\":[{\"@type\":\"ListItem\",\"position\":1,\"name\":\"Home\",\"item\":\"https:\/\/challengeseconomiques.com\/\"},{\"@type\":\"ListItem\",\"position\":2,\"name\":\"Les d\u00e9put\u00e9s adoptent le projet de loi portant loi de r\u00e8glement de 2021\"}]},{\"@type\":\"WebSite\",\"@id\":\"https:\/\/challengeseconomiques.com\/#website\",\"url\":\"https:\/\/challengeseconomiques.com\/\",\"name\":\"challenges economiques\",\"description\":\"\",\"potentialAction\":[{\"@type\":\"SearchAction\",\"target\":{\"@type\":\"EntryPoint\",\"urlTemplate\":\"https:\/\/challengeseconomiques.com\/?s={search_term_string}\"},\"query-input\":{\"@type\":\"PropertyValueSpecification\",\"valueRequired\":true,\"valueName\":\"search_term_string\"}}],\"inLanguage\":\"fr-FR\"},{\"@type\":\"Person\",\"@id\":\"https:\/\/challengeseconomiques.com\/#\/schema\/person\/b4568c9afebc5a9238a771873801e349\",\"name\":\"admin\",\"image\":{\"@type\":\"ImageObject\",\"inLanguage\":\"fr-FR\",\"@id\":\"https:\/\/challengeseconomiques.com\/#\/schema\/person\/image\/\",\"url\":\"https:\/\/secure.gravatar.com\/avatar\/099e42240b5eea11acdb72751fcce0dd918603f0749d24974b7984ea47ed9fd9?s=96&d=mm&r=g\",\"contentUrl\":\"https:\/\/secure.gravatar.com\/avatar\/099e42240b5eea11acdb72751fcce0dd918603f0749d24974b7984ea47ed9fd9?s=96&d=mm&r=g\",\"caption\":\"admin\"},\"sameAs\":[\"https:\/\/challengeseconomiques.com\"],\"url\":\"https:\/\/challengeseconomiques.com\/?author=1\"}]}<\/script>\n<!-- \/ Yoast SEO plugin. -->","yoast_head_json":{"title":"Les d\u00e9put\u00e9s adoptent le projet de loi portant loi de r\u00e8glement de 2021 - challenges economiques","robots":{"index":"index","follow":"follow","max-snippet":"max-snippet:-1","max-image-preview":"max-image-preview:large","max-video-preview":"max-video-preview:-1"},"canonical":"https:\/\/challengeseconomiques.com\/?p=5845","og_locale":"fr_FR","og_type":"article","og_title":"Les d\u00e9put\u00e9s adoptent le projet de loi portant loi de r\u00e8glement de 2021 - challenges economiques","og_description":"L\u2019Assembl\u00e9e nationale a adopt\u00e9 \u00e0 une large majorit\u00e9 un projet de loi portant loi de r\u00e8glement de 2021, dans le but de permettre au gouvernement...","og_url":"https:\/\/challengeseconomiques.com\/?p=5845","og_site_name":"challenges economiques","article_published_time":"2023-12-21T11:32:19+00:00","article_modified_time":"2023-12-21T11:33:10+00:00","og_image":[{"width":460,"height":307,"url":"https:\/\/challengeseconomiques.com\/wp-content\/uploads\/2023\/12\/Moustapha-ba-ministre-des-Finances.jpg","type":"image\/jpeg"}],"author":"admin","twitter_card":"summary_large_image","twitter_misc":{"\u00c9crit par":"admin","Dur\u00e9e de lecture estim\u00e9e":"3 minutes"},"schema":{"@context":"https:\/\/schema.org","@graph":[{"@type":"Article","@id":"https:\/\/challengeseconomiques.com\/?p=5845#article","isPartOf":{"@id":"https:\/\/challengeseconomiques.com\/?p=5845"},"author":{"name":"admin","@id":"https:\/\/challengeseconomiques.com\/#\/schema\/person\/b4568c9afebc5a9238a771873801e349"},"headline":"Les d\u00e9put\u00e9s adoptent le projet de loi portant loi de r\u00e8glement de 2021","datePublished":"2023-12-21T11:32:19+00:00","dateModified":"2023-12-21T11:33:10+00:00","mainEntityOfPage":{"@id":"https:\/\/challengeseconomiques.com\/?p=5845"},"wordCount":586,"image":{"@id":"https:\/\/challengeseconomiques.com\/?p=5845#primaryimage"},"thumbnailUrl":"https:\/\/challengeseconomiques.com\/wp-content\/uploads\/2023\/12\/Moustapha-ba-ministre-des-Finances.jpg","articleSection":["A la une","Actualit\u00e9 \u00e9conomique","Infos \u00e9co"],"inLanguage":"fr-FR"},{"@type":"WebPage","@id":"https:\/\/challengeseconomiques.com\/?p=5845","url":"https:\/\/challengeseconomiques.com\/?p=5845","name":"Les d\u00e9put\u00e9s adoptent le projet de loi portant loi de r\u00e8glement de 2021 - challenges economiques","isPartOf":{"@id":"https:\/\/challengeseconomiques.com\/#website"},"primaryImageOfPage":{"@id":"https:\/\/challengeseconomiques.com\/?p=5845#primaryimage"},"image":{"@id":"https:\/\/challengeseconomiques.com\/?p=5845#primaryimage"},"thumbnailUrl":"https:\/\/challengeseconomiques.com\/wp-content\/uploads\/2023\/12\/Moustapha-ba-ministre-des-Finances.jpg","datePublished":"2023-12-21T11:32:19+00:00","dateModified":"2023-12-21T11:33:10+00:00","author":{"@id":"https:\/\/challengeseconomiques.com\/#\/schema\/person\/b4568c9afebc5a9238a771873801e349"},"breadcrumb":{"@id":"https:\/\/challengeseconomiques.com\/?p=5845#breadcrumb"},"inLanguage":"fr-FR","potentialAction":[{"@type":"ReadAction","target":["https:\/\/challengeseconomiques.com\/?p=5845"]}]},{"@type":"ImageObject","inLanguage":"fr-FR","@id":"https:\/\/challengeseconomiques.com\/?p=5845#primaryimage","url":"https:\/\/challengeseconomiques.com\/wp-content\/uploads\/2023\/12\/Moustapha-ba-ministre-des-Finances.jpg","contentUrl":"https:\/\/challengeseconomiques.com\/wp-content\/uploads\/2023\/12\/Moustapha-ba-ministre-des-Finances.jpg","width":460,"height":307},{"@type":"BreadcrumbList","@id":"https:\/\/challengeseconomiques.com\/?p=5845#breadcrumb","itemListElement":[{"@type":"ListItem","position":1,"name":"Home","item":"https:\/\/challengeseconomiques.com\/"},{"@type":"ListItem","position":2,"name":"Les d\u00e9put\u00e9s adoptent le projet de loi portant loi de r\u00e8glement de 2021"}]},{"@type":"WebSite","@id":"https:\/\/challengeseconomiques.com\/#website","url":"https:\/\/challengeseconomiques.com\/","name":"challenges economiques","description":"","potentialAction":[{"@type":"SearchAction","target":{"@type":"EntryPoint","urlTemplate":"https:\/\/challengeseconomiques.com\/?s={search_term_string}"},"query-input":{"@type":"PropertyValueSpecification","valueRequired":true,"valueName":"search_term_string"}}],"inLanguage":"fr-FR"},{"@type":"Person","@id":"https:\/\/challengeseconomiques.com\/#\/schema\/person\/b4568c9afebc5a9238a771873801e349","name":"admin","image":{"@type":"ImageObject","inLanguage":"fr-FR","@id":"https:\/\/challengeseconomiques.com\/#\/schema\/person\/image\/","url":"https:\/\/secure.gravatar.com\/avatar\/099e42240b5eea11acdb72751fcce0dd918603f0749d24974b7984ea47ed9fd9?s=96&d=mm&r=g","contentUrl":"https:\/\/secure.gravatar.com\/avatar\/099e42240b5eea11acdb72751fcce0dd918603f0749d24974b7984ea47ed9fd9?s=96&d=mm&r=g","caption":"admin"},"sameAs":["https:\/\/challengeseconomiques.com"],"url":"https:\/\/challengeseconomiques.com\/?author=1"}]}},"jetpack_featured_media_url":"https:\/\/challengeseconomiques.com\/wp-content\/uploads\/2023\/12\/Moustapha-ba-ministre-des-Finances.jpg","jetpack_sharing_enabled":true,"_links":{"self":[{"href":"https:\/\/challengeseconomiques.com\/index.php?rest_route=\/wp\/v2\/posts\/5845","targetHints":{"allow":["GET"]}}],"collection":[{"href":"https:\/\/challengeseconomiques.com\/index.php?rest_route=\/wp\/v2\/posts"}],"about":[{"href":"https:\/\/challengeseconomiques.com\/index.php?rest_route=\/wp\/v2\/types\/post"}],"author":[{"embeddable":true,"href":"https:\/\/challengeseconomiques.com\/index.php?rest_route=\/wp\/v2\/users\/1"}],"replies":[{"embeddable":true,"href":"https:\/\/challengeseconomiques.com\/index.php?rest_route=%2Fwp%2Fv2%2Fcomments&post=5845"}],"version-history":[{"count":1,"href":"https:\/\/challengeseconomiques.com\/index.php?rest_route=\/wp\/v2\/posts\/5845\/revisions"}],"predecessor-version":[{"id":5847,"href":"https:\/\/challengeseconomiques.com\/index.php?rest_route=\/wp\/v2\/posts\/5845\/revisions\/5847"}],"wp:featuredmedia":[{"embeddable":true,"href":"https:\/\/challengeseconomiques.com\/index.php?rest_route=\/wp\/v2\/media\/5846"}],"wp:attachment":[{"href":"https:\/\/challengeseconomiques.com\/index.php?rest_route=%2Fwp%2Fv2%2Fmedia&parent=5845"}],"wp:term":[{"taxonomy":"category","embeddable":true,"href":"https:\/\/challengeseconomiques.com\/index.php?rest_route=%2Fwp%2Fv2%2Fcategories&post=5845"},{"taxonomy":"post_tag","embeddable":true,"href":"https:\/\/challengeseconomiques.com\/index.php?rest_route=%2Fwp%2Fv2%2Ftags&post=5845"}],"curies":[{"name":"wp","href":"https:\/\/api.w.org\/{rel}","templated":true}]}}