{"id":5840,"date":"2023-12-20T23:05:53","date_gmt":"2023-12-20T23:05:53","guid":{"rendered":"https:\/\/challengeseconomiques.com\/?p=5840"},"modified":"2023-12-20T23:08:01","modified_gmt":"2023-12-20T23:08:01","slug":"fidak-2023-plaidoyer-en-faveur-des-femmes-entrepreneures-pour-la-souverainete-alimentaire","status":"publish","type":"post","link":"https:\/\/challengeseconomiques.com\/?p=5840","title":{"rendered":"FIDAK 2023 : Plaidoyer en faveur des femmes entrepreneures pour la souverainet\u00e9 alimentaire"},"content":{"rendered":"<p><strong>La Soci\u00e9t\u00e9 d\u2019Exploitation du March\u00e9 d\u2019Int\u00e9r\u00eat National et de la Gare des Gros Porteurs (SEMIG) a c\u00e9l\u00e9br\u00e9 sa Journ\u00e9e \u00e0 la 31<sup>\u00e8me<\/sup> Foire Internationale de Dakar (FIDAK), le mardi 19 d\u00e9cembre 2023. Cette manifestation \u00e9conomique a \u00e9t\u00e9 marqu\u00e9e par l\u2019organisation d\u2019un panel autour du th\u00e8me suivant\u00a0: \u00ab\u00a0Le r\u00f4le et la place des femmes dans la construction de la souverainet\u00e9 alimentaire\u00a0\u00bb. Les officiels et les experts ont saisi l\u2019occasion pour plaider en faveur des femmes entrepreneures afin qu\u2019elles puissent mieux contribuer \u00e0 l\u2019autosuffisance alimentaire. <\/strong><\/p>\n<p>\u00ab\u00a0Les femmes sont des cr\u00e9atrices historiques de connaissances en mati\u00e8re alimentaire et agricole, m\u00eame s\u2019il reste encore du chemin \u00e0 parcourir pour la pleine reconnaissance de leur contribution\u00a0\u00bb, a soulign\u00e9 <em>Mme<\/em>\u00a0Fatoumata Niang Ba, directrice de la SEMIG.<br \/>\nIl est d\u00e8s lors n\u00e9cessaire de poser le d\u00e9bat de la valorisation de ce patrimoine et du renforcement de leurs capacit\u00e9s de production, conservation et commercialisation, a-t-elle ajout\u00e9.<br \/>\nLes femmes sont, d\u2019apr\u00e8s elle, d\u2019un bout \u00e0 l\u2019autre de la chaine de valeur agricole. Dans ce cadre, Mme Ba a plaid\u00e9 pour un soutien accru aux op\u00e9ratrices \u00e9conomiques afin qu\u2019elles puissent contribuer de fa\u00e7on substantielle \u00e0 l\u2019atteinte de la souverainet\u00e9 alimentaire.<\/p>\n<p><strong>Freins \u00e0 l\u2019autonomisation des femmes<\/strong><\/p>\n<p>La reconnaissance et le respect des r\u00f4les et des droits des femmes dans la production alimentaire deviennent des pr\u00e9requis pour instaurer les bases d\u2019un syst\u00e8me alimentaire durable bas\u00e9 sur une agriculture moderne \u00e0 forte valeur ajout\u00e9e, a-t-il d\u00e9clar\u00e9.<br \/>\nPour sa part, Ameth Tidiane Dia, qui repr\u00e9sentait le Ministre du Commerce, de la Consommation et des PME a d\u00e9plor\u00e9 certains freins non seulement \u00e0 l\u2019autonomisation des femmes mais aussi \u00e0 leur participation \u00e0 la politique de souverainet\u00e9 alimentaire.<br \/>\nLa participation des femmes \u00e0 l\u2019activit\u00e9 \u00e9conomique est de 33,3% contre 69% pour les hommes. Le ch\u00f4mage touche 40,4% de la population f\u00e9minine contre 18% de la population masculine, a-t-il r\u00e9v\u00e9l\u00e9.<br \/>\nAmeth Tidiane Dia estime qu\u2019il faut se battre dans l\u2019orientation et le choix des politiques agricoles (qui drainent des masses \u00e9normes de capitaux nationaux et de financements externes), pour que des dispositifs incitatifs et contraignants en faveur de la femme soient accept\u00e9s par les d\u00e9cideurs publics et mis en \u0153uvre.<\/p>\n<p><strong>\u00a0<\/strong><strong>Plaidoyer pour les femmes<\/strong><\/p>\n<p>La repr\u00e9sentante d\u2019ONU-Femmes Mme Seynabou Sarr a \u00e9galement cit\u00e9 des statistiques de la Direction de l\u2019Analyse, de la Pr\u00e9vision et des Statistiques Agricoles (DAPSA) et de l\u2019Agence Nationale de la Statistique et de la D\u00e9mographie\u00a0 (ANSD) pour illustrer la place de femmes dans l\u2019\u00e9conomie notamment dans le secteur agricole.<br \/>\nSelon elle, les femmes repr\u00e9sentent entre 60% et 80% de la main-d\u2019\u0153uvre agricole. Cependant, seul 10% des femmes sont des propri\u00e9taires de terres.<br \/>\nEn outre, la gent f\u00e9minine rencontre des probl\u00e8mes pour l\u2019acc\u00e8s aux intrants agricoles qui sont g\u00e9n\u00e9ralement distribu\u00e9s aux chefs de carr\u00e9, alors que seulement 15 % des femmes sont des chefs de famille. A cause des charges m\u00e9nag\u00e8res, les femmes n\u2019ont pas assez de temps pour valoriser leurs activit\u00e9s agricoles, a-t-elle signal\u00e9.<br \/>\nAinsi, Mme Seynabou Sarr a vivement plaid\u00e9 en faveur des femmes afin qu\u2019elles puissent mieux tirer profit des opportunit\u00e9s dans le secteur agricole et contribuer davantage \u00e0 la souverainet\u00e9 alimentaire du S\u00e9n\u00e9gal.<\/p>\n<p><strong>Joseph SENE<\/strong> (BIE)<\/p>\n","protected":false},"excerpt":{"rendered":"<p>La Soci\u00e9t\u00e9 d\u2019Exploitation du March\u00e9 d\u2019Int\u00e9r\u00eat National et de la Gare des Gros Porteurs (SEMIG) a c\u00e9l\u00e9br\u00e9 sa Journ\u00e9e \u00e0 la 31\u00e8me Foire Internationale de&#8230;<\/p>\n","protected":false},"author":1,"featured_media":5841,"comment_status":"closed","ping_status":"open","sticky":false,"template":"","format":"standard","meta":{"_jetpack_memberships_contains_paid_content":false,"footnotes":""},"categories":[8,10],"tags":[],"class_list":["post-5840","post","type-post","status-publish","format-standard","has-post-thumbnail","hentry","category-actualite-economique","category-infos-eco","wpcat-8-id","wpcat-10-id"],"yoast_head":"<!-- This site is optimized with the Yoast SEO plugin v27.1.1 - https:\/\/yoast.com\/product\/yoast-seo-wordpress\/ -->\n<title>FIDAK 2023 : Plaidoyer en faveur des femmes entrepreneures pour la souverainet\u00e9 alimentaire - challenges economiques<\/title>\n<meta name=\"robots\" content=\"index, follow, max-snippet:-1, max-image-preview:large, max-video-preview:-1\" \/>\n<link rel=\"canonical\" href=\"https:\/\/challengeseconomiques.com\/?p=5840\" \/>\n<meta property=\"og:locale\" content=\"fr_FR\" \/>\n<meta property=\"og:type\" content=\"article\" \/>\n<meta property=\"og:title\" content=\"FIDAK 2023 : Plaidoyer en faveur des femmes entrepreneures pour la souverainet\u00e9 alimentaire - challenges economiques\" \/>\n<meta property=\"og:description\" content=\"La Soci\u00e9t\u00e9 d\u2019Exploitation du March\u00e9 d\u2019Int\u00e9r\u00eat National et de la Gare des Gros Porteurs (SEMIG) a c\u00e9l\u00e9br\u00e9 sa Journ\u00e9e \u00e0 la 31\u00e8me Foire Internationale de...\" \/>\n<meta property=\"og:url\" content=\"https:\/\/challengeseconomiques.com\/?p=5840\" \/>\n<meta property=\"og:site_name\" content=\"challenges economiques\" \/>\n<meta property=\"article:published_time\" content=\"2023-12-20T23:05:53+00:00\" \/>\n<meta property=\"article:modified_time\" content=\"2023-12-20T23:08:01+00:00\" \/>\n<meta property=\"og:image\" content=\"https:\/\/challengeseconomiques.com\/wp-content\/uploads\/2023\/12\/MIN_FIDAK_2023_6.jpeg\" \/>\n\t<meta property=\"og:image:width\" content=\"1080\" \/>\n\t<meta property=\"og:image:height\" content=\"720\" \/>\n\t<meta property=\"og:image:type\" content=\"image\/jpeg\" \/>\n<meta name=\"author\" content=\"admin\" \/>\n<meta name=\"twitter:card\" content=\"summary_large_image\" \/>\n<meta name=\"twitter:label1\" content=\"\u00c9crit par\" \/>\n\t<meta name=\"twitter:data1\" content=\"admin\" \/>\n\t<meta name=\"twitter:label2\" content=\"Dur\u00e9e de lecture estim\u00e9e\" \/>\n\t<meta name=\"twitter:data2\" content=\"3 minutes\" \/>\n<script type=\"application\/ld+json\" class=\"yoast-schema-graph\">{\"@context\":\"https:\/\/schema.org\",\"@graph\":[{\"@type\":\"Article\",\"@id\":\"https:\/\/challengeseconomiques.com\/?p=5840#article\",\"isPartOf\":{\"@id\":\"https:\/\/challengeseconomiques.com\/?p=5840\"},\"author\":{\"name\":\"admin\",\"@id\":\"https:\/\/challengeseconomiques.com\/#\/schema\/person\/b4568c9afebc5a9238a771873801e349\"},\"headline\":\"FIDAK 2023 : Plaidoyer en faveur des femmes entrepreneures pour la souverainet\u00e9 alimentaire\",\"datePublished\":\"2023-12-20T23:05:53+00:00\",\"dateModified\":\"2023-12-20T23:08:01+00:00\",\"mainEntityOfPage\":{\"@id\":\"https:\/\/challengeseconomiques.com\/?p=5840\"},\"wordCount\":582,\"image\":{\"@id\":\"https:\/\/challengeseconomiques.com\/?p=5840#primaryimage\"},\"thumbnailUrl\":\"https:\/\/challengeseconomiques.com\/wp-content\/uploads\/2023\/12\/MIN_FIDAK_2023_6.jpeg\",\"articleSection\":[\"Actualit\u00e9 \u00e9conomique\",\"Infos \u00e9co\"],\"inLanguage\":\"fr-FR\"},{\"@type\":\"WebPage\",\"@id\":\"https:\/\/challengeseconomiques.com\/?p=5840\",\"url\":\"https:\/\/challengeseconomiques.com\/?p=5840\",\"name\":\"FIDAK 2023 : Plaidoyer en faveur des femmes entrepreneures pour la souverainet\u00e9 alimentaire - challenges economiques\",\"isPartOf\":{\"@id\":\"https:\/\/challengeseconomiques.com\/#website\"},\"primaryImageOfPage\":{\"@id\":\"https:\/\/challengeseconomiques.com\/?p=5840#primaryimage\"},\"image\":{\"@id\":\"https:\/\/challengeseconomiques.com\/?p=5840#primaryimage\"},\"thumbnailUrl\":\"https:\/\/challengeseconomiques.com\/wp-content\/uploads\/2023\/12\/MIN_FIDAK_2023_6.jpeg\",\"datePublished\":\"2023-12-20T23:05:53+00:00\",\"dateModified\":\"2023-12-20T23:08:01+00:00\",\"author\":{\"@id\":\"https:\/\/challengeseconomiques.com\/#\/schema\/person\/b4568c9afebc5a9238a771873801e349\"},\"breadcrumb\":{\"@id\":\"https:\/\/challengeseconomiques.com\/?p=5840#breadcrumb\"},\"inLanguage\":\"fr-FR\",\"potentialAction\":[{\"@type\":\"ReadAction\",\"target\":[\"https:\/\/challengeseconomiques.com\/?p=5840\"]}]},{\"@type\":\"ImageObject\",\"inLanguage\":\"fr-FR\",\"@id\":\"https:\/\/challengeseconomiques.com\/?p=5840#primaryimage\",\"url\":\"https:\/\/challengeseconomiques.com\/wp-content\/uploads\/2023\/12\/MIN_FIDAK_2023_6.jpeg\",\"contentUrl\":\"https:\/\/challengeseconomiques.com\/wp-content\/uploads\/2023\/12\/MIN_FIDAK_2023_6.jpeg\",\"width\":1080,\"height\":720},{\"@type\":\"BreadcrumbList\",\"@id\":\"https:\/\/challengeseconomiques.com\/?p=5840#breadcrumb\",\"itemListElement\":[{\"@type\":\"ListItem\",\"position\":1,\"name\":\"Home\",\"item\":\"https:\/\/challengeseconomiques.com\/\"},{\"@type\":\"ListItem\",\"position\":2,\"name\":\"FIDAK 2023 : Plaidoyer en faveur des femmes entrepreneures pour la souverainet\u00e9 alimentaire\"}]},{\"@type\":\"WebSite\",\"@id\":\"https:\/\/challengeseconomiques.com\/#website\",\"url\":\"https:\/\/challengeseconomiques.com\/\",\"name\":\"challenges economiques\",\"description\":\"\",\"potentialAction\":[{\"@type\":\"SearchAction\",\"target\":{\"@type\":\"EntryPoint\",\"urlTemplate\":\"https:\/\/challengeseconomiques.com\/?s={search_term_string}\"},\"query-input\":{\"@type\":\"PropertyValueSpecification\",\"valueRequired\":true,\"valueName\":\"search_term_string\"}}],\"inLanguage\":\"fr-FR\"},{\"@type\":\"Person\",\"@id\":\"https:\/\/challengeseconomiques.com\/#\/schema\/person\/b4568c9afebc5a9238a771873801e349\",\"name\":\"admin\",\"image\":{\"@type\":\"ImageObject\",\"inLanguage\":\"fr-FR\",\"@id\":\"https:\/\/challengeseconomiques.com\/#\/schema\/person\/image\/\",\"url\":\"https:\/\/secure.gravatar.com\/avatar\/099e42240b5eea11acdb72751fcce0dd918603f0749d24974b7984ea47ed9fd9?s=96&d=mm&r=g\",\"contentUrl\":\"https:\/\/secure.gravatar.com\/avatar\/099e42240b5eea11acdb72751fcce0dd918603f0749d24974b7984ea47ed9fd9?s=96&d=mm&r=g\",\"caption\":\"admin\"},\"sameAs\":[\"https:\/\/challengeseconomiques.com\"],\"url\":\"https:\/\/challengeseconomiques.com\/?author=1\"}]}<\/script>\n<!-- \/ Yoast SEO plugin. -->","yoast_head_json":{"title":"FIDAK 2023 : Plaidoyer en faveur des femmes entrepreneures pour la souverainet\u00e9 alimentaire - challenges economiques","robots":{"index":"index","follow":"follow","max-snippet":"max-snippet:-1","max-image-preview":"max-image-preview:large","max-video-preview":"max-video-preview:-1"},"canonical":"https:\/\/challengeseconomiques.com\/?p=5840","og_locale":"fr_FR","og_type":"article","og_title":"FIDAK 2023 : Plaidoyer en faveur des femmes entrepreneures pour la souverainet\u00e9 alimentaire - challenges economiques","og_description":"La Soci\u00e9t\u00e9 d\u2019Exploitation du March\u00e9 d\u2019Int\u00e9r\u00eat National et de la Gare des Gros Porteurs (SEMIG) a c\u00e9l\u00e9br\u00e9 sa Journ\u00e9e \u00e0 la 31\u00e8me Foire Internationale de...","og_url":"https:\/\/challengeseconomiques.com\/?p=5840","og_site_name":"challenges economiques","article_published_time":"2023-12-20T23:05:53+00:00","article_modified_time":"2023-12-20T23:08:01+00:00","og_image":[{"width":1080,"height":720,"url":"https:\/\/challengeseconomiques.com\/wp-content\/uploads\/2023\/12\/MIN_FIDAK_2023_6.jpeg","type":"image\/jpeg"}],"author":"admin","twitter_card":"summary_large_image","twitter_misc":{"\u00c9crit par":"admin","Dur\u00e9e de lecture estim\u00e9e":"3 minutes"},"schema":{"@context":"https:\/\/schema.org","@graph":[{"@type":"Article","@id":"https:\/\/challengeseconomiques.com\/?p=5840#article","isPartOf":{"@id":"https:\/\/challengeseconomiques.com\/?p=5840"},"author":{"name":"admin","@id":"https:\/\/challengeseconomiques.com\/#\/schema\/person\/b4568c9afebc5a9238a771873801e349"},"headline":"FIDAK 2023 : Plaidoyer en faveur des femmes entrepreneures pour la souverainet\u00e9 alimentaire","datePublished":"2023-12-20T23:05:53+00:00","dateModified":"2023-12-20T23:08:01+00:00","mainEntityOfPage":{"@id":"https:\/\/challengeseconomiques.com\/?p=5840"},"wordCount":582,"image":{"@id":"https:\/\/challengeseconomiques.com\/?p=5840#primaryimage"},"thumbnailUrl":"https:\/\/challengeseconomiques.com\/wp-content\/uploads\/2023\/12\/MIN_FIDAK_2023_6.jpeg","articleSection":["Actualit\u00e9 \u00e9conomique","Infos \u00e9co"],"inLanguage":"fr-FR"},{"@type":"WebPage","@id":"https:\/\/challengeseconomiques.com\/?p=5840","url":"https:\/\/challengeseconomiques.com\/?p=5840","name":"FIDAK 2023 : Plaidoyer en faveur des femmes entrepreneures pour la souverainet\u00e9 alimentaire - challenges economiques","isPartOf":{"@id":"https:\/\/challengeseconomiques.com\/#website"},"primaryImageOfPage":{"@id":"https:\/\/challengeseconomiques.com\/?p=5840#primaryimage"},"image":{"@id":"https:\/\/challengeseconomiques.com\/?p=5840#primaryimage"},"thumbnailUrl":"https:\/\/challengeseconomiques.com\/wp-content\/uploads\/2023\/12\/MIN_FIDAK_2023_6.jpeg","datePublished":"2023-12-20T23:05:53+00:00","dateModified":"2023-12-20T23:08:01+00:00","author":{"@id":"https:\/\/challengeseconomiques.com\/#\/schema\/person\/b4568c9afebc5a9238a771873801e349"},"breadcrumb":{"@id":"https:\/\/challengeseconomiques.com\/?p=5840#breadcrumb"},"inLanguage":"fr-FR","potentialAction":[{"@type":"ReadAction","target":["https:\/\/challengeseconomiques.com\/?p=5840"]}]},{"@type":"ImageObject","inLanguage":"fr-FR","@id":"https:\/\/challengeseconomiques.com\/?p=5840#primaryimage","url":"https:\/\/challengeseconomiques.com\/wp-content\/uploads\/2023\/12\/MIN_FIDAK_2023_6.jpeg","contentUrl":"https:\/\/challengeseconomiques.com\/wp-content\/uploads\/2023\/12\/MIN_FIDAK_2023_6.jpeg","width":1080,"height":720},{"@type":"BreadcrumbList","@id":"https:\/\/challengeseconomiques.com\/?p=5840#breadcrumb","itemListElement":[{"@type":"ListItem","position":1,"name":"Home","item":"https:\/\/challengeseconomiques.com\/"},{"@type":"ListItem","position":2,"name":"FIDAK 2023 : Plaidoyer en faveur des femmes entrepreneures pour la souverainet\u00e9 alimentaire"}]},{"@type":"WebSite","@id":"https:\/\/challengeseconomiques.com\/#website","url":"https:\/\/challengeseconomiques.com\/","name":"challenges economiques","description":"","potentialAction":[{"@type":"SearchAction","target":{"@type":"EntryPoint","urlTemplate":"https:\/\/challengeseconomiques.com\/?s={search_term_string}"},"query-input":{"@type":"PropertyValueSpecification","valueRequired":true,"valueName":"search_term_string"}}],"inLanguage":"fr-FR"},{"@type":"Person","@id":"https:\/\/challengeseconomiques.com\/#\/schema\/person\/b4568c9afebc5a9238a771873801e349","name":"admin","image":{"@type":"ImageObject","inLanguage":"fr-FR","@id":"https:\/\/challengeseconomiques.com\/#\/schema\/person\/image\/","url":"https:\/\/secure.gravatar.com\/avatar\/099e42240b5eea11acdb72751fcce0dd918603f0749d24974b7984ea47ed9fd9?s=96&d=mm&r=g","contentUrl":"https:\/\/secure.gravatar.com\/avatar\/099e42240b5eea11acdb72751fcce0dd918603f0749d24974b7984ea47ed9fd9?s=96&d=mm&r=g","caption":"admin"},"sameAs":["https:\/\/challengeseconomiques.com"],"url":"https:\/\/challengeseconomiques.com\/?author=1"}]}},"jetpack_featured_media_url":"https:\/\/challengeseconomiques.com\/wp-content\/uploads\/2023\/12\/MIN_FIDAK_2023_6.jpeg","jetpack_sharing_enabled":true,"_links":{"self":[{"href":"https:\/\/challengeseconomiques.com\/index.php?rest_route=\/wp\/v2\/posts\/5840","targetHints":{"allow":["GET"]}}],"collection":[{"href":"https:\/\/challengeseconomiques.com\/index.php?rest_route=\/wp\/v2\/posts"}],"about":[{"href":"https:\/\/challengeseconomiques.com\/index.php?rest_route=\/wp\/v2\/types\/post"}],"author":[{"embeddable":true,"href":"https:\/\/challengeseconomiques.com\/index.php?rest_route=\/wp\/v2\/users\/1"}],"replies":[{"embeddable":true,"href":"https:\/\/challengeseconomiques.com\/index.php?rest_route=%2Fwp%2Fv2%2Fcomments&post=5840"}],"version-history":[{"count":1,"href":"https:\/\/challengeseconomiques.com\/index.php?rest_route=\/wp\/v2\/posts\/5840\/revisions"}],"predecessor-version":[{"id":5842,"href":"https:\/\/challengeseconomiques.com\/index.php?rest_route=\/wp\/v2\/posts\/5840\/revisions\/5842"}],"wp:featuredmedia":[{"embeddable":true,"href":"https:\/\/challengeseconomiques.com\/index.php?rest_route=\/wp\/v2\/media\/5841"}],"wp:attachment":[{"href":"https:\/\/challengeseconomiques.com\/index.php?rest_route=%2Fwp%2Fv2%2Fmedia&parent=5840"}],"wp:term":[{"taxonomy":"category","embeddable":true,"href":"https:\/\/challengeseconomiques.com\/index.php?rest_route=%2Fwp%2Fv2%2Fcategories&post=5840"},{"taxonomy":"post_tag","embeddable":true,"href":"https:\/\/challengeseconomiques.com\/index.php?rest_route=%2Fwp%2Fv2%2Ftags&post=5840"}],"curies":[{"name":"wp","href":"https:\/\/api.w.org\/{rel}","templated":true}]}}