{"id":5833,"date":"2023-12-19T10:33:25","date_gmt":"2023-12-19T10:33:25","guid":{"rendered":"https:\/\/challengeseconomiques.com\/?p=5833"},"modified":"2023-12-19T10:33:57","modified_gmt":"2023-12-19T10:33:57","slug":"senegal-elevage-les-deputes-adoptent-a-lunanimite-le-projet-de-loi-portant-code-pastoral","status":"publish","type":"post","link":"https:\/\/challengeseconomiques.com\/?p=5833","title":{"rendered":"SENEGAL-ELEVAGE \/ Les d\u00e9put\u00e9s adoptent \u00e0 l\u2019unanimit\u00e9 le projet de loi portant code pastoral"},"content":{"rendered":"<p><strong>Les d\u00e9put\u00e9s ont adopt\u00e9 \u00e0 l\u2019unanimit\u00e9 le projet de loi portant code pastoral, dans le but de \u00ab garantir aux pasteurs et \u00e9leveurs l\u2019acc\u00e8s aux ressources pastorales \u00bb, a constat\u00e9 l\u2019APS, lundi, \u00e0 Dakar.<\/strong><\/p>\n<p>\u00ab\u00a0Ce projet de loi vise essentiellement \u00e0 garantir aux pasteurs et \u00e9leveurs l\u2019acc\u00e8s aux ressources pastorales en vue d\u2019une exploration optimale, dans le respect strict des lois et r\u00e8glements en vigueur, des droits des usagers du milieu rural\u00a0\u00bb, a expliqu\u00e9 aux d\u00e9put\u00e9s le ministre de l\u2019\u00c9levage et des Productions animales, Daouda Dia.<\/p>\n<p>L\u2019\u00e9levage \u00e9tait jusque-l\u00e0 encadr\u00e9 par un d\u00e9cret du 10 mars 1980 et une loi d\u2019orientation agrosylvopastorale du 4 juin 2004, qui ont atteint leurs \u00ab\u00a0limites\u00a0\u00bb, en ce qui concerne notamment \u00ab\u00a0les aspects li\u00e9s au changement climatique et \u00e0 l\u2019exploitation de l\u2019espace rural, une source potentielle de conflits entre les usagers\u00a0\u00bb, a signal\u00e9 M. Dia.<\/p>\n<p>La loi d\u2019orientation du 4 juin 2004 pr\u00e9voyait \u00ab\u00a0une actualisation du d\u00e9cret [\u2026] du 10 mars 1980\u00a0\u00bb, en ce qui concerne le parcours du b\u00e9tail.<\/p>\n<p><strong>\u00ab\u00a0\u00c9radiquer les conflits entre agriculteurs et \u00e9leveurs\u00a0\u00bb<\/strong><\/p>\n<p>Mais il existe encore un \u00ab\u00a0vide juridique\u00a0\u00bb, qui \u00ab\u00a0entra\u00eene de multiples contraintes, en particulier la r\u00e9duction de l\u2019espace p\u00e2turable, la d\u00e9gradation des ressources naturelles, l\u2019occupation des espaces pastoraux strat\u00e9giques par d\u2019autres activit\u00e9s \u00e9conomiques, la fermeture des pistes \u00e0 b\u00e9tail permettant d\u2019acc\u00e9der aux points d\u2019eau et les conflits entre \u00e9leveurs et agriculteurs\u00a0\u00bb, a signal\u00e9 Daouda Dia.<\/p>\n<p>Selon le ministre de l\u2019\u00c9levage et des Productions animales, c\u2019est pour parer \u00e0 ces manquements que le gouvernement a \u00e9labor\u00e9 le projet de loi adopt\u00e9 ce lundi par les d\u00e9put\u00e9s.<\/p>\n<p>Le but vis\u00e9 est d\u2019\u00ab encadrer le pastoralisme\u00a0\u00bb et de favoriser \u00ab\u00a0la cr\u00e9ation d\u2019un environnement favorable au d\u00e9veloppement durable des syst\u00e8mes d\u2019\u00e9levage\u00a0\u00bb, a expliqu\u00e9 M. Dia.<\/p>\n<p>Les parlementaires ont jug\u00e9 le projet de code pastoral tr\u00e8s important pour l\u2019\u00e9levage national.<\/p>\n<p>\u00ab\u00a0Il entre en droite ligne de la mont\u00e9e en puissance du secteur de l\u2019\u00e9levage dans le produit brut national\u00a0\u00bb, a dit le d\u00e9put\u00e9 Ndary Loum, membre du groupe Benno Bokk Yaakaar (BBY). \u00ab\u00a0Son adoption permet d\u2019\u00e9radiquer les conflits entre agriculteurs et \u00e9leveurs\u00a0\u00bb, a-t-il soulign\u00e9.<\/p>\n<p><strong>\u00ab\u00a0Faire pr\u00e9valoir le respect mutuel entre\u00a0\u00bb \u00e9leveurs et agriculteurs<\/strong><\/p>\n<p>Les d\u00e9put\u00e9s ont demand\u00e9 aussi au ministre de l\u2019\u00c9levage et des Productions animales de d\u00e9rouler une campagne de communication \u00e0 l\u2019aide des radios communautaires, pour bien informer les \u00e9leveurs de l\u2019existence de la nouvelle loi et de son contenu.<\/p>\n<p>Le recours \u00e0 ce moyen de communication \u00ab\u00a0permettra aux acteurs concern\u00e9s d\u2019appr\u00e9hender toute son importance\u00a0\u00bb, a soulign\u00e9 Ibrahima Baba Sall, membre du groupe BBY et premier vice-pr\u00e9sident de l\u2019Assembl\u00e9e nationale.<\/p>\n<p>Le ministre dit envisager une traduction du code pastoral dans les langues nationales, afin qu\u2019il soit compris d\u2019un grand nombre d\u2019\u00e9leveurs.<\/p>\n<p>\u00ab\u00a0La traduction se fera en version orale, \u00e0 travers les radios communautaires notamment\u00a0\u00bb, a-t-il promis.<\/p>\n<p>\u00ab\u00a0C\u2019est n\u00e9cessaire d\u2019instaurer un dialogue permanent [\u2026] entre ces deux acteurs, pour assainir leurs relations et faire pr\u00e9valoir le respect mutuel entre eux\u00a0\u00bb, a dit M. Dia, en parlant de l\u2019\u00e9leveur et de l\u2019agriculteur.<\/p>\n<p>Il a promis, par ailleurs, de soutenir une application rigoureuse du code p\u00e9nal, en ce qui concerne le vol de b\u00e9tail, pour l\u2019\u00e9radiquer ou r\u00e9duire son ampleur.<\/p>\n<p>(APS)<\/p>\n","protected":false},"excerpt":{"rendered":"<p>Les d\u00e9put\u00e9s ont adopt\u00e9 \u00e0 l\u2019unanimit\u00e9 le projet de loi portant code pastoral, dans le but de \u00ab garantir aux pasteurs et \u00e9leveurs l\u2019acc\u00e8s aux&#8230;<\/p>\n","protected":false},"author":1,"featured_media":5706,"comment_status":"closed","ping_status":"open","sticky":false,"template":"","format":"standard","meta":{"_jetpack_memberships_contains_paid_content":false,"footnotes":""},"categories":[23,8],"tags":[],"class_list":["post-5833","post","type-post","status-publish","format-standard","has-post-thumbnail","hentry","category-a-la-une","category-actualite-economique","wpcat-23-id","wpcat-8-id"],"yoast_head":"<!-- This site is optimized with the Yoast SEO plugin v27.1.1 - https:\/\/yoast.com\/product\/yoast-seo-wordpress\/ -->\n<title>SENEGAL-ELEVAGE \/ Les d\u00e9put\u00e9s adoptent \u00e0 l\u2019unanimit\u00e9 le projet de loi portant code pastoral - challenges economiques<\/title>\n<meta name=\"robots\" content=\"index, follow, max-snippet:-1, max-image-preview:large, max-video-preview:-1\" \/>\n<link rel=\"canonical\" href=\"https:\/\/challengeseconomiques.com\/?p=5833\" \/>\n<meta property=\"og:locale\" content=\"fr_FR\" \/>\n<meta property=\"og:type\" content=\"article\" \/>\n<meta property=\"og:title\" content=\"SENEGAL-ELEVAGE \/ Les d\u00e9put\u00e9s adoptent \u00e0 l\u2019unanimit\u00e9 le projet de loi portant code pastoral - challenges economiques\" \/>\n<meta property=\"og:description\" content=\"Les d\u00e9put\u00e9s ont adopt\u00e9 \u00e0 l\u2019unanimit\u00e9 le projet de loi portant code pastoral, dans le but de \u00ab garantir aux pasteurs et \u00e9leveurs l\u2019acc\u00e8s aux...\" \/>\n<meta property=\"og:url\" content=\"https:\/\/challengeseconomiques.com\/?p=5833\" \/>\n<meta property=\"og:site_name\" content=\"challenges economiques\" \/>\n<meta property=\"article:published_time\" content=\"2023-12-19T10:33:25+00:00\" \/>\n<meta property=\"article:modified_time\" content=\"2023-12-19T10:33:57+00:00\" \/>\n<meta property=\"og:image\" content=\"https:\/\/challengeseconomiques.com\/wp-content\/uploads\/2023\/11\/Daouda-Dia.webp\" \/>\n\t<meta property=\"og:image:width\" content=\"689\" \/>\n\t<meta property=\"og:image:height\" content=\"594\" \/>\n\t<meta property=\"og:image:type\" content=\"image\/webp\" \/>\n<meta name=\"author\" content=\"admin\" \/>\n<meta name=\"twitter:card\" content=\"summary_large_image\" \/>\n<meta name=\"twitter:label1\" content=\"\u00c9crit par\" \/>\n\t<meta name=\"twitter:data1\" content=\"admin\" \/>\n\t<meta name=\"twitter:label2\" content=\"Dur\u00e9e de lecture estim\u00e9e\" \/>\n\t<meta name=\"twitter:data2\" content=\"3 minutes\" \/>\n<script type=\"application\/ld+json\" class=\"yoast-schema-graph\">{\"@context\":\"https:\/\/schema.org\",\"@graph\":[{\"@type\":\"Article\",\"@id\":\"https:\/\/challengeseconomiques.com\/?p=5833#article\",\"isPartOf\":{\"@id\":\"https:\/\/challengeseconomiques.com\/?p=5833\"},\"author\":{\"name\":\"admin\",\"@id\":\"https:\/\/challengeseconomiques.com\/#\/schema\/person\/b4568c9afebc5a9238a771873801e349\"},\"headline\":\"SENEGAL-ELEVAGE \/ Les d\u00e9put\u00e9s adoptent \u00e0 l\u2019unanimit\u00e9 le projet de loi portant code pastoral\",\"datePublished\":\"2023-12-19T10:33:25+00:00\",\"dateModified\":\"2023-12-19T10:33:57+00:00\",\"mainEntityOfPage\":{\"@id\":\"https:\/\/challengeseconomiques.com\/?p=5833\"},\"wordCount\":588,\"image\":{\"@id\":\"https:\/\/challengeseconomiques.com\/?p=5833#primaryimage\"},\"thumbnailUrl\":\"https:\/\/challengeseconomiques.com\/wp-content\/uploads\/2023\/11\/Daouda-Dia.webp\",\"articleSection\":[\"A la une\",\"Actualit\u00e9 \u00e9conomique\"],\"inLanguage\":\"fr-FR\"},{\"@type\":\"WebPage\",\"@id\":\"https:\/\/challengeseconomiques.com\/?p=5833\",\"url\":\"https:\/\/challengeseconomiques.com\/?p=5833\",\"name\":\"SENEGAL-ELEVAGE \/ Les d\u00e9put\u00e9s adoptent \u00e0 l\u2019unanimit\u00e9 le projet de loi portant code pastoral - challenges economiques\",\"isPartOf\":{\"@id\":\"https:\/\/challengeseconomiques.com\/#website\"},\"primaryImageOfPage\":{\"@id\":\"https:\/\/challengeseconomiques.com\/?p=5833#primaryimage\"},\"image\":{\"@id\":\"https:\/\/challengeseconomiques.com\/?p=5833#primaryimage\"},\"thumbnailUrl\":\"https:\/\/challengeseconomiques.com\/wp-content\/uploads\/2023\/11\/Daouda-Dia.webp\",\"datePublished\":\"2023-12-19T10:33:25+00:00\",\"dateModified\":\"2023-12-19T10:33:57+00:00\",\"author\":{\"@id\":\"https:\/\/challengeseconomiques.com\/#\/schema\/person\/b4568c9afebc5a9238a771873801e349\"},\"breadcrumb\":{\"@id\":\"https:\/\/challengeseconomiques.com\/?p=5833#breadcrumb\"},\"inLanguage\":\"fr-FR\",\"potentialAction\":[{\"@type\":\"ReadAction\",\"target\":[\"https:\/\/challengeseconomiques.com\/?p=5833\"]}]},{\"@type\":\"ImageObject\",\"inLanguage\":\"fr-FR\",\"@id\":\"https:\/\/challengeseconomiques.com\/?p=5833#primaryimage\",\"url\":\"https:\/\/challengeseconomiques.com\/wp-content\/uploads\/2023\/11\/Daouda-Dia.webp\",\"contentUrl\":\"https:\/\/challengeseconomiques.com\/wp-content\/uploads\/2023\/11\/Daouda-Dia.webp\",\"width\":689,\"height\":594},{\"@type\":\"BreadcrumbList\",\"@id\":\"https:\/\/challengeseconomiques.com\/?p=5833#breadcrumb\",\"itemListElement\":[{\"@type\":\"ListItem\",\"position\":1,\"name\":\"Home\",\"item\":\"https:\/\/challengeseconomiques.com\/\"},{\"@type\":\"ListItem\",\"position\":2,\"name\":\"SENEGAL-ELEVAGE \/ Les d\u00e9put\u00e9s adoptent \u00e0 l\u2019unanimit\u00e9 le projet de loi portant code pastoral\"}]},{\"@type\":\"WebSite\",\"@id\":\"https:\/\/challengeseconomiques.com\/#website\",\"url\":\"https:\/\/challengeseconomiques.com\/\",\"name\":\"challenges economiques\",\"description\":\"\",\"potentialAction\":[{\"@type\":\"SearchAction\",\"target\":{\"@type\":\"EntryPoint\",\"urlTemplate\":\"https:\/\/challengeseconomiques.com\/?s={search_term_string}\"},\"query-input\":{\"@type\":\"PropertyValueSpecification\",\"valueRequired\":true,\"valueName\":\"search_term_string\"}}],\"inLanguage\":\"fr-FR\"},{\"@type\":\"Person\",\"@id\":\"https:\/\/challengeseconomiques.com\/#\/schema\/person\/b4568c9afebc5a9238a771873801e349\",\"name\":\"admin\",\"image\":{\"@type\":\"ImageObject\",\"inLanguage\":\"fr-FR\",\"@id\":\"https:\/\/challengeseconomiques.com\/#\/schema\/person\/image\/\",\"url\":\"https:\/\/secure.gravatar.com\/avatar\/099e42240b5eea11acdb72751fcce0dd918603f0749d24974b7984ea47ed9fd9?s=96&d=mm&r=g\",\"contentUrl\":\"https:\/\/secure.gravatar.com\/avatar\/099e42240b5eea11acdb72751fcce0dd918603f0749d24974b7984ea47ed9fd9?s=96&d=mm&r=g\",\"caption\":\"admin\"},\"sameAs\":[\"https:\/\/challengeseconomiques.com\"],\"url\":\"https:\/\/challengeseconomiques.com\/?author=1\"}]}<\/script>\n<!-- \/ Yoast SEO plugin. -->","yoast_head_json":{"title":"SENEGAL-ELEVAGE \/ Les d\u00e9put\u00e9s adoptent \u00e0 l\u2019unanimit\u00e9 le projet de loi portant code pastoral - challenges economiques","robots":{"index":"index","follow":"follow","max-snippet":"max-snippet:-1","max-image-preview":"max-image-preview:large","max-video-preview":"max-video-preview:-1"},"canonical":"https:\/\/challengeseconomiques.com\/?p=5833","og_locale":"fr_FR","og_type":"article","og_title":"SENEGAL-ELEVAGE \/ Les d\u00e9put\u00e9s adoptent \u00e0 l\u2019unanimit\u00e9 le projet de loi portant code pastoral - challenges economiques","og_description":"Les d\u00e9put\u00e9s ont adopt\u00e9 \u00e0 l\u2019unanimit\u00e9 le projet de loi portant code pastoral, dans le but de \u00ab garantir aux pasteurs et \u00e9leveurs l\u2019acc\u00e8s aux...","og_url":"https:\/\/challengeseconomiques.com\/?p=5833","og_site_name":"challenges economiques","article_published_time":"2023-12-19T10:33:25+00:00","article_modified_time":"2023-12-19T10:33:57+00:00","og_image":[{"width":689,"height":594,"url":"https:\/\/challengeseconomiques.com\/wp-content\/uploads\/2023\/11\/Daouda-Dia.webp","type":"image\/webp"}],"author":"admin","twitter_card":"summary_large_image","twitter_misc":{"\u00c9crit par":"admin","Dur\u00e9e de lecture estim\u00e9e":"3 minutes"},"schema":{"@context":"https:\/\/schema.org","@graph":[{"@type":"Article","@id":"https:\/\/challengeseconomiques.com\/?p=5833#article","isPartOf":{"@id":"https:\/\/challengeseconomiques.com\/?p=5833"},"author":{"name":"admin","@id":"https:\/\/challengeseconomiques.com\/#\/schema\/person\/b4568c9afebc5a9238a771873801e349"},"headline":"SENEGAL-ELEVAGE \/ Les d\u00e9put\u00e9s adoptent \u00e0 l\u2019unanimit\u00e9 le projet de loi portant code pastoral","datePublished":"2023-12-19T10:33:25+00:00","dateModified":"2023-12-19T10:33:57+00:00","mainEntityOfPage":{"@id":"https:\/\/challengeseconomiques.com\/?p=5833"},"wordCount":588,"image":{"@id":"https:\/\/challengeseconomiques.com\/?p=5833#primaryimage"},"thumbnailUrl":"https:\/\/challengeseconomiques.com\/wp-content\/uploads\/2023\/11\/Daouda-Dia.webp","articleSection":["A la une","Actualit\u00e9 \u00e9conomique"],"inLanguage":"fr-FR"},{"@type":"WebPage","@id":"https:\/\/challengeseconomiques.com\/?p=5833","url":"https:\/\/challengeseconomiques.com\/?p=5833","name":"SENEGAL-ELEVAGE \/ Les d\u00e9put\u00e9s adoptent \u00e0 l\u2019unanimit\u00e9 le projet de loi portant code pastoral - challenges economiques","isPartOf":{"@id":"https:\/\/challengeseconomiques.com\/#website"},"primaryImageOfPage":{"@id":"https:\/\/challengeseconomiques.com\/?p=5833#primaryimage"},"image":{"@id":"https:\/\/challengeseconomiques.com\/?p=5833#primaryimage"},"thumbnailUrl":"https:\/\/challengeseconomiques.com\/wp-content\/uploads\/2023\/11\/Daouda-Dia.webp","datePublished":"2023-12-19T10:33:25+00:00","dateModified":"2023-12-19T10:33:57+00:00","author":{"@id":"https:\/\/challengeseconomiques.com\/#\/schema\/person\/b4568c9afebc5a9238a771873801e349"},"breadcrumb":{"@id":"https:\/\/challengeseconomiques.com\/?p=5833#breadcrumb"},"inLanguage":"fr-FR","potentialAction":[{"@type":"ReadAction","target":["https:\/\/challengeseconomiques.com\/?p=5833"]}]},{"@type":"ImageObject","inLanguage":"fr-FR","@id":"https:\/\/challengeseconomiques.com\/?p=5833#primaryimage","url":"https:\/\/challengeseconomiques.com\/wp-content\/uploads\/2023\/11\/Daouda-Dia.webp","contentUrl":"https:\/\/challengeseconomiques.com\/wp-content\/uploads\/2023\/11\/Daouda-Dia.webp","width":689,"height":594},{"@type":"BreadcrumbList","@id":"https:\/\/challengeseconomiques.com\/?p=5833#breadcrumb","itemListElement":[{"@type":"ListItem","position":1,"name":"Home","item":"https:\/\/challengeseconomiques.com\/"},{"@type":"ListItem","position":2,"name":"SENEGAL-ELEVAGE \/ Les d\u00e9put\u00e9s adoptent \u00e0 l\u2019unanimit\u00e9 le projet de loi portant code pastoral"}]},{"@type":"WebSite","@id":"https:\/\/challengeseconomiques.com\/#website","url":"https:\/\/challengeseconomiques.com\/","name":"challenges economiques","description":"","potentialAction":[{"@type":"SearchAction","target":{"@type":"EntryPoint","urlTemplate":"https:\/\/challengeseconomiques.com\/?s={search_term_string}"},"query-input":{"@type":"PropertyValueSpecification","valueRequired":true,"valueName":"search_term_string"}}],"inLanguage":"fr-FR"},{"@type":"Person","@id":"https:\/\/challengeseconomiques.com\/#\/schema\/person\/b4568c9afebc5a9238a771873801e349","name":"admin","image":{"@type":"ImageObject","inLanguage":"fr-FR","@id":"https:\/\/challengeseconomiques.com\/#\/schema\/person\/image\/","url":"https:\/\/secure.gravatar.com\/avatar\/099e42240b5eea11acdb72751fcce0dd918603f0749d24974b7984ea47ed9fd9?s=96&d=mm&r=g","contentUrl":"https:\/\/secure.gravatar.com\/avatar\/099e42240b5eea11acdb72751fcce0dd918603f0749d24974b7984ea47ed9fd9?s=96&d=mm&r=g","caption":"admin"},"sameAs":["https:\/\/challengeseconomiques.com"],"url":"https:\/\/challengeseconomiques.com\/?author=1"}]}},"jetpack_featured_media_url":"https:\/\/challengeseconomiques.com\/wp-content\/uploads\/2023\/11\/Daouda-Dia.webp","jetpack_sharing_enabled":true,"_links":{"self":[{"href":"https:\/\/challengeseconomiques.com\/index.php?rest_route=\/wp\/v2\/posts\/5833","targetHints":{"allow":["GET"]}}],"collection":[{"href":"https:\/\/challengeseconomiques.com\/index.php?rest_route=\/wp\/v2\/posts"}],"about":[{"href":"https:\/\/challengeseconomiques.com\/index.php?rest_route=\/wp\/v2\/types\/post"}],"author":[{"embeddable":true,"href":"https:\/\/challengeseconomiques.com\/index.php?rest_route=\/wp\/v2\/users\/1"}],"replies":[{"embeddable":true,"href":"https:\/\/challengeseconomiques.com\/index.php?rest_route=%2Fwp%2Fv2%2Fcomments&post=5833"}],"version-history":[{"count":1,"href":"https:\/\/challengeseconomiques.com\/index.php?rest_route=\/wp\/v2\/posts\/5833\/revisions"}],"predecessor-version":[{"id":5834,"href":"https:\/\/challengeseconomiques.com\/index.php?rest_route=\/wp\/v2\/posts\/5833\/revisions\/5834"}],"wp:featuredmedia":[{"embeddable":true,"href":"https:\/\/challengeseconomiques.com\/index.php?rest_route=\/wp\/v2\/media\/5706"}],"wp:attachment":[{"href":"https:\/\/challengeseconomiques.com\/index.php?rest_route=%2Fwp%2Fv2%2Fmedia&parent=5833"}],"wp:term":[{"taxonomy":"category","embeddable":true,"href":"https:\/\/challengeseconomiques.com\/index.php?rest_route=%2Fwp%2Fv2%2Fcategories&post=5833"},{"taxonomy":"post_tag","embeddable":true,"href":"https:\/\/challengeseconomiques.com\/index.php?rest_route=%2Fwp%2Fv2%2Ftags&post=5833"}],"curies":[{"name":"wp","href":"https:\/\/api.w.org\/{rel}","templated":true}]}}