{"id":5825,"date":"2023-12-17T21:48:56","date_gmt":"2023-12-17T21:48:56","guid":{"rendered":"https:\/\/challengeseconomiques.com\/?p=5825"},"modified":"2023-12-17T21:50:11","modified_gmt":"2023-12-17T21:50:11","slug":"forum-economique-senegal-vietnam-seance-dechanges-pour-accentuer-le-volume-commercial","status":"publish","type":"post","link":"https:\/\/challengeseconomiques.com\/?p=5825","title":{"rendered":"Forum \u00c9conomique S\u00e9n\u00e9gal-Vietnam : S\u00e9ance d\u2019\u00e9changes pour accentuer le volume commercial"},"content":{"rendered":"<p><strong>Le jeudi 14 d\u00e9cembre 2023, M. Hoang Duc Nhuam, Conseiller commercial de l\u2019Ambassade du Vietnam en Alg\u00e9rie et au S\u00e9n\u00e9gal, a effectu\u00e9 une visite de travail \u00e0 la Chambre de Commerce, d\u2019Industrie et d\u2019Agriculture de Dakar (CCIAD). Cette visite a donn\u00e9 lieu \u00e0 l\u2019organisation d\u2019un forum d\u2019affaires en visioconf\u00e9rence r\u00e9unissant des chefs d\u2019entreprises vietnamiens et s\u00e9n\u00e9galais. Ces \u00e9changes ont permis d\u2019\u00e9tablir des contacts initiaux en vue de potentiels partenariats. <\/strong><\/p>\n<p>Les relations diplomatiques formelles entre le S\u00e9n\u00e9gal et le Vietnam remontent \u00e0 1969. Actuellement, l\u2019Ambassade du Vietnam en Alg\u00e9rie est comp\u00e9tente pour le S\u00e9n\u00e9gal, tandis que l\u2019Ambassade du S\u00e9n\u00e9gal au Japon couvre simultan\u00e9ment le Vietnam.<br \/>\nSur le plan \u00e9conomique, les \u00e9changes entre les deux pays n\u2019ont pas encore atteint le niveau d\u2019excellence des relations diplomatiques. Selon Dr Mbaye Chim\u00e8re Ndiaye, Secr\u00e9taire G\u00e9n\u00e9ral de la CCIAD, repr\u00e9sentant le pr\u00e9sident Abdoulaye Sow, le volume des \u00e9changes en 2021 s\u2019\u00e9levait \u00e0 69,71 millions de dollars. Ces \u00e9changes concernent principalement des noix de cajou brutes, du coton, de la farine de poisson, du riz, des mati\u00e8res plastiques, etc. Bien que significatif, ce volume d\u2019\u00e9changes pourrait \u00eatre consid\u00e9rablement augment\u00e9, notamment dans le secteur de l\u2019exploitation des hydrocarbures au S\u00e9n\u00e9gal et dans l\u2019agriculture.<br \/>\nSelon M. Ndiaye, le S\u00e9n\u00e9gal et le Vietnam partagent de nombreuses similitudes dans les domaines maritime, agricole, et de la formation de personnels qualifi\u00e9s dans les secteurs primaires et secondaires. Ces similitudes offrent, selon lui, de nombreuses opportunit\u00e9s que le secteur priv\u00e9 des deux pays pourrait exploiter en travaillant en \u00ab\u00a0parfaite synergie dans le cadre d\u2019un partenariat Win-Win.\u00a0\u00bb<\/p>\n<p><strong>Saisir les opportunit\u00e9s commerciales<\/strong><\/p>\n<p>Le Conseiller commercial de l\u2019Ambassade du Vietnam, M. Hoang Duc Nhuam, a pr\u00e9sent\u00e9 une analyse macro\u00e9conomique de son pays, soulignant que le Vietnam repr\u00e9sente un vaste march\u00e9 de pr\u00e8s de 100 millions de consommateurs, avec un commerce ext\u00e9rieur \u00e9quivalent \u00e0 pr\u00e8s de 200 % du PIB en 2022. Les exportations comprennent principalement des t\u00e9l\u00e9phones portables et accessoires, des ordinateurs, des produits \u00e9lectroniques et pi\u00e8ces d\u00e9tach\u00e9es, des produits agricoles, du p\u00e9trole brut et des produits p\u00e9troliers, des voitures et pi\u00e8ces d\u00e9tach\u00e9es, etc.<br \/>\nMalgr\u00e9 la signature d\u2019accords, les r\u00e9sultats de la coop\u00e9ration entre les deux pays, en particulier dans le domaine commercial, demeurent \u00ab\u00a0tr\u00e8s modestes\u00a0\u00bb par rapport aux potentialit\u00e9s. M. Hoang Duc Nhuam attribue cela \u00e0 la distance g\u00e9ographique et \u00e0 l\u2019insuffisance d\u2019\u00e9changes de d\u00e9l\u00e9gations d\u2019hommes d\u2019affaires.<br \/>\nPour inverser cette tendance, il propose plusieurs mesures, notamment la mise en place d\u2019un cadre juridique favorable aux transactions des entreprises des deux c\u00f4t\u00e9s, mat\u00e9rialis\u00e9 par la signature d\u2019un M\u00e9morandum d\u2019Entente entre les deux Minist\u00e8res de l\u2019Industrie et du Commerce. Il pr\u00e9conise \u00e9galement le renforcement des \u00e9changes de d\u00e9l\u00e9gations d\u2019hommes d\u2019affaires, favorisant la participation des op\u00e9rateurs \u00e9conomiques aux foires et expositions dans chaque pays. De plus, il plaide en faveur du renforcement des \u00e9changes d\u2019informations sur le march\u00e9 et les opportunit\u00e9s d\u2019affaires, ainsi que la coordination des actions dans la v\u00e9rification des partenaires commerciaux et le r\u00e8glement d\u2019\u00e9ventuels litiges entre les entreprises.<br \/>\nAu cours du forum en visioconf\u00e9rence r\u00e9unissant des op\u00e9rateurs \u00e9conomiques des deux pays, des premiers contacts ont \u00e9t\u00e9 \u00e9tablis, notamment dans les secteurs de l\u2019agriculture et de la transformation des produits alimentaires. La rencontre a \u00e9galement vu la participation de la Direction du Commerce Ext\u00e9rieur et de l\u2019Agence S\u00e9n\u00e9galaise de Promotion des Exportations (ASEPEX), qui ont convenu de cr\u00e9er un Conseil d\u2019affaires pour promouvoir davantage la coop\u00e9ration \u00e9conomique.<\/p>\n<p><strong>(BIE)<\/strong><\/p>\n","protected":false},"excerpt":{"rendered":"<p>Le jeudi 14 d\u00e9cembre 2023, M. Hoang Duc Nhuam, Conseiller commercial de l\u2019Ambassade du Vietnam en Alg\u00e9rie et au S\u00e9n\u00e9gal, a effectu\u00e9 une visite de&#8230;<\/p>\n","protected":false},"author":1,"featured_media":5826,"comment_status":"closed","ping_status":"open","sticky":false,"template":"","format":"standard","meta":{"_jetpack_memberships_contains_paid_content":false,"footnotes":""},"categories":[8],"tags":[],"class_list":["post-5825","post","type-post","status-publish","format-standard","has-post-thumbnail","hentry","category-actualite-economique","wpcat-8-id"],"yoast_head":"<!-- This site is optimized with the Yoast SEO plugin v27.1.1 - https:\/\/yoast.com\/product\/yoast-seo-wordpress\/ -->\n<title>Forum \u00c9conomique S\u00e9n\u00e9gal-Vietnam : S\u00e9ance d\u2019\u00e9changes pour accentuer le volume commercial - challenges economiques<\/title>\n<meta name=\"robots\" content=\"index, follow, max-snippet:-1, max-image-preview:large, max-video-preview:-1\" \/>\n<link rel=\"canonical\" href=\"https:\/\/challengeseconomiques.com\/?p=5825\" \/>\n<meta property=\"og:locale\" content=\"fr_FR\" \/>\n<meta property=\"og:type\" content=\"article\" \/>\n<meta property=\"og:title\" content=\"Forum \u00c9conomique S\u00e9n\u00e9gal-Vietnam : S\u00e9ance d\u2019\u00e9changes pour accentuer le volume commercial - challenges economiques\" \/>\n<meta property=\"og:description\" content=\"Le jeudi 14 d\u00e9cembre 2023, M. Hoang Duc Nhuam, Conseiller commercial de l\u2019Ambassade du Vietnam en Alg\u00e9rie et au S\u00e9n\u00e9gal, a effectu\u00e9 une visite de...\" \/>\n<meta property=\"og:url\" content=\"https:\/\/challengeseconomiques.com\/?p=5825\" \/>\n<meta property=\"og:site_name\" content=\"challenges economiques\" \/>\n<meta property=\"article:published_time\" content=\"2023-12-17T21:48:56+00:00\" \/>\n<meta property=\"article:modified_time\" content=\"2023-12-17T21:50:11+00:00\" \/>\n<meta property=\"og:image\" content=\"https:\/\/challengeseconomiques.com\/wp-content\/uploads\/2023\/12\/CCIAD-Vietnam_Rencontre_4.jpeg\" \/>\n\t<meta property=\"og:image:width\" content=\"1080\" \/>\n\t<meta property=\"og:image:height\" content=\"720\" \/>\n\t<meta property=\"og:image:type\" content=\"image\/jpeg\" \/>\n<meta name=\"author\" content=\"admin\" \/>\n<meta name=\"twitter:card\" content=\"summary_large_image\" \/>\n<meta name=\"twitter:label1\" content=\"\u00c9crit par\" \/>\n\t<meta name=\"twitter:data1\" content=\"admin\" \/>\n\t<meta name=\"twitter:label2\" content=\"Dur\u00e9e de lecture estim\u00e9e\" \/>\n\t<meta name=\"twitter:data2\" content=\"3 minutes\" \/>\n<script type=\"application\/ld+json\" class=\"yoast-schema-graph\">{\"@context\":\"https:\/\/schema.org\",\"@graph\":[{\"@type\":\"Article\",\"@id\":\"https:\/\/challengeseconomiques.com\/?p=5825#article\",\"isPartOf\":{\"@id\":\"https:\/\/challengeseconomiques.com\/?p=5825\"},\"author\":{\"name\":\"admin\",\"@id\":\"https:\/\/challengeseconomiques.com\/#\/schema\/person\/b4568c9afebc5a9238a771873801e349\"},\"headline\":\"Forum \u00c9conomique S\u00e9n\u00e9gal-Vietnam : S\u00e9ance d\u2019\u00e9changes pour accentuer le volume commercial\",\"datePublished\":\"2023-12-17T21:48:56+00:00\",\"dateModified\":\"2023-12-17T21:50:11+00:00\",\"mainEntityOfPage\":{\"@id\":\"https:\/\/challengeseconomiques.com\/?p=5825\"},\"wordCount\":662,\"image\":{\"@id\":\"https:\/\/challengeseconomiques.com\/?p=5825#primaryimage\"},\"thumbnailUrl\":\"https:\/\/challengeseconomiques.com\/wp-content\/uploads\/2023\/12\/CCIAD-Vietnam_Rencontre_4.jpeg\",\"articleSection\":[\"Actualit\u00e9 \u00e9conomique\"],\"inLanguage\":\"fr-FR\"},{\"@type\":\"WebPage\",\"@id\":\"https:\/\/challengeseconomiques.com\/?p=5825\",\"url\":\"https:\/\/challengeseconomiques.com\/?p=5825\",\"name\":\"Forum \u00c9conomique S\u00e9n\u00e9gal-Vietnam : S\u00e9ance d\u2019\u00e9changes pour accentuer le volume commercial - challenges economiques\",\"isPartOf\":{\"@id\":\"https:\/\/challengeseconomiques.com\/#website\"},\"primaryImageOfPage\":{\"@id\":\"https:\/\/challengeseconomiques.com\/?p=5825#primaryimage\"},\"image\":{\"@id\":\"https:\/\/challengeseconomiques.com\/?p=5825#primaryimage\"},\"thumbnailUrl\":\"https:\/\/challengeseconomiques.com\/wp-content\/uploads\/2023\/12\/CCIAD-Vietnam_Rencontre_4.jpeg\",\"datePublished\":\"2023-12-17T21:48:56+00:00\",\"dateModified\":\"2023-12-17T21:50:11+00:00\",\"author\":{\"@id\":\"https:\/\/challengeseconomiques.com\/#\/schema\/person\/b4568c9afebc5a9238a771873801e349\"},\"breadcrumb\":{\"@id\":\"https:\/\/challengeseconomiques.com\/?p=5825#breadcrumb\"},\"inLanguage\":\"fr-FR\",\"potentialAction\":[{\"@type\":\"ReadAction\",\"target\":[\"https:\/\/challengeseconomiques.com\/?p=5825\"]}]},{\"@type\":\"ImageObject\",\"inLanguage\":\"fr-FR\",\"@id\":\"https:\/\/challengeseconomiques.com\/?p=5825#primaryimage\",\"url\":\"https:\/\/challengeseconomiques.com\/wp-content\/uploads\/2023\/12\/CCIAD-Vietnam_Rencontre_4.jpeg\",\"contentUrl\":\"https:\/\/challengeseconomiques.com\/wp-content\/uploads\/2023\/12\/CCIAD-Vietnam_Rencontre_4.jpeg\",\"width\":1080,\"height\":720},{\"@type\":\"BreadcrumbList\",\"@id\":\"https:\/\/challengeseconomiques.com\/?p=5825#breadcrumb\",\"itemListElement\":[{\"@type\":\"ListItem\",\"position\":1,\"name\":\"Home\",\"item\":\"https:\/\/challengeseconomiques.com\/\"},{\"@type\":\"ListItem\",\"position\":2,\"name\":\"Forum \u00c9conomique S\u00e9n\u00e9gal-Vietnam : S\u00e9ance d\u2019\u00e9changes pour accentuer le volume commercial\"}]},{\"@type\":\"WebSite\",\"@id\":\"https:\/\/challengeseconomiques.com\/#website\",\"url\":\"https:\/\/challengeseconomiques.com\/\",\"name\":\"challenges economiques\",\"description\":\"\",\"potentialAction\":[{\"@type\":\"SearchAction\",\"target\":{\"@type\":\"EntryPoint\",\"urlTemplate\":\"https:\/\/challengeseconomiques.com\/?s={search_term_string}\"},\"query-input\":{\"@type\":\"PropertyValueSpecification\",\"valueRequired\":true,\"valueName\":\"search_term_string\"}}],\"inLanguage\":\"fr-FR\"},{\"@type\":\"Person\",\"@id\":\"https:\/\/challengeseconomiques.com\/#\/schema\/person\/b4568c9afebc5a9238a771873801e349\",\"name\":\"admin\",\"image\":{\"@type\":\"ImageObject\",\"inLanguage\":\"fr-FR\",\"@id\":\"https:\/\/challengeseconomiques.com\/#\/schema\/person\/image\/\",\"url\":\"https:\/\/secure.gravatar.com\/avatar\/099e42240b5eea11acdb72751fcce0dd918603f0749d24974b7984ea47ed9fd9?s=96&d=mm&r=g\",\"contentUrl\":\"https:\/\/secure.gravatar.com\/avatar\/099e42240b5eea11acdb72751fcce0dd918603f0749d24974b7984ea47ed9fd9?s=96&d=mm&r=g\",\"caption\":\"admin\"},\"sameAs\":[\"https:\/\/challengeseconomiques.com\"],\"url\":\"https:\/\/challengeseconomiques.com\/?author=1\"}]}<\/script>\n<!-- \/ Yoast SEO plugin. -->","yoast_head_json":{"title":"Forum \u00c9conomique S\u00e9n\u00e9gal-Vietnam : S\u00e9ance d\u2019\u00e9changes pour accentuer le volume commercial - challenges economiques","robots":{"index":"index","follow":"follow","max-snippet":"max-snippet:-1","max-image-preview":"max-image-preview:large","max-video-preview":"max-video-preview:-1"},"canonical":"https:\/\/challengeseconomiques.com\/?p=5825","og_locale":"fr_FR","og_type":"article","og_title":"Forum \u00c9conomique S\u00e9n\u00e9gal-Vietnam : S\u00e9ance d\u2019\u00e9changes pour accentuer le volume commercial - challenges economiques","og_description":"Le jeudi 14 d\u00e9cembre 2023, M. Hoang Duc Nhuam, Conseiller commercial de l\u2019Ambassade du Vietnam en Alg\u00e9rie et au S\u00e9n\u00e9gal, a effectu\u00e9 une visite de...","og_url":"https:\/\/challengeseconomiques.com\/?p=5825","og_site_name":"challenges economiques","article_published_time":"2023-12-17T21:48:56+00:00","article_modified_time":"2023-12-17T21:50:11+00:00","og_image":[{"width":1080,"height":720,"url":"https:\/\/challengeseconomiques.com\/wp-content\/uploads\/2023\/12\/CCIAD-Vietnam_Rencontre_4.jpeg","type":"image\/jpeg"}],"author":"admin","twitter_card":"summary_large_image","twitter_misc":{"\u00c9crit par":"admin","Dur\u00e9e de lecture estim\u00e9e":"3 minutes"},"schema":{"@context":"https:\/\/schema.org","@graph":[{"@type":"Article","@id":"https:\/\/challengeseconomiques.com\/?p=5825#article","isPartOf":{"@id":"https:\/\/challengeseconomiques.com\/?p=5825"},"author":{"name":"admin","@id":"https:\/\/challengeseconomiques.com\/#\/schema\/person\/b4568c9afebc5a9238a771873801e349"},"headline":"Forum \u00c9conomique S\u00e9n\u00e9gal-Vietnam : S\u00e9ance d\u2019\u00e9changes pour accentuer le volume commercial","datePublished":"2023-12-17T21:48:56+00:00","dateModified":"2023-12-17T21:50:11+00:00","mainEntityOfPage":{"@id":"https:\/\/challengeseconomiques.com\/?p=5825"},"wordCount":662,"image":{"@id":"https:\/\/challengeseconomiques.com\/?p=5825#primaryimage"},"thumbnailUrl":"https:\/\/challengeseconomiques.com\/wp-content\/uploads\/2023\/12\/CCIAD-Vietnam_Rencontre_4.jpeg","articleSection":["Actualit\u00e9 \u00e9conomique"],"inLanguage":"fr-FR"},{"@type":"WebPage","@id":"https:\/\/challengeseconomiques.com\/?p=5825","url":"https:\/\/challengeseconomiques.com\/?p=5825","name":"Forum \u00c9conomique S\u00e9n\u00e9gal-Vietnam : S\u00e9ance d\u2019\u00e9changes pour accentuer le volume commercial - challenges economiques","isPartOf":{"@id":"https:\/\/challengeseconomiques.com\/#website"},"primaryImageOfPage":{"@id":"https:\/\/challengeseconomiques.com\/?p=5825#primaryimage"},"image":{"@id":"https:\/\/challengeseconomiques.com\/?p=5825#primaryimage"},"thumbnailUrl":"https:\/\/challengeseconomiques.com\/wp-content\/uploads\/2023\/12\/CCIAD-Vietnam_Rencontre_4.jpeg","datePublished":"2023-12-17T21:48:56+00:00","dateModified":"2023-12-17T21:50:11+00:00","author":{"@id":"https:\/\/challengeseconomiques.com\/#\/schema\/person\/b4568c9afebc5a9238a771873801e349"},"breadcrumb":{"@id":"https:\/\/challengeseconomiques.com\/?p=5825#breadcrumb"},"inLanguage":"fr-FR","potentialAction":[{"@type":"ReadAction","target":["https:\/\/challengeseconomiques.com\/?p=5825"]}]},{"@type":"ImageObject","inLanguage":"fr-FR","@id":"https:\/\/challengeseconomiques.com\/?p=5825#primaryimage","url":"https:\/\/challengeseconomiques.com\/wp-content\/uploads\/2023\/12\/CCIAD-Vietnam_Rencontre_4.jpeg","contentUrl":"https:\/\/challengeseconomiques.com\/wp-content\/uploads\/2023\/12\/CCIAD-Vietnam_Rencontre_4.jpeg","width":1080,"height":720},{"@type":"BreadcrumbList","@id":"https:\/\/challengeseconomiques.com\/?p=5825#breadcrumb","itemListElement":[{"@type":"ListItem","position":1,"name":"Home","item":"https:\/\/challengeseconomiques.com\/"},{"@type":"ListItem","position":2,"name":"Forum \u00c9conomique S\u00e9n\u00e9gal-Vietnam : S\u00e9ance d\u2019\u00e9changes pour accentuer le volume commercial"}]},{"@type":"WebSite","@id":"https:\/\/challengeseconomiques.com\/#website","url":"https:\/\/challengeseconomiques.com\/","name":"challenges economiques","description":"","potentialAction":[{"@type":"SearchAction","target":{"@type":"EntryPoint","urlTemplate":"https:\/\/challengeseconomiques.com\/?s={search_term_string}"},"query-input":{"@type":"PropertyValueSpecification","valueRequired":true,"valueName":"search_term_string"}}],"inLanguage":"fr-FR"},{"@type":"Person","@id":"https:\/\/challengeseconomiques.com\/#\/schema\/person\/b4568c9afebc5a9238a771873801e349","name":"admin","image":{"@type":"ImageObject","inLanguage":"fr-FR","@id":"https:\/\/challengeseconomiques.com\/#\/schema\/person\/image\/","url":"https:\/\/secure.gravatar.com\/avatar\/099e42240b5eea11acdb72751fcce0dd918603f0749d24974b7984ea47ed9fd9?s=96&d=mm&r=g","contentUrl":"https:\/\/secure.gravatar.com\/avatar\/099e42240b5eea11acdb72751fcce0dd918603f0749d24974b7984ea47ed9fd9?s=96&d=mm&r=g","caption":"admin"},"sameAs":["https:\/\/challengeseconomiques.com"],"url":"https:\/\/challengeseconomiques.com\/?author=1"}]}},"jetpack_featured_media_url":"https:\/\/challengeseconomiques.com\/wp-content\/uploads\/2023\/12\/CCIAD-Vietnam_Rencontre_4.jpeg","jetpack_sharing_enabled":true,"_links":{"self":[{"href":"https:\/\/challengeseconomiques.com\/index.php?rest_route=\/wp\/v2\/posts\/5825","targetHints":{"allow":["GET"]}}],"collection":[{"href":"https:\/\/challengeseconomiques.com\/index.php?rest_route=\/wp\/v2\/posts"}],"about":[{"href":"https:\/\/challengeseconomiques.com\/index.php?rest_route=\/wp\/v2\/types\/post"}],"author":[{"embeddable":true,"href":"https:\/\/challengeseconomiques.com\/index.php?rest_route=\/wp\/v2\/users\/1"}],"replies":[{"embeddable":true,"href":"https:\/\/challengeseconomiques.com\/index.php?rest_route=%2Fwp%2Fv2%2Fcomments&post=5825"}],"version-history":[{"count":1,"href":"https:\/\/challengeseconomiques.com\/index.php?rest_route=\/wp\/v2\/posts\/5825\/revisions"}],"predecessor-version":[{"id":5827,"href":"https:\/\/challengeseconomiques.com\/index.php?rest_route=\/wp\/v2\/posts\/5825\/revisions\/5827"}],"wp:featuredmedia":[{"embeddable":true,"href":"https:\/\/challengeseconomiques.com\/index.php?rest_route=\/wp\/v2\/media\/5826"}],"wp:attachment":[{"href":"https:\/\/challengeseconomiques.com\/index.php?rest_route=%2Fwp%2Fv2%2Fmedia&parent=5825"}],"wp:term":[{"taxonomy":"category","embeddable":true,"href":"https:\/\/challengeseconomiques.com\/index.php?rest_route=%2Fwp%2Fv2%2Fcategories&post=5825"},{"taxonomy":"post_tag","embeddable":true,"href":"https:\/\/challengeseconomiques.com\/index.php?rest_route=%2Fwp%2Fv2%2Ftags&post=5825"}],"curies":[{"name":"wp","href":"https:\/\/api.w.org\/{rel}","templated":true}]}}