{"id":5822,"date":"2023-12-16T16:04:33","date_gmt":"2023-12-16T16:04:33","guid":{"rendered":"https:\/\/challengeseconomiques.com\/?p=5822"},"modified":"2023-12-17T21:43:31","modified_gmt":"2023-12-17T21:43:31","slug":"sonatel-veut-lever-1256-millions-sur-le-marche-financier-de-luemoa-a-travers-la-titrisation-de-ses-creances","status":"publish","type":"post","link":"https:\/\/challengeseconomiques.com\/?p=5822","title":{"rendered":"Sonatel veut lever 125,6 millions $ sur le march\u00e9 financier de l&rsquo;UEMOA \u00e0 travers la titrisation de ses cr\u00e9ances"},"content":{"rendered":"<p class=\"texte textearticle\"><strong>\u00a0Sonatel op\u00e8re sur 5 march\u00e9s d\u2019Afrique de l\u2019Ouest, \u00e0 savoir : le S\u00e9n\u00e9gal, le Mali, la Guin\u00e9e, la Guin\u00e9e Bissau et la Sierra Leone. Sur l\u2019ensemble de ces march\u00e9s, il comptait 39,6 millions d\u2019abonn\u00e9s \u00e0 la t\u00e9l\u00e9phonie mobile au terme du 3e trimestre 2023.<\/strong><strong>\u00a0<\/strong><\/p>\n<p class=\"texte textearticle\">La soci\u00e9t\u00e9 de t\u00e9l\u00e9communications Sonatel a lanc\u00e9, le jeudi 14 d\u00e9cembre, une op\u00e9ration de titrisation de ses cr\u00e9ances sur le march\u00e9 financier r\u00e9gional de l\u2019UEMOA. L\u2019op\u00e9ration vise \u00e0 lever 75 milliards de francs CFA (125,6 millions\u00a0$) pour financer ses investissements et soutenir l\u2019expansion des activit\u00e9s de l\u2019op\u00e9rateur. La souscription est ouverte jusqu\u2019au 12 janvier 2024.<\/p>\n<p class=\"texte textearticle\">Dans le cadre de cette op\u00e9ration, Sonatel a choisi un consortium men\u00e9 par Invictus Capital &amp; Finance en tant que soci\u00e9t\u00e9 de gestion et d\u2019interm\u00e9diation. KF Titrisation se chargera de la gestion du Fonds commun de titrisation de cr\u00e9ances cr\u00e9\u00e9 par Sonatel.<\/p>\n<p class=\"texte textearticle\">Cette initiative intervient alors que Sonatel cherche \u00e0 renforcer \u00ab\u2009<em>sa position de leader sur le march\u00e9 avec des solutions adapt\u00e9es et efficaces pour ses client<\/em>s\u2009\u00bb. Dans ses r\u00e9sultats financiers pour le troisi\u00e8me trimestre\u00a02023 (clos en septembre), la soci\u00e9t\u00e9 avait d\u00e9clar\u00e9 qu\u2019elle voulait poursuivre les investissements dans ses r\u00e9seaux, renforcer sa position sur le march\u00e9 du Mobile Money et ma\u00eetriser ses co\u00fbts face \u00e0 l\u2019inflation.<\/p>\n<p class=\"texte textearticle\">Au cours du troisi\u00e8me trimestre\u00a02023, le groupe Sonatel a acquis la licence\u00a05G au S\u00e9n\u00e9gal\u00a0et lanc\u00e9 une phase pilote de la technologie mobile de derni\u00e8re g\u00e9n\u00e9ration en Sierra Leone. La soci\u00e9t\u00e9 a \u00e9galement investi 168,4 milliards\u00a0FCFA pour le d\u00e9ploiement et l\u2019extension de la couverture\u00a03G\/4G et de la fibre optique sur ses diff\u00e9rents march\u00e9s.<\/p>\n<p class=\"texte textearticle\">Rappelons que le groupe Sonatel est pr\u00e9sent au S\u00e9n\u00e9gal, au Mali, en Guin\u00e9e, en Guin\u00e9e-Bissau et en Sierra Leone. La soci\u00e9t\u00e9 comptait, au terme du 3e trimestre\u00a02023, 39,6 millions d\u2019abonn\u00e9s \u00e0 la t\u00e9l\u00e9phonie mobile\u2009; 18,9 millions d\u2019abonn\u00e9s \u00e0 l\u2019Internet mobile et 29,9 millions d\u2019abonn\u00e9s aux services d\u2019argent mobile Orange Money, dont 11,1 millions sont actifs.<\/p>\n<p><strong>(Agence Ecofin)<br \/>\n<\/strong><\/p>\n","protected":false},"excerpt":{"rendered":"<p>\u00a0Sonatel op\u00e8re sur 5 march\u00e9s d\u2019Afrique de l\u2019Ouest, \u00e0 savoir : le S\u00e9n\u00e9gal, le Mali, la Guin\u00e9e, la Guin\u00e9e Bissau et la Sierra Leone. Sur&#8230;<\/p>\n","protected":false},"author":1,"featured_media":5824,"comment_status":"closed","ping_status":"open","sticky":false,"template":"","format":"standard","meta":{"_jetpack_memberships_contains_paid_content":false,"footnotes":""},"categories":[23,8],"tags":[],"class_list":["post-5822","post","type-post","status-publish","format-standard","has-post-thumbnail","hentry","category-a-la-une","category-actualite-economique","wpcat-23-id","wpcat-8-id"],"yoast_head":"<!-- This site is optimized with the Yoast SEO plugin v27.1.1 - https:\/\/yoast.com\/product\/yoast-seo-wordpress\/ -->\n<title>Sonatel veut lever 125,6 millions $ sur le march\u00e9 financier de l&#039;UEMOA \u00e0 travers la titrisation de ses cr\u00e9ances - challenges economiques<\/title>\n<meta name=\"robots\" content=\"index, follow, max-snippet:-1, max-image-preview:large, max-video-preview:-1\" \/>\n<link rel=\"canonical\" href=\"https:\/\/challengeseconomiques.com\/?p=5822\" \/>\n<meta property=\"og:locale\" content=\"fr_FR\" \/>\n<meta property=\"og:type\" content=\"article\" \/>\n<meta property=\"og:title\" content=\"Sonatel veut lever 125,6 millions $ sur le march\u00e9 financier de l&#039;UEMOA \u00e0 travers la titrisation de ses cr\u00e9ances - challenges economiques\" \/>\n<meta property=\"og:description\" content=\"\u00a0Sonatel op\u00e8re sur 5 march\u00e9s d\u2019Afrique de l\u2019Ouest, \u00e0 savoir : le S\u00e9n\u00e9gal, le Mali, la Guin\u00e9e, la Guin\u00e9e Bissau et la Sierra Leone. Sur...\" \/>\n<meta property=\"og:url\" content=\"https:\/\/challengeseconomiques.com\/?p=5822\" \/>\n<meta property=\"og:site_name\" content=\"challenges economiques\" \/>\n<meta property=\"article:published_time\" content=\"2023-12-16T16:04:33+00:00\" \/>\n<meta property=\"article:modified_time\" content=\"2023-12-17T21:43:31+00:00\" \/>\n<meta property=\"og:image\" content=\"https:\/\/challengeseconomiques.com\/wp-content\/uploads\/2023\/12\/lancementapesonatel.jpg\" \/>\n\t<meta property=\"og:image:width\" content=\"1080\" \/>\n\t<meta property=\"og:image:height\" content=\"720\" \/>\n\t<meta property=\"og:image:type\" content=\"image\/jpeg\" \/>\n<meta name=\"author\" content=\"admin\" \/>\n<meta name=\"twitter:card\" content=\"summary_large_image\" \/>\n<meta name=\"twitter:label1\" content=\"\u00c9crit par\" \/>\n\t<meta name=\"twitter:data1\" content=\"admin\" \/>\n\t<meta name=\"twitter:label2\" content=\"Dur\u00e9e de lecture estim\u00e9e\" \/>\n\t<meta name=\"twitter:data2\" content=\"2 minutes\" \/>\n<script type=\"application\/ld+json\" class=\"yoast-schema-graph\">{\"@context\":\"https:\/\/schema.org\",\"@graph\":[{\"@type\":\"Article\",\"@id\":\"https:\/\/challengeseconomiques.com\/?p=5822#article\",\"isPartOf\":{\"@id\":\"https:\/\/challengeseconomiques.com\/?p=5822\"},\"author\":{\"name\":\"admin\",\"@id\":\"https:\/\/challengeseconomiques.com\/#\/schema\/person\/b4568c9afebc5a9238a771873801e349\"},\"headline\":\"Sonatel veut lever 125,6 millions $ sur le march\u00e9 financier de l&rsquo;UEMOA \u00e0 travers la titrisation de ses cr\u00e9ances\",\"datePublished\":\"2023-12-16T16:04:33+00:00\",\"dateModified\":\"2023-12-17T21:43:31+00:00\",\"mainEntityOfPage\":{\"@id\":\"https:\/\/challengeseconomiques.com\/?p=5822\"},\"wordCount\":387,\"image\":{\"@id\":\"https:\/\/challengeseconomiques.com\/?p=5822#primaryimage\"},\"thumbnailUrl\":\"https:\/\/challengeseconomiques.com\/wp-content\/uploads\/2023\/12\/lancementapesonatel.jpg\",\"articleSection\":[\"A la une\",\"Actualit\u00e9 \u00e9conomique\"],\"inLanguage\":\"fr-FR\"},{\"@type\":\"WebPage\",\"@id\":\"https:\/\/challengeseconomiques.com\/?p=5822\",\"url\":\"https:\/\/challengeseconomiques.com\/?p=5822\",\"name\":\"Sonatel veut lever 125,6 millions $ sur le march\u00e9 financier de l'UEMOA \u00e0 travers la titrisation de ses cr\u00e9ances - challenges economiques\",\"isPartOf\":{\"@id\":\"https:\/\/challengeseconomiques.com\/#website\"},\"primaryImageOfPage\":{\"@id\":\"https:\/\/challengeseconomiques.com\/?p=5822#primaryimage\"},\"image\":{\"@id\":\"https:\/\/challengeseconomiques.com\/?p=5822#primaryimage\"},\"thumbnailUrl\":\"https:\/\/challengeseconomiques.com\/wp-content\/uploads\/2023\/12\/lancementapesonatel.jpg\",\"datePublished\":\"2023-12-16T16:04:33+00:00\",\"dateModified\":\"2023-12-17T21:43:31+00:00\",\"author\":{\"@id\":\"https:\/\/challengeseconomiques.com\/#\/schema\/person\/b4568c9afebc5a9238a771873801e349\"},\"breadcrumb\":{\"@id\":\"https:\/\/challengeseconomiques.com\/?p=5822#breadcrumb\"},\"inLanguage\":\"fr-FR\",\"potentialAction\":[{\"@type\":\"ReadAction\",\"target\":[\"https:\/\/challengeseconomiques.com\/?p=5822\"]}]},{\"@type\":\"ImageObject\",\"inLanguage\":\"fr-FR\",\"@id\":\"https:\/\/challengeseconomiques.com\/?p=5822#primaryimage\",\"url\":\"https:\/\/challengeseconomiques.com\/wp-content\/uploads\/2023\/12\/lancementapesonatel.jpg\",\"contentUrl\":\"https:\/\/challengeseconomiques.com\/wp-content\/uploads\/2023\/12\/lancementapesonatel.jpg\",\"width\":1080,\"height\":720},{\"@type\":\"BreadcrumbList\",\"@id\":\"https:\/\/challengeseconomiques.com\/?p=5822#breadcrumb\",\"itemListElement\":[{\"@type\":\"ListItem\",\"position\":1,\"name\":\"Home\",\"item\":\"https:\/\/challengeseconomiques.com\/\"},{\"@type\":\"ListItem\",\"position\":2,\"name\":\"Sonatel veut lever 125,6 millions $ sur le march\u00e9 financier de l&rsquo;UEMOA \u00e0 travers la titrisation de ses cr\u00e9ances\"}]},{\"@type\":\"WebSite\",\"@id\":\"https:\/\/challengeseconomiques.com\/#website\",\"url\":\"https:\/\/challengeseconomiques.com\/\",\"name\":\"challenges economiques\",\"description\":\"\",\"potentialAction\":[{\"@type\":\"SearchAction\",\"target\":{\"@type\":\"EntryPoint\",\"urlTemplate\":\"https:\/\/challengeseconomiques.com\/?s={search_term_string}\"},\"query-input\":{\"@type\":\"PropertyValueSpecification\",\"valueRequired\":true,\"valueName\":\"search_term_string\"}}],\"inLanguage\":\"fr-FR\"},{\"@type\":\"Person\",\"@id\":\"https:\/\/challengeseconomiques.com\/#\/schema\/person\/b4568c9afebc5a9238a771873801e349\",\"name\":\"admin\",\"image\":{\"@type\":\"ImageObject\",\"inLanguage\":\"fr-FR\",\"@id\":\"https:\/\/challengeseconomiques.com\/#\/schema\/person\/image\/\",\"url\":\"https:\/\/secure.gravatar.com\/avatar\/099e42240b5eea11acdb72751fcce0dd918603f0749d24974b7984ea47ed9fd9?s=96&d=mm&r=g\",\"contentUrl\":\"https:\/\/secure.gravatar.com\/avatar\/099e42240b5eea11acdb72751fcce0dd918603f0749d24974b7984ea47ed9fd9?s=96&d=mm&r=g\",\"caption\":\"admin\"},\"sameAs\":[\"https:\/\/challengeseconomiques.com\"],\"url\":\"https:\/\/challengeseconomiques.com\/?author=1\"}]}<\/script>\n<!-- \/ Yoast SEO plugin. -->","yoast_head_json":{"title":"Sonatel veut lever 125,6 millions $ sur le march\u00e9 financier de l'UEMOA \u00e0 travers la titrisation de ses cr\u00e9ances - challenges economiques","robots":{"index":"index","follow":"follow","max-snippet":"max-snippet:-1","max-image-preview":"max-image-preview:large","max-video-preview":"max-video-preview:-1"},"canonical":"https:\/\/challengeseconomiques.com\/?p=5822","og_locale":"fr_FR","og_type":"article","og_title":"Sonatel veut lever 125,6 millions $ sur le march\u00e9 financier de l'UEMOA \u00e0 travers la titrisation de ses cr\u00e9ances - challenges economiques","og_description":"\u00a0Sonatel op\u00e8re sur 5 march\u00e9s d\u2019Afrique de l\u2019Ouest, \u00e0 savoir : le S\u00e9n\u00e9gal, le Mali, la Guin\u00e9e, la Guin\u00e9e Bissau et la Sierra Leone. Sur...","og_url":"https:\/\/challengeseconomiques.com\/?p=5822","og_site_name":"challenges economiques","article_published_time":"2023-12-16T16:04:33+00:00","article_modified_time":"2023-12-17T21:43:31+00:00","og_image":[{"width":1080,"height":720,"url":"https:\/\/challengeseconomiques.com\/wp-content\/uploads\/2023\/12\/lancementapesonatel.jpg","type":"image\/jpeg"}],"author":"admin","twitter_card":"summary_large_image","twitter_misc":{"\u00c9crit par":"admin","Dur\u00e9e de lecture estim\u00e9e":"2 minutes"},"schema":{"@context":"https:\/\/schema.org","@graph":[{"@type":"Article","@id":"https:\/\/challengeseconomiques.com\/?p=5822#article","isPartOf":{"@id":"https:\/\/challengeseconomiques.com\/?p=5822"},"author":{"name":"admin","@id":"https:\/\/challengeseconomiques.com\/#\/schema\/person\/b4568c9afebc5a9238a771873801e349"},"headline":"Sonatel veut lever 125,6 millions $ sur le march\u00e9 financier de l&rsquo;UEMOA \u00e0 travers la titrisation de ses cr\u00e9ances","datePublished":"2023-12-16T16:04:33+00:00","dateModified":"2023-12-17T21:43:31+00:00","mainEntityOfPage":{"@id":"https:\/\/challengeseconomiques.com\/?p=5822"},"wordCount":387,"image":{"@id":"https:\/\/challengeseconomiques.com\/?p=5822#primaryimage"},"thumbnailUrl":"https:\/\/challengeseconomiques.com\/wp-content\/uploads\/2023\/12\/lancementapesonatel.jpg","articleSection":["A la une","Actualit\u00e9 \u00e9conomique"],"inLanguage":"fr-FR"},{"@type":"WebPage","@id":"https:\/\/challengeseconomiques.com\/?p=5822","url":"https:\/\/challengeseconomiques.com\/?p=5822","name":"Sonatel veut lever 125,6 millions $ sur le march\u00e9 financier de l'UEMOA \u00e0 travers la titrisation de ses cr\u00e9ances - challenges economiques","isPartOf":{"@id":"https:\/\/challengeseconomiques.com\/#website"},"primaryImageOfPage":{"@id":"https:\/\/challengeseconomiques.com\/?p=5822#primaryimage"},"image":{"@id":"https:\/\/challengeseconomiques.com\/?p=5822#primaryimage"},"thumbnailUrl":"https:\/\/challengeseconomiques.com\/wp-content\/uploads\/2023\/12\/lancementapesonatel.jpg","datePublished":"2023-12-16T16:04:33+00:00","dateModified":"2023-12-17T21:43:31+00:00","author":{"@id":"https:\/\/challengeseconomiques.com\/#\/schema\/person\/b4568c9afebc5a9238a771873801e349"},"breadcrumb":{"@id":"https:\/\/challengeseconomiques.com\/?p=5822#breadcrumb"},"inLanguage":"fr-FR","potentialAction":[{"@type":"ReadAction","target":["https:\/\/challengeseconomiques.com\/?p=5822"]}]},{"@type":"ImageObject","inLanguage":"fr-FR","@id":"https:\/\/challengeseconomiques.com\/?p=5822#primaryimage","url":"https:\/\/challengeseconomiques.com\/wp-content\/uploads\/2023\/12\/lancementapesonatel.jpg","contentUrl":"https:\/\/challengeseconomiques.com\/wp-content\/uploads\/2023\/12\/lancementapesonatel.jpg","width":1080,"height":720},{"@type":"BreadcrumbList","@id":"https:\/\/challengeseconomiques.com\/?p=5822#breadcrumb","itemListElement":[{"@type":"ListItem","position":1,"name":"Home","item":"https:\/\/challengeseconomiques.com\/"},{"@type":"ListItem","position":2,"name":"Sonatel veut lever 125,6 millions $ sur le march\u00e9 financier de l&rsquo;UEMOA \u00e0 travers la titrisation de ses cr\u00e9ances"}]},{"@type":"WebSite","@id":"https:\/\/challengeseconomiques.com\/#website","url":"https:\/\/challengeseconomiques.com\/","name":"challenges economiques","description":"","potentialAction":[{"@type":"SearchAction","target":{"@type":"EntryPoint","urlTemplate":"https:\/\/challengeseconomiques.com\/?s={search_term_string}"},"query-input":{"@type":"PropertyValueSpecification","valueRequired":true,"valueName":"search_term_string"}}],"inLanguage":"fr-FR"},{"@type":"Person","@id":"https:\/\/challengeseconomiques.com\/#\/schema\/person\/b4568c9afebc5a9238a771873801e349","name":"admin","image":{"@type":"ImageObject","inLanguage":"fr-FR","@id":"https:\/\/challengeseconomiques.com\/#\/schema\/person\/image\/","url":"https:\/\/secure.gravatar.com\/avatar\/099e42240b5eea11acdb72751fcce0dd918603f0749d24974b7984ea47ed9fd9?s=96&d=mm&r=g","contentUrl":"https:\/\/secure.gravatar.com\/avatar\/099e42240b5eea11acdb72751fcce0dd918603f0749d24974b7984ea47ed9fd9?s=96&d=mm&r=g","caption":"admin"},"sameAs":["https:\/\/challengeseconomiques.com"],"url":"https:\/\/challengeseconomiques.com\/?author=1"}]}},"jetpack_featured_media_url":"https:\/\/challengeseconomiques.com\/wp-content\/uploads\/2023\/12\/lancementapesonatel.jpg","jetpack_sharing_enabled":true,"_links":{"self":[{"href":"https:\/\/challengeseconomiques.com\/index.php?rest_route=\/wp\/v2\/posts\/5822","targetHints":{"allow":["GET"]}}],"collection":[{"href":"https:\/\/challengeseconomiques.com\/index.php?rest_route=\/wp\/v2\/posts"}],"about":[{"href":"https:\/\/challengeseconomiques.com\/index.php?rest_route=\/wp\/v2\/types\/post"}],"author":[{"embeddable":true,"href":"https:\/\/challengeseconomiques.com\/index.php?rest_route=\/wp\/v2\/users\/1"}],"replies":[{"embeddable":true,"href":"https:\/\/challengeseconomiques.com\/index.php?rest_route=%2Fwp%2Fv2%2Fcomments&post=5822"}],"version-history":[{"count":1,"href":"https:\/\/challengeseconomiques.com\/index.php?rest_route=\/wp\/v2\/posts\/5822\/revisions"}],"predecessor-version":[{"id":5823,"href":"https:\/\/challengeseconomiques.com\/index.php?rest_route=\/wp\/v2\/posts\/5822\/revisions\/5823"}],"wp:featuredmedia":[{"embeddable":true,"href":"https:\/\/challengeseconomiques.com\/index.php?rest_route=\/wp\/v2\/media\/5824"}],"wp:attachment":[{"href":"https:\/\/challengeseconomiques.com\/index.php?rest_route=%2Fwp%2Fv2%2Fmedia&parent=5822"}],"wp:term":[{"taxonomy":"category","embeddable":true,"href":"https:\/\/challengeseconomiques.com\/index.php?rest_route=%2Fwp%2Fv2%2Fcategories&post=5822"},{"taxonomy":"post_tag","embeddable":true,"href":"https:\/\/challengeseconomiques.com\/index.php?rest_route=%2Fwp%2Fv2%2Ftags&post=5822"}],"curies":[{"name":"wp","href":"https:\/\/api.w.org\/{rel}","templated":true}]}}