{"id":5819,"date":"2023-12-15T16:55:42","date_gmt":"2023-12-15T16:55:42","guid":{"rendered":"https:\/\/challengeseconomiques.com\/?p=5819"},"modified":"2023-12-15T17:00:22","modified_gmt":"2023-12-15T17:00:22","slug":"la-cciad-disposera-bientot-dun-centre-dappui-a-linitiative","status":"publish","type":"post","link":"https:\/\/challengeseconomiques.com\/?p=5819","title":{"rendered":"La CCIAD disposera bient\u00f4t d\u2019un centre d\u2019appui \u00e0 l\u2019initiative"},"content":{"rendered":"<p>Un centre d\u2019appui \u00e0 l\u2019initiative sera bient\u00f4t install\u00e9 \u00e0 la chambre de commerce, d\u2019industrie et d\u2019agriculture de Dakar. C\u2019est la promesse faite \u00a0par le Directeur g\u00e9n\u00e9ral de l\u2019Agence s\u00e9n\u00e9galaise pour la protection industrielle et l\u2019innovation technologique (ASPIIT), Makhtar Dia, \u00e0 l\u2019ouverture d\u2019un atelier sur la propri\u00e9t\u00e9 intellectuelle.<\/p>\n<p>Une initiative qui permettra sans doute aux petites et moyennes entreprises inscrites \u00e0 la CCIAD d\u2019avoir une plus grande conscience de la propri\u00e9t\u00e9 intellectuelle et de pouvoir ainsi se positionner sur le plan international. Car a soutenu \u00a0Makhtar Ba, la propri\u00e9t\u00e9 intellectuelle est la cl\u00e9 de vo\u00fbte du d\u00e9veloppement d\u2019un pays. C\u2019est pourquoi, Ababacar Sedikh\u00a0 Sy, vice-pr\u00e9sident de la CCIAD\u00a0 a \u00a0dans le discours qu\u2019il a prononc\u00e9 \u00e0 l\u2019ouverture de cet atelier expliqu\u00e9 que dans un monde de plus en plus ax\u00e9 sur la connaissance et la cr\u00e9ativit\u00e9, la propri\u00e9t\u00e9 intellectuelle \u00e9merge comme un pilier essentiel pour les petites et moyennes entreprises\u00a0. Il faut d\u00e8s lors pour ces \u00ab\u00a0PME qui regorgent de talents et de cr\u00e9ativit\u00e9, produisant des id\u00e9es novatrices qui ont le potentiel de transformer nos industries\u00a0\u00bb mieux appr\u00e9hender le concept de la propri\u00e9t\u00e9 intellectuelle.<\/p>\n<p>Cet atelier devra permettre d\u2019amorcer un travail collectif\u00a0 pour \u00ab\u00a0surmonter les obstacles, en renfor\u00e7ant les capacit\u00e9s de ces entit\u00e9s \u00e9conomiques, en leur offrant un acc\u00e8s facilit\u00e9 \u00e0 l&rsquo;information et en promouvant la sensibilisation\u00a0\u00bb d\u2019apr\u00e8s le vice-pr\u00e9sident de la CCIAD.<\/p>\n<p>Ababacar S\u00e9dikh Sy a rappel\u00e9 que l\u2019atelier \u00e9tait le fruit de la collaboration entre la Conf\u00e9rence permanente des chambres consulaires africaines et francophones (CPCCAF) et l&rsquo;Organisation mondiale de la propri\u00e9t\u00e9 intellectuelle (OMPI) \u00e0 travers le projet pilote \u00ab\u00a0IP DESK\u00a0\u00bb. A ce titre, l\u2019atelier \u00a0rev\u00eat une importance majeure \u00e0 plusieurs \u00e9gards\u00a0 selon lui.<\/p>\n<p>&nbsp;<\/p>\n","protected":false},"excerpt":{"rendered":"<p>Un centre d\u2019appui \u00e0 l\u2019initiative sera bient\u00f4t install\u00e9 \u00e0 la chambre de commerce, d\u2019industrie et d\u2019agriculture de Dakar. C\u2019est la promesse faite \u00a0par le Directeur&#8230;<\/p>\n","protected":false},"author":1,"featured_media":5820,"comment_status":"closed","ping_status":"open","sticky":false,"template":"","format":"standard","meta":{"_jetpack_memberships_contains_paid_content":false,"footnotes":""},"categories":[23,10],"tags":[],"class_list":["post-5819","post","type-post","status-publish","format-standard","has-post-thumbnail","hentry","category-a-la-une","category-infos-eco","wpcat-23-id","wpcat-10-id"],"yoast_head":"<!-- This site is optimized with the Yoast SEO plugin v27.1.1 - https:\/\/yoast.com\/product\/yoast-seo-wordpress\/ -->\n<title>La CCIAD disposera bient\u00f4t d\u2019un centre d\u2019appui \u00e0 l\u2019initiative - challenges economiques<\/title>\n<meta name=\"robots\" content=\"index, follow, max-snippet:-1, max-image-preview:large, max-video-preview:-1\" \/>\n<link rel=\"canonical\" href=\"https:\/\/challengeseconomiques.com\/?p=5819\" \/>\n<meta property=\"og:locale\" content=\"fr_FR\" \/>\n<meta property=\"og:type\" content=\"article\" \/>\n<meta property=\"og:title\" content=\"La CCIAD disposera bient\u00f4t d\u2019un centre d\u2019appui \u00e0 l\u2019initiative - challenges economiques\" \/>\n<meta property=\"og:description\" content=\"Un centre d\u2019appui \u00e0 l\u2019initiative sera bient\u00f4t install\u00e9 \u00e0 la chambre de commerce, d\u2019industrie et d\u2019agriculture de Dakar. C\u2019est la promesse faite \u00a0par le Directeur...\" \/>\n<meta property=\"og:url\" content=\"https:\/\/challengeseconomiques.com\/?p=5819\" \/>\n<meta property=\"og:site_name\" content=\"challenges economiques\" \/>\n<meta property=\"article:published_time\" content=\"2023-12-15T16:55:42+00:00\" \/>\n<meta property=\"article:modified_time\" content=\"2023-12-15T17:00:22+00:00\" \/>\n<meta property=\"og:image\" content=\"https:\/\/challengeseconomiques.com\/wp-content\/uploads\/2023\/12\/pi.jpg\" \/>\n\t<meta property=\"og:image:width\" content=\"1156\" \/>\n\t<meta property=\"og:image:height\" content=\"867\" \/>\n\t<meta property=\"og:image:type\" content=\"image\/jpeg\" \/>\n<meta name=\"author\" content=\"admin\" \/>\n<meta name=\"twitter:card\" content=\"summary_large_image\" \/>\n<meta name=\"twitter:label1\" content=\"\u00c9crit par\" \/>\n\t<meta name=\"twitter:data1\" content=\"admin\" \/>\n\t<meta name=\"twitter:label2\" content=\"Dur\u00e9e de lecture estim\u00e9e\" \/>\n\t<meta name=\"twitter:data2\" content=\"2 minutes\" \/>\n<script type=\"application\/ld+json\" class=\"yoast-schema-graph\">{\"@context\":\"https:\/\/schema.org\",\"@graph\":[{\"@type\":\"Article\",\"@id\":\"https:\/\/challengeseconomiques.com\/?p=5819#article\",\"isPartOf\":{\"@id\":\"https:\/\/challengeseconomiques.com\/?p=5819\"},\"author\":{\"name\":\"admin\",\"@id\":\"https:\/\/challengeseconomiques.com\/#\/schema\/person\/b4568c9afebc5a9238a771873801e349\"},\"headline\":\"La CCIAD disposera bient\u00f4t d\u2019un centre d\u2019appui \u00e0 l\u2019initiative\",\"datePublished\":\"2023-12-15T16:55:42+00:00\",\"dateModified\":\"2023-12-15T17:00:22+00:00\",\"mainEntityOfPage\":{\"@id\":\"https:\/\/challengeseconomiques.com\/?p=5819\"},\"wordCount\":327,\"image\":{\"@id\":\"https:\/\/challengeseconomiques.com\/?p=5819#primaryimage\"},\"thumbnailUrl\":\"https:\/\/challengeseconomiques.com\/wp-content\/uploads\/2023\/12\/pi.jpg\",\"articleSection\":[\"A la une\",\"Infos \u00e9co\"],\"inLanguage\":\"fr-FR\"},{\"@type\":\"WebPage\",\"@id\":\"https:\/\/challengeseconomiques.com\/?p=5819\",\"url\":\"https:\/\/challengeseconomiques.com\/?p=5819\",\"name\":\"La CCIAD disposera bient\u00f4t d\u2019un centre d\u2019appui \u00e0 l\u2019initiative - challenges economiques\",\"isPartOf\":{\"@id\":\"https:\/\/challengeseconomiques.com\/#website\"},\"primaryImageOfPage\":{\"@id\":\"https:\/\/challengeseconomiques.com\/?p=5819#primaryimage\"},\"image\":{\"@id\":\"https:\/\/challengeseconomiques.com\/?p=5819#primaryimage\"},\"thumbnailUrl\":\"https:\/\/challengeseconomiques.com\/wp-content\/uploads\/2023\/12\/pi.jpg\",\"datePublished\":\"2023-12-15T16:55:42+00:00\",\"dateModified\":\"2023-12-15T17:00:22+00:00\",\"author\":{\"@id\":\"https:\/\/challengeseconomiques.com\/#\/schema\/person\/b4568c9afebc5a9238a771873801e349\"},\"breadcrumb\":{\"@id\":\"https:\/\/challengeseconomiques.com\/?p=5819#breadcrumb\"},\"inLanguage\":\"fr-FR\",\"potentialAction\":[{\"@type\":\"ReadAction\",\"target\":[\"https:\/\/challengeseconomiques.com\/?p=5819\"]}]},{\"@type\":\"ImageObject\",\"inLanguage\":\"fr-FR\",\"@id\":\"https:\/\/challengeseconomiques.com\/?p=5819#primaryimage\",\"url\":\"https:\/\/challengeseconomiques.com\/wp-content\/uploads\/2023\/12\/pi.jpg\",\"contentUrl\":\"https:\/\/challengeseconomiques.com\/wp-content\/uploads\/2023\/12\/pi.jpg\",\"width\":1156,\"height\":867},{\"@type\":\"BreadcrumbList\",\"@id\":\"https:\/\/challengeseconomiques.com\/?p=5819#breadcrumb\",\"itemListElement\":[{\"@type\":\"ListItem\",\"position\":1,\"name\":\"Home\",\"item\":\"https:\/\/challengeseconomiques.com\/\"},{\"@type\":\"ListItem\",\"position\":2,\"name\":\"La CCIAD disposera bient\u00f4t d\u2019un centre d\u2019appui \u00e0 l\u2019initiative\"}]},{\"@type\":\"WebSite\",\"@id\":\"https:\/\/challengeseconomiques.com\/#website\",\"url\":\"https:\/\/challengeseconomiques.com\/\",\"name\":\"challenges economiques\",\"description\":\"\",\"potentialAction\":[{\"@type\":\"SearchAction\",\"target\":{\"@type\":\"EntryPoint\",\"urlTemplate\":\"https:\/\/challengeseconomiques.com\/?s={search_term_string}\"},\"query-input\":{\"@type\":\"PropertyValueSpecification\",\"valueRequired\":true,\"valueName\":\"search_term_string\"}}],\"inLanguage\":\"fr-FR\"},{\"@type\":\"Person\",\"@id\":\"https:\/\/challengeseconomiques.com\/#\/schema\/person\/b4568c9afebc5a9238a771873801e349\",\"name\":\"admin\",\"image\":{\"@type\":\"ImageObject\",\"inLanguage\":\"fr-FR\",\"@id\":\"https:\/\/challengeseconomiques.com\/#\/schema\/person\/image\/\",\"url\":\"https:\/\/secure.gravatar.com\/avatar\/099e42240b5eea11acdb72751fcce0dd918603f0749d24974b7984ea47ed9fd9?s=96&d=mm&r=g\",\"contentUrl\":\"https:\/\/secure.gravatar.com\/avatar\/099e42240b5eea11acdb72751fcce0dd918603f0749d24974b7984ea47ed9fd9?s=96&d=mm&r=g\",\"caption\":\"admin\"},\"sameAs\":[\"https:\/\/challengeseconomiques.com\"],\"url\":\"https:\/\/challengeseconomiques.com\/?author=1\"}]}<\/script>\n<!-- \/ Yoast SEO plugin. -->","yoast_head_json":{"title":"La CCIAD disposera bient\u00f4t d\u2019un centre d\u2019appui \u00e0 l\u2019initiative - challenges economiques","robots":{"index":"index","follow":"follow","max-snippet":"max-snippet:-1","max-image-preview":"max-image-preview:large","max-video-preview":"max-video-preview:-1"},"canonical":"https:\/\/challengeseconomiques.com\/?p=5819","og_locale":"fr_FR","og_type":"article","og_title":"La CCIAD disposera bient\u00f4t d\u2019un centre d\u2019appui \u00e0 l\u2019initiative - challenges economiques","og_description":"Un centre d\u2019appui \u00e0 l\u2019initiative sera bient\u00f4t install\u00e9 \u00e0 la chambre de commerce, d\u2019industrie et d\u2019agriculture de Dakar. C\u2019est la promesse faite \u00a0par le Directeur...","og_url":"https:\/\/challengeseconomiques.com\/?p=5819","og_site_name":"challenges economiques","article_published_time":"2023-12-15T16:55:42+00:00","article_modified_time":"2023-12-15T17:00:22+00:00","og_image":[{"width":1156,"height":867,"url":"https:\/\/challengeseconomiques.com\/wp-content\/uploads\/2023\/12\/pi.jpg","type":"image\/jpeg"}],"author":"admin","twitter_card":"summary_large_image","twitter_misc":{"\u00c9crit par":"admin","Dur\u00e9e de lecture estim\u00e9e":"2 minutes"},"schema":{"@context":"https:\/\/schema.org","@graph":[{"@type":"Article","@id":"https:\/\/challengeseconomiques.com\/?p=5819#article","isPartOf":{"@id":"https:\/\/challengeseconomiques.com\/?p=5819"},"author":{"name":"admin","@id":"https:\/\/challengeseconomiques.com\/#\/schema\/person\/b4568c9afebc5a9238a771873801e349"},"headline":"La CCIAD disposera bient\u00f4t d\u2019un centre d\u2019appui \u00e0 l\u2019initiative","datePublished":"2023-12-15T16:55:42+00:00","dateModified":"2023-12-15T17:00:22+00:00","mainEntityOfPage":{"@id":"https:\/\/challengeseconomiques.com\/?p=5819"},"wordCount":327,"image":{"@id":"https:\/\/challengeseconomiques.com\/?p=5819#primaryimage"},"thumbnailUrl":"https:\/\/challengeseconomiques.com\/wp-content\/uploads\/2023\/12\/pi.jpg","articleSection":["A la une","Infos \u00e9co"],"inLanguage":"fr-FR"},{"@type":"WebPage","@id":"https:\/\/challengeseconomiques.com\/?p=5819","url":"https:\/\/challengeseconomiques.com\/?p=5819","name":"La CCIAD disposera bient\u00f4t d\u2019un centre d\u2019appui \u00e0 l\u2019initiative - challenges economiques","isPartOf":{"@id":"https:\/\/challengeseconomiques.com\/#website"},"primaryImageOfPage":{"@id":"https:\/\/challengeseconomiques.com\/?p=5819#primaryimage"},"image":{"@id":"https:\/\/challengeseconomiques.com\/?p=5819#primaryimage"},"thumbnailUrl":"https:\/\/challengeseconomiques.com\/wp-content\/uploads\/2023\/12\/pi.jpg","datePublished":"2023-12-15T16:55:42+00:00","dateModified":"2023-12-15T17:00:22+00:00","author":{"@id":"https:\/\/challengeseconomiques.com\/#\/schema\/person\/b4568c9afebc5a9238a771873801e349"},"breadcrumb":{"@id":"https:\/\/challengeseconomiques.com\/?p=5819#breadcrumb"},"inLanguage":"fr-FR","potentialAction":[{"@type":"ReadAction","target":["https:\/\/challengeseconomiques.com\/?p=5819"]}]},{"@type":"ImageObject","inLanguage":"fr-FR","@id":"https:\/\/challengeseconomiques.com\/?p=5819#primaryimage","url":"https:\/\/challengeseconomiques.com\/wp-content\/uploads\/2023\/12\/pi.jpg","contentUrl":"https:\/\/challengeseconomiques.com\/wp-content\/uploads\/2023\/12\/pi.jpg","width":1156,"height":867},{"@type":"BreadcrumbList","@id":"https:\/\/challengeseconomiques.com\/?p=5819#breadcrumb","itemListElement":[{"@type":"ListItem","position":1,"name":"Home","item":"https:\/\/challengeseconomiques.com\/"},{"@type":"ListItem","position":2,"name":"La CCIAD disposera bient\u00f4t d\u2019un centre d\u2019appui \u00e0 l\u2019initiative"}]},{"@type":"WebSite","@id":"https:\/\/challengeseconomiques.com\/#website","url":"https:\/\/challengeseconomiques.com\/","name":"challenges economiques","description":"","potentialAction":[{"@type":"SearchAction","target":{"@type":"EntryPoint","urlTemplate":"https:\/\/challengeseconomiques.com\/?s={search_term_string}"},"query-input":{"@type":"PropertyValueSpecification","valueRequired":true,"valueName":"search_term_string"}}],"inLanguage":"fr-FR"},{"@type":"Person","@id":"https:\/\/challengeseconomiques.com\/#\/schema\/person\/b4568c9afebc5a9238a771873801e349","name":"admin","image":{"@type":"ImageObject","inLanguage":"fr-FR","@id":"https:\/\/challengeseconomiques.com\/#\/schema\/person\/image\/","url":"https:\/\/secure.gravatar.com\/avatar\/099e42240b5eea11acdb72751fcce0dd918603f0749d24974b7984ea47ed9fd9?s=96&d=mm&r=g","contentUrl":"https:\/\/secure.gravatar.com\/avatar\/099e42240b5eea11acdb72751fcce0dd918603f0749d24974b7984ea47ed9fd9?s=96&d=mm&r=g","caption":"admin"},"sameAs":["https:\/\/challengeseconomiques.com"],"url":"https:\/\/challengeseconomiques.com\/?author=1"}]}},"jetpack_featured_media_url":"https:\/\/challengeseconomiques.com\/wp-content\/uploads\/2023\/12\/pi.jpg","jetpack_sharing_enabled":true,"_links":{"self":[{"href":"https:\/\/challengeseconomiques.com\/index.php?rest_route=\/wp\/v2\/posts\/5819","targetHints":{"allow":["GET"]}}],"collection":[{"href":"https:\/\/challengeseconomiques.com\/index.php?rest_route=\/wp\/v2\/posts"}],"about":[{"href":"https:\/\/challengeseconomiques.com\/index.php?rest_route=\/wp\/v2\/types\/post"}],"author":[{"embeddable":true,"href":"https:\/\/challengeseconomiques.com\/index.php?rest_route=\/wp\/v2\/users\/1"}],"replies":[{"embeddable":true,"href":"https:\/\/challengeseconomiques.com\/index.php?rest_route=%2Fwp%2Fv2%2Fcomments&post=5819"}],"version-history":[{"count":1,"href":"https:\/\/challengeseconomiques.com\/index.php?rest_route=\/wp\/v2\/posts\/5819\/revisions"}],"predecessor-version":[{"id":5821,"href":"https:\/\/challengeseconomiques.com\/index.php?rest_route=\/wp\/v2\/posts\/5819\/revisions\/5821"}],"wp:featuredmedia":[{"embeddable":true,"href":"https:\/\/challengeseconomiques.com\/index.php?rest_route=\/wp\/v2\/media\/5820"}],"wp:attachment":[{"href":"https:\/\/challengeseconomiques.com\/index.php?rest_route=%2Fwp%2Fv2%2Fmedia&parent=5819"}],"wp:term":[{"taxonomy":"category","embeddable":true,"href":"https:\/\/challengeseconomiques.com\/index.php?rest_route=%2Fwp%2Fv2%2Fcategories&post=5819"},{"taxonomy":"post_tag","embeddable":true,"href":"https:\/\/challengeseconomiques.com\/index.php?rest_route=%2Fwp%2Fv2%2Ftags&post=5819"}],"curies":[{"name":"wp","href":"https:\/\/api.w.org\/{rel}","templated":true}]}}