{"id":5809,"date":"2023-12-14T17:34:04","date_gmt":"2023-12-14T17:34:04","guid":{"rendered":"https:\/\/challengeseconomiques.com\/?p=5809"},"modified":"2023-12-14T17:35:10","modified_gmt":"2023-12-14T17:35:10","slug":"visite-dune-delegation-autrichienne-a-la-cciad-objectif-affiche-de-relancer-les-echanges-commerciaux-sur-laxe-dakar-vienne","status":"publish","type":"post","link":"https:\/\/challengeseconomiques.com\/?p=5809","title":{"rendered":"Visite d\u2019une d\u00e9l\u00e9gation autrichienne \u00e0 la CCIAD : Objectif affich\u00e9 de relancer les \u00e9changes commerciaux sur l\u2019axe Dakar-Vienne"},"content":{"rendered":"<p><strong>La Chambre de Commerce, d\u2019Agriculture et d\u2019Industrie de Dakar (CCIAD) a re\u00e7u une d\u00e9l\u00e9gation d\u2019hommes d\u2019affaires autrichiens dirig\u00e9e par la vice-pr\u00e9sidente de la Chambre Economique F\u00e9d\u00e9rale d\u2019Autriche, Carmen Goby, le mardi 12 d\u00e9cembre 2023 \u00e0 l\u2019Institution Consulaire. Le pr\u00e9sident de la CCIAD, Abdoulaye Sow a, en pr\u00e9sence de chefs d\u2019entreprises s\u00e9n\u00e9galais, explor\u00e9 avec ses invit\u00e9s, les moyens de renforcer les relations commerciales entre les deux pays.<\/strong><\/p>\n<p>Le pr\u00e9sident de la CCIAD, Abdoulaye Sow a fait une br\u00e8ve pr\u00e9sentation de l\u2019Institution en mettant l\u2019accent sur le r\u00f4le d\u2019interface entre l\u2019Etat et le secteur priv\u00e9 dans toute sa diversit\u00e9. Il a \u00e9voqu\u00e9 la gen\u00e8se des relations diplomatiques entre le S\u00e9n\u00e9gal et l\u2019Autriche. Pour lui, il est important de tisser des relations commerciales \u00e0 la hauteur des liens entre les deux pays.<br \/>\nAbdoulaye Sow a insist\u00e9 sur la position strat\u00e9gique de notre pays qui en plus d\u2019\u00eatre ouvert aux march\u00e9s mondiaux, constitue un relais vers le march\u00e9 africain. Il a list\u00e9 des secteurs \u00e0 fort potentiel \u00e0 l\u2019exportation dont dispose le S\u00e9n\u00e9gal. M. Sow a \u00e9galement abord\u00e9 la question de l\u2019exploitation des gisements de p\u00e9trole et de gaz qui est un tremplin pour capter des Investissements directs \u00e9trangers (IDE). Ceci va g\u00e9n\u00e9rer d\u2019apr\u00e8s les pr\u00e9visions, la hausse simultan\u00e9e du taux de croissance et de Produit Int\u00e9rieur brut (PIB).<\/p>\n<p><em><strong>Mettre en relation les op\u00e9rateurs \u00e9conomiques<\/strong><\/em><\/p>\n<p>Le pr\u00e9sident de la CCIAD a aussi soulign\u00e9 l\u2019exp\u00e9rience de l\u2019Autriche dans des domaines tels que l\u2019\u00e9nergie, les \u00e9quipements miniers, la fabrication de m\u00e9dicaments, les technologies de pointe et les innovations. Il trouve que le S\u00e9n\u00e9gal peut b\u00e9n\u00e9ficier de cette expertise. M. Sow est pour la mise en place d\u2019un partenariat gagnant-gagnant entre les op\u00e9rateurs \u00e9conomiques de part et d\u2019autre. Par ailleurs, il salue l\u2019arriv\u00e9e au S\u00e9n\u00e9gal d\u2019un groupe d\u2019investisseurs autrichiens sp\u00e9cialis\u00e9s dans divers secteurs sous la houlette de la Banque Autrichienne de D\u00e9veloppement.<br \/>\nLe pr\u00e9sident Abdoulaye Sow a invit\u00e9 les entreprises des deux pays \u00e0 \u0153uvrer pour augmenter le volume des \u00e9changes sur l\u2019axe Dakar-Vienne. Pour y parvenir, il propose la cr\u00e9ation d\u2019un Conseil d\u2019affaires, \u00a0afin de faciliter la mise en relation entre op\u00e9rateurs \u00e9conomiques.<br \/>\nPour sa part, la vice-pr\u00e9sidente de la Chambre Economique F\u00e9d\u00e9rale d\u2019Autriche, Carmen Goby s\u2019est montr\u00e9e favorable \u00e0 l\u2019intensification des relations d\u2019affaires entre son pays et le S\u00e9n\u00e9gal. Elle a pr\u00e9cis\u00e9 que sa structure d\u00e9fend les int\u00e9r\u00eats de 580 entreprises exportatrices. Mme Goby consid\u00e8re le S\u00e9n\u00e9gal comme un pays phare en Afrique de l\u2019Ouest. Elle trouve qu\u2019il est possible de d\u00e9velopper d\u2019autres types de coop\u00e9ration en passant par le secteur priv\u00e9. Pour avoir un meilleur aper\u00e7u du monde des affaires s\u00e9n\u00e9galais, la vice-pr\u00e9sidente de la Chambre Economique F\u00e9d\u00e9rale d\u2019Autriche privil\u00e9gie les rencontres avec les chefs d\u2019entreprise, afin d\u2019exploiter les r\u00e9elles opportunit\u00e9s de coop\u00e9ration. Elle a fait savoir que les entreprises autrichiennes d\u2019exportation travaillent avec des PME. Ce qui permet, d\u2019apr\u00e8s Mme Goby, une flexibilit\u00e9 et une capacit\u00e9 d\u2019adaptation.<\/p>\n<p><em><strong>Saisir les opportunit\u00e9s<\/strong><\/em><\/p>\n<p>La vice-pr\u00e9sidente de la Chambre Economique F\u00e9d\u00e9rale d\u2019Autriche est favorable \u00e0 toute forme d\u2019\u00e9changes d\u2019informations entre sa structure et l\u2019Institution Consulaire de Dakar. Elle s\u2019est engag\u00e9e \u00e0 fournir la liste des entreprises autrichiennes actives sur le march\u00e9 s\u00e9n\u00e9galais et celles qui y aspirent.<br \/>\nPar ailleurs, Carmen Goby a convi\u00e9 les op\u00e9rateurs \u00e9conomiques s\u00e9n\u00e9galais \u00e0 la journ\u00e9e d\u00e9di\u00e9e \u00e0 l\u2019Afrique par son organisation, en janvier prochain. Il y aura des rencontres B2B en ligne, les entreprises autrichiennes vont, \u00e0 cette occasion, se renseigner sur leurs homologues africaines en vue de saisir des opportunit\u00e9s d\u2019affaires, a-t-elle-ajout\u00e9.<\/p>\n<p><strong>(BIE)<\/strong><\/p>\n","protected":false},"excerpt":{"rendered":"<p>La Chambre de Commerce, d\u2019Agriculture et d\u2019Industrie de Dakar (CCIAD) a re\u00e7u une d\u00e9l\u00e9gation d\u2019hommes d\u2019affaires autrichiens dirig\u00e9e par la vice-pr\u00e9sidente de la Chambre Economique&#8230;<\/p>\n","protected":false},"author":1,"featured_media":5810,"comment_status":"closed","ping_status":"open","sticky":false,"template":"","format":"standard","meta":{"_jetpack_memberships_contains_paid_content":false,"footnotes":""},"categories":[23,8],"tags":[],"class_list":["post-5809","post","type-post","status-publish","format-standard","has-post-thumbnail","hentry","category-a-la-une","category-actualite-economique","wpcat-23-id","wpcat-8-id"],"yoast_head":"<!-- This site is optimized with the Yoast SEO plugin v27.1.1 - https:\/\/yoast.com\/product\/yoast-seo-wordpress\/ -->\n<title>Visite d\u2019une d\u00e9l\u00e9gation autrichienne \u00e0 la CCIAD : Objectif affich\u00e9 de relancer les \u00e9changes commerciaux sur l\u2019axe Dakar-Vienne - challenges economiques<\/title>\n<meta name=\"robots\" content=\"index, follow, max-snippet:-1, max-image-preview:large, max-video-preview:-1\" \/>\n<link rel=\"canonical\" href=\"https:\/\/challengeseconomiques.com\/?p=5809\" \/>\n<meta property=\"og:locale\" content=\"fr_FR\" \/>\n<meta property=\"og:type\" content=\"article\" \/>\n<meta property=\"og:title\" content=\"Visite d\u2019une d\u00e9l\u00e9gation autrichienne \u00e0 la CCIAD : Objectif affich\u00e9 de relancer les \u00e9changes commerciaux sur l\u2019axe Dakar-Vienne - challenges economiques\" \/>\n<meta property=\"og:description\" content=\"La Chambre de Commerce, d\u2019Agriculture et d\u2019Industrie de Dakar (CCIAD) a re\u00e7u une d\u00e9l\u00e9gation d\u2019hommes d\u2019affaires autrichiens dirig\u00e9e par la vice-pr\u00e9sidente de la Chambre Economique...\" \/>\n<meta property=\"og:url\" content=\"https:\/\/challengeseconomiques.com\/?p=5809\" \/>\n<meta property=\"og:site_name\" content=\"challenges economiques\" \/>\n<meta property=\"article:published_time\" content=\"2023-12-14T17:34:04+00:00\" \/>\n<meta property=\"article:modified_time\" content=\"2023-12-14T17:35:10+00:00\" \/>\n<meta property=\"og:image\" content=\"https:\/\/challengeseconomiques.com\/wp-content\/uploads\/2023\/12\/Ambassadrice_Autrche_CCIAD_2-1536x1018-1.jpeg\" \/>\n\t<meta property=\"og:image:width\" content=\"1536\" \/>\n\t<meta property=\"og:image:height\" content=\"1018\" \/>\n\t<meta property=\"og:image:type\" content=\"image\/jpeg\" \/>\n<meta name=\"author\" content=\"admin\" \/>\n<meta name=\"twitter:card\" content=\"summary_large_image\" \/>\n<meta name=\"twitter:label1\" content=\"\u00c9crit par\" \/>\n\t<meta name=\"twitter:data1\" content=\"admin\" \/>\n\t<meta name=\"twitter:label2\" content=\"Dur\u00e9e de lecture estim\u00e9e\" \/>\n\t<meta name=\"twitter:data2\" content=\"3 minutes\" \/>\n<script type=\"application\/ld+json\" class=\"yoast-schema-graph\">{\"@context\":\"https:\/\/schema.org\",\"@graph\":[{\"@type\":\"Article\",\"@id\":\"https:\/\/challengeseconomiques.com\/?p=5809#article\",\"isPartOf\":{\"@id\":\"https:\/\/challengeseconomiques.com\/?p=5809\"},\"author\":{\"name\":\"admin\",\"@id\":\"https:\/\/challengeseconomiques.com\/#\/schema\/person\/b4568c9afebc5a9238a771873801e349\"},\"headline\":\"Visite d\u2019une d\u00e9l\u00e9gation autrichienne \u00e0 la CCIAD : Objectif affich\u00e9 de relancer les \u00e9changes commerciaux sur l\u2019axe Dakar-Vienne\",\"datePublished\":\"2023-12-14T17:34:04+00:00\",\"dateModified\":\"2023-12-14T17:35:10+00:00\",\"mainEntityOfPage\":{\"@id\":\"https:\/\/challengeseconomiques.com\/?p=5809\"},\"wordCount\":715,\"image\":{\"@id\":\"https:\/\/challengeseconomiques.com\/?p=5809#primaryimage\"},\"thumbnailUrl\":\"https:\/\/challengeseconomiques.com\/wp-content\/uploads\/2023\/12\/Ambassadrice_Autrche_CCIAD_2-1536x1018-1.jpeg\",\"articleSection\":[\"A la une\",\"Actualit\u00e9 \u00e9conomique\"],\"inLanguage\":\"fr-FR\"},{\"@type\":\"WebPage\",\"@id\":\"https:\/\/challengeseconomiques.com\/?p=5809\",\"url\":\"https:\/\/challengeseconomiques.com\/?p=5809\",\"name\":\"Visite d\u2019une d\u00e9l\u00e9gation autrichienne \u00e0 la CCIAD : Objectif affich\u00e9 de relancer les \u00e9changes commerciaux sur l\u2019axe Dakar-Vienne - challenges economiques\",\"isPartOf\":{\"@id\":\"https:\/\/challengeseconomiques.com\/#website\"},\"primaryImageOfPage\":{\"@id\":\"https:\/\/challengeseconomiques.com\/?p=5809#primaryimage\"},\"image\":{\"@id\":\"https:\/\/challengeseconomiques.com\/?p=5809#primaryimage\"},\"thumbnailUrl\":\"https:\/\/challengeseconomiques.com\/wp-content\/uploads\/2023\/12\/Ambassadrice_Autrche_CCIAD_2-1536x1018-1.jpeg\",\"datePublished\":\"2023-12-14T17:34:04+00:00\",\"dateModified\":\"2023-12-14T17:35:10+00:00\",\"author\":{\"@id\":\"https:\/\/challengeseconomiques.com\/#\/schema\/person\/b4568c9afebc5a9238a771873801e349\"},\"breadcrumb\":{\"@id\":\"https:\/\/challengeseconomiques.com\/?p=5809#breadcrumb\"},\"inLanguage\":\"fr-FR\",\"potentialAction\":[{\"@type\":\"ReadAction\",\"target\":[\"https:\/\/challengeseconomiques.com\/?p=5809\"]}]},{\"@type\":\"ImageObject\",\"inLanguage\":\"fr-FR\",\"@id\":\"https:\/\/challengeseconomiques.com\/?p=5809#primaryimage\",\"url\":\"https:\/\/challengeseconomiques.com\/wp-content\/uploads\/2023\/12\/Ambassadrice_Autrche_CCIAD_2-1536x1018-1.jpeg\",\"contentUrl\":\"https:\/\/challengeseconomiques.com\/wp-content\/uploads\/2023\/12\/Ambassadrice_Autrche_CCIAD_2-1536x1018-1.jpeg\",\"width\":1536,\"height\":1018},{\"@type\":\"BreadcrumbList\",\"@id\":\"https:\/\/challengeseconomiques.com\/?p=5809#breadcrumb\",\"itemListElement\":[{\"@type\":\"ListItem\",\"position\":1,\"name\":\"Home\",\"item\":\"https:\/\/challengeseconomiques.com\/\"},{\"@type\":\"ListItem\",\"position\":2,\"name\":\"Visite d\u2019une d\u00e9l\u00e9gation autrichienne \u00e0 la CCIAD : Objectif affich\u00e9 de relancer les \u00e9changes commerciaux sur l\u2019axe Dakar-Vienne\"}]},{\"@type\":\"WebSite\",\"@id\":\"https:\/\/challengeseconomiques.com\/#website\",\"url\":\"https:\/\/challengeseconomiques.com\/\",\"name\":\"challenges economiques\",\"description\":\"\",\"potentialAction\":[{\"@type\":\"SearchAction\",\"target\":{\"@type\":\"EntryPoint\",\"urlTemplate\":\"https:\/\/challengeseconomiques.com\/?s={search_term_string}\"},\"query-input\":{\"@type\":\"PropertyValueSpecification\",\"valueRequired\":true,\"valueName\":\"search_term_string\"}}],\"inLanguage\":\"fr-FR\"},{\"@type\":\"Person\",\"@id\":\"https:\/\/challengeseconomiques.com\/#\/schema\/person\/b4568c9afebc5a9238a771873801e349\",\"name\":\"admin\",\"image\":{\"@type\":\"ImageObject\",\"inLanguage\":\"fr-FR\",\"@id\":\"https:\/\/challengeseconomiques.com\/#\/schema\/person\/image\/\",\"url\":\"https:\/\/secure.gravatar.com\/avatar\/099e42240b5eea11acdb72751fcce0dd918603f0749d24974b7984ea47ed9fd9?s=96&d=mm&r=g\",\"contentUrl\":\"https:\/\/secure.gravatar.com\/avatar\/099e42240b5eea11acdb72751fcce0dd918603f0749d24974b7984ea47ed9fd9?s=96&d=mm&r=g\",\"caption\":\"admin\"},\"sameAs\":[\"https:\/\/challengeseconomiques.com\"],\"url\":\"https:\/\/challengeseconomiques.com\/?author=1\"}]}<\/script>\n<!-- \/ Yoast SEO plugin. -->","yoast_head_json":{"title":"Visite d\u2019une d\u00e9l\u00e9gation autrichienne \u00e0 la CCIAD : Objectif affich\u00e9 de relancer les \u00e9changes commerciaux sur l\u2019axe Dakar-Vienne - challenges economiques","robots":{"index":"index","follow":"follow","max-snippet":"max-snippet:-1","max-image-preview":"max-image-preview:large","max-video-preview":"max-video-preview:-1"},"canonical":"https:\/\/challengeseconomiques.com\/?p=5809","og_locale":"fr_FR","og_type":"article","og_title":"Visite d\u2019une d\u00e9l\u00e9gation autrichienne \u00e0 la CCIAD : Objectif affich\u00e9 de relancer les \u00e9changes commerciaux sur l\u2019axe Dakar-Vienne - challenges economiques","og_description":"La Chambre de Commerce, d\u2019Agriculture et d\u2019Industrie de Dakar (CCIAD) a re\u00e7u une d\u00e9l\u00e9gation d\u2019hommes d\u2019affaires autrichiens dirig\u00e9e par la vice-pr\u00e9sidente de la Chambre Economique...","og_url":"https:\/\/challengeseconomiques.com\/?p=5809","og_site_name":"challenges economiques","article_published_time":"2023-12-14T17:34:04+00:00","article_modified_time":"2023-12-14T17:35:10+00:00","og_image":[{"width":1536,"height":1018,"url":"https:\/\/challengeseconomiques.com\/wp-content\/uploads\/2023\/12\/Ambassadrice_Autrche_CCIAD_2-1536x1018-1.jpeg","type":"image\/jpeg"}],"author":"admin","twitter_card":"summary_large_image","twitter_misc":{"\u00c9crit par":"admin","Dur\u00e9e de lecture estim\u00e9e":"3 minutes"},"schema":{"@context":"https:\/\/schema.org","@graph":[{"@type":"Article","@id":"https:\/\/challengeseconomiques.com\/?p=5809#article","isPartOf":{"@id":"https:\/\/challengeseconomiques.com\/?p=5809"},"author":{"name":"admin","@id":"https:\/\/challengeseconomiques.com\/#\/schema\/person\/b4568c9afebc5a9238a771873801e349"},"headline":"Visite d\u2019une d\u00e9l\u00e9gation autrichienne \u00e0 la CCIAD : Objectif affich\u00e9 de relancer les \u00e9changes commerciaux sur l\u2019axe Dakar-Vienne","datePublished":"2023-12-14T17:34:04+00:00","dateModified":"2023-12-14T17:35:10+00:00","mainEntityOfPage":{"@id":"https:\/\/challengeseconomiques.com\/?p=5809"},"wordCount":715,"image":{"@id":"https:\/\/challengeseconomiques.com\/?p=5809#primaryimage"},"thumbnailUrl":"https:\/\/challengeseconomiques.com\/wp-content\/uploads\/2023\/12\/Ambassadrice_Autrche_CCIAD_2-1536x1018-1.jpeg","articleSection":["A la une","Actualit\u00e9 \u00e9conomique"],"inLanguage":"fr-FR"},{"@type":"WebPage","@id":"https:\/\/challengeseconomiques.com\/?p=5809","url":"https:\/\/challengeseconomiques.com\/?p=5809","name":"Visite d\u2019une d\u00e9l\u00e9gation autrichienne \u00e0 la CCIAD : Objectif affich\u00e9 de relancer les \u00e9changes commerciaux sur l\u2019axe Dakar-Vienne - challenges economiques","isPartOf":{"@id":"https:\/\/challengeseconomiques.com\/#website"},"primaryImageOfPage":{"@id":"https:\/\/challengeseconomiques.com\/?p=5809#primaryimage"},"image":{"@id":"https:\/\/challengeseconomiques.com\/?p=5809#primaryimage"},"thumbnailUrl":"https:\/\/challengeseconomiques.com\/wp-content\/uploads\/2023\/12\/Ambassadrice_Autrche_CCIAD_2-1536x1018-1.jpeg","datePublished":"2023-12-14T17:34:04+00:00","dateModified":"2023-12-14T17:35:10+00:00","author":{"@id":"https:\/\/challengeseconomiques.com\/#\/schema\/person\/b4568c9afebc5a9238a771873801e349"},"breadcrumb":{"@id":"https:\/\/challengeseconomiques.com\/?p=5809#breadcrumb"},"inLanguage":"fr-FR","potentialAction":[{"@type":"ReadAction","target":["https:\/\/challengeseconomiques.com\/?p=5809"]}]},{"@type":"ImageObject","inLanguage":"fr-FR","@id":"https:\/\/challengeseconomiques.com\/?p=5809#primaryimage","url":"https:\/\/challengeseconomiques.com\/wp-content\/uploads\/2023\/12\/Ambassadrice_Autrche_CCIAD_2-1536x1018-1.jpeg","contentUrl":"https:\/\/challengeseconomiques.com\/wp-content\/uploads\/2023\/12\/Ambassadrice_Autrche_CCIAD_2-1536x1018-1.jpeg","width":1536,"height":1018},{"@type":"BreadcrumbList","@id":"https:\/\/challengeseconomiques.com\/?p=5809#breadcrumb","itemListElement":[{"@type":"ListItem","position":1,"name":"Home","item":"https:\/\/challengeseconomiques.com\/"},{"@type":"ListItem","position":2,"name":"Visite d\u2019une d\u00e9l\u00e9gation autrichienne \u00e0 la CCIAD : Objectif affich\u00e9 de relancer les \u00e9changes commerciaux sur l\u2019axe Dakar-Vienne"}]},{"@type":"WebSite","@id":"https:\/\/challengeseconomiques.com\/#website","url":"https:\/\/challengeseconomiques.com\/","name":"challenges economiques","description":"","potentialAction":[{"@type":"SearchAction","target":{"@type":"EntryPoint","urlTemplate":"https:\/\/challengeseconomiques.com\/?s={search_term_string}"},"query-input":{"@type":"PropertyValueSpecification","valueRequired":true,"valueName":"search_term_string"}}],"inLanguage":"fr-FR"},{"@type":"Person","@id":"https:\/\/challengeseconomiques.com\/#\/schema\/person\/b4568c9afebc5a9238a771873801e349","name":"admin","image":{"@type":"ImageObject","inLanguage":"fr-FR","@id":"https:\/\/challengeseconomiques.com\/#\/schema\/person\/image\/","url":"https:\/\/secure.gravatar.com\/avatar\/099e42240b5eea11acdb72751fcce0dd918603f0749d24974b7984ea47ed9fd9?s=96&d=mm&r=g","contentUrl":"https:\/\/secure.gravatar.com\/avatar\/099e42240b5eea11acdb72751fcce0dd918603f0749d24974b7984ea47ed9fd9?s=96&d=mm&r=g","caption":"admin"},"sameAs":["https:\/\/challengeseconomiques.com"],"url":"https:\/\/challengeseconomiques.com\/?author=1"}]}},"jetpack_featured_media_url":"https:\/\/challengeseconomiques.com\/wp-content\/uploads\/2023\/12\/Ambassadrice_Autrche_CCIAD_2-1536x1018-1.jpeg","jetpack_sharing_enabled":true,"_links":{"self":[{"href":"https:\/\/challengeseconomiques.com\/index.php?rest_route=\/wp\/v2\/posts\/5809","targetHints":{"allow":["GET"]}}],"collection":[{"href":"https:\/\/challengeseconomiques.com\/index.php?rest_route=\/wp\/v2\/posts"}],"about":[{"href":"https:\/\/challengeseconomiques.com\/index.php?rest_route=\/wp\/v2\/types\/post"}],"author":[{"embeddable":true,"href":"https:\/\/challengeseconomiques.com\/index.php?rest_route=\/wp\/v2\/users\/1"}],"replies":[{"embeddable":true,"href":"https:\/\/challengeseconomiques.com\/index.php?rest_route=%2Fwp%2Fv2%2Fcomments&post=5809"}],"version-history":[{"count":2,"href":"https:\/\/challengeseconomiques.com\/index.php?rest_route=\/wp\/v2\/posts\/5809\/revisions"}],"predecessor-version":[{"id":5812,"href":"https:\/\/challengeseconomiques.com\/index.php?rest_route=\/wp\/v2\/posts\/5809\/revisions\/5812"}],"wp:featuredmedia":[{"embeddable":true,"href":"https:\/\/challengeseconomiques.com\/index.php?rest_route=\/wp\/v2\/media\/5810"}],"wp:attachment":[{"href":"https:\/\/challengeseconomiques.com\/index.php?rest_route=%2Fwp%2Fv2%2Fmedia&parent=5809"}],"wp:term":[{"taxonomy":"category","embeddable":true,"href":"https:\/\/challengeseconomiques.com\/index.php?rest_route=%2Fwp%2Fv2%2Fcategories&post=5809"},{"taxonomy":"post_tag","embeddable":true,"href":"https:\/\/challengeseconomiques.com\/index.php?rest_route=%2Fwp%2Fv2%2Ftags&post=5809"}],"curies":[{"name":"wp","href":"https:\/\/api.w.org\/{rel}","templated":true}]}}