{"id":5791,"date":"2023-12-13T12:10:59","date_gmt":"2023-12-13T12:10:59","guid":{"rendered":"https:\/\/challengeseconomiques.com\/?p=5791"},"modified":"2023-12-13T12:11:23","modified_gmt":"2023-12-13T12:11:23","slug":"air-senegal-et-air-cote-divoire-actent-un-accord-de-partenariat-commercial-et-operationnel","status":"publish","type":"post","link":"https:\/\/challengeseconomiques.com\/?p=5791","title":{"rendered":"Air S\u00e9n\u00e9gal et Air C\u00f4te d\u2019Ivoire actent un accord de partenariat commercial et op\u00e9rationnel"},"content":{"rendered":"<div class=\"itemIntroText\">\n<p class=\"texte textearticle\"><strong>\u00a0L\u2019accord est porteur d&rsquo;opportunit\u00e9s pour les deux compagnies, notamment sur un march\u00e9 ouest-africain de l\u2019aviation commerciale ou peine encore \u00e0 se d\u00e9gager un leader incontestable.<\/strong><\/p>\n<p class=\"texte textearticle\">Air S\u00e9n\u00e9gal et Air C\u00f4te d\u2019Ivoire ont act\u00e9 un accord de partenariat commercial et op\u00e9rationnel visant une mise en commun de leur r\u00e9seau pour proposer aux passagers une meilleure connexion a\u00e9rienne et optimiser leurs co\u00fbts d\u2019exploitation.<\/p>\n<p class=\"texte textearticle\">Le volet commercial de cette collaboration sera lanc\u00e9 d\u00e8s f\u00e9vrier 2024, offrant aux voyageurs un plus large choix de destinations, de fr\u00e9quences et d&rsquo;options de connexion. Le volet op\u00e9rationnel vise \u00e0 r\u00e9aliser des \u00e9conomies d\u2019\u00e9chelle en mutualisant les ressources techniques et humaines pour plusieurs op\u00e9rations, notamment l&rsquo;achat group\u00e9 de carburant, la maintenance et la gestion de la flotte, etc.<\/p>\n<p class=\"texte textearticle\"><em>\u00ab\u00a0Cette ambitieuse initiative est in\u00e9dite et son ampleur pour l\u2019aviation civile en Afrique de l\u2019Ouest et Centrale sera grande\u00a0\u00bb<\/em> indique Air S\u00e9n\u00e9gal dans un communiqu\u00e9.<\/p>\n<p class=\"texte textearticle\">Ce partenariat intervient alors que Air S\u00e9n\u00e9gal a d\u00e9voil\u00e9 le mois dernier une autre \u00e9tape de son plan de redressement qui consistera \u00e0 concentrer davantage ses activit\u00e9s sur son r\u00e9seau africain. Le transporteur, qui a entam\u00e9 la suppression de la majorit\u00e9 de ses lignes internationales, a d\u2019ailleurs annonc\u00e9 r\u00e9cemment la cessation de ces vols vers Barcelone, Marseille, Lyon et Milan apr\u00e8s mi-janvier 2024.<\/p>\n<p class=\"texte textearticle\">Avant Air C\u00f4te d\u2019Ivoire, un accord de coop\u00e9ration strat\u00e9gique avait \u00e9t\u00e9 sign\u00e9 avec Royal Air Maroc en septembre dernier. Ledit accord pr\u00e9voit, outre les synergies op\u00e9rationnelles, l\u2019ajout de fr\u00e9quences hebdomadaires suppl\u00e9mentaires sur Casablanca en partage de code.<\/p>\n<p><strong>(Agence Ecofin)<br \/>\n<\/strong><\/p>\n<\/div>\n","protected":false},"excerpt":{"rendered":"<p>\u00a0L\u2019accord est porteur d&rsquo;opportunit\u00e9s pour les deux compagnies, notamment sur un march\u00e9 ouest-africain de l\u2019aviation commerciale ou peine encore \u00e0 se d\u00e9gager un leader incontestable&#8230;.<\/p>\n","protected":false},"author":1,"featured_media":5792,"comment_status":"closed","ping_status":"open","sticky":false,"template":"","format":"standard","meta":{"_jetpack_memberships_contains_paid_content":false,"footnotes":""},"categories":[23,8],"tags":[],"class_list":["post-5791","post","type-post","status-publish","format-standard","has-post-thumbnail","hentry","category-a-la-une","category-actualite-economique","wpcat-23-id","wpcat-8-id"],"yoast_head":"<!-- This site is optimized with the Yoast SEO plugin v27.1.1 - https:\/\/yoast.com\/product\/yoast-seo-wordpress\/ -->\n<title>Air S\u00e9n\u00e9gal et Air C\u00f4te d\u2019Ivoire actent un accord de partenariat commercial et op\u00e9rationnel - challenges economiques<\/title>\n<meta name=\"robots\" content=\"index, follow, max-snippet:-1, max-image-preview:large, max-video-preview:-1\" \/>\n<link rel=\"canonical\" href=\"https:\/\/challengeseconomiques.com\/?p=5791\" \/>\n<meta property=\"og:locale\" content=\"fr_FR\" \/>\n<meta property=\"og:type\" content=\"article\" \/>\n<meta property=\"og:title\" content=\"Air S\u00e9n\u00e9gal et Air C\u00f4te d\u2019Ivoire actent un accord de partenariat commercial et op\u00e9rationnel - challenges economiques\" \/>\n<meta property=\"og:description\" content=\"\u00a0L\u2019accord est porteur d&rsquo;opportunit\u00e9s pour les deux compagnies, notamment sur un march\u00e9 ouest-africain de l\u2019aviation commerciale ou peine encore \u00e0 se d\u00e9gager un leader incontestable....\" \/>\n<meta property=\"og:url\" content=\"https:\/\/challengeseconomiques.com\/?p=5791\" \/>\n<meta property=\"og:site_name\" content=\"challenges economiques\" \/>\n<meta property=\"article:published_time\" content=\"2023-12-13T12:10:59+00:00\" \/>\n<meta property=\"article:modified_time\" content=\"2023-12-13T12:11:23+00:00\" \/>\n<meta property=\"og:image\" content=\"https:\/\/challengeseconomiques.com\/wp-content\/uploads\/2023\/12\/airsenegalcoted.jpg\" \/>\n\t<meta property=\"og:image:width\" content=\"450\" \/>\n\t<meta property=\"og:image:height\" content=\"284\" \/>\n\t<meta property=\"og:image:type\" content=\"image\/jpeg\" \/>\n<meta name=\"author\" content=\"admin\" \/>\n<meta name=\"twitter:card\" content=\"summary_large_image\" \/>\n<meta name=\"twitter:label1\" content=\"\u00c9crit par\" \/>\n\t<meta name=\"twitter:data1\" content=\"admin\" \/>\n\t<meta name=\"twitter:label2\" content=\"Dur\u00e9e de lecture estim\u00e9e\" \/>\n\t<meta name=\"twitter:data2\" content=\"1 minute\" \/>\n<script type=\"application\/ld+json\" class=\"yoast-schema-graph\">{\"@context\":\"https:\/\/schema.org\",\"@graph\":[{\"@type\":\"Article\",\"@id\":\"https:\/\/challengeseconomiques.com\/?p=5791#article\",\"isPartOf\":{\"@id\":\"https:\/\/challengeseconomiques.com\/?p=5791\"},\"author\":{\"name\":\"admin\",\"@id\":\"https:\/\/challengeseconomiques.com\/#\/schema\/person\/b4568c9afebc5a9238a771873801e349\"},\"headline\":\"Air S\u00e9n\u00e9gal et Air C\u00f4te d\u2019Ivoire actent un accord de partenariat commercial et op\u00e9rationnel\",\"datePublished\":\"2023-12-13T12:10:59+00:00\",\"dateModified\":\"2023-12-13T12:11:23+00:00\",\"mainEntityOfPage\":{\"@id\":\"https:\/\/challengeseconomiques.com\/?p=5791\"},\"wordCount\":306,\"image\":{\"@id\":\"https:\/\/challengeseconomiques.com\/?p=5791#primaryimage\"},\"thumbnailUrl\":\"https:\/\/challengeseconomiques.com\/wp-content\/uploads\/2023\/12\/airsenegalcoted.jpg\",\"articleSection\":[\"A la une\",\"Actualit\u00e9 \u00e9conomique\"],\"inLanguage\":\"fr-FR\"},{\"@type\":\"WebPage\",\"@id\":\"https:\/\/challengeseconomiques.com\/?p=5791\",\"url\":\"https:\/\/challengeseconomiques.com\/?p=5791\",\"name\":\"Air S\u00e9n\u00e9gal et Air C\u00f4te d\u2019Ivoire actent un accord de partenariat commercial et op\u00e9rationnel - challenges economiques\",\"isPartOf\":{\"@id\":\"https:\/\/challengeseconomiques.com\/#website\"},\"primaryImageOfPage\":{\"@id\":\"https:\/\/challengeseconomiques.com\/?p=5791#primaryimage\"},\"image\":{\"@id\":\"https:\/\/challengeseconomiques.com\/?p=5791#primaryimage\"},\"thumbnailUrl\":\"https:\/\/challengeseconomiques.com\/wp-content\/uploads\/2023\/12\/airsenegalcoted.jpg\",\"datePublished\":\"2023-12-13T12:10:59+00:00\",\"dateModified\":\"2023-12-13T12:11:23+00:00\",\"author\":{\"@id\":\"https:\/\/challengeseconomiques.com\/#\/schema\/person\/b4568c9afebc5a9238a771873801e349\"},\"breadcrumb\":{\"@id\":\"https:\/\/challengeseconomiques.com\/?p=5791#breadcrumb\"},\"inLanguage\":\"fr-FR\",\"potentialAction\":[{\"@type\":\"ReadAction\",\"target\":[\"https:\/\/challengeseconomiques.com\/?p=5791\"]}]},{\"@type\":\"ImageObject\",\"inLanguage\":\"fr-FR\",\"@id\":\"https:\/\/challengeseconomiques.com\/?p=5791#primaryimage\",\"url\":\"https:\/\/challengeseconomiques.com\/wp-content\/uploads\/2023\/12\/airsenegalcoted.jpg\",\"contentUrl\":\"https:\/\/challengeseconomiques.com\/wp-content\/uploads\/2023\/12\/airsenegalcoted.jpg\",\"width\":450,\"height\":284},{\"@type\":\"BreadcrumbList\",\"@id\":\"https:\/\/challengeseconomiques.com\/?p=5791#breadcrumb\",\"itemListElement\":[{\"@type\":\"ListItem\",\"position\":1,\"name\":\"Home\",\"item\":\"https:\/\/challengeseconomiques.com\/\"},{\"@type\":\"ListItem\",\"position\":2,\"name\":\"Air S\u00e9n\u00e9gal et Air C\u00f4te d\u2019Ivoire actent un accord de partenariat commercial et op\u00e9rationnel\"}]},{\"@type\":\"WebSite\",\"@id\":\"https:\/\/challengeseconomiques.com\/#website\",\"url\":\"https:\/\/challengeseconomiques.com\/\",\"name\":\"challenges economiques\",\"description\":\"\",\"potentialAction\":[{\"@type\":\"SearchAction\",\"target\":{\"@type\":\"EntryPoint\",\"urlTemplate\":\"https:\/\/challengeseconomiques.com\/?s={search_term_string}\"},\"query-input\":{\"@type\":\"PropertyValueSpecification\",\"valueRequired\":true,\"valueName\":\"search_term_string\"}}],\"inLanguage\":\"fr-FR\"},{\"@type\":\"Person\",\"@id\":\"https:\/\/challengeseconomiques.com\/#\/schema\/person\/b4568c9afebc5a9238a771873801e349\",\"name\":\"admin\",\"image\":{\"@type\":\"ImageObject\",\"inLanguage\":\"fr-FR\",\"@id\":\"https:\/\/challengeseconomiques.com\/#\/schema\/person\/image\/\",\"url\":\"https:\/\/secure.gravatar.com\/avatar\/099e42240b5eea11acdb72751fcce0dd918603f0749d24974b7984ea47ed9fd9?s=96&d=mm&r=g\",\"contentUrl\":\"https:\/\/secure.gravatar.com\/avatar\/099e42240b5eea11acdb72751fcce0dd918603f0749d24974b7984ea47ed9fd9?s=96&d=mm&r=g\",\"caption\":\"admin\"},\"sameAs\":[\"https:\/\/challengeseconomiques.com\"],\"url\":\"https:\/\/challengeseconomiques.com\/?author=1\"}]}<\/script>\n<!-- \/ Yoast SEO plugin. -->","yoast_head_json":{"title":"Air S\u00e9n\u00e9gal et Air C\u00f4te d\u2019Ivoire actent un accord de partenariat commercial et op\u00e9rationnel - challenges economiques","robots":{"index":"index","follow":"follow","max-snippet":"max-snippet:-1","max-image-preview":"max-image-preview:large","max-video-preview":"max-video-preview:-1"},"canonical":"https:\/\/challengeseconomiques.com\/?p=5791","og_locale":"fr_FR","og_type":"article","og_title":"Air S\u00e9n\u00e9gal et Air C\u00f4te d\u2019Ivoire actent un accord de partenariat commercial et op\u00e9rationnel - challenges economiques","og_description":"\u00a0L\u2019accord est porteur d&rsquo;opportunit\u00e9s pour les deux compagnies, notamment sur un march\u00e9 ouest-africain de l\u2019aviation commerciale ou peine encore \u00e0 se d\u00e9gager un leader incontestable....","og_url":"https:\/\/challengeseconomiques.com\/?p=5791","og_site_name":"challenges economiques","article_published_time":"2023-12-13T12:10:59+00:00","article_modified_time":"2023-12-13T12:11:23+00:00","og_image":[{"width":450,"height":284,"url":"https:\/\/challengeseconomiques.com\/wp-content\/uploads\/2023\/12\/airsenegalcoted.jpg","type":"image\/jpeg"}],"author":"admin","twitter_card":"summary_large_image","twitter_misc":{"\u00c9crit par":"admin","Dur\u00e9e de lecture estim\u00e9e":"1 minute"},"schema":{"@context":"https:\/\/schema.org","@graph":[{"@type":"Article","@id":"https:\/\/challengeseconomiques.com\/?p=5791#article","isPartOf":{"@id":"https:\/\/challengeseconomiques.com\/?p=5791"},"author":{"name":"admin","@id":"https:\/\/challengeseconomiques.com\/#\/schema\/person\/b4568c9afebc5a9238a771873801e349"},"headline":"Air S\u00e9n\u00e9gal et Air C\u00f4te d\u2019Ivoire actent un accord de partenariat commercial et op\u00e9rationnel","datePublished":"2023-12-13T12:10:59+00:00","dateModified":"2023-12-13T12:11:23+00:00","mainEntityOfPage":{"@id":"https:\/\/challengeseconomiques.com\/?p=5791"},"wordCount":306,"image":{"@id":"https:\/\/challengeseconomiques.com\/?p=5791#primaryimage"},"thumbnailUrl":"https:\/\/challengeseconomiques.com\/wp-content\/uploads\/2023\/12\/airsenegalcoted.jpg","articleSection":["A la une","Actualit\u00e9 \u00e9conomique"],"inLanguage":"fr-FR"},{"@type":"WebPage","@id":"https:\/\/challengeseconomiques.com\/?p=5791","url":"https:\/\/challengeseconomiques.com\/?p=5791","name":"Air S\u00e9n\u00e9gal et Air C\u00f4te d\u2019Ivoire actent un accord de partenariat commercial et op\u00e9rationnel - challenges economiques","isPartOf":{"@id":"https:\/\/challengeseconomiques.com\/#website"},"primaryImageOfPage":{"@id":"https:\/\/challengeseconomiques.com\/?p=5791#primaryimage"},"image":{"@id":"https:\/\/challengeseconomiques.com\/?p=5791#primaryimage"},"thumbnailUrl":"https:\/\/challengeseconomiques.com\/wp-content\/uploads\/2023\/12\/airsenegalcoted.jpg","datePublished":"2023-12-13T12:10:59+00:00","dateModified":"2023-12-13T12:11:23+00:00","author":{"@id":"https:\/\/challengeseconomiques.com\/#\/schema\/person\/b4568c9afebc5a9238a771873801e349"},"breadcrumb":{"@id":"https:\/\/challengeseconomiques.com\/?p=5791#breadcrumb"},"inLanguage":"fr-FR","potentialAction":[{"@type":"ReadAction","target":["https:\/\/challengeseconomiques.com\/?p=5791"]}]},{"@type":"ImageObject","inLanguage":"fr-FR","@id":"https:\/\/challengeseconomiques.com\/?p=5791#primaryimage","url":"https:\/\/challengeseconomiques.com\/wp-content\/uploads\/2023\/12\/airsenegalcoted.jpg","contentUrl":"https:\/\/challengeseconomiques.com\/wp-content\/uploads\/2023\/12\/airsenegalcoted.jpg","width":450,"height":284},{"@type":"BreadcrumbList","@id":"https:\/\/challengeseconomiques.com\/?p=5791#breadcrumb","itemListElement":[{"@type":"ListItem","position":1,"name":"Home","item":"https:\/\/challengeseconomiques.com\/"},{"@type":"ListItem","position":2,"name":"Air S\u00e9n\u00e9gal et Air C\u00f4te d\u2019Ivoire actent un accord de partenariat commercial et op\u00e9rationnel"}]},{"@type":"WebSite","@id":"https:\/\/challengeseconomiques.com\/#website","url":"https:\/\/challengeseconomiques.com\/","name":"challenges economiques","description":"","potentialAction":[{"@type":"SearchAction","target":{"@type":"EntryPoint","urlTemplate":"https:\/\/challengeseconomiques.com\/?s={search_term_string}"},"query-input":{"@type":"PropertyValueSpecification","valueRequired":true,"valueName":"search_term_string"}}],"inLanguage":"fr-FR"},{"@type":"Person","@id":"https:\/\/challengeseconomiques.com\/#\/schema\/person\/b4568c9afebc5a9238a771873801e349","name":"admin","image":{"@type":"ImageObject","inLanguage":"fr-FR","@id":"https:\/\/challengeseconomiques.com\/#\/schema\/person\/image\/","url":"https:\/\/secure.gravatar.com\/avatar\/099e42240b5eea11acdb72751fcce0dd918603f0749d24974b7984ea47ed9fd9?s=96&d=mm&r=g","contentUrl":"https:\/\/secure.gravatar.com\/avatar\/099e42240b5eea11acdb72751fcce0dd918603f0749d24974b7984ea47ed9fd9?s=96&d=mm&r=g","caption":"admin"},"sameAs":["https:\/\/challengeseconomiques.com"],"url":"https:\/\/challengeseconomiques.com\/?author=1"}]}},"jetpack_featured_media_url":"https:\/\/challengeseconomiques.com\/wp-content\/uploads\/2023\/12\/airsenegalcoted.jpg","jetpack_sharing_enabled":true,"_links":{"self":[{"href":"https:\/\/challengeseconomiques.com\/index.php?rest_route=\/wp\/v2\/posts\/5791","targetHints":{"allow":["GET"]}}],"collection":[{"href":"https:\/\/challengeseconomiques.com\/index.php?rest_route=\/wp\/v2\/posts"}],"about":[{"href":"https:\/\/challengeseconomiques.com\/index.php?rest_route=\/wp\/v2\/types\/post"}],"author":[{"embeddable":true,"href":"https:\/\/challengeseconomiques.com\/index.php?rest_route=\/wp\/v2\/users\/1"}],"replies":[{"embeddable":true,"href":"https:\/\/challengeseconomiques.com\/index.php?rest_route=%2Fwp%2Fv2%2Fcomments&post=5791"}],"version-history":[{"count":1,"href":"https:\/\/challengeseconomiques.com\/index.php?rest_route=\/wp\/v2\/posts\/5791\/revisions"}],"predecessor-version":[{"id":5793,"href":"https:\/\/challengeseconomiques.com\/index.php?rest_route=\/wp\/v2\/posts\/5791\/revisions\/5793"}],"wp:featuredmedia":[{"embeddable":true,"href":"https:\/\/challengeseconomiques.com\/index.php?rest_route=\/wp\/v2\/media\/5792"}],"wp:attachment":[{"href":"https:\/\/challengeseconomiques.com\/index.php?rest_route=%2Fwp%2Fv2%2Fmedia&parent=5791"}],"wp:term":[{"taxonomy":"category","embeddable":true,"href":"https:\/\/challengeseconomiques.com\/index.php?rest_route=%2Fwp%2Fv2%2Fcategories&post=5791"},{"taxonomy":"post_tag","embeddable":true,"href":"https:\/\/challengeseconomiques.com\/index.php?rest_route=%2Fwp%2Fv2%2Ftags&post=5791"}],"curies":[{"name":"wp","href":"https:\/\/api.w.org\/{rel}","templated":true}]}}