{"id":5788,"date":"2023-12-13T13:00:53","date_gmt":"2023-12-13T13:00:53","guid":{"rendered":"https:\/\/challengeseconomiques.com\/?p=5788"},"modified":"2023-12-13T12:06:58","modified_gmt":"2023-12-13T12:06:58","slug":"la-bad-nomme-yacine-fal-au-poste-de-representante-speciale-du-president-aupres-de-lafrica-investment-forum","status":"publish","type":"post","link":"https:\/\/challengeseconomiques.com\/?p=5788","title":{"rendered":"La BAD nomme Yacine Fal au poste de repr\u00e9sentante sp\u00e9ciale du pr\u00e9sident aupr\u00e8s de l\u2019Africa Investment Forum"},"content":{"rendered":"<p class=\"texte textearticle\">Le pr\u00e9sident du Groupe de la Banque africaine de d\u00e9veloppement, M.\u00a0Akinwumi Adesina, a nomm\u00e9 Mme\u00a0Yacine Fal comme sa repr\u00e9sentante sp\u00e9ciale aupr\u00e8s de l\u2019Africa Investment Forum, \u00e0 compter du 15\u00a0d\u00e9cembre 2023.<\/p>\n<p class=\"texte textearticle\">L\u2019Africa Investment Forum (Forum pour l\u2019investissement en Afrique, en fran\u00e7ais) a \u00e9t\u00e9 lanc\u00e9 en 2018 pour tirer parti des ressources collectives de ses cofondateurs et r\u00e9duire le d\u00e9ficit d\u2019investissement dans les infrastructures du continent. Ses partenaires fondateurs sont\u00a0: le Groupe de la Banque africaine de d\u00e9veloppement, Africa50, Afreximbank, l\u2019Africa Finance Corporation, la Banque de d\u00e9veloppement de l\u2019Afrique australe, la Banque europ\u00e9enne d\u2019investissement, la Banque islamique de d\u00e9veloppement et la Banque de commerce et de d\u00e9veloppement.<\/p>\n<p class=\"texte textearticle\">Mme\u00a0Fal s\u2019efforcera de renforcer les engagements strat\u00e9giques avec les partenaires fondateurs de l\u2019Africa Investment Forum, d\u2019\u00e9largir la participation de nouveaux partenaires et de soutenir le pr\u00e9sident dans ses activit\u00e9s de sensibilisation sur l\u2019Africa Investment Forum. Dans son nouveau r\u00f4le, elle rendra directement compte au pr\u00e9sident de la Banque africaine de d\u00e9veloppement. Elle travaillera \u00e9galement en \u00e9troite collaboration avec la directrice principale de l\u2019Africa Investment Forum, Chinelo Anohu et le groupe de coordination de l\u2019Africa Investment Forum sous la pr\u00e9sidence du pr\u00e9sident.<\/p>\n<p class=\"texte textearticle\">Les responsabilit\u00e9s de Mme\u00a0Fal en tant que repr\u00e9sentante sp\u00e9ciale engloberont le conseil, la coordination et la collaboration, la gestion des partenariats, le d\u00e9veloppement d\u2019alliances strat\u00e9giques et les t\u00e2ches de reporting et d\u2019\u00e9valuation.<\/p>\n<p class=\"texte textearticle\">De nationalit\u00e9 s\u00e9n\u00e9galaise, Mme\u00a0Fal apporte \u00e0 ce nouveau r\u00f4le plus de 20\u00a0ans d\u2019exp\u00e9rience dans les domaines bancaire et juridique et dans le domaine de la passation des march\u00e9s. Elle a occup\u00e9 diff\u00e9rentes fonctions au sein du Groupe de la Banque africaine de d\u00e9veloppement, la derni\u00e8re en date \u00e9tant celle de vice-pr\u00e9sidente par int\u00e9rim du D\u00e9veloppement r\u00e9gional, de l\u2019Int\u00e9gration et de la Prestation de services. Elle a \u00e9galement servi comme conseill\u00e8re juridique principale, responsable de l\u2019\u00e9quipe de mise en \u0153uvre des r\u00e9formes, responsable du D\u00e9partement des march\u00e9s publics et des services fiduciaires, cheffe de Division des services de passation des march\u00e9s, repr\u00e9sentante r\u00e9sidente du bureau de la Banque au Maroc, directrice g\u00e9n\u00e9rale adjointe du bureau du d\u00e9veloppement r\u00e9gional, de l\u2019int\u00e9gration et de la prestation de services pour l\u2019Afrique du Nord et directrice g\u00e9n\u00e9rale du bureau du cabinet du pr\u00e9sident.<\/p>\n<p class=\"texte textearticle\">Mme\u00a0Fal est titulaire d\u2019une ma\u00eetrise en droit de l\u2019universit\u00e9 de Dakar et d\u2019un dipl\u00f4me de troisi\u00e8me cycle en droit international de l\u2019universit\u00e9 de Paris X.<\/p>\n<p class=\"texte textearticle\">\u00c9voquant sa nomination, Mme\u00a0Fal a d\u00e9clar\u00e9\u00a0: <em>\u00ab\u2009Je suis tr\u00e8s honor\u00e9e de la confiance que m\u2019accorde le pr\u00e9sident Akinwumi Adesina en me nommant \u00e0 ce nouveau poste de repr\u00e9sentante sp\u00e9ciale pour l\u2019Africa Investment Forum. Au moment o\u00f9 la Banque africaine de d\u00e9veloppement m\u00e8ne les efforts visant \u00e0 mobiliser davantage de financements du secteur priv\u00e9 pour l\u2019Afrique, l\u2019Africa Investment Forum est devenu la premi\u00e8re place de march\u00e9 pour les investissements dans les projets en Afrique. Je mettrai \u00e0 profit mes connaissances et mon exp\u00e9rience de la Banque et de ses partenaires pour aider la Banque et son \u00e9cosyst\u00e8me \u00e0 assurer une plus grande efficacit\u00e9 et un meilleur impact de cette excellente plateforme pour l\u2019Afrique.\u2009\u00bb<\/em><\/p>\n<p class=\"texte textearticle\">M. Adesina a d\u00e9clar\u00e9\u00a0:<em> \u00ab\u00a0Au moment o\u00f9 la Banque africaine de d\u00e9veloppement s\u2019att\u00e8le \u00e0 \u00e9largir les partenariats de l\u2019Africa Investment Forum \u00e0 plusieurs banques multilat\u00e9rales de d\u00e9veloppement, dans le cadre de ses efforts globaux visant \u00e0 utiliser le Forum pour mobiliser davantage de financements du secteur priv\u00e9 pour l\u2019Afrique, il est devenu imp\u00e9rieux de stimuler les partenariats mondiaux, nationaux et r\u00e9gionaux et d\u2019am\u00e9liorer la coordination, la mise en \u0153uvre, l\u2019efficacit\u00e9 et l\u2019impact de toutes les parties prenantes. En tant que repr\u00e9sentante sp\u00e9ciale du pr\u00e9sident pour l\u2019Africa Investment Forum, Mme\u00a0Fal jouera un r\u00f4le strat\u00e9gique dans ce processus gr\u00e2ce \u00e0 sa connaissance approfondie du Groupe de la Banque africaine de d\u00e9veloppement, des banques multilat\u00e9rales de d\u00e9veloppement, du secteur priv\u00e9, du financement et de la gestion de projets\u00a0\u00bb.<\/em><\/p>\n<p>(BAD)<\/p>\n","protected":false},"excerpt":{"rendered":"<p>Le pr\u00e9sident du Groupe de la Banque africaine de d\u00e9veloppement, M.\u00a0Akinwumi Adesina, a nomm\u00e9 Mme\u00a0Yacine Fal comme sa repr\u00e9sentante sp\u00e9ciale aupr\u00e8s de l\u2019Africa Investment Forum,&#8230;<\/p>\n","protected":false},"author":1,"featured_media":5789,"comment_status":"closed","ping_status":"open","sticky":false,"template":"","format":"standard","meta":{"_jetpack_memberships_contains_paid_content":false,"footnotes":""},"categories":[8,10],"tags":[],"class_list":["post-5788","post","type-post","status-publish","format-standard","has-post-thumbnail","hentry","category-actualite-economique","category-infos-eco","wpcat-8-id","wpcat-10-id"],"yoast_head":"<!-- This site is optimized with the Yoast SEO plugin v27.1.1 - https:\/\/yoast.com\/product\/yoast-seo-wordpress\/ -->\n<title>La BAD nomme Yacine Fal au poste de repr\u00e9sentante sp\u00e9ciale du pr\u00e9sident aupr\u00e8s de l\u2019Africa Investment Forum - challenges economiques<\/title>\n<meta name=\"robots\" content=\"index, follow, max-snippet:-1, max-image-preview:large, max-video-preview:-1\" \/>\n<link rel=\"canonical\" href=\"https:\/\/challengeseconomiques.com\/?p=5788\" \/>\n<meta property=\"og:locale\" content=\"fr_FR\" \/>\n<meta property=\"og:type\" content=\"article\" \/>\n<meta property=\"og:title\" content=\"La BAD nomme Yacine Fal au poste de repr\u00e9sentante sp\u00e9ciale du pr\u00e9sident aupr\u00e8s de l\u2019Africa Investment Forum - challenges economiques\" \/>\n<meta property=\"og:description\" content=\"Le pr\u00e9sident du Groupe de la Banque africaine de d\u00e9veloppement, M.\u00a0Akinwumi Adesina, a nomm\u00e9 Mme\u00a0Yacine Fal comme sa repr\u00e9sentante sp\u00e9ciale aupr\u00e8s de l\u2019Africa Investment Forum,...\" \/>\n<meta property=\"og:url\" content=\"https:\/\/challengeseconomiques.com\/?p=5788\" \/>\n<meta property=\"og:site_name\" content=\"challenges economiques\" \/>\n<meta property=\"article:published_time\" content=\"2023-12-13T13:00:53+00:00\" \/>\n<meta property=\"og:image\" content=\"https:\/\/challengeseconomiques.com\/wp-content\/uploads\/2023\/12\/yacine-diama-fal.jpg\" \/>\n\t<meta property=\"og:image:width\" content=\"648\" \/>\n\t<meta property=\"og:image:height\" content=\"381\" \/>\n\t<meta property=\"og:image:type\" content=\"image\/jpeg\" \/>\n<meta name=\"author\" content=\"admin\" \/>\n<meta name=\"twitter:card\" content=\"summary_large_image\" \/>\n<meta name=\"twitter:label1\" content=\"\u00c9crit par\" \/>\n\t<meta name=\"twitter:data1\" content=\"admin\" \/>\n\t<meta name=\"twitter:label2\" content=\"Dur\u00e9e de lecture estim\u00e9e\" \/>\n\t<meta name=\"twitter:data2\" content=\"4 minutes\" \/>\n<script type=\"application\/ld+json\" class=\"yoast-schema-graph\">{\"@context\":\"https:\/\/schema.org\",\"@graph\":[{\"@type\":\"Article\",\"@id\":\"https:\/\/challengeseconomiques.com\/?p=5788#article\",\"isPartOf\":{\"@id\":\"https:\/\/challengeseconomiques.com\/?p=5788\"},\"author\":{\"name\":\"admin\",\"@id\":\"https:\/\/challengeseconomiques.com\/#\/schema\/person\/b4568c9afebc5a9238a771873801e349\"},\"headline\":\"La BAD nomme Yacine Fal au poste de repr\u00e9sentante sp\u00e9ciale du pr\u00e9sident aupr\u00e8s de l\u2019Africa Investment Forum\",\"datePublished\":\"2023-12-13T13:00:53+00:00\",\"mainEntityOfPage\":{\"@id\":\"https:\/\/challengeseconomiques.com\/?p=5788\"},\"wordCount\":760,\"image\":{\"@id\":\"https:\/\/challengeseconomiques.com\/?p=5788#primaryimage\"},\"thumbnailUrl\":\"https:\/\/challengeseconomiques.com\/wp-content\/uploads\/2023\/12\/yacine-diama-fal.jpg\",\"articleSection\":[\"Actualit\u00e9 \u00e9conomique\",\"Infos \u00e9co\"],\"inLanguage\":\"fr-FR\"},{\"@type\":\"WebPage\",\"@id\":\"https:\/\/challengeseconomiques.com\/?p=5788\",\"url\":\"https:\/\/challengeseconomiques.com\/?p=5788\",\"name\":\"La BAD nomme Yacine Fal au poste de repr\u00e9sentante sp\u00e9ciale du pr\u00e9sident aupr\u00e8s de l\u2019Africa Investment Forum - challenges economiques\",\"isPartOf\":{\"@id\":\"https:\/\/challengeseconomiques.com\/#website\"},\"primaryImageOfPage\":{\"@id\":\"https:\/\/challengeseconomiques.com\/?p=5788#primaryimage\"},\"image\":{\"@id\":\"https:\/\/challengeseconomiques.com\/?p=5788#primaryimage\"},\"thumbnailUrl\":\"https:\/\/challengeseconomiques.com\/wp-content\/uploads\/2023\/12\/yacine-diama-fal.jpg\",\"datePublished\":\"2023-12-13T13:00:53+00:00\",\"author\":{\"@id\":\"https:\/\/challengeseconomiques.com\/#\/schema\/person\/b4568c9afebc5a9238a771873801e349\"},\"breadcrumb\":{\"@id\":\"https:\/\/challengeseconomiques.com\/?p=5788#breadcrumb\"},\"inLanguage\":\"fr-FR\",\"potentialAction\":[{\"@type\":\"ReadAction\",\"target\":[\"https:\/\/challengeseconomiques.com\/?p=5788\"]}]},{\"@type\":\"ImageObject\",\"inLanguage\":\"fr-FR\",\"@id\":\"https:\/\/challengeseconomiques.com\/?p=5788#primaryimage\",\"url\":\"https:\/\/challengeseconomiques.com\/wp-content\/uploads\/2023\/12\/yacine-diama-fal.jpg\",\"contentUrl\":\"https:\/\/challengeseconomiques.com\/wp-content\/uploads\/2023\/12\/yacine-diama-fal.jpg\",\"width\":648,\"height\":381},{\"@type\":\"BreadcrumbList\",\"@id\":\"https:\/\/challengeseconomiques.com\/?p=5788#breadcrumb\",\"itemListElement\":[{\"@type\":\"ListItem\",\"position\":1,\"name\":\"Home\",\"item\":\"https:\/\/challengeseconomiques.com\/\"},{\"@type\":\"ListItem\",\"position\":2,\"name\":\"La BAD nomme Yacine Fal au poste de repr\u00e9sentante sp\u00e9ciale du pr\u00e9sident aupr\u00e8s de l\u2019Africa Investment Forum\"}]},{\"@type\":\"WebSite\",\"@id\":\"https:\/\/challengeseconomiques.com\/#website\",\"url\":\"https:\/\/challengeseconomiques.com\/\",\"name\":\"challenges economiques\",\"description\":\"\",\"potentialAction\":[{\"@type\":\"SearchAction\",\"target\":{\"@type\":\"EntryPoint\",\"urlTemplate\":\"https:\/\/challengeseconomiques.com\/?s={search_term_string}\"},\"query-input\":{\"@type\":\"PropertyValueSpecification\",\"valueRequired\":true,\"valueName\":\"search_term_string\"}}],\"inLanguage\":\"fr-FR\"},{\"@type\":\"Person\",\"@id\":\"https:\/\/challengeseconomiques.com\/#\/schema\/person\/b4568c9afebc5a9238a771873801e349\",\"name\":\"admin\",\"image\":{\"@type\":\"ImageObject\",\"inLanguage\":\"fr-FR\",\"@id\":\"https:\/\/challengeseconomiques.com\/#\/schema\/person\/image\/\",\"url\":\"https:\/\/secure.gravatar.com\/avatar\/099e42240b5eea11acdb72751fcce0dd918603f0749d24974b7984ea47ed9fd9?s=96&d=mm&r=g\",\"contentUrl\":\"https:\/\/secure.gravatar.com\/avatar\/099e42240b5eea11acdb72751fcce0dd918603f0749d24974b7984ea47ed9fd9?s=96&d=mm&r=g\",\"caption\":\"admin\"},\"sameAs\":[\"https:\/\/challengeseconomiques.com\"],\"url\":\"https:\/\/challengeseconomiques.com\/?author=1\"}]}<\/script>\n<!-- \/ Yoast SEO plugin. -->","yoast_head_json":{"title":"La BAD nomme Yacine Fal au poste de repr\u00e9sentante sp\u00e9ciale du pr\u00e9sident aupr\u00e8s de l\u2019Africa Investment Forum - challenges economiques","robots":{"index":"index","follow":"follow","max-snippet":"max-snippet:-1","max-image-preview":"max-image-preview:large","max-video-preview":"max-video-preview:-1"},"canonical":"https:\/\/challengeseconomiques.com\/?p=5788","og_locale":"fr_FR","og_type":"article","og_title":"La BAD nomme Yacine Fal au poste de repr\u00e9sentante sp\u00e9ciale du pr\u00e9sident aupr\u00e8s de l\u2019Africa Investment Forum - challenges economiques","og_description":"Le pr\u00e9sident du Groupe de la Banque africaine de d\u00e9veloppement, M.\u00a0Akinwumi Adesina, a nomm\u00e9 Mme\u00a0Yacine Fal comme sa repr\u00e9sentante sp\u00e9ciale aupr\u00e8s de l\u2019Africa Investment Forum,...","og_url":"https:\/\/challengeseconomiques.com\/?p=5788","og_site_name":"challenges economiques","article_published_time":"2023-12-13T13:00:53+00:00","og_image":[{"width":648,"height":381,"url":"https:\/\/challengeseconomiques.com\/wp-content\/uploads\/2023\/12\/yacine-diama-fal.jpg","type":"image\/jpeg"}],"author":"admin","twitter_card":"summary_large_image","twitter_misc":{"\u00c9crit par":"admin","Dur\u00e9e de lecture estim\u00e9e":"4 minutes"},"schema":{"@context":"https:\/\/schema.org","@graph":[{"@type":"Article","@id":"https:\/\/challengeseconomiques.com\/?p=5788#article","isPartOf":{"@id":"https:\/\/challengeseconomiques.com\/?p=5788"},"author":{"name":"admin","@id":"https:\/\/challengeseconomiques.com\/#\/schema\/person\/b4568c9afebc5a9238a771873801e349"},"headline":"La BAD nomme Yacine Fal au poste de repr\u00e9sentante sp\u00e9ciale du pr\u00e9sident aupr\u00e8s de l\u2019Africa Investment Forum","datePublished":"2023-12-13T13:00:53+00:00","mainEntityOfPage":{"@id":"https:\/\/challengeseconomiques.com\/?p=5788"},"wordCount":760,"image":{"@id":"https:\/\/challengeseconomiques.com\/?p=5788#primaryimage"},"thumbnailUrl":"https:\/\/challengeseconomiques.com\/wp-content\/uploads\/2023\/12\/yacine-diama-fal.jpg","articleSection":["Actualit\u00e9 \u00e9conomique","Infos \u00e9co"],"inLanguage":"fr-FR"},{"@type":"WebPage","@id":"https:\/\/challengeseconomiques.com\/?p=5788","url":"https:\/\/challengeseconomiques.com\/?p=5788","name":"La BAD nomme Yacine Fal au poste de repr\u00e9sentante sp\u00e9ciale du pr\u00e9sident aupr\u00e8s de l\u2019Africa Investment Forum - challenges economiques","isPartOf":{"@id":"https:\/\/challengeseconomiques.com\/#website"},"primaryImageOfPage":{"@id":"https:\/\/challengeseconomiques.com\/?p=5788#primaryimage"},"image":{"@id":"https:\/\/challengeseconomiques.com\/?p=5788#primaryimage"},"thumbnailUrl":"https:\/\/challengeseconomiques.com\/wp-content\/uploads\/2023\/12\/yacine-diama-fal.jpg","datePublished":"2023-12-13T13:00:53+00:00","author":{"@id":"https:\/\/challengeseconomiques.com\/#\/schema\/person\/b4568c9afebc5a9238a771873801e349"},"breadcrumb":{"@id":"https:\/\/challengeseconomiques.com\/?p=5788#breadcrumb"},"inLanguage":"fr-FR","potentialAction":[{"@type":"ReadAction","target":["https:\/\/challengeseconomiques.com\/?p=5788"]}]},{"@type":"ImageObject","inLanguage":"fr-FR","@id":"https:\/\/challengeseconomiques.com\/?p=5788#primaryimage","url":"https:\/\/challengeseconomiques.com\/wp-content\/uploads\/2023\/12\/yacine-diama-fal.jpg","contentUrl":"https:\/\/challengeseconomiques.com\/wp-content\/uploads\/2023\/12\/yacine-diama-fal.jpg","width":648,"height":381},{"@type":"BreadcrumbList","@id":"https:\/\/challengeseconomiques.com\/?p=5788#breadcrumb","itemListElement":[{"@type":"ListItem","position":1,"name":"Home","item":"https:\/\/challengeseconomiques.com\/"},{"@type":"ListItem","position":2,"name":"La BAD nomme Yacine Fal au poste de repr\u00e9sentante sp\u00e9ciale du pr\u00e9sident aupr\u00e8s de l\u2019Africa Investment Forum"}]},{"@type":"WebSite","@id":"https:\/\/challengeseconomiques.com\/#website","url":"https:\/\/challengeseconomiques.com\/","name":"challenges economiques","description":"","potentialAction":[{"@type":"SearchAction","target":{"@type":"EntryPoint","urlTemplate":"https:\/\/challengeseconomiques.com\/?s={search_term_string}"},"query-input":{"@type":"PropertyValueSpecification","valueRequired":true,"valueName":"search_term_string"}}],"inLanguage":"fr-FR"},{"@type":"Person","@id":"https:\/\/challengeseconomiques.com\/#\/schema\/person\/b4568c9afebc5a9238a771873801e349","name":"admin","image":{"@type":"ImageObject","inLanguage":"fr-FR","@id":"https:\/\/challengeseconomiques.com\/#\/schema\/person\/image\/","url":"https:\/\/secure.gravatar.com\/avatar\/099e42240b5eea11acdb72751fcce0dd918603f0749d24974b7984ea47ed9fd9?s=96&d=mm&r=g","contentUrl":"https:\/\/secure.gravatar.com\/avatar\/099e42240b5eea11acdb72751fcce0dd918603f0749d24974b7984ea47ed9fd9?s=96&d=mm&r=g","caption":"admin"},"sameAs":["https:\/\/challengeseconomiques.com"],"url":"https:\/\/challengeseconomiques.com\/?author=1"}]}},"jetpack_featured_media_url":"https:\/\/challengeseconomiques.com\/wp-content\/uploads\/2023\/12\/yacine-diama-fal.jpg","jetpack_sharing_enabled":true,"_links":{"self":[{"href":"https:\/\/challengeseconomiques.com\/index.php?rest_route=\/wp\/v2\/posts\/5788","targetHints":{"allow":["GET"]}}],"collection":[{"href":"https:\/\/challengeseconomiques.com\/index.php?rest_route=\/wp\/v2\/posts"}],"about":[{"href":"https:\/\/challengeseconomiques.com\/index.php?rest_route=\/wp\/v2\/types\/post"}],"author":[{"embeddable":true,"href":"https:\/\/challengeseconomiques.com\/index.php?rest_route=\/wp\/v2\/users\/1"}],"replies":[{"embeddable":true,"href":"https:\/\/challengeseconomiques.com\/index.php?rest_route=%2Fwp%2Fv2%2Fcomments&post=5788"}],"version-history":[{"count":1,"href":"https:\/\/challengeseconomiques.com\/index.php?rest_route=\/wp\/v2\/posts\/5788\/revisions"}],"predecessor-version":[{"id":5790,"href":"https:\/\/challengeseconomiques.com\/index.php?rest_route=\/wp\/v2\/posts\/5788\/revisions\/5790"}],"wp:featuredmedia":[{"embeddable":true,"href":"https:\/\/challengeseconomiques.com\/index.php?rest_route=\/wp\/v2\/media\/5789"}],"wp:attachment":[{"href":"https:\/\/challengeseconomiques.com\/index.php?rest_route=%2Fwp%2Fv2%2Fmedia&parent=5788"}],"wp:term":[{"taxonomy":"category","embeddable":true,"href":"https:\/\/challengeseconomiques.com\/index.php?rest_route=%2Fwp%2Fv2%2Fcategories&post=5788"},{"taxonomy":"post_tag","embeddable":true,"href":"https:\/\/challengeseconomiques.com\/index.php?rest_route=%2Fwp%2Fv2%2Ftags&post=5788"}],"curies":[{"name":"wp","href":"https:\/\/api.w.org\/{rel}","templated":true}]}}