{"id":5783,"date":"2023-12-13T11:28:27","date_gmt":"2023-12-13T11:28:27","guid":{"rendered":"https:\/\/challengeseconomiques.com\/?p=5783"},"modified":"2023-12-13T11:28:54","modified_gmt":"2023-12-13T11:28:54","slug":"visite-du-marche-dinteret-national-les-sg-des-chambres-de-commerce-impliques-dans-la-promotion","status":"publish","type":"post","link":"https:\/\/challengeseconomiques.com\/?p=5783","title":{"rendered":"Visite du March\u00e9 d\u2019Int\u00e9r\u00eat National : Les SG des Chambres de Commerce impliqu\u00e9s dans la promotion"},"content":{"rendered":"<p><strong>En marge de leur r\u00e9union tenue \u00e0 la Chambre de Commerce de Dakar le lundi 11 d\u00e9cembre 2023, les SG des Institutions Consulaires regroup\u00e9s au sein de l\u2019Union Nationale des Chambres de Commerce, d\u2019Industrie et d\u2019Agriculture du S\u00e9n\u00e9gal (UNCCIAS) ont visit\u00e9 le March\u00e9 d\u2019Int\u00e9r\u00eat National (MIN) et la Gare des gros-porteurs situ\u00e9s \u00e0 Diamniadio. La visite leur a permis de voir l\u2019offre de l\u2019infrastructure g\u00e9r\u00e9e par la Soci\u00e9t\u00e9 d\u2019Exploitation du March\u00e9 d\u2019Int\u00e9r\u00eat National et de la Gare des gros-porteurs (SEMIG SA). En retour, ils ont pris l\u2019engagement de faire sa promotion aupr\u00e8s des op\u00e9rateurs \u00e9conomiques de leurs r\u00e9gions respectives. <\/strong><\/p>\n<p>Le secr\u00e9taire g\u00e9n\u00e9ral de la Chambre Consulaire de Dakar, Mbaye Chim\u00e8re Ndiaye a d\u00e9clin\u00e9 l\u2019objet de la visite visant \u00e0 conna\u00eetre les opportunit\u00e9s offertes par le MIN. Il a indiqu\u00e9 que ses homologues sont en mesure de faire la promotion de l\u2019infrastructure dans leurs fiefs pour participer au d\u00e9veloppement des exportations.<\/p>\n<p><strong>Une technologie de pointe<\/strong><\/p>\n<p>A sa suite, la directrice g\u00e9n\u00e9rale de la SEMIG SA, Fatoumata Niang Ba a salu\u00e9 l\u2019initiative des SG de l\u2019UNCCIAS. Elle consid\u00e8re les Chambres de Commerce comme des partenaires privil\u00e9gi\u00e9s. En outre, Mme Ba a remerci\u00e9 le pr\u00e9sident de l\u2019Institution Consulaire de Dakar, Abdoulaye Sow, en m\u00eame temps pr\u00e9sident du Conseil d\u2019administration de la SEMIG SA, pour son accompagnement et ses conseils.<br \/>\nL\u2019\u00e9quipe dirigeante de la Soci\u00e9t\u00e9 a accompagn\u00e9 la d\u00e9l\u00e9gation compos\u00e9e des SG des CCIA de Dakar, Louga, Saint-Louis, Kaffrine, Ziguinchor Kolda et Tambacounda, \u00e0 faire le tour des diff\u00e9rents compartiments du MIN. Ils ont pu visiter le laboratoire servant \u00e0 v\u00e9rifier la conformit\u00e9 des produits \u00e0 l\u2019entr\u00e9e et \u00e0 la sortie. Les guides du jour ont donn\u00e9 les diff\u00e9rentes \u00e9tapes requises \u00e0 savoir la d\u00e9contamination, la pr\u00e9paration, le pesage, sans oublier le passage au bloc d\u00e9di\u00e9 aux tests de microbiologie et de biologie mol\u00e9culaire. Les visiteurs sont \u00e9galement pass\u00e9s par les magasins de stockage disposant de chambres froides pour certains. Un syst\u00e8me automatique de d\u00e9tection et d\u2019extinction d\u2019incendie y est aussi install\u00e9.<br \/>\nLa d\u00e9l\u00e9gation de l\u2019UNCCIAS a \u00e9galement parcouru la piste destin\u00e9e aux v\u00e9hicules de moyen calibre qui prennent le relais des camions acheminant les produits au MIN afin de les amener dans les magasins de stockage. Par la suite, les SG ont acc\u00e9d\u00e9 aux ponts-bascules par la CCIAD et servant \u00e0 peser la charge des camions.<\/p>\n<p><strong>D\u00e9centraliser le MIN<\/strong><\/p>\n<p>Au terme de la visite, le SG de la CCIA de Louga, Cheikh S\u00e8ne a magnifi\u00e9 la r\u00e9alisation d\u2019un projet d\u2019une grande ampleur. Il a \u00e9t\u00e9 s\u00e9duit par les \u00e9quipements de derni\u00e8re g\u00e9n\u00e9ration install\u00e9s au MIN. M. S\u00e8ne trouve que les investissements consentis sont b\u00e9n\u00e9fiques aux producteurs tourn\u00e9s vers l\u2019exportation et \u00e0 l\u2019\u00e9conomie du pays. N\u00e9anmoins, il invite les responsables du SEMIG SA \u00e0 se rapprocher des op\u00e9rateurs \u00e9conomiques pour garantir une exploitation optimale du \u00ab\u00a0joyau\u00a0\u00bb. Pour y parvenir, le SG de la CCIA de Louga a sugg\u00e9r\u00e9 \u00e0 la DG de la SEMIG SA de signer un partenariat avec les Institutions Consulaires et d\u2019organiser des rencontres dans les diff\u00e9rentes r\u00e9gions du pays.<br \/>\nEn r\u00e9ponse, Fatoumata Niang Ba a garanti que son \u00e9quipe mise sur une nouvelle approche ax\u00e9e sur des partenariats. D\u2019apr\u00e8s elle, cela va permettre de mieux d\u00e9velopper le March\u00e9 et la Gare.\u00a0 Dans la m\u00eame logique, la directrice g\u00e9n\u00e9rale de SEMIG SA pr\u00f4ne l\u2019am\u00e9nagement de march\u00e9s d\u2019int\u00e9r\u00eat national dans toutes les r\u00e9gions du pays.<\/p>\n<p><strong>(BIE)<\/strong><\/p>\n","protected":false},"excerpt":{"rendered":"<p>En marge de leur r\u00e9union tenue \u00e0 la Chambre de Commerce de Dakar le lundi 11 d\u00e9cembre 2023, les SG des Institutions Consulaires regroup\u00e9s au&#8230;<\/p>\n","protected":false},"author":1,"featured_media":5784,"comment_status":"closed","ping_status":"open","sticky":false,"template":"","format":"standard","meta":{"_jetpack_memberships_contains_paid_content":false,"footnotes":""},"categories":[8,10],"tags":[],"class_list":["post-5783","post","type-post","status-publish","format-standard","has-post-thumbnail","hentry","category-actualite-economique","category-infos-eco","wpcat-8-id","wpcat-10-id"],"yoast_head":"<!-- This site is optimized with the Yoast SEO plugin v27.1.1 - https:\/\/yoast.com\/product\/yoast-seo-wordpress\/ -->\n<title>Visite du March\u00e9 d\u2019Int\u00e9r\u00eat National : Les SG des Chambres de Commerce impliqu\u00e9s dans la promotion - challenges economiques<\/title>\n<meta name=\"robots\" content=\"index, follow, max-snippet:-1, max-image-preview:large, max-video-preview:-1\" \/>\n<link rel=\"canonical\" href=\"https:\/\/challengeseconomiques.com\/?p=5783\" \/>\n<meta property=\"og:locale\" content=\"fr_FR\" \/>\n<meta property=\"og:type\" content=\"article\" \/>\n<meta property=\"og:title\" content=\"Visite du March\u00e9 d\u2019Int\u00e9r\u00eat National : Les SG des Chambres de Commerce impliqu\u00e9s dans la promotion - challenges economiques\" \/>\n<meta property=\"og:description\" content=\"En marge de leur r\u00e9union tenue \u00e0 la Chambre de Commerce de Dakar le lundi 11 d\u00e9cembre 2023, les SG des Institutions Consulaires regroup\u00e9s au...\" \/>\n<meta property=\"og:url\" content=\"https:\/\/challengeseconomiques.com\/?p=5783\" \/>\n<meta property=\"og:site_name\" content=\"challenges economiques\" \/>\n<meta property=\"article:published_time\" content=\"2023-12-13T11:28:27+00:00\" \/>\n<meta property=\"article:modified_time\" content=\"2023-12-13T11:28:54+00:00\" \/>\n<meta property=\"og:image\" content=\"https:\/\/challengeseconomiques.com\/wp-content\/uploads\/2023\/12\/Visite_SG_MIN-9-1536x1018-1.jpeg\" \/>\n\t<meta property=\"og:image:width\" content=\"1536\" \/>\n\t<meta property=\"og:image:height\" content=\"1018\" \/>\n\t<meta property=\"og:image:type\" content=\"image\/jpeg\" \/>\n<meta name=\"author\" content=\"admin\" \/>\n<meta name=\"twitter:card\" content=\"summary_large_image\" \/>\n<meta name=\"twitter:label1\" content=\"\u00c9crit par\" \/>\n\t<meta name=\"twitter:data1\" content=\"admin\" \/>\n\t<meta name=\"twitter:label2\" content=\"Dur\u00e9e de lecture estim\u00e9e\" \/>\n\t<meta name=\"twitter:data2\" content=\"3 minutes\" \/>\n<script type=\"application\/ld+json\" class=\"yoast-schema-graph\">{\"@context\":\"https:\/\/schema.org\",\"@graph\":[{\"@type\":\"Article\",\"@id\":\"https:\/\/challengeseconomiques.com\/?p=5783#article\",\"isPartOf\":{\"@id\":\"https:\/\/challengeseconomiques.com\/?p=5783\"},\"author\":{\"name\":\"admin\",\"@id\":\"https:\/\/challengeseconomiques.com\/#\/schema\/person\/b4568c9afebc5a9238a771873801e349\"},\"headline\":\"Visite du March\u00e9 d\u2019Int\u00e9r\u00eat National : Les SG des Chambres de Commerce impliqu\u00e9s dans la promotion\",\"datePublished\":\"2023-12-13T11:28:27+00:00\",\"dateModified\":\"2023-12-13T11:28:54+00:00\",\"mainEntityOfPage\":{\"@id\":\"https:\/\/challengeseconomiques.com\/?p=5783\"},\"wordCount\":669,\"image\":{\"@id\":\"https:\/\/challengeseconomiques.com\/?p=5783#primaryimage\"},\"thumbnailUrl\":\"https:\/\/challengeseconomiques.com\/wp-content\/uploads\/2023\/12\/Visite_SG_MIN-9-1536x1018-1.jpeg\",\"articleSection\":[\"Actualit\u00e9 \u00e9conomique\",\"Infos \u00e9co\"],\"inLanguage\":\"fr-FR\"},{\"@type\":\"WebPage\",\"@id\":\"https:\/\/challengeseconomiques.com\/?p=5783\",\"url\":\"https:\/\/challengeseconomiques.com\/?p=5783\",\"name\":\"Visite du March\u00e9 d\u2019Int\u00e9r\u00eat National : Les SG des Chambres de Commerce impliqu\u00e9s dans la promotion - challenges economiques\",\"isPartOf\":{\"@id\":\"https:\/\/challengeseconomiques.com\/#website\"},\"primaryImageOfPage\":{\"@id\":\"https:\/\/challengeseconomiques.com\/?p=5783#primaryimage\"},\"image\":{\"@id\":\"https:\/\/challengeseconomiques.com\/?p=5783#primaryimage\"},\"thumbnailUrl\":\"https:\/\/challengeseconomiques.com\/wp-content\/uploads\/2023\/12\/Visite_SG_MIN-9-1536x1018-1.jpeg\",\"datePublished\":\"2023-12-13T11:28:27+00:00\",\"dateModified\":\"2023-12-13T11:28:54+00:00\",\"author\":{\"@id\":\"https:\/\/challengeseconomiques.com\/#\/schema\/person\/b4568c9afebc5a9238a771873801e349\"},\"breadcrumb\":{\"@id\":\"https:\/\/challengeseconomiques.com\/?p=5783#breadcrumb\"},\"inLanguage\":\"fr-FR\",\"potentialAction\":[{\"@type\":\"ReadAction\",\"target\":[\"https:\/\/challengeseconomiques.com\/?p=5783\"]}]},{\"@type\":\"ImageObject\",\"inLanguage\":\"fr-FR\",\"@id\":\"https:\/\/challengeseconomiques.com\/?p=5783#primaryimage\",\"url\":\"https:\/\/challengeseconomiques.com\/wp-content\/uploads\/2023\/12\/Visite_SG_MIN-9-1536x1018-1.jpeg\",\"contentUrl\":\"https:\/\/challengeseconomiques.com\/wp-content\/uploads\/2023\/12\/Visite_SG_MIN-9-1536x1018-1.jpeg\",\"width\":1536,\"height\":1018},{\"@type\":\"BreadcrumbList\",\"@id\":\"https:\/\/challengeseconomiques.com\/?p=5783#breadcrumb\",\"itemListElement\":[{\"@type\":\"ListItem\",\"position\":1,\"name\":\"Home\",\"item\":\"https:\/\/challengeseconomiques.com\/\"},{\"@type\":\"ListItem\",\"position\":2,\"name\":\"Visite du March\u00e9 d\u2019Int\u00e9r\u00eat National : Les SG des Chambres de Commerce impliqu\u00e9s dans la promotion\"}]},{\"@type\":\"WebSite\",\"@id\":\"https:\/\/challengeseconomiques.com\/#website\",\"url\":\"https:\/\/challengeseconomiques.com\/\",\"name\":\"challenges economiques\",\"description\":\"\",\"potentialAction\":[{\"@type\":\"SearchAction\",\"target\":{\"@type\":\"EntryPoint\",\"urlTemplate\":\"https:\/\/challengeseconomiques.com\/?s={search_term_string}\"},\"query-input\":{\"@type\":\"PropertyValueSpecification\",\"valueRequired\":true,\"valueName\":\"search_term_string\"}}],\"inLanguage\":\"fr-FR\"},{\"@type\":\"Person\",\"@id\":\"https:\/\/challengeseconomiques.com\/#\/schema\/person\/b4568c9afebc5a9238a771873801e349\",\"name\":\"admin\",\"image\":{\"@type\":\"ImageObject\",\"inLanguage\":\"fr-FR\",\"@id\":\"https:\/\/challengeseconomiques.com\/#\/schema\/person\/image\/\",\"url\":\"https:\/\/secure.gravatar.com\/avatar\/099e42240b5eea11acdb72751fcce0dd918603f0749d24974b7984ea47ed9fd9?s=96&d=mm&r=g\",\"contentUrl\":\"https:\/\/secure.gravatar.com\/avatar\/099e42240b5eea11acdb72751fcce0dd918603f0749d24974b7984ea47ed9fd9?s=96&d=mm&r=g\",\"caption\":\"admin\"},\"sameAs\":[\"https:\/\/challengeseconomiques.com\"],\"url\":\"https:\/\/challengeseconomiques.com\/?author=1\"}]}<\/script>\n<!-- \/ Yoast SEO plugin. -->","yoast_head_json":{"title":"Visite du March\u00e9 d\u2019Int\u00e9r\u00eat National : Les SG des Chambres de Commerce impliqu\u00e9s dans la promotion - challenges economiques","robots":{"index":"index","follow":"follow","max-snippet":"max-snippet:-1","max-image-preview":"max-image-preview:large","max-video-preview":"max-video-preview:-1"},"canonical":"https:\/\/challengeseconomiques.com\/?p=5783","og_locale":"fr_FR","og_type":"article","og_title":"Visite du March\u00e9 d\u2019Int\u00e9r\u00eat National : Les SG des Chambres de Commerce impliqu\u00e9s dans la promotion - challenges economiques","og_description":"En marge de leur r\u00e9union tenue \u00e0 la Chambre de Commerce de Dakar le lundi 11 d\u00e9cembre 2023, les SG des Institutions Consulaires regroup\u00e9s au...","og_url":"https:\/\/challengeseconomiques.com\/?p=5783","og_site_name":"challenges economiques","article_published_time":"2023-12-13T11:28:27+00:00","article_modified_time":"2023-12-13T11:28:54+00:00","og_image":[{"width":1536,"height":1018,"url":"https:\/\/challengeseconomiques.com\/wp-content\/uploads\/2023\/12\/Visite_SG_MIN-9-1536x1018-1.jpeg","type":"image\/jpeg"}],"author":"admin","twitter_card":"summary_large_image","twitter_misc":{"\u00c9crit par":"admin","Dur\u00e9e de lecture estim\u00e9e":"3 minutes"},"schema":{"@context":"https:\/\/schema.org","@graph":[{"@type":"Article","@id":"https:\/\/challengeseconomiques.com\/?p=5783#article","isPartOf":{"@id":"https:\/\/challengeseconomiques.com\/?p=5783"},"author":{"name":"admin","@id":"https:\/\/challengeseconomiques.com\/#\/schema\/person\/b4568c9afebc5a9238a771873801e349"},"headline":"Visite du March\u00e9 d\u2019Int\u00e9r\u00eat National : Les SG des Chambres de Commerce impliqu\u00e9s dans la promotion","datePublished":"2023-12-13T11:28:27+00:00","dateModified":"2023-12-13T11:28:54+00:00","mainEntityOfPage":{"@id":"https:\/\/challengeseconomiques.com\/?p=5783"},"wordCount":669,"image":{"@id":"https:\/\/challengeseconomiques.com\/?p=5783#primaryimage"},"thumbnailUrl":"https:\/\/challengeseconomiques.com\/wp-content\/uploads\/2023\/12\/Visite_SG_MIN-9-1536x1018-1.jpeg","articleSection":["Actualit\u00e9 \u00e9conomique","Infos \u00e9co"],"inLanguage":"fr-FR"},{"@type":"WebPage","@id":"https:\/\/challengeseconomiques.com\/?p=5783","url":"https:\/\/challengeseconomiques.com\/?p=5783","name":"Visite du March\u00e9 d\u2019Int\u00e9r\u00eat National : Les SG des Chambres de Commerce impliqu\u00e9s dans la promotion - challenges economiques","isPartOf":{"@id":"https:\/\/challengeseconomiques.com\/#website"},"primaryImageOfPage":{"@id":"https:\/\/challengeseconomiques.com\/?p=5783#primaryimage"},"image":{"@id":"https:\/\/challengeseconomiques.com\/?p=5783#primaryimage"},"thumbnailUrl":"https:\/\/challengeseconomiques.com\/wp-content\/uploads\/2023\/12\/Visite_SG_MIN-9-1536x1018-1.jpeg","datePublished":"2023-12-13T11:28:27+00:00","dateModified":"2023-12-13T11:28:54+00:00","author":{"@id":"https:\/\/challengeseconomiques.com\/#\/schema\/person\/b4568c9afebc5a9238a771873801e349"},"breadcrumb":{"@id":"https:\/\/challengeseconomiques.com\/?p=5783#breadcrumb"},"inLanguage":"fr-FR","potentialAction":[{"@type":"ReadAction","target":["https:\/\/challengeseconomiques.com\/?p=5783"]}]},{"@type":"ImageObject","inLanguage":"fr-FR","@id":"https:\/\/challengeseconomiques.com\/?p=5783#primaryimage","url":"https:\/\/challengeseconomiques.com\/wp-content\/uploads\/2023\/12\/Visite_SG_MIN-9-1536x1018-1.jpeg","contentUrl":"https:\/\/challengeseconomiques.com\/wp-content\/uploads\/2023\/12\/Visite_SG_MIN-9-1536x1018-1.jpeg","width":1536,"height":1018},{"@type":"BreadcrumbList","@id":"https:\/\/challengeseconomiques.com\/?p=5783#breadcrumb","itemListElement":[{"@type":"ListItem","position":1,"name":"Home","item":"https:\/\/challengeseconomiques.com\/"},{"@type":"ListItem","position":2,"name":"Visite du March\u00e9 d\u2019Int\u00e9r\u00eat National : Les SG des Chambres de Commerce impliqu\u00e9s dans la promotion"}]},{"@type":"WebSite","@id":"https:\/\/challengeseconomiques.com\/#website","url":"https:\/\/challengeseconomiques.com\/","name":"challenges economiques","description":"","potentialAction":[{"@type":"SearchAction","target":{"@type":"EntryPoint","urlTemplate":"https:\/\/challengeseconomiques.com\/?s={search_term_string}"},"query-input":{"@type":"PropertyValueSpecification","valueRequired":true,"valueName":"search_term_string"}}],"inLanguage":"fr-FR"},{"@type":"Person","@id":"https:\/\/challengeseconomiques.com\/#\/schema\/person\/b4568c9afebc5a9238a771873801e349","name":"admin","image":{"@type":"ImageObject","inLanguage":"fr-FR","@id":"https:\/\/challengeseconomiques.com\/#\/schema\/person\/image\/","url":"https:\/\/secure.gravatar.com\/avatar\/099e42240b5eea11acdb72751fcce0dd918603f0749d24974b7984ea47ed9fd9?s=96&d=mm&r=g","contentUrl":"https:\/\/secure.gravatar.com\/avatar\/099e42240b5eea11acdb72751fcce0dd918603f0749d24974b7984ea47ed9fd9?s=96&d=mm&r=g","caption":"admin"},"sameAs":["https:\/\/challengeseconomiques.com"],"url":"https:\/\/challengeseconomiques.com\/?author=1"}]}},"jetpack_featured_media_url":"https:\/\/challengeseconomiques.com\/wp-content\/uploads\/2023\/12\/Visite_SG_MIN-9-1536x1018-1.jpeg","jetpack_sharing_enabled":true,"_links":{"self":[{"href":"https:\/\/challengeseconomiques.com\/index.php?rest_route=\/wp\/v2\/posts\/5783","targetHints":{"allow":["GET"]}}],"collection":[{"href":"https:\/\/challengeseconomiques.com\/index.php?rest_route=\/wp\/v2\/posts"}],"about":[{"href":"https:\/\/challengeseconomiques.com\/index.php?rest_route=\/wp\/v2\/types\/post"}],"author":[{"embeddable":true,"href":"https:\/\/challengeseconomiques.com\/index.php?rest_route=\/wp\/v2\/users\/1"}],"replies":[{"embeddable":true,"href":"https:\/\/challengeseconomiques.com\/index.php?rest_route=%2Fwp%2Fv2%2Fcomments&post=5783"}],"version-history":[{"count":1,"href":"https:\/\/challengeseconomiques.com\/index.php?rest_route=\/wp\/v2\/posts\/5783\/revisions"}],"predecessor-version":[{"id":5785,"href":"https:\/\/challengeseconomiques.com\/index.php?rest_route=\/wp\/v2\/posts\/5783\/revisions\/5785"}],"wp:featuredmedia":[{"embeddable":true,"href":"https:\/\/challengeseconomiques.com\/index.php?rest_route=\/wp\/v2\/media\/5784"}],"wp:attachment":[{"href":"https:\/\/challengeseconomiques.com\/index.php?rest_route=%2Fwp%2Fv2%2Fmedia&parent=5783"}],"wp:term":[{"taxonomy":"category","embeddable":true,"href":"https:\/\/challengeseconomiques.com\/index.php?rest_route=%2Fwp%2Fv2%2Fcategories&post=5783"},{"taxonomy":"post_tag","embeddable":true,"href":"https:\/\/challengeseconomiques.com\/index.php?rest_route=%2Fwp%2Fv2%2Ftags&post=5783"}],"curies":[{"name":"wp","href":"https:\/\/api.w.org\/{rel}","templated":true}]}}