{"id":5779,"date":"2023-12-11T17:12:45","date_gmt":"2023-12-11T17:12:45","guid":{"rendered":"https:\/\/challengeseconomiques.com\/?p=5779"},"modified":"2023-12-11T17:13:15","modified_gmt":"2023-12-11T17:13:15","slug":"senegal-laeroport-de-saint-louis-debute-ses-operations-commerciales","status":"publish","type":"post","link":"https:\/\/challengeseconomiques.com\/?p=5779","title":{"rendered":"S\u00e9n\u00e9gal : l\u2019a\u00e9roport de Saint-Louis d\u00e9bute ses op\u00e9rations commerciales"},"content":{"rendered":"<div class=\"itemIntroText\">\n<p class=\"texte textearticle\"><strong>\u00a0En cours depuis 2018, le plan visant \u00e0 transformer le S\u00e9n\u00e9gal en principal hub a\u00e9rien d\u2019Afrique de l\u2019Ouest voit la modernisation progressive des diff\u00e9rents a\u00e9roports r\u00e9gionaux.<\/strong><\/p>\n<p class=\"texte textearticle\">L\u2019exploitation technique et commerciale de l\u2019a\u00e9roport de Saint-Louis, baptis\u00e9 \u00ab\u00a0Ousmane Masseck Ndiaye\u00a0\u00bb a \u00e9t\u00e9 lanc\u00e9e hier 7 d\u00e9cembre dernier avec un vol de Air S\u00e9n\u00e9gal, la compagnie a\u00e9rienne nationale.<\/p>\n<p class=\"texte textearticle\">La r\u00e9novation enti\u00e8re de cet a\u00e9roport dans le cadre du Programme de reconstruction des a\u00e9roports du S\u00e9n\u00e9gal (PRAS) a cout\u00e9 23 milliards FCFA, et il sera g\u00e9r\u00e9 par l\u2019AIBD SA. Les nouvelles installations couvrent environ 2170 m<sup>2<\/sup> de superficie, avec une piste de 2\u00a0500 m de long sur 45 m de large. Elles comprennent aussi un dispositif d\u2019assistance au sol ainsi que des \u00e9quipements d\u2019aide \u00e0 la navigation a\u00e9rienne.<\/p>\n<p class=\"texte textearticle\">Au-del\u00e0 de l\u2019impact li\u00e9 \u00e0 l\u2019augmentation de l\u2019accessibilit\u00e9 de la r\u00e9gion, la modernisation de l\u2019a\u00e9roport devrait permettre de redynamiser les activit\u00e9s touristiques et de stimuler le potentiel minier.<\/p>\n<p class=\"texte textearticle\">Pour Antoine Mbengue, le ministre s\u00e9n\u00e9galais des Transports a\u00e9riens, l\u2019a\u00e9roport permettra aux habitants de cette partie du pays de renouer avec sa \u00ab\u00a0tradition a\u00e9ronautique\u00a0\u00bb, Saint-Louis ayant accueilli son premier vol direct en 1927.<\/p>\n<p class=\"texte textearticle\">\u00ab\u00a0<em>En plus des activit\u00e9s agricoles, touristiques et des services, il deviendra en l\u2019occurrence un v\u00e9ritable levier de d\u00e9veloppement avec l\u2019exploitation des ressources p\u00e9troli\u00e8res et gazi\u00e8res, notamment du gisement de gaz naturel dit Grande Tortue-Ahmeyim, au large du S\u00e9n\u00e9gal et de la Mauritanie<\/em>\u00a0\u00bb a-t-il indiqu\u00e9.<\/p>\n<p><strong>(Agence Ecofin)<br \/>\n<\/strong><\/p>\n<\/div>\n","protected":false},"excerpt":{"rendered":"<p>\u00a0En cours depuis 2018, le plan visant \u00e0 transformer le S\u00e9n\u00e9gal en principal hub a\u00e9rien d\u2019Afrique de l\u2019Ouest voit la modernisation progressive des diff\u00e9rents a\u00e9roports&#8230;<\/p>\n","protected":false},"author":1,"featured_media":5780,"comment_status":"closed","ping_status":"open","sticky":false,"template":"","format":"standard","meta":{"_jetpack_memberships_contains_paid_content":false,"footnotes":""},"categories":[8,10],"tags":[],"class_list":["post-5779","post","type-post","status-publish","format-standard","has-post-thumbnail","hentry","category-actualite-economique","category-infos-eco","wpcat-8-id","wpcat-10-id"],"yoast_head":"<!-- This site is optimized with the Yoast SEO plugin v27.1.1 - https:\/\/yoast.com\/product\/yoast-seo-wordpress\/ -->\n<title>S\u00e9n\u00e9gal : l\u2019a\u00e9roport de Saint-Louis d\u00e9bute ses op\u00e9rations commerciales - challenges economiques<\/title>\n<meta name=\"robots\" content=\"index, follow, max-snippet:-1, max-image-preview:large, max-video-preview:-1\" \/>\n<link rel=\"canonical\" href=\"https:\/\/challengeseconomiques.com\/?p=5779\" \/>\n<meta property=\"og:locale\" content=\"fr_FR\" \/>\n<meta property=\"og:type\" content=\"article\" \/>\n<meta property=\"og:title\" content=\"S\u00e9n\u00e9gal : l\u2019a\u00e9roport de Saint-Louis d\u00e9bute ses op\u00e9rations commerciales - challenges economiques\" \/>\n<meta property=\"og:description\" content=\"\u00a0En cours depuis 2018, le plan visant \u00e0 transformer le S\u00e9n\u00e9gal en principal hub a\u00e9rien d\u2019Afrique de l\u2019Ouest voit la modernisation progressive des diff\u00e9rents a\u00e9roports...\" \/>\n<meta property=\"og:url\" content=\"https:\/\/challengeseconomiques.com\/?p=5779\" \/>\n<meta property=\"og:site_name\" content=\"challenges economiques\" \/>\n<meta property=\"article:published_time\" content=\"2023-12-11T17:12:45+00:00\" \/>\n<meta property=\"article:modified_time\" content=\"2023-12-11T17:13:15+00:00\" \/>\n<meta property=\"og:image\" content=\"https:\/\/challengeseconomiques.com\/wp-content\/uploads\/2023\/12\/saintlouisairport.jpg\" \/>\n\t<meta property=\"og:image:width\" content=\"1024\" \/>\n\t<meta property=\"og:image:height\" content=\"538\" \/>\n\t<meta property=\"og:image:type\" content=\"image\/jpeg\" \/>\n<meta name=\"author\" content=\"admin\" \/>\n<meta name=\"twitter:card\" content=\"summary_large_image\" \/>\n<meta name=\"twitter:label1\" content=\"\u00c9crit par\" \/>\n\t<meta name=\"twitter:data1\" content=\"admin\" \/>\n\t<meta name=\"twitter:label2\" content=\"Dur\u00e9e de lecture estim\u00e9e\" \/>\n\t<meta name=\"twitter:data2\" content=\"1 minute\" \/>\n<script type=\"application\/ld+json\" class=\"yoast-schema-graph\">{\"@context\":\"https:\/\/schema.org\",\"@graph\":[{\"@type\":\"Article\",\"@id\":\"https:\/\/challengeseconomiques.com\/?p=5779#article\",\"isPartOf\":{\"@id\":\"https:\/\/challengeseconomiques.com\/?p=5779\"},\"author\":{\"name\":\"admin\",\"@id\":\"https:\/\/challengeseconomiques.com\/#\/schema\/person\/b4568c9afebc5a9238a771873801e349\"},\"headline\":\"S\u00e9n\u00e9gal : l\u2019a\u00e9roport de Saint-Louis d\u00e9bute ses op\u00e9rations commerciales\",\"datePublished\":\"2023-12-11T17:12:45+00:00\",\"dateModified\":\"2023-12-11T17:13:15+00:00\",\"mainEntityOfPage\":{\"@id\":\"https:\/\/challengeseconomiques.com\/?p=5779\"},\"wordCount\":285,\"image\":{\"@id\":\"https:\/\/challengeseconomiques.com\/?p=5779#primaryimage\"},\"thumbnailUrl\":\"https:\/\/challengeseconomiques.com\/wp-content\/uploads\/2023\/12\/saintlouisairport.jpg\",\"articleSection\":[\"Actualit\u00e9 \u00e9conomique\",\"Infos \u00e9co\"],\"inLanguage\":\"fr-FR\"},{\"@type\":\"WebPage\",\"@id\":\"https:\/\/challengeseconomiques.com\/?p=5779\",\"url\":\"https:\/\/challengeseconomiques.com\/?p=5779\",\"name\":\"S\u00e9n\u00e9gal : l\u2019a\u00e9roport de Saint-Louis d\u00e9bute ses op\u00e9rations commerciales - challenges economiques\",\"isPartOf\":{\"@id\":\"https:\/\/challengeseconomiques.com\/#website\"},\"primaryImageOfPage\":{\"@id\":\"https:\/\/challengeseconomiques.com\/?p=5779#primaryimage\"},\"image\":{\"@id\":\"https:\/\/challengeseconomiques.com\/?p=5779#primaryimage\"},\"thumbnailUrl\":\"https:\/\/challengeseconomiques.com\/wp-content\/uploads\/2023\/12\/saintlouisairport.jpg\",\"datePublished\":\"2023-12-11T17:12:45+00:00\",\"dateModified\":\"2023-12-11T17:13:15+00:00\",\"author\":{\"@id\":\"https:\/\/challengeseconomiques.com\/#\/schema\/person\/b4568c9afebc5a9238a771873801e349\"},\"breadcrumb\":{\"@id\":\"https:\/\/challengeseconomiques.com\/?p=5779#breadcrumb\"},\"inLanguage\":\"fr-FR\",\"potentialAction\":[{\"@type\":\"ReadAction\",\"target\":[\"https:\/\/challengeseconomiques.com\/?p=5779\"]}]},{\"@type\":\"ImageObject\",\"inLanguage\":\"fr-FR\",\"@id\":\"https:\/\/challengeseconomiques.com\/?p=5779#primaryimage\",\"url\":\"https:\/\/challengeseconomiques.com\/wp-content\/uploads\/2023\/12\/saintlouisairport.jpg\",\"contentUrl\":\"https:\/\/challengeseconomiques.com\/wp-content\/uploads\/2023\/12\/saintlouisairport.jpg\",\"width\":1024,\"height\":538},{\"@type\":\"BreadcrumbList\",\"@id\":\"https:\/\/challengeseconomiques.com\/?p=5779#breadcrumb\",\"itemListElement\":[{\"@type\":\"ListItem\",\"position\":1,\"name\":\"Home\",\"item\":\"https:\/\/challengeseconomiques.com\/\"},{\"@type\":\"ListItem\",\"position\":2,\"name\":\"S\u00e9n\u00e9gal : l\u2019a\u00e9roport de Saint-Louis d\u00e9bute ses op\u00e9rations commerciales\"}]},{\"@type\":\"WebSite\",\"@id\":\"https:\/\/challengeseconomiques.com\/#website\",\"url\":\"https:\/\/challengeseconomiques.com\/\",\"name\":\"challenges economiques\",\"description\":\"\",\"potentialAction\":[{\"@type\":\"SearchAction\",\"target\":{\"@type\":\"EntryPoint\",\"urlTemplate\":\"https:\/\/challengeseconomiques.com\/?s={search_term_string}\"},\"query-input\":{\"@type\":\"PropertyValueSpecification\",\"valueRequired\":true,\"valueName\":\"search_term_string\"}}],\"inLanguage\":\"fr-FR\"},{\"@type\":\"Person\",\"@id\":\"https:\/\/challengeseconomiques.com\/#\/schema\/person\/b4568c9afebc5a9238a771873801e349\",\"name\":\"admin\",\"image\":{\"@type\":\"ImageObject\",\"inLanguage\":\"fr-FR\",\"@id\":\"https:\/\/challengeseconomiques.com\/#\/schema\/person\/image\/\",\"url\":\"https:\/\/secure.gravatar.com\/avatar\/099e42240b5eea11acdb72751fcce0dd918603f0749d24974b7984ea47ed9fd9?s=96&d=mm&r=g\",\"contentUrl\":\"https:\/\/secure.gravatar.com\/avatar\/099e42240b5eea11acdb72751fcce0dd918603f0749d24974b7984ea47ed9fd9?s=96&d=mm&r=g\",\"caption\":\"admin\"},\"sameAs\":[\"https:\/\/challengeseconomiques.com\"],\"url\":\"https:\/\/challengeseconomiques.com\/?author=1\"}]}<\/script>\n<!-- \/ Yoast SEO plugin. -->","yoast_head_json":{"title":"S\u00e9n\u00e9gal : l\u2019a\u00e9roport de Saint-Louis d\u00e9bute ses op\u00e9rations commerciales - challenges economiques","robots":{"index":"index","follow":"follow","max-snippet":"max-snippet:-1","max-image-preview":"max-image-preview:large","max-video-preview":"max-video-preview:-1"},"canonical":"https:\/\/challengeseconomiques.com\/?p=5779","og_locale":"fr_FR","og_type":"article","og_title":"S\u00e9n\u00e9gal : l\u2019a\u00e9roport de Saint-Louis d\u00e9bute ses op\u00e9rations commerciales - challenges economiques","og_description":"\u00a0En cours depuis 2018, le plan visant \u00e0 transformer le S\u00e9n\u00e9gal en principal hub a\u00e9rien d\u2019Afrique de l\u2019Ouest voit la modernisation progressive des diff\u00e9rents a\u00e9roports...","og_url":"https:\/\/challengeseconomiques.com\/?p=5779","og_site_name":"challenges economiques","article_published_time":"2023-12-11T17:12:45+00:00","article_modified_time":"2023-12-11T17:13:15+00:00","og_image":[{"width":1024,"height":538,"url":"https:\/\/challengeseconomiques.com\/wp-content\/uploads\/2023\/12\/saintlouisairport.jpg","type":"image\/jpeg"}],"author":"admin","twitter_card":"summary_large_image","twitter_misc":{"\u00c9crit par":"admin","Dur\u00e9e de lecture estim\u00e9e":"1 minute"},"schema":{"@context":"https:\/\/schema.org","@graph":[{"@type":"Article","@id":"https:\/\/challengeseconomiques.com\/?p=5779#article","isPartOf":{"@id":"https:\/\/challengeseconomiques.com\/?p=5779"},"author":{"name":"admin","@id":"https:\/\/challengeseconomiques.com\/#\/schema\/person\/b4568c9afebc5a9238a771873801e349"},"headline":"S\u00e9n\u00e9gal : l\u2019a\u00e9roport de Saint-Louis d\u00e9bute ses op\u00e9rations commerciales","datePublished":"2023-12-11T17:12:45+00:00","dateModified":"2023-12-11T17:13:15+00:00","mainEntityOfPage":{"@id":"https:\/\/challengeseconomiques.com\/?p=5779"},"wordCount":285,"image":{"@id":"https:\/\/challengeseconomiques.com\/?p=5779#primaryimage"},"thumbnailUrl":"https:\/\/challengeseconomiques.com\/wp-content\/uploads\/2023\/12\/saintlouisairport.jpg","articleSection":["Actualit\u00e9 \u00e9conomique","Infos \u00e9co"],"inLanguage":"fr-FR"},{"@type":"WebPage","@id":"https:\/\/challengeseconomiques.com\/?p=5779","url":"https:\/\/challengeseconomiques.com\/?p=5779","name":"S\u00e9n\u00e9gal : l\u2019a\u00e9roport de Saint-Louis d\u00e9bute ses op\u00e9rations commerciales - challenges economiques","isPartOf":{"@id":"https:\/\/challengeseconomiques.com\/#website"},"primaryImageOfPage":{"@id":"https:\/\/challengeseconomiques.com\/?p=5779#primaryimage"},"image":{"@id":"https:\/\/challengeseconomiques.com\/?p=5779#primaryimage"},"thumbnailUrl":"https:\/\/challengeseconomiques.com\/wp-content\/uploads\/2023\/12\/saintlouisairport.jpg","datePublished":"2023-12-11T17:12:45+00:00","dateModified":"2023-12-11T17:13:15+00:00","author":{"@id":"https:\/\/challengeseconomiques.com\/#\/schema\/person\/b4568c9afebc5a9238a771873801e349"},"breadcrumb":{"@id":"https:\/\/challengeseconomiques.com\/?p=5779#breadcrumb"},"inLanguage":"fr-FR","potentialAction":[{"@type":"ReadAction","target":["https:\/\/challengeseconomiques.com\/?p=5779"]}]},{"@type":"ImageObject","inLanguage":"fr-FR","@id":"https:\/\/challengeseconomiques.com\/?p=5779#primaryimage","url":"https:\/\/challengeseconomiques.com\/wp-content\/uploads\/2023\/12\/saintlouisairport.jpg","contentUrl":"https:\/\/challengeseconomiques.com\/wp-content\/uploads\/2023\/12\/saintlouisairport.jpg","width":1024,"height":538},{"@type":"BreadcrumbList","@id":"https:\/\/challengeseconomiques.com\/?p=5779#breadcrumb","itemListElement":[{"@type":"ListItem","position":1,"name":"Home","item":"https:\/\/challengeseconomiques.com\/"},{"@type":"ListItem","position":2,"name":"S\u00e9n\u00e9gal : l\u2019a\u00e9roport de Saint-Louis d\u00e9bute ses op\u00e9rations commerciales"}]},{"@type":"WebSite","@id":"https:\/\/challengeseconomiques.com\/#website","url":"https:\/\/challengeseconomiques.com\/","name":"challenges economiques","description":"","potentialAction":[{"@type":"SearchAction","target":{"@type":"EntryPoint","urlTemplate":"https:\/\/challengeseconomiques.com\/?s={search_term_string}"},"query-input":{"@type":"PropertyValueSpecification","valueRequired":true,"valueName":"search_term_string"}}],"inLanguage":"fr-FR"},{"@type":"Person","@id":"https:\/\/challengeseconomiques.com\/#\/schema\/person\/b4568c9afebc5a9238a771873801e349","name":"admin","image":{"@type":"ImageObject","inLanguage":"fr-FR","@id":"https:\/\/challengeseconomiques.com\/#\/schema\/person\/image\/","url":"https:\/\/secure.gravatar.com\/avatar\/099e42240b5eea11acdb72751fcce0dd918603f0749d24974b7984ea47ed9fd9?s=96&d=mm&r=g","contentUrl":"https:\/\/secure.gravatar.com\/avatar\/099e42240b5eea11acdb72751fcce0dd918603f0749d24974b7984ea47ed9fd9?s=96&d=mm&r=g","caption":"admin"},"sameAs":["https:\/\/challengeseconomiques.com"],"url":"https:\/\/challengeseconomiques.com\/?author=1"}]}},"jetpack_featured_media_url":"https:\/\/challengeseconomiques.com\/wp-content\/uploads\/2023\/12\/saintlouisairport.jpg","jetpack_sharing_enabled":true,"_links":{"self":[{"href":"https:\/\/challengeseconomiques.com\/index.php?rest_route=\/wp\/v2\/posts\/5779","targetHints":{"allow":["GET"]}}],"collection":[{"href":"https:\/\/challengeseconomiques.com\/index.php?rest_route=\/wp\/v2\/posts"}],"about":[{"href":"https:\/\/challengeseconomiques.com\/index.php?rest_route=\/wp\/v2\/types\/post"}],"author":[{"embeddable":true,"href":"https:\/\/challengeseconomiques.com\/index.php?rest_route=\/wp\/v2\/users\/1"}],"replies":[{"embeddable":true,"href":"https:\/\/challengeseconomiques.com\/index.php?rest_route=%2Fwp%2Fv2%2Fcomments&post=5779"}],"version-history":[{"count":1,"href":"https:\/\/challengeseconomiques.com\/index.php?rest_route=\/wp\/v2\/posts\/5779\/revisions"}],"predecessor-version":[{"id":5781,"href":"https:\/\/challengeseconomiques.com\/index.php?rest_route=\/wp\/v2\/posts\/5779\/revisions\/5781"}],"wp:featuredmedia":[{"embeddable":true,"href":"https:\/\/challengeseconomiques.com\/index.php?rest_route=\/wp\/v2\/media\/5780"}],"wp:attachment":[{"href":"https:\/\/challengeseconomiques.com\/index.php?rest_route=%2Fwp%2Fv2%2Fmedia&parent=5779"}],"wp:term":[{"taxonomy":"category","embeddable":true,"href":"https:\/\/challengeseconomiques.com\/index.php?rest_route=%2Fwp%2Fv2%2Fcategories&post=5779"},{"taxonomy":"post_tag","embeddable":true,"href":"https:\/\/challengeseconomiques.com\/index.php?rest_route=%2Fwp%2Fv2%2Ftags&post=5779"}],"curies":[{"name":"wp","href":"https:\/\/api.w.org\/{rel}","templated":true}]}}