{"id":5771,"date":"2023-12-11T12:13:12","date_gmt":"2023-12-11T12:13:12","guid":{"rendered":"https:\/\/challengeseconomiques.com\/?p=5771"},"modified":"2023-12-11T12:13:58","modified_gmt":"2023-12-11T12:13:58","slug":"la-bad-accorde-au-senegal-une-garantie-de-credit-de-2623-milliards-fcfa-pour-des-projets-verts","status":"publish","type":"post","link":"https:\/\/challengeseconomiques.com\/?p=5771","title":{"rendered":"La BAD accorde au S\u00e9n\u00e9gal une garantie de cr\u00e9dit de 262,3 milliards FCFA pour des projets verts"},"content":{"rendered":"<p><strong>Le Conseil d\u2019administration de la Banque africaine de d\u00e9veloppement a approuv\u00e9, le 8 d\u00e9cembre 2023 \u00e0 Abidjan, une garantie partielle de cr\u00e9dit de 262,3 milliards FCFA au S\u00e9n\u00e9gal. Il vise \u00e0 faciliter la mobilisation du premier financement adoss\u00e9 \u00e0 son Document-cadre de financements durables, pour un montant total \u00e9quivalent \u00e0 328 milliards FCFA. Le produit de cet emprunt est d\u00e9di\u00e9 aux investissements \u00e0 caract\u00e8re verts et sociaux.<\/strong><\/p>\n<p>La garantie permet de financer l\u2019op\u00e9ration, d\u2019\u00eatre prot\u00e9g\u00e9s contre les pertes qui r\u00e9sulteraient d\u2019un d\u00e9faut de paiement sur le principal et les int\u00e9r\u00eats sur cet emprunt \u00e0 hauteur de 400 millions d\u2019euros. Ainsi, elle \u00a0permet au pays\u00a0 de contracter une partie du financement en franc CFA, am\u00e9liorant ainsi le profil de viabilit\u00e9 de sa dette.<\/p>\n<p>Le Document-cadre de financements durables du S\u00e9n\u00e9gal, en question est adopt\u00e9 en juin 2023. Il s\u2019agit d\u2019une plateforme visant \u00e0 appuyer la diversification des sources de financement et de mobilisation de ressources importantes n\u00e9cessaires pour atteindre les Objectifs de d\u00e9veloppement durable, des Nations unies. Il utilise la m\u00e9thodologie et les modalit\u00e9s de s\u00e9lection des projets, de gestion des fonds, d\u2019\u00e9valuation, et pr\u00e9cise les dix secteurs \u00e9ligibles\u00a0au financement durable\u00a0: l\u2019agriculture, la protection sociale et la lutte contre la pauvret\u00e9, l\u2019eau et l\u2019assainissement, la sant\u00e9, l\u2019\u00e9ducation, l\u2019emploi et l\u2019inclusion financi\u00e8re des jeunes, des femmes et des entrepreneurs, la connectivit\u00e9, la promotion des \u00e9nergies \u00e0 bas carbone, la pr\u00e9servation de la biodiversit\u00e9 et l\u2019adaptation aux changements climatiques.<\/p>\n<p>Pour le responsable du bureau pays du Groupe de la Banque au S\u00e9n\u00e9gal, Mohamed Ch\u00e9rif, le projet va permettre au S\u00e9n\u00e9gal de mettre en \u0153uvre des projets verts et sociaux align\u00e9s sur le Document de strat\u00e9gie pays 2021-2025 du Groupe de la Banque africaine de d\u00e9veloppement pour le S\u00e9n\u00e9gal.<\/p>\n<p>&nbsp;<\/p>\n","protected":false},"excerpt":{"rendered":"<p>Le Conseil d\u2019administration de la Banque africaine de d\u00e9veloppement a approuv\u00e9, le 8 d\u00e9cembre 2023 \u00e0 Abidjan, une garantie partielle de cr\u00e9dit de 262,3 milliards&#8230;<\/p>\n","protected":false},"author":1,"featured_media":5772,"comment_status":"closed","ping_status":"open","sticky":false,"template":"","format":"standard","meta":{"_jetpack_memberships_contains_paid_content":false,"footnotes":""},"categories":[23,8],"tags":[],"class_list":["post-5771","post","type-post","status-publish","format-standard","has-post-thumbnail","hentry","category-a-la-une","category-actualite-economique","wpcat-23-id","wpcat-8-id"],"yoast_head":"<!-- This site is optimized with the Yoast SEO plugin v27.1.1 - https:\/\/yoast.com\/product\/yoast-seo-wordpress\/ -->\n<title>La BAD accorde au S\u00e9n\u00e9gal une garantie de cr\u00e9dit de 262,3 milliards FCFA pour des projets verts - challenges economiques<\/title>\n<meta name=\"robots\" content=\"index, follow, max-snippet:-1, max-image-preview:large, max-video-preview:-1\" \/>\n<link rel=\"canonical\" href=\"https:\/\/challengeseconomiques.com\/?p=5771\" \/>\n<meta property=\"og:locale\" content=\"fr_FR\" \/>\n<meta property=\"og:type\" content=\"article\" \/>\n<meta property=\"og:title\" content=\"La BAD accorde au S\u00e9n\u00e9gal une garantie de cr\u00e9dit de 262,3 milliards FCFA pour des projets verts - challenges economiques\" \/>\n<meta property=\"og:description\" content=\"Le Conseil d\u2019administration de la Banque africaine de d\u00e9veloppement a approuv\u00e9, le 8 d\u00e9cembre 2023 \u00e0 Abidjan, une garantie partielle de cr\u00e9dit de 262,3 milliards...\" \/>\n<meta property=\"og:url\" content=\"https:\/\/challengeseconomiques.com\/?p=5771\" \/>\n<meta property=\"og:site_name\" content=\"challenges economiques\" \/>\n<meta property=\"article:published_time\" content=\"2023-12-11T12:13:12+00:00\" \/>\n<meta property=\"article:modified_time\" content=\"2023-12-11T12:13:58+00:00\" \/>\n<meta property=\"og:image\" content=\"https:\/\/challengeseconomiques.com\/wp-content\/uploads\/2023\/12\/financement-vert.jpg\" \/>\n\t<meta property=\"og:image:width\" content=\"885\" \/>\n\t<meta property=\"og:image:height\" content=\"500\" \/>\n\t<meta property=\"og:image:type\" content=\"image\/jpeg\" \/>\n<meta name=\"author\" content=\"admin\" \/>\n<meta name=\"twitter:card\" content=\"summary_large_image\" \/>\n<meta name=\"twitter:label1\" content=\"\u00c9crit par\" \/>\n\t<meta name=\"twitter:data1\" content=\"admin\" \/>\n\t<meta name=\"twitter:label2\" content=\"Dur\u00e9e de lecture estim\u00e9e\" \/>\n\t<meta name=\"twitter:data2\" content=\"2 minutes\" \/>\n<script type=\"application\/ld+json\" class=\"yoast-schema-graph\">{\"@context\":\"https:\/\/schema.org\",\"@graph\":[{\"@type\":\"Article\",\"@id\":\"https:\/\/challengeseconomiques.com\/?p=5771#article\",\"isPartOf\":{\"@id\":\"https:\/\/challengeseconomiques.com\/?p=5771\"},\"author\":{\"name\":\"admin\",\"@id\":\"https:\/\/challengeseconomiques.com\/#\/schema\/person\/b4568c9afebc5a9238a771873801e349\"},\"headline\":\"La BAD accorde au S\u00e9n\u00e9gal une garantie de cr\u00e9dit de 262,3 milliards FCFA pour des projets verts\",\"datePublished\":\"2023-12-11T12:13:12+00:00\",\"dateModified\":\"2023-12-11T12:13:58+00:00\",\"mainEntityOfPage\":{\"@id\":\"https:\/\/challengeseconomiques.com\/?p=5771\"},\"wordCount\":342,\"image\":{\"@id\":\"https:\/\/challengeseconomiques.com\/?p=5771#primaryimage\"},\"thumbnailUrl\":\"https:\/\/challengeseconomiques.com\/wp-content\/uploads\/2023\/12\/financement-vert.jpg\",\"articleSection\":[\"A la une\",\"Actualit\u00e9 \u00e9conomique\"],\"inLanguage\":\"fr-FR\"},{\"@type\":\"WebPage\",\"@id\":\"https:\/\/challengeseconomiques.com\/?p=5771\",\"url\":\"https:\/\/challengeseconomiques.com\/?p=5771\",\"name\":\"La BAD accorde au S\u00e9n\u00e9gal une garantie de cr\u00e9dit de 262,3 milliards FCFA pour des projets verts - challenges economiques\",\"isPartOf\":{\"@id\":\"https:\/\/challengeseconomiques.com\/#website\"},\"primaryImageOfPage\":{\"@id\":\"https:\/\/challengeseconomiques.com\/?p=5771#primaryimage\"},\"image\":{\"@id\":\"https:\/\/challengeseconomiques.com\/?p=5771#primaryimage\"},\"thumbnailUrl\":\"https:\/\/challengeseconomiques.com\/wp-content\/uploads\/2023\/12\/financement-vert.jpg\",\"datePublished\":\"2023-12-11T12:13:12+00:00\",\"dateModified\":\"2023-12-11T12:13:58+00:00\",\"author\":{\"@id\":\"https:\/\/challengeseconomiques.com\/#\/schema\/person\/b4568c9afebc5a9238a771873801e349\"},\"breadcrumb\":{\"@id\":\"https:\/\/challengeseconomiques.com\/?p=5771#breadcrumb\"},\"inLanguage\":\"fr-FR\",\"potentialAction\":[{\"@type\":\"ReadAction\",\"target\":[\"https:\/\/challengeseconomiques.com\/?p=5771\"]}]},{\"@type\":\"ImageObject\",\"inLanguage\":\"fr-FR\",\"@id\":\"https:\/\/challengeseconomiques.com\/?p=5771#primaryimage\",\"url\":\"https:\/\/challengeseconomiques.com\/wp-content\/uploads\/2023\/12\/financement-vert.jpg\",\"contentUrl\":\"https:\/\/challengeseconomiques.com\/wp-content\/uploads\/2023\/12\/financement-vert.jpg\",\"width\":885,\"height\":500,\"caption\":\"Coins stack of money and growing plant close up, financial concept\"},{\"@type\":\"BreadcrumbList\",\"@id\":\"https:\/\/challengeseconomiques.com\/?p=5771#breadcrumb\",\"itemListElement\":[{\"@type\":\"ListItem\",\"position\":1,\"name\":\"Home\",\"item\":\"https:\/\/challengeseconomiques.com\/\"},{\"@type\":\"ListItem\",\"position\":2,\"name\":\"La BAD accorde au S\u00e9n\u00e9gal une garantie de cr\u00e9dit de 262,3 milliards FCFA pour des projets verts\"}]},{\"@type\":\"WebSite\",\"@id\":\"https:\/\/challengeseconomiques.com\/#website\",\"url\":\"https:\/\/challengeseconomiques.com\/\",\"name\":\"challenges economiques\",\"description\":\"\",\"potentialAction\":[{\"@type\":\"SearchAction\",\"target\":{\"@type\":\"EntryPoint\",\"urlTemplate\":\"https:\/\/challengeseconomiques.com\/?s={search_term_string}\"},\"query-input\":{\"@type\":\"PropertyValueSpecification\",\"valueRequired\":true,\"valueName\":\"search_term_string\"}}],\"inLanguage\":\"fr-FR\"},{\"@type\":\"Person\",\"@id\":\"https:\/\/challengeseconomiques.com\/#\/schema\/person\/b4568c9afebc5a9238a771873801e349\",\"name\":\"admin\",\"image\":{\"@type\":\"ImageObject\",\"inLanguage\":\"fr-FR\",\"@id\":\"https:\/\/challengeseconomiques.com\/#\/schema\/person\/image\/\",\"url\":\"https:\/\/secure.gravatar.com\/avatar\/099e42240b5eea11acdb72751fcce0dd918603f0749d24974b7984ea47ed9fd9?s=96&d=mm&r=g\",\"contentUrl\":\"https:\/\/secure.gravatar.com\/avatar\/099e42240b5eea11acdb72751fcce0dd918603f0749d24974b7984ea47ed9fd9?s=96&d=mm&r=g\",\"caption\":\"admin\"},\"sameAs\":[\"https:\/\/challengeseconomiques.com\"],\"url\":\"https:\/\/challengeseconomiques.com\/?author=1\"}]}<\/script>\n<!-- \/ Yoast SEO plugin. -->","yoast_head_json":{"title":"La BAD accorde au S\u00e9n\u00e9gal une garantie de cr\u00e9dit de 262,3 milliards FCFA pour des projets verts - challenges economiques","robots":{"index":"index","follow":"follow","max-snippet":"max-snippet:-1","max-image-preview":"max-image-preview:large","max-video-preview":"max-video-preview:-1"},"canonical":"https:\/\/challengeseconomiques.com\/?p=5771","og_locale":"fr_FR","og_type":"article","og_title":"La BAD accorde au S\u00e9n\u00e9gal une garantie de cr\u00e9dit de 262,3 milliards FCFA pour des projets verts - challenges economiques","og_description":"Le Conseil d\u2019administration de la Banque africaine de d\u00e9veloppement a approuv\u00e9, le 8 d\u00e9cembre 2023 \u00e0 Abidjan, une garantie partielle de cr\u00e9dit de 262,3 milliards...","og_url":"https:\/\/challengeseconomiques.com\/?p=5771","og_site_name":"challenges economiques","article_published_time":"2023-12-11T12:13:12+00:00","article_modified_time":"2023-12-11T12:13:58+00:00","og_image":[{"width":885,"height":500,"url":"https:\/\/challengeseconomiques.com\/wp-content\/uploads\/2023\/12\/financement-vert.jpg","type":"image\/jpeg"}],"author":"admin","twitter_card":"summary_large_image","twitter_misc":{"\u00c9crit par":"admin","Dur\u00e9e de lecture estim\u00e9e":"2 minutes"},"schema":{"@context":"https:\/\/schema.org","@graph":[{"@type":"Article","@id":"https:\/\/challengeseconomiques.com\/?p=5771#article","isPartOf":{"@id":"https:\/\/challengeseconomiques.com\/?p=5771"},"author":{"name":"admin","@id":"https:\/\/challengeseconomiques.com\/#\/schema\/person\/b4568c9afebc5a9238a771873801e349"},"headline":"La BAD accorde au S\u00e9n\u00e9gal une garantie de cr\u00e9dit de 262,3 milliards FCFA pour des projets verts","datePublished":"2023-12-11T12:13:12+00:00","dateModified":"2023-12-11T12:13:58+00:00","mainEntityOfPage":{"@id":"https:\/\/challengeseconomiques.com\/?p=5771"},"wordCount":342,"image":{"@id":"https:\/\/challengeseconomiques.com\/?p=5771#primaryimage"},"thumbnailUrl":"https:\/\/challengeseconomiques.com\/wp-content\/uploads\/2023\/12\/financement-vert.jpg","articleSection":["A la une","Actualit\u00e9 \u00e9conomique"],"inLanguage":"fr-FR"},{"@type":"WebPage","@id":"https:\/\/challengeseconomiques.com\/?p=5771","url":"https:\/\/challengeseconomiques.com\/?p=5771","name":"La BAD accorde au S\u00e9n\u00e9gal une garantie de cr\u00e9dit de 262,3 milliards FCFA pour des projets verts - challenges economiques","isPartOf":{"@id":"https:\/\/challengeseconomiques.com\/#website"},"primaryImageOfPage":{"@id":"https:\/\/challengeseconomiques.com\/?p=5771#primaryimage"},"image":{"@id":"https:\/\/challengeseconomiques.com\/?p=5771#primaryimage"},"thumbnailUrl":"https:\/\/challengeseconomiques.com\/wp-content\/uploads\/2023\/12\/financement-vert.jpg","datePublished":"2023-12-11T12:13:12+00:00","dateModified":"2023-12-11T12:13:58+00:00","author":{"@id":"https:\/\/challengeseconomiques.com\/#\/schema\/person\/b4568c9afebc5a9238a771873801e349"},"breadcrumb":{"@id":"https:\/\/challengeseconomiques.com\/?p=5771#breadcrumb"},"inLanguage":"fr-FR","potentialAction":[{"@type":"ReadAction","target":["https:\/\/challengeseconomiques.com\/?p=5771"]}]},{"@type":"ImageObject","inLanguage":"fr-FR","@id":"https:\/\/challengeseconomiques.com\/?p=5771#primaryimage","url":"https:\/\/challengeseconomiques.com\/wp-content\/uploads\/2023\/12\/financement-vert.jpg","contentUrl":"https:\/\/challengeseconomiques.com\/wp-content\/uploads\/2023\/12\/financement-vert.jpg","width":885,"height":500,"caption":"Coins stack of money and growing plant close up, financial concept"},{"@type":"BreadcrumbList","@id":"https:\/\/challengeseconomiques.com\/?p=5771#breadcrumb","itemListElement":[{"@type":"ListItem","position":1,"name":"Home","item":"https:\/\/challengeseconomiques.com\/"},{"@type":"ListItem","position":2,"name":"La BAD accorde au S\u00e9n\u00e9gal une garantie de cr\u00e9dit de 262,3 milliards FCFA pour des projets verts"}]},{"@type":"WebSite","@id":"https:\/\/challengeseconomiques.com\/#website","url":"https:\/\/challengeseconomiques.com\/","name":"challenges economiques","description":"","potentialAction":[{"@type":"SearchAction","target":{"@type":"EntryPoint","urlTemplate":"https:\/\/challengeseconomiques.com\/?s={search_term_string}"},"query-input":{"@type":"PropertyValueSpecification","valueRequired":true,"valueName":"search_term_string"}}],"inLanguage":"fr-FR"},{"@type":"Person","@id":"https:\/\/challengeseconomiques.com\/#\/schema\/person\/b4568c9afebc5a9238a771873801e349","name":"admin","image":{"@type":"ImageObject","inLanguage":"fr-FR","@id":"https:\/\/challengeseconomiques.com\/#\/schema\/person\/image\/","url":"https:\/\/secure.gravatar.com\/avatar\/099e42240b5eea11acdb72751fcce0dd918603f0749d24974b7984ea47ed9fd9?s=96&d=mm&r=g","contentUrl":"https:\/\/secure.gravatar.com\/avatar\/099e42240b5eea11acdb72751fcce0dd918603f0749d24974b7984ea47ed9fd9?s=96&d=mm&r=g","caption":"admin"},"sameAs":["https:\/\/challengeseconomiques.com"],"url":"https:\/\/challengeseconomiques.com\/?author=1"}]}},"jetpack_featured_media_url":"https:\/\/challengeseconomiques.com\/wp-content\/uploads\/2023\/12\/financement-vert.jpg","jetpack_sharing_enabled":true,"_links":{"self":[{"href":"https:\/\/challengeseconomiques.com\/index.php?rest_route=\/wp\/v2\/posts\/5771","targetHints":{"allow":["GET"]}}],"collection":[{"href":"https:\/\/challengeseconomiques.com\/index.php?rest_route=\/wp\/v2\/posts"}],"about":[{"href":"https:\/\/challengeseconomiques.com\/index.php?rest_route=\/wp\/v2\/types\/post"}],"author":[{"embeddable":true,"href":"https:\/\/challengeseconomiques.com\/index.php?rest_route=\/wp\/v2\/users\/1"}],"replies":[{"embeddable":true,"href":"https:\/\/challengeseconomiques.com\/index.php?rest_route=%2Fwp%2Fv2%2Fcomments&post=5771"}],"version-history":[{"count":1,"href":"https:\/\/challengeseconomiques.com\/index.php?rest_route=\/wp\/v2\/posts\/5771\/revisions"}],"predecessor-version":[{"id":5773,"href":"https:\/\/challengeseconomiques.com\/index.php?rest_route=\/wp\/v2\/posts\/5771\/revisions\/5773"}],"wp:featuredmedia":[{"embeddable":true,"href":"https:\/\/challengeseconomiques.com\/index.php?rest_route=\/wp\/v2\/media\/5772"}],"wp:attachment":[{"href":"https:\/\/challengeseconomiques.com\/index.php?rest_route=%2Fwp%2Fv2%2Fmedia&parent=5771"}],"wp:term":[{"taxonomy":"category","embeddable":true,"href":"https:\/\/challengeseconomiques.com\/index.php?rest_route=%2Fwp%2Fv2%2Fcategories&post=5771"},{"taxonomy":"post_tag","embeddable":true,"href":"https:\/\/challengeseconomiques.com\/index.php?rest_route=%2Fwp%2Fv2%2Ftags&post=5771"}],"curies":[{"name":"wp","href":"https:\/\/api.w.org\/{rel}","templated":true}]}}