{"id":5764,"date":"2023-12-08T10:57:32","date_gmt":"2023-12-08T10:57:32","guid":{"rendered":"https:\/\/challengeseconomiques.com\/?p=5764"},"modified":"2023-12-08T10:58:56","modified_gmt":"2023-12-08T10:58:56","slug":"la-conference-economique-africaine-2023-sacheve-sur-un-appel-aux-pays-africains-a-investir-dans-les-chaines-de-valeur-regionales-pour-faciliter-lindustrialisation","status":"publish","type":"post","link":"https:\/\/challengeseconomiques.com\/?p=5764","title":{"rendered":"La Conf\u00e9rence \u00e9conomique africaine 2023 s\u2019ach\u00e8ve sur un appel aux pays africains \u00e0 investir dans les cha\u00eenes de valeur r\u00e9gionales pour faciliter l\u2019industrialisation"},"content":{"rendered":"<p>La Conf\u00e9rence \u00e9conomique africaine s\u2019est achev\u00e9e sur un appel aux pays africains \u00e0 investir dans des secteurs \u00e0 forte valeur ajout\u00e9e et \u00e0 d\u00e9velopper des cha\u00eenes de valeur r\u00e9gionales pour stimuler l\u2019industrialisation.<\/p>\n<p>La conf\u00e9rence de trois jours, qui s\u2019est d\u00e9roul\u00e9e du 16 au 18 novembre 2023, dans la capitale \u00e9thiopienne Addis-Abeba, a \u00e9t\u00e9 organis\u00e9e par la Banque africaine de d\u00e9veloppement, la Commission \u00e9conomique des Nations unies pour l\u2019Afrique et le Programme des Nations unies pour le d\u00e9veloppement. Elle a r\u00e9uni des experts du secteur priv\u00e9, des chercheurs et des jeunes autour du th\u00e8me : \u00ab\u2009Les imp\u00e9ratifs du d\u00e9veloppement industriel durable en Afrique\u2009\u00bb.<\/p>\n<p>La conf\u00e9rence a appel\u00e9 les pays africains \u00e0 adopter des politiques industrielles souples et cibl\u00e9es pour favoriser une industrialisation robuste et durable sur le continent.<\/p>\n<p>\u00ab\u2009Nous avons entendu que l\u2019industrialisation est une n\u00e9cessit\u00e9 et non un luxe. L\u2019Afrique doit d\u00e9velopper ses cha\u00eenes de valeur r\u00e9gionales\u2009\u00bb, a d\u00e9clar\u00e9 Kevin Urama, \u00e9conomiste en chef et vice-pr\u00e9sident du Groupe de la Banque africaine de d\u00e9veloppement, charg\u00e9 de la Gouvernance \u00e9conomique et de la Gestion des connaissances.<\/p>\n<p>\u00ab\u2009Ce n\u2019est pas la fin, mais le d\u00e9but. Les mesures que nous prenons et les conseils que nous donnons aux pays en feront un programme valable. Le d\u00e9veloppement de l\u2019Afrique ne peut se faire que par nous, les Africains\u2009; nous ne pouvons compter sur nos partenaires que pour nous soutenir\u2009\u00bb, a-t-il d\u00e9clar\u00e9.<\/p>\n<p>M. Urama a r\u00e9affirm\u00e9 l\u2019engagement de la Banque africaine de d\u00e9veloppement \u00e0 mettre en \u0153uvre les prochaines \u00e9tapes pour soutenir l\u2019industrialisation de l\u2019Afrique. Il a appel\u00e9 \u00e0 de nouvelles mesures, notamment des partenariats solides, des politiques inclusives et de nouvelles strat\u00e9gies commerciales pour stimuler une croissance \u00e9conomique durable \u00e0 travers le continent.<\/p>\n<p>Les \u00e9conomistes africains reconnaissent que pour que la Zone de libre-\u00e9change continentale africaine (ZLECAf) puisse tenir ses promesses ambitieuses en mati\u00e8re de d\u00e9veloppement, les pays doivent harmoniser leurs politiques commerciales et investir strat\u00e9giquement dans le d\u00e9veloppement industriel.<\/p>\n<p>La cl\u00e9 du succ\u00e8s dans ce paysage \u00e9conomique r\u00e9side dans le positionnement des pays dans des secteurs industriels de niche \u00e0 forte valeur ajout\u00e9e et dans la cr\u00e9ation de cha\u00eenes de valeur r\u00e9gionales, a-t-on soulign\u00e9 lors de la conf\u00e9rence.<\/p>\n<p>\u00ab\u2009La conception de cha\u00eenes de valeur r\u00e9gionales intelligentes peut maximiser la capacit\u00e9 de production de l\u2019Afrique. Nous devons passer d\u2019une faible productivit\u00e9 \u00e0 une valeur \u00e9lev\u00e9e\u2009\u00bb, a d\u00e9clar\u00e9 Matthias Naab, directeur du Centre de services r\u00e9gional du Bureau r\u00e9gional pour l\u2019Afrique du Programme des Nations unies pour le d\u00e9veloppement.<\/p>\n<p>La conf\u00e9rence annuelle s\u2019est ouverte le 16 novembre par une allocution de la pr\u00e9sidente de l\u2019\u00c9thiopie, Sahle-Work Zewde, qui a soulign\u00e9 l\u2019importance de l\u2019industrialisation comme moteur cl\u00e9 d\u2019une croissance \u00e9conomique inclusive.<\/p>\n<p>Adam Elhiraika, directeur de la Division de la macro\u00e9conomie et de la gouvernance \u00e0 la Commission \u00e9conomique des Nations unies pour l\u2019Afrique, a conclu la c\u00e9r\u00e9monie de cl\u00f4ture en ces termes : \u00ab\u2009Nous avons pass\u00e9 trois jours tr\u00e8s fructueux ensemble, avec des discussions interactives et des points de vue convergents sur l\u2019industrialisation de l\u2019Afrique. Vos points de vue contribueront grandement \u00e0 l\u2019\u00e9laboration des politiques africaines\u2009\u00bb.<\/p>\n<p><strong>BAD<\/strong><\/p>\n","protected":false},"excerpt":{"rendered":"<p>La Conf\u00e9rence \u00e9conomique africaine s\u2019est achev\u00e9e sur un appel aux pays africains \u00e0 investir dans des secteurs \u00e0 forte valeur ajout\u00e9e et \u00e0 d\u00e9velopper des&#8230;<\/p>\n","protected":false},"author":3,"featured_media":5765,"comment_status":"closed","ping_status":"open","sticky":false,"template":"","format":"standard","meta":{"_jetpack_memberships_contains_paid_content":false,"footnotes":""},"categories":[8,10],"tags":[],"class_list":["post-5764","post","type-post","status-publish","format-standard","has-post-thumbnail","hentry","category-actualite-economique","category-infos-eco","wpcat-8-id","wpcat-10-id"],"yoast_head":"<!-- This site is optimized with the Yoast SEO plugin v27.1.1 - https:\/\/yoast.com\/product\/yoast-seo-wordpress\/ -->\n<title>La Conf\u00e9rence \u00e9conomique africaine 2023 s\u2019ach\u00e8ve sur un appel aux pays africains \u00e0 investir dans les cha\u00eenes de valeur r\u00e9gionales pour faciliter l\u2019industrialisation - challenges economiques<\/title>\n<meta name=\"robots\" content=\"index, follow, max-snippet:-1, max-image-preview:large, max-video-preview:-1\" \/>\n<link rel=\"canonical\" href=\"https:\/\/challengeseconomiques.com\/?p=5764\" \/>\n<meta property=\"og:locale\" content=\"fr_FR\" \/>\n<meta property=\"og:type\" content=\"article\" \/>\n<meta property=\"og:title\" content=\"La Conf\u00e9rence \u00e9conomique africaine 2023 s\u2019ach\u00e8ve sur un appel aux pays africains \u00e0 investir dans les cha\u00eenes de valeur r\u00e9gionales pour faciliter l\u2019industrialisation - challenges economiques\" \/>\n<meta property=\"og:description\" content=\"La Conf\u00e9rence \u00e9conomique africaine s\u2019est achev\u00e9e sur un appel aux pays africains \u00e0 investir dans des secteurs \u00e0 forte valeur ajout\u00e9e et \u00e0 d\u00e9velopper des...\" \/>\n<meta property=\"og:url\" content=\"https:\/\/challengeseconomiques.com\/?p=5764\" \/>\n<meta property=\"og:site_name\" content=\"challenges economiques\" \/>\n<meta property=\"article:published_time\" content=\"2023-12-08T10:57:32+00:00\" \/>\n<meta property=\"article:modified_time\" content=\"2023-12-08T10:58:56+00:00\" \/>\n<meta property=\"og:image\" content=\"https:\/\/challengeseconomiques.com\/wp-content\/uploads\/2023\/12\/cea2023.webp\" \/>\n\t<meta property=\"og:image:width\" content=\"1300\" \/>\n\t<meta property=\"og:image:height\" content=\"535\" \/>\n\t<meta property=\"og:image:type\" content=\"image\/webp\" \/>\n<meta name=\"author\" content=\"aliou kane ndiaye\" \/>\n<meta name=\"twitter:card\" content=\"summary_large_image\" \/>\n<meta name=\"twitter:label1\" content=\"\u00c9crit par\" \/>\n\t<meta name=\"twitter:data1\" content=\"aliou kane ndiaye\" \/>\n\t<meta name=\"twitter:label2\" content=\"Dur\u00e9e de lecture estim\u00e9e\" \/>\n\t<meta name=\"twitter:data2\" content=\"3 minutes\" \/>\n<script type=\"application\/ld+json\" class=\"yoast-schema-graph\">{\"@context\":\"https:\/\/schema.org\",\"@graph\":[{\"@type\":\"Article\",\"@id\":\"https:\/\/challengeseconomiques.com\/?p=5764#article\",\"isPartOf\":{\"@id\":\"https:\/\/challengeseconomiques.com\/?p=5764\"},\"author\":{\"name\":\"aliou kane ndiaye\",\"@id\":\"https:\/\/challengeseconomiques.com\/#\/schema\/person\/2f70a31e102db1741c1a1c00c2bbd8a6\"},\"headline\":\"La Conf\u00e9rence \u00e9conomique africaine 2023 s\u2019ach\u00e8ve sur un appel aux pays africains \u00e0 investir dans les cha\u00eenes de valeur r\u00e9gionales pour faciliter l\u2019industrialisation\",\"datePublished\":\"2023-12-08T10:57:32+00:00\",\"dateModified\":\"2023-12-08T10:58:56+00:00\",\"mainEntityOfPage\":{\"@id\":\"https:\/\/challengeseconomiques.com\/?p=5764\"},\"wordCount\":591,\"image\":{\"@id\":\"https:\/\/challengeseconomiques.com\/?p=5764#primaryimage\"},\"thumbnailUrl\":\"https:\/\/challengeseconomiques.com\/wp-content\/uploads\/2023\/12\/cea2023.webp\",\"articleSection\":[\"Actualit\u00e9 \u00e9conomique\",\"Infos \u00e9co\"],\"inLanguage\":\"fr-FR\"},{\"@type\":\"WebPage\",\"@id\":\"https:\/\/challengeseconomiques.com\/?p=5764\",\"url\":\"https:\/\/challengeseconomiques.com\/?p=5764\",\"name\":\"La Conf\u00e9rence \u00e9conomique africaine 2023 s\u2019ach\u00e8ve sur un appel aux pays africains \u00e0 investir dans les cha\u00eenes de valeur r\u00e9gionales pour faciliter l\u2019industrialisation - challenges economiques\",\"isPartOf\":{\"@id\":\"https:\/\/challengeseconomiques.com\/#website\"},\"primaryImageOfPage\":{\"@id\":\"https:\/\/challengeseconomiques.com\/?p=5764#primaryimage\"},\"image\":{\"@id\":\"https:\/\/challengeseconomiques.com\/?p=5764#primaryimage\"},\"thumbnailUrl\":\"https:\/\/challengeseconomiques.com\/wp-content\/uploads\/2023\/12\/cea2023.webp\",\"datePublished\":\"2023-12-08T10:57:32+00:00\",\"dateModified\":\"2023-12-08T10:58:56+00:00\",\"author\":{\"@id\":\"https:\/\/challengeseconomiques.com\/#\/schema\/person\/2f70a31e102db1741c1a1c00c2bbd8a6\"},\"breadcrumb\":{\"@id\":\"https:\/\/challengeseconomiques.com\/?p=5764#breadcrumb\"},\"inLanguage\":\"fr-FR\",\"potentialAction\":[{\"@type\":\"ReadAction\",\"target\":[\"https:\/\/challengeseconomiques.com\/?p=5764\"]}]},{\"@type\":\"ImageObject\",\"inLanguage\":\"fr-FR\",\"@id\":\"https:\/\/challengeseconomiques.com\/?p=5764#primaryimage\",\"url\":\"https:\/\/challengeseconomiques.com\/wp-content\/uploads\/2023\/12\/cea2023.webp\",\"contentUrl\":\"https:\/\/challengeseconomiques.com\/wp-content\/uploads\/2023\/12\/cea2023.webp\",\"width\":1300,\"height\":535},{\"@type\":\"BreadcrumbList\",\"@id\":\"https:\/\/challengeseconomiques.com\/?p=5764#breadcrumb\",\"itemListElement\":[{\"@type\":\"ListItem\",\"position\":1,\"name\":\"Home\",\"item\":\"https:\/\/challengeseconomiques.com\/\"},{\"@type\":\"ListItem\",\"position\":2,\"name\":\"La Conf\u00e9rence \u00e9conomique africaine 2023 s\u2019ach\u00e8ve sur un appel aux pays africains \u00e0 investir dans les cha\u00eenes de valeur r\u00e9gionales pour faciliter l\u2019industrialisation\"}]},{\"@type\":\"WebSite\",\"@id\":\"https:\/\/challengeseconomiques.com\/#website\",\"url\":\"https:\/\/challengeseconomiques.com\/\",\"name\":\"challenges economiques\",\"description\":\"\",\"potentialAction\":[{\"@type\":\"SearchAction\",\"target\":{\"@type\":\"EntryPoint\",\"urlTemplate\":\"https:\/\/challengeseconomiques.com\/?s={search_term_string}\"},\"query-input\":{\"@type\":\"PropertyValueSpecification\",\"valueRequired\":true,\"valueName\":\"search_term_string\"}}],\"inLanguage\":\"fr-FR\"},{\"@type\":\"Person\",\"@id\":\"https:\/\/challengeseconomiques.com\/#\/schema\/person\/2f70a31e102db1741c1a1c00c2bbd8a6\",\"name\":\"aliou kane ndiaye\",\"image\":{\"@type\":\"ImageObject\",\"inLanguage\":\"fr-FR\",\"@id\":\"https:\/\/challengeseconomiques.com\/#\/schema\/person\/image\/\",\"url\":\"https:\/\/secure.gravatar.com\/avatar\/df942321e58711a9f1fee838e446766660477bacd4b42fa20400d2c7cf4da7ca?s=96&d=mm&r=g\",\"contentUrl\":\"https:\/\/secure.gravatar.com\/avatar\/df942321e58711a9f1fee838e446766660477bacd4b42fa20400d2c7cf4da7ca?s=96&d=mm&r=g\",\"caption\":\"aliou kane ndiaye\"},\"sameAs\":[\"http:\/\/www.challengeseconomiques.com\"],\"url\":\"https:\/\/challengeseconomiques.com\/?author=3\"}]}<\/script>\n<!-- \/ Yoast SEO plugin. -->","yoast_head_json":{"title":"La Conf\u00e9rence \u00e9conomique africaine 2023 s\u2019ach\u00e8ve sur un appel aux pays africains \u00e0 investir dans les cha\u00eenes de valeur r\u00e9gionales pour faciliter l\u2019industrialisation - challenges economiques","robots":{"index":"index","follow":"follow","max-snippet":"max-snippet:-1","max-image-preview":"max-image-preview:large","max-video-preview":"max-video-preview:-1"},"canonical":"https:\/\/challengeseconomiques.com\/?p=5764","og_locale":"fr_FR","og_type":"article","og_title":"La Conf\u00e9rence \u00e9conomique africaine 2023 s\u2019ach\u00e8ve sur un appel aux pays africains \u00e0 investir dans les cha\u00eenes de valeur r\u00e9gionales pour faciliter l\u2019industrialisation - challenges economiques","og_description":"La Conf\u00e9rence \u00e9conomique africaine s\u2019est achev\u00e9e sur un appel aux pays africains \u00e0 investir dans des secteurs \u00e0 forte valeur ajout\u00e9e et \u00e0 d\u00e9velopper des...","og_url":"https:\/\/challengeseconomiques.com\/?p=5764","og_site_name":"challenges economiques","article_published_time":"2023-12-08T10:57:32+00:00","article_modified_time":"2023-12-08T10:58:56+00:00","og_image":[{"width":1300,"height":535,"url":"https:\/\/challengeseconomiques.com\/wp-content\/uploads\/2023\/12\/cea2023.webp","type":"image\/webp"}],"author":"aliou kane ndiaye","twitter_card":"summary_large_image","twitter_misc":{"\u00c9crit par":"aliou kane ndiaye","Dur\u00e9e de lecture estim\u00e9e":"3 minutes"},"schema":{"@context":"https:\/\/schema.org","@graph":[{"@type":"Article","@id":"https:\/\/challengeseconomiques.com\/?p=5764#article","isPartOf":{"@id":"https:\/\/challengeseconomiques.com\/?p=5764"},"author":{"name":"aliou kane ndiaye","@id":"https:\/\/challengeseconomiques.com\/#\/schema\/person\/2f70a31e102db1741c1a1c00c2bbd8a6"},"headline":"La Conf\u00e9rence \u00e9conomique africaine 2023 s\u2019ach\u00e8ve sur un appel aux pays africains \u00e0 investir dans les cha\u00eenes de valeur r\u00e9gionales pour faciliter l\u2019industrialisation","datePublished":"2023-12-08T10:57:32+00:00","dateModified":"2023-12-08T10:58:56+00:00","mainEntityOfPage":{"@id":"https:\/\/challengeseconomiques.com\/?p=5764"},"wordCount":591,"image":{"@id":"https:\/\/challengeseconomiques.com\/?p=5764#primaryimage"},"thumbnailUrl":"https:\/\/challengeseconomiques.com\/wp-content\/uploads\/2023\/12\/cea2023.webp","articleSection":["Actualit\u00e9 \u00e9conomique","Infos \u00e9co"],"inLanguage":"fr-FR"},{"@type":"WebPage","@id":"https:\/\/challengeseconomiques.com\/?p=5764","url":"https:\/\/challengeseconomiques.com\/?p=5764","name":"La Conf\u00e9rence \u00e9conomique africaine 2023 s\u2019ach\u00e8ve sur un appel aux pays africains \u00e0 investir dans les cha\u00eenes de valeur r\u00e9gionales pour faciliter l\u2019industrialisation - challenges economiques","isPartOf":{"@id":"https:\/\/challengeseconomiques.com\/#website"},"primaryImageOfPage":{"@id":"https:\/\/challengeseconomiques.com\/?p=5764#primaryimage"},"image":{"@id":"https:\/\/challengeseconomiques.com\/?p=5764#primaryimage"},"thumbnailUrl":"https:\/\/challengeseconomiques.com\/wp-content\/uploads\/2023\/12\/cea2023.webp","datePublished":"2023-12-08T10:57:32+00:00","dateModified":"2023-12-08T10:58:56+00:00","author":{"@id":"https:\/\/challengeseconomiques.com\/#\/schema\/person\/2f70a31e102db1741c1a1c00c2bbd8a6"},"breadcrumb":{"@id":"https:\/\/challengeseconomiques.com\/?p=5764#breadcrumb"},"inLanguage":"fr-FR","potentialAction":[{"@type":"ReadAction","target":["https:\/\/challengeseconomiques.com\/?p=5764"]}]},{"@type":"ImageObject","inLanguage":"fr-FR","@id":"https:\/\/challengeseconomiques.com\/?p=5764#primaryimage","url":"https:\/\/challengeseconomiques.com\/wp-content\/uploads\/2023\/12\/cea2023.webp","contentUrl":"https:\/\/challengeseconomiques.com\/wp-content\/uploads\/2023\/12\/cea2023.webp","width":1300,"height":535},{"@type":"BreadcrumbList","@id":"https:\/\/challengeseconomiques.com\/?p=5764#breadcrumb","itemListElement":[{"@type":"ListItem","position":1,"name":"Home","item":"https:\/\/challengeseconomiques.com\/"},{"@type":"ListItem","position":2,"name":"La Conf\u00e9rence \u00e9conomique africaine 2023 s\u2019ach\u00e8ve sur un appel aux pays africains \u00e0 investir dans les cha\u00eenes de valeur r\u00e9gionales pour faciliter l\u2019industrialisation"}]},{"@type":"WebSite","@id":"https:\/\/challengeseconomiques.com\/#website","url":"https:\/\/challengeseconomiques.com\/","name":"challenges economiques","description":"","potentialAction":[{"@type":"SearchAction","target":{"@type":"EntryPoint","urlTemplate":"https:\/\/challengeseconomiques.com\/?s={search_term_string}"},"query-input":{"@type":"PropertyValueSpecification","valueRequired":true,"valueName":"search_term_string"}}],"inLanguage":"fr-FR"},{"@type":"Person","@id":"https:\/\/challengeseconomiques.com\/#\/schema\/person\/2f70a31e102db1741c1a1c00c2bbd8a6","name":"aliou kane ndiaye","image":{"@type":"ImageObject","inLanguage":"fr-FR","@id":"https:\/\/challengeseconomiques.com\/#\/schema\/person\/image\/","url":"https:\/\/secure.gravatar.com\/avatar\/df942321e58711a9f1fee838e446766660477bacd4b42fa20400d2c7cf4da7ca?s=96&d=mm&r=g","contentUrl":"https:\/\/secure.gravatar.com\/avatar\/df942321e58711a9f1fee838e446766660477bacd4b42fa20400d2c7cf4da7ca?s=96&d=mm&r=g","caption":"aliou kane ndiaye"},"sameAs":["http:\/\/www.challengeseconomiques.com"],"url":"https:\/\/challengeseconomiques.com\/?author=3"}]}},"jetpack_featured_media_url":"https:\/\/challengeseconomiques.com\/wp-content\/uploads\/2023\/12\/cea2023.webp","jetpack_sharing_enabled":true,"_links":{"self":[{"href":"https:\/\/challengeseconomiques.com\/index.php?rest_route=\/wp\/v2\/posts\/5764","targetHints":{"allow":["GET"]}}],"collection":[{"href":"https:\/\/challengeseconomiques.com\/index.php?rest_route=\/wp\/v2\/posts"}],"about":[{"href":"https:\/\/challengeseconomiques.com\/index.php?rest_route=\/wp\/v2\/types\/post"}],"author":[{"embeddable":true,"href":"https:\/\/challengeseconomiques.com\/index.php?rest_route=\/wp\/v2\/users\/3"}],"replies":[{"embeddable":true,"href":"https:\/\/challengeseconomiques.com\/index.php?rest_route=%2Fwp%2Fv2%2Fcomments&post=5764"}],"version-history":[{"count":1,"href":"https:\/\/challengeseconomiques.com\/index.php?rest_route=\/wp\/v2\/posts\/5764\/revisions"}],"predecessor-version":[{"id":5766,"href":"https:\/\/challengeseconomiques.com\/index.php?rest_route=\/wp\/v2\/posts\/5764\/revisions\/5766"}],"wp:featuredmedia":[{"embeddable":true,"href":"https:\/\/challengeseconomiques.com\/index.php?rest_route=\/wp\/v2\/media\/5765"}],"wp:attachment":[{"href":"https:\/\/challengeseconomiques.com\/index.php?rest_route=%2Fwp%2Fv2%2Fmedia&parent=5764"}],"wp:term":[{"taxonomy":"category","embeddable":true,"href":"https:\/\/challengeseconomiques.com\/index.php?rest_route=%2Fwp%2Fv2%2Fcategories&post=5764"},{"taxonomy":"post_tag","embeddable":true,"href":"https:\/\/challengeseconomiques.com\/index.php?rest_route=%2Fwp%2Fv2%2Ftags&post=5764"}],"curies":[{"name":"wp","href":"https:\/\/api.w.org\/{rel}","templated":true}]}}