{"id":5762,"date":"2023-12-08T11:30:29","date_gmt":"2023-12-08T11:30:29","guid":{"rendered":"https:\/\/challengeseconomiques.com\/?p=5762"},"modified":"2023-12-08T10:52:38","modified_gmt":"2023-12-08T10:52:38","slug":"la-cote-divoire-est-a-la-croisee-des-chemins","status":"publish","type":"post","link":"https:\/\/challengeseconomiques.com\/?p=5762","title":{"rendered":"La C\u00f4te d\u2019Ivoire est \u00e0 la crois\u00e9e des chemins"},"content":{"rendered":"<p><strong>Malgr\u00e9 les progr\u00e8s accomplis au cours de la derni\u00e8re d\u00e9cennie et ses atouts, les chocs \u00e9conomiques et sanitaires mondiaux ont exacerb\u00e9 les difficult\u00e9s de la C\u00f4te d\u2019Ivoire, comme le manque de marge de man\u0153uvre budg\u00e9taire et l\u2019acc\u00e8s limit\u00e9 aux financements.<\/strong><\/p>\n<p>&nbsp;<\/p>\n<p>\u00ab\u00a0<em>La C\u00f4te d\u2019Ivoire est \u00e0 la crois\u00e9e des chemins<\/em>\u00a0\u00bb, \u00e9crit la Banque mondiale dans son <em>Rapport national sur le climat et le d\u00e9veloppement<\/em> consacr\u00e9 au pays. Si la formule peut para\u00eetre galvaud\u00e9e, ses auteurs l\u2019expliquent longuement. En d\u00e9pit de ses difficult\u00e9s, \u00ab\u00a0<em>le pays a aujourd\u2019hui l\u2019occasion de faire suivre \u00e0 sa croissance une trajectoire plus durable, \u00e0 la fois en r\u00e9pondant aux aspirations d\u2019une population croissante et en s\u2019adaptant mieux aux effets de plus en plus marqu\u00e9s du changement climatique<\/em>\u00a0\u00bb.<\/p>\n<blockquote><p>\u00ab\u00a0Une croissance forte repose sur la viabilit\u00e9 budg\u00e9taire et la soutenabilit\u00e9 de la dette, qui d\u00e9pendent \u00e0 leur tour de la mobilisation des recettes int\u00e9rieures, de la gestion responsable de la dette et des r\u00e9formes \u00e9conomiques structurelles.\u00a0\u00bb<\/p><\/blockquote>\n<p>La C\u00f4te d\u2019Ivoire subit d\u00e9j\u00e0 les effets du changement climatique dont les cons\u00e9quences n\u00e9gatives entra\u00eeneront une baisse des performances \u00e9conomiques et auront un impact disproportionn\u00e9 sur les populations pauvres. D\u00e8s lors, \u00ab\u00a0<em>faire face au changement climatique constitue un imp\u00e9ratif national<\/em>\u00a0<em>\u00bb. <\/em>Ce qui passe par une transformation\u00a0structurelle de l\u2019\u00e9conomie, en passant des secteurs peu r\u00e9mun\u00e9rateurs orient\u00e9s vers l\u2019ext\u00e9rieur, tels que l\u2019agriculture, \u00e0 des activit\u00e9s industrielles et de prestation de services \u00e0 plus forte valeur ajout\u00e9e. Le rapport de la Banque mondiale passe au crible diverses recommandations.<\/p>\n<p>Ses auteurs entendent faire passer trois messages principaux. En premier lieu<em>, <\/em>le maintien du <em>statu quo<\/em> ne permettra plus de soutenir la croissance \u00e9conomique de la C\u00f4te d\u2019Ivoire et ses ambitions de devenir un pays \u00e0 revenu interm\u00e9diaire de la tranche sup\u00e9rieure \u00e0 l\u2019horizon 2030, tout en r\u00e9duisant consid\u00e9rablement la pauvret\u00e9. Le changement climatique pourrait r\u00e9duire le PIB du pays de 13% \u00e0 horizon 2050, si rien n\u2019est fait.<\/p>\n<p>En deuxi\u00e8me lieu<em>, <\/em>des secteurs \u00e9conomiques cl\u00e9s, dont le cacao et l\u2019\u00e9nergie, courent le risque de conna\u00eetre des contre-performances si aucune mesure n\u2019est prise maintenant m\u00eame pour faire face aux impacts climatiques et tirer parti des mutations technologiques ou des changements r\u00e9glementaires. En outre, des menaces planent sur les centres urbains, les r\u00e9seaux de transports et autres infrastructures.<\/p>\n<p>Enfin, en troisi\u00e8me lieu, \u00ab\u00a0<em>la C\u00f4te d\u2019Ivoire n\u2019est pas actuellement pr\u00eate \u00e0 faire face aux cons\u00e9quences du changement climatique<\/em>\u00a0\u00bb, pr\u00e9viennent les auteurs.<\/p>\n<p><strong>Un secteur priv\u00e9 insuffisant<\/strong><\/p>\n<p>Sa capacit\u00e9 d\u2019adaptation en est encore \u00e0 ses \u00ab\u00a0<em>balbutiements<\/em>\u00a0\u00bb, ses institutions et sa coordination de l\u2019action en faveur du climat sont fragmentaires, et ses politiques et programmes ne sont pas \u00e0 la hauteur du d\u00e9fi climatique auquel sont confront\u00e9es les populations vuln\u00e9rables.<\/p>\n<p>Bien s\u00fbr, la croissance du secteur priv\u00e9 est palpable, \u00ab\u00a0<em>mais elle n\u2019atteint pas encore son potentiel en termes de port\u00e9e et d\u2019\u00e9chelle, si bien qu\u2019elle doit encore se d\u00e9velopper pour jouer son r\u00f4le essentiel \u00e0 l\u2019adaptation aux effets du changement climatique et \u00e0 leur att\u00e9nuation<\/em>\u00a0\u00bb.<\/p>\n<p>Certes, face aux menaces, la C\u00f4te d\u2019Ivoire a un programme ambitieux en mati\u00e8re de climat, en t\u00e9moigne sa contribution d\u00e9termin\u00e9e au niveau national (CDN). Toutefois, \u00ab\u00a0<em>compte tenu du niveau d\u2019action actuel, des ressources disponibles et des dispositifs institutionnels existants pour faire face au changement climatique, le pays aura du mal \u00e0 atteindre les objectifs de la CDN<\/em>\u00a0\u00bb, c\u2019est-\u00e0-dire les ODD.<\/p>\n<p>De plus, la C\u00f4te d\u2019Ivoire ne dispose pas encore d\u2019un cadre juridique et r\u00e9glementaire complet conforme \u00e0 ses objectifs d\u2019adaptation et d\u2019att\u00e9nuation.<\/p>\n<figure id=\"attachment_78593\" class=\"wp-caption alignnone\" aria-describedby=\"caption-attachment-78593\"><img fetchpriority=\"high\" decoding=\"async\" class=\"wp-image-78593 lazyloaded\" src=\"https:\/\/magazinedelafrique.com\/wp-content\/uploads\/2023\/12\/BM-Cote-dIvoire-graphique-1024x566.jpg\" sizes=\"(max-width: 835px) 100vw, 835px\" srcset=\"https:\/\/magazinedelafrique.com\/wp-content\/uploads\/2023\/12\/BM-Cote-dIvoire-graphique-1024x566.jpg 1024w, https:\/\/magazinedelafrique.com\/wp-content\/uploads\/2023\/12\/BM-Cote-dIvoire-graphique-300x166.jpg 300w, https:\/\/magazinedelafrique.com\/wp-content\/uploads\/2023\/12\/BM-Cote-dIvoire-graphique-768x424.jpg 768w, https:\/\/magazinedelafrique.com\/wp-content\/uploads\/2023\/12\/BM-Cote-dIvoire-graphique.jpg 1037w\" alt=\"Calculs de la Banque mondiale.\" width=\"835\" height=\"462\" data-srcset=\"https:\/\/magazinedelafrique.com\/wp-content\/uploads\/2023\/12\/BM-Cote-dIvoire-graphique-1024x566.jpg 1024w, https:\/\/magazinedelafrique.com\/wp-content\/uploads\/2023\/12\/BM-Cote-dIvoire-graphique-300x166.jpg 300w, https:\/\/magazinedelafrique.com\/wp-content\/uploads\/2023\/12\/BM-Cote-dIvoire-graphique-768x424.jpg 768w, https:\/\/magazinedelafrique.com\/wp-content\/uploads\/2023\/12\/BM-Cote-dIvoire-graphique.jpg 1037w\" data-src=\"https:\/\/magazinedelafrique.com\/wp-content\/uploads\/2023\/12\/BM-Cote-dIvoire-graphique-1024x566.jpg\" data-sizes=\"(max-width: 835px) 100vw, 835px\" \/><figcaption id=\"caption-attachment-78593\" class=\"wp-caption-text\">Calculs de la Banque mondiale.<\/figcaption><\/figure>\n<p>&nbsp;<\/p>\n<p>Face \u00e0 cela, il existe des \u00ab\u00a0<em>approches intelligentes<\/em>\u00a0\u00bb, explique le rapport, qui d\u00e9taille par exemple le changement de \u00ab\u00a0<em>mix-\u00e9nerg\u00e9tique<\/em>\u00a0\u00bb que pourrait adopter le pays, d\u00e9pendant de la biomasse. Compte tenu de la baisse rapide des co\u00fbts des \u00e9nergies renouvelables, \u00ab\u00a0<em>la C\u00f4te d\u2019Ivoire a la possibilit\u00e9 d\u2019assurer sa s\u00e9curit\u00e9 \u00e9nerg\u00e9tique future tout en r\u00e9duisant les \u00e9missions li\u00e9es \u00e0 l\u2019\u00e9nergie en augmentant l\u2019utilisation des \u00e9nergies renouvelables et en d\u00e9carbonisant les op\u00e9rations de la cha\u00eene de valeur du p\u00e9trole et du gaz<\/em>\u00a0\u00bb. Sachant que le pays a un atout : le secteur de l\u2019\u00e9lectricit\u00e9 est bien d\u00e9velopp\u00e9 et a la possibilit\u00e9 de se d\u00e9velopper davantage, par exemple en misant sur le solaire.<\/p>\n<p>En revanche, le pays a un imp\u00e9ratif\u00a0: mettre un terme \u00e0 la d\u00e9gradation des terres et \u00e0 l\u2019\u00e9rosion des sols, le fait est bien document\u00e9. \u00ab\u00a0<em>Une meilleure gestion des terres pour l\u2019agriculture de subsistance permettrait de rem\u00e9dier \u00e0 la baisse de la productivit\u00e9 \u2014 un frein majeur \u00e0 la r\u00e9duction de la pauvret\u00e9 en milieu rural \u2014 et d\u2019accro\u00eetre la r\u00e9silience aux chocs climatiques.<\/em>\u00a0\u00bb<\/p>\n<p><strong>Des investissements \u00e0 pr\u00e9voir<\/strong><\/p>\n<p><img decoding=\"async\" class=\"alignright wp-image-78594 lazyloaded\" src=\"https:\/\/magazinedelafrique.com\/wp-content\/uploads\/2023\/12\/BM-Cote-dIvoire-novembre-2023.jpg\" sizes=\"(max-width: 300px) 100vw, 300px\" srcset=\"https:\/\/magazinedelafrique.com\/wp-content\/uploads\/2023\/12\/BM-Cote-dIvoire-novembre-2023.jpg 541w, https:\/\/magazinedelafrique.com\/wp-content\/uploads\/2023\/12\/BM-Cote-dIvoire-novembre-2023-212x300.jpg 212w\" alt=\"\" width=\"300\" height=\"424\" data-srcset=\"https:\/\/magazinedelafrique.com\/wp-content\/uploads\/2023\/12\/BM-Cote-dIvoire-novembre-2023.jpg 541w, https:\/\/magazinedelafrique.com\/wp-content\/uploads\/2023\/12\/BM-Cote-dIvoire-novembre-2023-212x300.jpg 212w\" data-src=\"https:\/\/magazinedelafrique.com\/wp-content\/uploads\/2023\/12\/BM-Cote-dIvoire-novembre-2023.jpg\" data-sizes=\"(max-width: 300px) 100vw, 300px\" \/>Voil\u00e0 pourquoi le pays doit freiner la d\u00e9forestation, accro\u00eetre la production agroforesti\u00e8re de cacao et am\u00e9liorer encore les perspectives d\u2019exportation du cacao. Cela passe aussi bien par des mesures agraires que de nouvelles mesures r\u00e9glementaires, fonci\u00e8res.<\/p>\n<p>En mati\u00e8re de d\u00e9veloppement urbain, \u2013\u00a0\u00ab\u00a0<em>un d\u00e9fi\u00a0de productivit\u00e9 et de r\u00e9silience aux chocs climatiques\u00a0<\/em>\u00bb\u00a0\u2013, la C\u00f4te d\u2019Ivoire doit \u00ab\u00a0<em>mettre l\u2019accent sur un exercice complet de planification urbaine<\/em>\u00a0\u00bb, juge la Banque mondiale. Que ce soit pour les villes c\u00f4ti\u00e8res, celles de l\u2019int\u00e9rieur, ou celles du Nord, vuln\u00e9rables aux d\u00e9placements forc\u00e9s en provenance des pays du Sahel.<\/p>\n<p>Au plan macro-\u00e9conomique, \u00ab<em>\u00a0une croissance forte repose sur la viabilit\u00e9 budg\u00e9taire et la soutenabilit\u00e9 de la dette, qui d\u00e9pendent \u00e0 leur tour de la mobilisation des recettes int\u00e9rieures, de la gestion responsable de la dette et des r\u00e9formes \u00e9conomiques structurelles, ainsi que de la politique de la concurrence\u00a0<\/em>\u00bb, r\u00e9sume la BM. Qui recommande d\u2019intensifier la croissance de la productivit\u00e9 et les investissements, afin d\u2019absorber l\u2019arriv\u00e9e d\u2019une jeune main-d\u2019\u0153uvre.<\/p>\n<p>Enfin, \u00ab\u00a0<em>la transition climatique de la C\u00f4te d\u2019Ivoire d\u00e9pend de l\u2019acc\u00e9l\u00e9ration du financement des investissements intelligents face au climat<\/em>\u00a0\u00bb, analyse le rapport.<\/p>\n<p>Qui juge, selon des estimations prudentes que le pays a besoin d\u2019investissements suppl\u00e9mentaires d\u2019au moins 0,2\u00a0% \u00e0 0,4\u00a0% du PIB par an entre 2023 et 2050. Ce qui suppose de diversifier les sources de financement.<\/p>\n<p><strong>Le Magazine de l&rsquo;Afrique<\/strong><\/p>\n","protected":false},"excerpt":{"rendered":"<p>Malgr\u00e9 les progr\u00e8s accomplis au cours de la derni\u00e8re d\u00e9cennie et ses atouts, les chocs \u00e9conomiques et sanitaires mondiaux ont exacerb\u00e9 les difficult\u00e9s de la&#8230;<\/p>\n","protected":false},"author":1,"featured_media":2681,"comment_status":"closed","ping_status":"open","sticky":false,"template":"","format":"standard","meta":{"_jetpack_memberships_contains_paid_content":false,"footnotes":""},"categories":[8],"tags":[],"class_list":["post-5762","post","type-post","status-publish","format-standard","has-post-thumbnail","hentry","category-actualite-economique","wpcat-8-id"],"yoast_head":"<!-- This site is optimized with the Yoast SEO plugin v27.1.1 - https:\/\/yoast.com\/product\/yoast-seo-wordpress\/ -->\n<title>La C\u00f4te d\u2019Ivoire est \u00e0 la crois\u00e9e des chemins - challenges economiques<\/title>\n<meta name=\"robots\" content=\"index, follow, max-snippet:-1, max-image-preview:large, max-video-preview:-1\" \/>\n<link rel=\"canonical\" href=\"https:\/\/challengeseconomiques.com\/?p=5762\" \/>\n<meta property=\"og:locale\" content=\"fr_FR\" \/>\n<meta property=\"og:type\" content=\"article\" \/>\n<meta property=\"og:title\" content=\"La C\u00f4te d\u2019Ivoire est \u00e0 la crois\u00e9e des chemins - challenges economiques\" \/>\n<meta property=\"og:description\" content=\"Malgr\u00e9 les progr\u00e8s accomplis au cours de la derni\u00e8re d\u00e9cennie et ses atouts, les chocs \u00e9conomiques et sanitaires mondiaux ont exacerb\u00e9 les difficult\u00e9s de la...\" \/>\n<meta property=\"og:url\" content=\"https:\/\/challengeseconomiques.com\/?p=5762\" \/>\n<meta property=\"og:site_name\" content=\"challenges economiques\" \/>\n<meta property=\"article:published_time\" content=\"2023-12-08T11:30:29+00:00\" \/>\n<meta property=\"og:image\" content=\"https:\/\/challengeseconomiques.com\/wp-content\/uploads\/2022\/02\/Cote-dIvoire-Le-Plateau.jpg\" \/>\n\t<meta property=\"og:image:width\" content=\"800\" \/>\n\t<meta property=\"og:image:height\" content=\"500\" \/>\n\t<meta property=\"og:image:type\" content=\"image\/jpeg\" \/>\n<meta name=\"author\" content=\"admin\" \/>\n<meta name=\"twitter:card\" content=\"summary_large_image\" \/>\n<meta name=\"twitter:label1\" content=\"\u00c9crit par\" \/>\n\t<meta name=\"twitter:data1\" content=\"admin\" \/>\n\t<meta name=\"twitter:label2\" content=\"Dur\u00e9e de lecture estim\u00e9e\" \/>\n\t<meta name=\"twitter:data2\" content=\"6 minutes\" \/>\n<script type=\"application\/ld+json\" class=\"yoast-schema-graph\">{\"@context\":\"https:\/\/schema.org\",\"@graph\":[{\"@type\":\"Article\",\"@id\":\"https:\/\/challengeseconomiques.com\/?p=5762#article\",\"isPartOf\":{\"@id\":\"https:\/\/challengeseconomiques.com\/?p=5762\"},\"author\":{\"name\":\"admin\",\"@id\":\"https:\/\/challengeseconomiques.com\/#\/schema\/person\/b4568c9afebc5a9238a771873801e349\"},\"headline\":\"La C\u00f4te d\u2019Ivoire est \u00e0 la crois\u00e9e des chemins\",\"datePublished\":\"2023-12-08T11:30:29+00:00\",\"mainEntityOfPage\":{\"@id\":\"https:\/\/challengeseconomiques.com\/?p=5762\"},\"wordCount\":1120,\"image\":{\"@id\":\"https:\/\/challengeseconomiques.com\/?p=5762#primaryimage\"},\"thumbnailUrl\":\"https:\/\/challengeseconomiques.com\/wp-content\/uploads\/2022\/02\/Cote-dIvoire-Le-Plateau.jpg\",\"articleSection\":[\"Actualit\u00e9 \u00e9conomique\"],\"inLanguage\":\"fr-FR\"},{\"@type\":\"WebPage\",\"@id\":\"https:\/\/challengeseconomiques.com\/?p=5762\",\"url\":\"https:\/\/challengeseconomiques.com\/?p=5762\",\"name\":\"La C\u00f4te d\u2019Ivoire est \u00e0 la crois\u00e9e des chemins - challenges economiques\",\"isPartOf\":{\"@id\":\"https:\/\/challengeseconomiques.com\/#website\"},\"primaryImageOfPage\":{\"@id\":\"https:\/\/challengeseconomiques.com\/?p=5762#primaryimage\"},\"image\":{\"@id\":\"https:\/\/challengeseconomiques.com\/?p=5762#primaryimage\"},\"thumbnailUrl\":\"https:\/\/challengeseconomiques.com\/wp-content\/uploads\/2022\/02\/Cote-dIvoire-Le-Plateau.jpg\",\"datePublished\":\"2023-12-08T11:30:29+00:00\",\"author\":{\"@id\":\"https:\/\/challengeseconomiques.com\/#\/schema\/person\/b4568c9afebc5a9238a771873801e349\"},\"breadcrumb\":{\"@id\":\"https:\/\/challengeseconomiques.com\/?p=5762#breadcrumb\"},\"inLanguage\":\"fr-FR\",\"potentialAction\":[{\"@type\":\"ReadAction\",\"target\":[\"https:\/\/challengeseconomiques.com\/?p=5762\"]}]},{\"@type\":\"ImageObject\",\"inLanguage\":\"fr-FR\",\"@id\":\"https:\/\/challengeseconomiques.com\/?p=5762#primaryimage\",\"url\":\"https:\/\/challengeseconomiques.com\/wp-content\/uploads\/2022\/02\/Cote-dIvoire-Le-Plateau.jpg\",\"contentUrl\":\"https:\/\/challengeseconomiques.com\/wp-content\/uploads\/2022\/02\/Cote-dIvoire-Le-Plateau.jpg\",\"width\":800,\"height\":500},{\"@type\":\"BreadcrumbList\",\"@id\":\"https:\/\/challengeseconomiques.com\/?p=5762#breadcrumb\",\"itemListElement\":[{\"@type\":\"ListItem\",\"position\":1,\"name\":\"Home\",\"item\":\"https:\/\/challengeseconomiques.com\/\"},{\"@type\":\"ListItem\",\"position\":2,\"name\":\"La C\u00f4te d\u2019Ivoire est \u00e0 la crois\u00e9e des chemins\"}]},{\"@type\":\"WebSite\",\"@id\":\"https:\/\/challengeseconomiques.com\/#website\",\"url\":\"https:\/\/challengeseconomiques.com\/\",\"name\":\"challenges economiques\",\"description\":\"\",\"potentialAction\":[{\"@type\":\"SearchAction\",\"target\":{\"@type\":\"EntryPoint\",\"urlTemplate\":\"https:\/\/challengeseconomiques.com\/?s={search_term_string}\"},\"query-input\":{\"@type\":\"PropertyValueSpecification\",\"valueRequired\":true,\"valueName\":\"search_term_string\"}}],\"inLanguage\":\"fr-FR\"},{\"@type\":\"Person\",\"@id\":\"https:\/\/challengeseconomiques.com\/#\/schema\/person\/b4568c9afebc5a9238a771873801e349\",\"name\":\"admin\",\"image\":{\"@type\":\"ImageObject\",\"inLanguage\":\"fr-FR\",\"@id\":\"https:\/\/challengeseconomiques.com\/#\/schema\/person\/image\/\",\"url\":\"https:\/\/secure.gravatar.com\/avatar\/099e42240b5eea11acdb72751fcce0dd918603f0749d24974b7984ea47ed9fd9?s=96&d=mm&r=g\",\"contentUrl\":\"https:\/\/secure.gravatar.com\/avatar\/099e42240b5eea11acdb72751fcce0dd918603f0749d24974b7984ea47ed9fd9?s=96&d=mm&r=g\",\"caption\":\"admin\"},\"sameAs\":[\"https:\/\/challengeseconomiques.com\"],\"url\":\"https:\/\/challengeseconomiques.com\/?author=1\"}]}<\/script>\n<!-- \/ Yoast SEO plugin. -->","yoast_head_json":{"title":"La C\u00f4te d\u2019Ivoire est \u00e0 la crois\u00e9e des chemins - challenges economiques","robots":{"index":"index","follow":"follow","max-snippet":"max-snippet:-1","max-image-preview":"max-image-preview:large","max-video-preview":"max-video-preview:-1"},"canonical":"https:\/\/challengeseconomiques.com\/?p=5762","og_locale":"fr_FR","og_type":"article","og_title":"La C\u00f4te d\u2019Ivoire est \u00e0 la crois\u00e9e des chemins - challenges economiques","og_description":"Malgr\u00e9 les progr\u00e8s accomplis au cours de la derni\u00e8re d\u00e9cennie et ses atouts, les chocs \u00e9conomiques et sanitaires mondiaux ont exacerb\u00e9 les difficult\u00e9s de la...","og_url":"https:\/\/challengeseconomiques.com\/?p=5762","og_site_name":"challenges economiques","article_published_time":"2023-12-08T11:30:29+00:00","og_image":[{"width":800,"height":500,"url":"https:\/\/challengeseconomiques.com\/wp-content\/uploads\/2022\/02\/Cote-dIvoire-Le-Plateau.jpg","type":"image\/jpeg"}],"author":"admin","twitter_card":"summary_large_image","twitter_misc":{"\u00c9crit par":"admin","Dur\u00e9e de lecture estim\u00e9e":"6 minutes"},"schema":{"@context":"https:\/\/schema.org","@graph":[{"@type":"Article","@id":"https:\/\/challengeseconomiques.com\/?p=5762#article","isPartOf":{"@id":"https:\/\/challengeseconomiques.com\/?p=5762"},"author":{"name":"admin","@id":"https:\/\/challengeseconomiques.com\/#\/schema\/person\/b4568c9afebc5a9238a771873801e349"},"headline":"La C\u00f4te d\u2019Ivoire est \u00e0 la crois\u00e9e des chemins","datePublished":"2023-12-08T11:30:29+00:00","mainEntityOfPage":{"@id":"https:\/\/challengeseconomiques.com\/?p=5762"},"wordCount":1120,"image":{"@id":"https:\/\/challengeseconomiques.com\/?p=5762#primaryimage"},"thumbnailUrl":"https:\/\/challengeseconomiques.com\/wp-content\/uploads\/2022\/02\/Cote-dIvoire-Le-Plateau.jpg","articleSection":["Actualit\u00e9 \u00e9conomique"],"inLanguage":"fr-FR"},{"@type":"WebPage","@id":"https:\/\/challengeseconomiques.com\/?p=5762","url":"https:\/\/challengeseconomiques.com\/?p=5762","name":"La C\u00f4te d\u2019Ivoire est \u00e0 la crois\u00e9e des chemins - challenges economiques","isPartOf":{"@id":"https:\/\/challengeseconomiques.com\/#website"},"primaryImageOfPage":{"@id":"https:\/\/challengeseconomiques.com\/?p=5762#primaryimage"},"image":{"@id":"https:\/\/challengeseconomiques.com\/?p=5762#primaryimage"},"thumbnailUrl":"https:\/\/challengeseconomiques.com\/wp-content\/uploads\/2022\/02\/Cote-dIvoire-Le-Plateau.jpg","datePublished":"2023-12-08T11:30:29+00:00","author":{"@id":"https:\/\/challengeseconomiques.com\/#\/schema\/person\/b4568c9afebc5a9238a771873801e349"},"breadcrumb":{"@id":"https:\/\/challengeseconomiques.com\/?p=5762#breadcrumb"},"inLanguage":"fr-FR","potentialAction":[{"@type":"ReadAction","target":["https:\/\/challengeseconomiques.com\/?p=5762"]}]},{"@type":"ImageObject","inLanguage":"fr-FR","@id":"https:\/\/challengeseconomiques.com\/?p=5762#primaryimage","url":"https:\/\/challengeseconomiques.com\/wp-content\/uploads\/2022\/02\/Cote-dIvoire-Le-Plateau.jpg","contentUrl":"https:\/\/challengeseconomiques.com\/wp-content\/uploads\/2022\/02\/Cote-dIvoire-Le-Plateau.jpg","width":800,"height":500},{"@type":"BreadcrumbList","@id":"https:\/\/challengeseconomiques.com\/?p=5762#breadcrumb","itemListElement":[{"@type":"ListItem","position":1,"name":"Home","item":"https:\/\/challengeseconomiques.com\/"},{"@type":"ListItem","position":2,"name":"La C\u00f4te d\u2019Ivoire est \u00e0 la crois\u00e9e des chemins"}]},{"@type":"WebSite","@id":"https:\/\/challengeseconomiques.com\/#website","url":"https:\/\/challengeseconomiques.com\/","name":"challenges economiques","description":"","potentialAction":[{"@type":"SearchAction","target":{"@type":"EntryPoint","urlTemplate":"https:\/\/challengeseconomiques.com\/?s={search_term_string}"},"query-input":{"@type":"PropertyValueSpecification","valueRequired":true,"valueName":"search_term_string"}}],"inLanguage":"fr-FR"},{"@type":"Person","@id":"https:\/\/challengeseconomiques.com\/#\/schema\/person\/b4568c9afebc5a9238a771873801e349","name":"admin","image":{"@type":"ImageObject","inLanguage":"fr-FR","@id":"https:\/\/challengeseconomiques.com\/#\/schema\/person\/image\/","url":"https:\/\/secure.gravatar.com\/avatar\/099e42240b5eea11acdb72751fcce0dd918603f0749d24974b7984ea47ed9fd9?s=96&d=mm&r=g","contentUrl":"https:\/\/secure.gravatar.com\/avatar\/099e42240b5eea11acdb72751fcce0dd918603f0749d24974b7984ea47ed9fd9?s=96&d=mm&r=g","caption":"admin"},"sameAs":["https:\/\/challengeseconomiques.com"],"url":"https:\/\/challengeseconomiques.com\/?author=1"}]}},"jetpack_featured_media_url":"https:\/\/challengeseconomiques.com\/wp-content\/uploads\/2022\/02\/Cote-dIvoire-Le-Plateau.jpg","jetpack_sharing_enabled":true,"_links":{"self":[{"href":"https:\/\/challengeseconomiques.com\/index.php?rest_route=\/wp\/v2\/posts\/5762","targetHints":{"allow":["GET"]}}],"collection":[{"href":"https:\/\/challengeseconomiques.com\/index.php?rest_route=\/wp\/v2\/posts"}],"about":[{"href":"https:\/\/challengeseconomiques.com\/index.php?rest_route=\/wp\/v2\/types\/post"}],"author":[{"embeddable":true,"href":"https:\/\/challengeseconomiques.com\/index.php?rest_route=\/wp\/v2\/users\/1"}],"replies":[{"embeddable":true,"href":"https:\/\/challengeseconomiques.com\/index.php?rest_route=%2Fwp%2Fv2%2Fcomments&post=5762"}],"version-history":[{"count":1,"href":"https:\/\/challengeseconomiques.com\/index.php?rest_route=\/wp\/v2\/posts\/5762\/revisions"}],"predecessor-version":[{"id":5763,"href":"https:\/\/challengeseconomiques.com\/index.php?rest_route=\/wp\/v2\/posts\/5762\/revisions\/5763"}],"wp:featuredmedia":[{"embeddable":true,"href":"https:\/\/challengeseconomiques.com\/index.php?rest_route=\/wp\/v2\/media\/2681"}],"wp:attachment":[{"href":"https:\/\/challengeseconomiques.com\/index.php?rest_route=%2Fwp%2Fv2%2Fmedia&parent=5762"}],"wp:term":[{"taxonomy":"category","embeddable":true,"href":"https:\/\/challengeseconomiques.com\/index.php?rest_route=%2Fwp%2Fv2%2Fcategories&post=5762"},{"taxonomy":"post_tag","embeddable":true,"href":"https:\/\/challengeseconomiques.com\/index.php?rest_route=%2Fwp%2Fv2%2Ftags&post=5762"}],"curies":[{"name":"wp","href":"https:\/\/api.w.org\/{rel}","templated":true}]}}