{"id":5759,"date":"2023-12-08T10:37:04","date_gmt":"2023-12-08T10:37:04","guid":{"rendered":"https:\/\/challengeseconomiques.com\/?p=5759"},"modified":"2023-12-08T10:37:28","modified_gmt":"2023-12-08T10:37:28","slug":"forum-daffaires-senegal-turkiye-renforcer-davantage-la-cooperation-commerciale-sur-laxe-dakar-ankara","status":"publish","type":"post","link":"https:\/\/challengeseconomiques.com\/?p=5759","title":{"rendered":"Forum d\u2019affaires S\u00e9n\u00e9gal-T\u00fcrkiye : Renforcer davantage la coop\u00e9ration commerciale sur l\u2019axe Dakar-Ankara"},"content":{"rendered":"<p><strong>L\u2019ambassade de T\u00fcrkiye au S\u00e9n\u00e9gal et l\u2019Assembl\u00e9e des exportateurs turcs-TIM ont organis\u00e9 un forum d\u2019affaires rassemblant des op\u00e9rateurs \u00e9conomiques s\u00e9n\u00e9galais et turcs \u00e0 Dakar, la Capitale s\u00e9n\u00e9galaise. Des s\u00e9ances B2B ont regroup\u00e9 des chefs d\u2019entreprises s\u00e9n\u00e9galais et leurs homologues turcs. La Chambre de Commerce, d\u2019Industrie et d\u2019Agriculture de Dakar (CCIAD) et le Conseil d\u2019affaires S\u00e9n\u00e9gal-T\u00fcrkiye ont pris part \u00e0 la rencontre. L\u2019objectif est de renforcer la coop\u00e9ration commerciale et \u00e9conomique sur l\u2019axe Dakar-Ankara. <\/strong><\/p>\n<p>Le pr\u00e9sident de la CCIAD, Abdoulaye Sow a \u00e9voqu\u00e9 l\u2019\u00e9volution croissante et harmonieuse des liens entre les deux pays, depuis l\u2019ouverture de l\u2019ambassade de T\u00fcrkiye au S\u00e9n\u00e9gal en 1963. Il a pr\u00e9cis\u00e9 qu\u2019au cours des derni\u00e8res ann\u00e9es, la collaboration a pris une autre dimension dans les domaines politique, \u00e9conomique, commerciale et culturelle. Le pr\u00e9sident de la CCIAD a fait savoir que les investissements turcs dans les secteurs des infrastructures, de l\u2019\u00e9nergie, de l\u2019agriculture, de l\u2019\u00e9ducation, de l\u2019eau, du transport, de l\u2019environnement, de l\u2019industrie, du commerce, etc ont d\u00e9pass\u00e9 le demi-milliard de dollars.<br \/>\nPour Abdoulaye Sow, la r\u00e9alisation de l\u2019A\u00e9roport International Blaise Diagne (AIBD), les travaux de r\u00e9novation de l\u2019H\u00f4pital Principal de Dakar et la construction de la Gare des Gros Porteurs de Diamniadio effectu\u00e9s par des entreprises turques, sont le symbole de la coop\u00e9ration r\u00e9ussie entre les deux pays. La Gare des Gros Porteurs, projet de la CCIAD, vise \u00e0 offrir aux producteurs et commer\u00e7ants un cadre de stockage et de distribution des produits agro-alimentaires tout en d\u00e9sengorgeant et en r\u00e9gulant le march\u00e9, a-t-il rench\u00e9ri.<\/p>\n<p><strong>Partenariat gagnant-gagnant<\/strong><\/p>\n<p>M. Sow trouve que la convergence entre la T\u00fcrkiye et le S\u00e9n\u00e9gal a un immense potentiel pour renforcer leur synergie \u00e9conomique et d\u00e9passer les objectifs d\u2019un milliard de dollars d\u2019investissement, v\u0153u exprim\u00e9 par l\u2019administration turque. Il juge essentiel de poursuivre les efforts \u00e0 tous les \u00e9chelons pour transformer cette synergie en une collaboration p\u00e9renne et fructueuse.<br \/>\nPar ailleurs, le pr\u00e9sident de la CCIAD assure que l\u2019Institution Consulaire va \u0153uvrer pour un rayonnement total de la collaboration s\u00e9n\u00e9galo-turque.<br \/>\nDans la m\u00eame veine, l\u2019Ambassadrice de T\u00fcrkiye au S\u00e9n\u00e9gal, son Excellence Hatice Nur Sa\u011fman a mis l\u2019accent sur l\u2019importance de nouer des partenariats internationaux bas\u00e9s sur l\u2019\u00e9galit\u00e9, et entend participer \u00e0 cet \u00e9lan dans un cadre gagnant-gagnant. Mme Sa\u011fman a pr\u00e9cis\u00e9 que la T\u00fcrkiye contribue \u00e0 la cr\u00e9ation d\u2019emplois dans notre pays gr\u00e2ce au commerce et \u00e0 l\u2019investissement.<br \/>\nL\u2019Ambassadrice a salu\u00e9 la perc\u00e9e des entreprises turques au S\u00e9n\u00e9gal dans les domaines de la sid\u00e9rurgie, du textile, de l\u2019agriculture, des BTP, etc. Elle esp\u00e8re que le Forum va favoriser la cr\u00e9ation de relations s\u00fbres et profitables \u00e0 la coop\u00e9ration bilat\u00e9rale.<\/p>\n<p><strong>Les atouts du S\u00e9n\u00e9gal<\/strong><\/p>\n<p>Pour sa part, le vice-pr\u00e9sident de l\u2019Assembl\u00e9e des exportateurs-TIM, Ahmet G\u00fcle\u00e7, a indiqu\u00e9 \u00eatre \u00e0 la t\u00eate d\u2019une d\u00e9l\u00e9gation de 32 personnes repr\u00e9sentant 27 entreprises r\u00e9parties dans 10 secteurs d\u2019exportation. Il esp\u00e8re que leur visite va renforcer les liens entre les deux pays. M. G\u00fcle\u00e7 consid\u00e8re la position strat\u00e9gique de notre pays comme un atout majeur. Il classe le S\u00e9n\u00e9gal comme un pays porteur en mati\u00e8re de commerce.<br \/>\nLe chef de la d\u00e9l\u00e9gation turque se dit satisfait du volume des \u00e9changes avec le S\u00e9n\u00e9gal estim\u00e9s \u00e0 637 millions de dollars couvrant les domaines de la chimie, des m\u00e9taux, etc. En outre, il piste de \u00ab\u00a0s\u00e9rieuses opportunit\u00e9s\u00a0\u00bb dans les secteurs de la chimie, des m\u00e9taux.<br \/>\nDe son c\u00f4t\u00e9, le pr\u00e9sident du Conseil d\u2019affaires S\u00e9n\u00e9gal-T\u00fcrkiye, Momar Diouf a mis en avant quelques atouts de notre pays \u00e0 savoir la stabilit\u00e9, l\u2019environnement juridique s\u00e9curis\u00e9 et une main d\u2019\u0153uvre qualifi\u00e9e. A cela s\u2019ajoute l\u2019appartenance \u00e0 deux march\u00e9s importants que sont la Communaut\u00e9 Economique des Etats de l\u2019Afrique de l\u2019Ouest (CEDEAO) et la Zone de Libre Echange Africaine (ZLECAF). M. Diouf a salu\u00e9 le partenariat multiforme sans cesse renforc\u00e9 entre le S\u00e9n\u00e9gal et la T\u00fcrkiye. Selon lui, cette collaboration est mat\u00e9rialis\u00e9e par l\u2019usine de pr\u00e9fabriqu\u00e9 \u00e9lectrique install\u00e9 dans notre pays, une premi\u00e8re dans la sous-r\u00e9gion. Il encourage la mise en \u0153uvre de la vision des deux Chefs d\u2019Etat.<\/p>\n<p>(BIE)<\/p>\n","protected":false},"excerpt":{"rendered":"<p>L\u2019ambassade de T\u00fcrkiye au S\u00e9n\u00e9gal et l\u2019Assembl\u00e9e des exportateurs turcs-TIM ont organis\u00e9 un forum d\u2019affaires rassemblant des op\u00e9rateurs \u00e9conomiques s\u00e9n\u00e9galais et turcs \u00e0 Dakar, la&#8230;<\/p>\n","protected":false},"author":1,"featured_media":5760,"comment_status":"closed","ping_status":"open","sticky":false,"template":"","format":"standard","meta":{"_jetpack_memberships_contains_paid_content":false,"footnotes":""},"categories":[23,8,10],"tags":[],"class_list":["post-5759","post","type-post","status-publish","format-standard","has-post-thumbnail","hentry","category-a-la-une","category-actualite-economique","category-infos-eco","wpcat-23-id","wpcat-8-id","wpcat-10-id"],"yoast_head":"<!-- This site is optimized with the Yoast SEO plugin v27.1.1 - https:\/\/yoast.com\/product\/yoast-seo-wordpress\/ -->\n<title>Forum d\u2019affaires S\u00e9n\u00e9gal-T\u00fcrkiye : Renforcer davantage la coop\u00e9ration commerciale sur l\u2019axe Dakar-Ankara - challenges economiques<\/title>\n<meta name=\"robots\" content=\"index, follow, max-snippet:-1, max-image-preview:large, max-video-preview:-1\" \/>\n<link rel=\"canonical\" href=\"https:\/\/challengeseconomiques.com\/?p=5759\" \/>\n<meta property=\"og:locale\" content=\"fr_FR\" \/>\n<meta property=\"og:type\" content=\"article\" \/>\n<meta property=\"og:title\" content=\"Forum d\u2019affaires S\u00e9n\u00e9gal-T\u00fcrkiye : Renforcer davantage la coop\u00e9ration commerciale sur l\u2019axe Dakar-Ankara - challenges economiques\" \/>\n<meta property=\"og:description\" content=\"L\u2019ambassade de T\u00fcrkiye au S\u00e9n\u00e9gal et l\u2019Assembl\u00e9e des exportateurs turcs-TIM ont organis\u00e9 un forum d\u2019affaires rassemblant des op\u00e9rateurs \u00e9conomiques s\u00e9n\u00e9galais et turcs \u00e0 Dakar, la...\" \/>\n<meta property=\"og:url\" content=\"https:\/\/challengeseconomiques.com\/?p=5759\" \/>\n<meta property=\"og:site_name\" content=\"challenges economiques\" \/>\n<meta property=\"article:published_time\" content=\"2023-12-08T10:37:04+00:00\" \/>\n<meta property=\"article:modified_time\" content=\"2023-12-08T10:37:28+00:00\" \/>\n<meta property=\"og:image\" content=\"https:\/\/challengeseconomiques.com\/wp-content\/uploads\/2023\/12\/Forum_daffaires_Senegal-Turkiye_5.5-1536x1018-1.jpeg\" \/>\n\t<meta property=\"og:image:width\" content=\"1536\" \/>\n\t<meta property=\"og:image:height\" content=\"1018\" \/>\n\t<meta property=\"og:image:type\" content=\"image\/jpeg\" \/>\n<meta name=\"author\" content=\"admin\" \/>\n<meta name=\"twitter:card\" content=\"summary_large_image\" \/>\n<meta name=\"twitter:label1\" content=\"\u00c9crit par\" \/>\n\t<meta name=\"twitter:data1\" content=\"admin\" \/>\n\t<meta name=\"twitter:label2\" content=\"Dur\u00e9e de lecture estim\u00e9e\" \/>\n\t<meta name=\"twitter:data2\" content=\"4 minutes\" \/>\n<script type=\"application\/ld+json\" class=\"yoast-schema-graph\">{\"@context\":\"https:\/\/schema.org\",\"@graph\":[{\"@type\":\"Article\",\"@id\":\"https:\/\/challengeseconomiques.com\/?p=5759#article\",\"isPartOf\":{\"@id\":\"https:\/\/challengeseconomiques.com\/?p=5759\"},\"author\":{\"name\":\"admin\",\"@id\":\"https:\/\/challengeseconomiques.com\/#\/schema\/person\/b4568c9afebc5a9238a771873801e349\"},\"headline\":\"Forum d\u2019affaires S\u00e9n\u00e9gal-T\u00fcrkiye : Renforcer davantage la coop\u00e9ration commerciale sur l\u2019axe Dakar-Ankara\",\"datePublished\":\"2023-12-08T10:37:04+00:00\",\"dateModified\":\"2023-12-08T10:37:28+00:00\",\"mainEntityOfPage\":{\"@id\":\"https:\/\/challengeseconomiques.com\/?p=5759\"},\"wordCount\":807,\"image\":{\"@id\":\"https:\/\/challengeseconomiques.com\/?p=5759#primaryimage\"},\"thumbnailUrl\":\"https:\/\/challengeseconomiques.com\/wp-content\/uploads\/2023\/12\/Forum_daffaires_Senegal-Turkiye_5.5-1536x1018-1.jpeg\",\"articleSection\":[\"A la une\",\"Actualit\u00e9 \u00e9conomique\",\"Infos \u00e9co\"],\"inLanguage\":\"fr-FR\"},{\"@type\":\"WebPage\",\"@id\":\"https:\/\/challengeseconomiques.com\/?p=5759\",\"url\":\"https:\/\/challengeseconomiques.com\/?p=5759\",\"name\":\"Forum d\u2019affaires S\u00e9n\u00e9gal-T\u00fcrkiye : Renforcer davantage la coop\u00e9ration commerciale sur l\u2019axe Dakar-Ankara - challenges economiques\",\"isPartOf\":{\"@id\":\"https:\/\/challengeseconomiques.com\/#website\"},\"primaryImageOfPage\":{\"@id\":\"https:\/\/challengeseconomiques.com\/?p=5759#primaryimage\"},\"image\":{\"@id\":\"https:\/\/challengeseconomiques.com\/?p=5759#primaryimage\"},\"thumbnailUrl\":\"https:\/\/challengeseconomiques.com\/wp-content\/uploads\/2023\/12\/Forum_daffaires_Senegal-Turkiye_5.5-1536x1018-1.jpeg\",\"datePublished\":\"2023-12-08T10:37:04+00:00\",\"dateModified\":\"2023-12-08T10:37:28+00:00\",\"author\":{\"@id\":\"https:\/\/challengeseconomiques.com\/#\/schema\/person\/b4568c9afebc5a9238a771873801e349\"},\"breadcrumb\":{\"@id\":\"https:\/\/challengeseconomiques.com\/?p=5759#breadcrumb\"},\"inLanguage\":\"fr-FR\",\"potentialAction\":[{\"@type\":\"ReadAction\",\"target\":[\"https:\/\/challengeseconomiques.com\/?p=5759\"]}]},{\"@type\":\"ImageObject\",\"inLanguage\":\"fr-FR\",\"@id\":\"https:\/\/challengeseconomiques.com\/?p=5759#primaryimage\",\"url\":\"https:\/\/challengeseconomiques.com\/wp-content\/uploads\/2023\/12\/Forum_daffaires_Senegal-Turkiye_5.5-1536x1018-1.jpeg\",\"contentUrl\":\"https:\/\/challengeseconomiques.com\/wp-content\/uploads\/2023\/12\/Forum_daffaires_Senegal-Turkiye_5.5-1536x1018-1.jpeg\",\"width\":1536,\"height\":1018},{\"@type\":\"BreadcrumbList\",\"@id\":\"https:\/\/challengeseconomiques.com\/?p=5759#breadcrumb\",\"itemListElement\":[{\"@type\":\"ListItem\",\"position\":1,\"name\":\"Home\",\"item\":\"https:\/\/challengeseconomiques.com\/\"},{\"@type\":\"ListItem\",\"position\":2,\"name\":\"Forum d\u2019affaires S\u00e9n\u00e9gal-T\u00fcrkiye : Renforcer davantage la coop\u00e9ration commerciale sur l\u2019axe Dakar-Ankara\"}]},{\"@type\":\"WebSite\",\"@id\":\"https:\/\/challengeseconomiques.com\/#website\",\"url\":\"https:\/\/challengeseconomiques.com\/\",\"name\":\"challenges economiques\",\"description\":\"\",\"potentialAction\":[{\"@type\":\"SearchAction\",\"target\":{\"@type\":\"EntryPoint\",\"urlTemplate\":\"https:\/\/challengeseconomiques.com\/?s={search_term_string}\"},\"query-input\":{\"@type\":\"PropertyValueSpecification\",\"valueRequired\":true,\"valueName\":\"search_term_string\"}}],\"inLanguage\":\"fr-FR\"},{\"@type\":\"Person\",\"@id\":\"https:\/\/challengeseconomiques.com\/#\/schema\/person\/b4568c9afebc5a9238a771873801e349\",\"name\":\"admin\",\"image\":{\"@type\":\"ImageObject\",\"inLanguage\":\"fr-FR\",\"@id\":\"https:\/\/challengeseconomiques.com\/#\/schema\/person\/image\/\",\"url\":\"https:\/\/secure.gravatar.com\/avatar\/099e42240b5eea11acdb72751fcce0dd918603f0749d24974b7984ea47ed9fd9?s=96&d=mm&r=g\",\"contentUrl\":\"https:\/\/secure.gravatar.com\/avatar\/099e42240b5eea11acdb72751fcce0dd918603f0749d24974b7984ea47ed9fd9?s=96&d=mm&r=g\",\"caption\":\"admin\"},\"sameAs\":[\"https:\/\/challengeseconomiques.com\"],\"url\":\"https:\/\/challengeseconomiques.com\/?author=1\"}]}<\/script>\n<!-- \/ Yoast SEO plugin. -->","yoast_head_json":{"title":"Forum d\u2019affaires S\u00e9n\u00e9gal-T\u00fcrkiye : Renforcer davantage la coop\u00e9ration commerciale sur l\u2019axe Dakar-Ankara - challenges economiques","robots":{"index":"index","follow":"follow","max-snippet":"max-snippet:-1","max-image-preview":"max-image-preview:large","max-video-preview":"max-video-preview:-1"},"canonical":"https:\/\/challengeseconomiques.com\/?p=5759","og_locale":"fr_FR","og_type":"article","og_title":"Forum d\u2019affaires S\u00e9n\u00e9gal-T\u00fcrkiye : Renforcer davantage la coop\u00e9ration commerciale sur l\u2019axe Dakar-Ankara - challenges economiques","og_description":"L\u2019ambassade de T\u00fcrkiye au S\u00e9n\u00e9gal et l\u2019Assembl\u00e9e des exportateurs turcs-TIM ont organis\u00e9 un forum d\u2019affaires rassemblant des op\u00e9rateurs \u00e9conomiques s\u00e9n\u00e9galais et turcs \u00e0 Dakar, la...","og_url":"https:\/\/challengeseconomiques.com\/?p=5759","og_site_name":"challenges economiques","article_published_time":"2023-12-08T10:37:04+00:00","article_modified_time":"2023-12-08T10:37:28+00:00","og_image":[{"width":1536,"height":1018,"url":"https:\/\/challengeseconomiques.com\/wp-content\/uploads\/2023\/12\/Forum_daffaires_Senegal-Turkiye_5.5-1536x1018-1.jpeg","type":"image\/jpeg"}],"author":"admin","twitter_card":"summary_large_image","twitter_misc":{"\u00c9crit par":"admin","Dur\u00e9e de lecture estim\u00e9e":"4 minutes"},"schema":{"@context":"https:\/\/schema.org","@graph":[{"@type":"Article","@id":"https:\/\/challengeseconomiques.com\/?p=5759#article","isPartOf":{"@id":"https:\/\/challengeseconomiques.com\/?p=5759"},"author":{"name":"admin","@id":"https:\/\/challengeseconomiques.com\/#\/schema\/person\/b4568c9afebc5a9238a771873801e349"},"headline":"Forum d\u2019affaires S\u00e9n\u00e9gal-T\u00fcrkiye : Renforcer davantage la coop\u00e9ration commerciale sur l\u2019axe Dakar-Ankara","datePublished":"2023-12-08T10:37:04+00:00","dateModified":"2023-12-08T10:37:28+00:00","mainEntityOfPage":{"@id":"https:\/\/challengeseconomiques.com\/?p=5759"},"wordCount":807,"image":{"@id":"https:\/\/challengeseconomiques.com\/?p=5759#primaryimage"},"thumbnailUrl":"https:\/\/challengeseconomiques.com\/wp-content\/uploads\/2023\/12\/Forum_daffaires_Senegal-Turkiye_5.5-1536x1018-1.jpeg","articleSection":["A la une","Actualit\u00e9 \u00e9conomique","Infos \u00e9co"],"inLanguage":"fr-FR"},{"@type":"WebPage","@id":"https:\/\/challengeseconomiques.com\/?p=5759","url":"https:\/\/challengeseconomiques.com\/?p=5759","name":"Forum d\u2019affaires S\u00e9n\u00e9gal-T\u00fcrkiye : Renforcer davantage la coop\u00e9ration commerciale sur l\u2019axe Dakar-Ankara - challenges economiques","isPartOf":{"@id":"https:\/\/challengeseconomiques.com\/#website"},"primaryImageOfPage":{"@id":"https:\/\/challengeseconomiques.com\/?p=5759#primaryimage"},"image":{"@id":"https:\/\/challengeseconomiques.com\/?p=5759#primaryimage"},"thumbnailUrl":"https:\/\/challengeseconomiques.com\/wp-content\/uploads\/2023\/12\/Forum_daffaires_Senegal-Turkiye_5.5-1536x1018-1.jpeg","datePublished":"2023-12-08T10:37:04+00:00","dateModified":"2023-12-08T10:37:28+00:00","author":{"@id":"https:\/\/challengeseconomiques.com\/#\/schema\/person\/b4568c9afebc5a9238a771873801e349"},"breadcrumb":{"@id":"https:\/\/challengeseconomiques.com\/?p=5759#breadcrumb"},"inLanguage":"fr-FR","potentialAction":[{"@type":"ReadAction","target":["https:\/\/challengeseconomiques.com\/?p=5759"]}]},{"@type":"ImageObject","inLanguage":"fr-FR","@id":"https:\/\/challengeseconomiques.com\/?p=5759#primaryimage","url":"https:\/\/challengeseconomiques.com\/wp-content\/uploads\/2023\/12\/Forum_daffaires_Senegal-Turkiye_5.5-1536x1018-1.jpeg","contentUrl":"https:\/\/challengeseconomiques.com\/wp-content\/uploads\/2023\/12\/Forum_daffaires_Senegal-Turkiye_5.5-1536x1018-1.jpeg","width":1536,"height":1018},{"@type":"BreadcrumbList","@id":"https:\/\/challengeseconomiques.com\/?p=5759#breadcrumb","itemListElement":[{"@type":"ListItem","position":1,"name":"Home","item":"https:\/\/challengeseconomiques.com\/"},{"@type":"ListItem","position":2,"name":"Forum d\u2019affaires S\u00e9n\u00e9gal-T\u00fcrkiye : Renforcer davantage la coop\u00e9ration commerciale sur l\u2019axe Dakar-Ankara"}]},{"@type":"WebSite","@id":"https:\/\/challengeseconomiques.com\/#website","url":"https:\/\/challengeseconomiques.com\/","name":"challenges economiques","description":"","potentialAction":[{"@type":"SearchAction","target":{"@type":"EntryPoint","urlTemplate":"https:\/\/challengeseconomiques.com\/?s={search_term_string}"},"query-input":{"@type":"PropertyValueSpecification","valueRequired":true,"valueName":"search_term_string"}}],"inLanguage":"fr-FR"},{"@type":"Person","@id":"https:\/\/challengeseconomiques.com\/#\/schema\/person\/b4568c9afebc5a9238a771873801e349","name":"admin","image":{"@type":"ImageObject","inLanguage":"fr-FR","@id":"https:\/\/challengeseconomiques.com\/#\/schema\/person\/image\/","url":"https:\/\/secure.gravatar.com\/avatar\/099e42240b5eea11acdb72751fcce0dd918603f0749d24974b7984ea47ed9fd9?s=96&d=mm&r=g","contentUrl":"https:\/\/secure.gravatar.com\/avatar\/099e42240b5eea11acdb72751fcce0dd918603f0749d24974b7984ea47ed9fd9?s=96&d=mm&r=g","caption":"admin"},"sameAs":["https:\/\/challengeseconomiques.com"],"url":"https:\/\/challengeseconomiques.com\/?author=1"}]}},"jetpack_featured_media_url":"https:\/\/challengeseconomiques.com\/wp-content\/uploads\/2023\/12\/Forum_daffaires_Senegal-Turkiye_5.5-1536x1018-1.jpeg","jetpack_sharing_enabled":true,"_links":{"self":[{"href":"https:\/\/challengeseconomiques.com\/index.php?rest_route=\/wp\/v2\/posts\/5759","targetHints":{"allow":["GET"]}}],"collection":[{"href":"https:\/\/challengeseconomiques.com\/index.php?rest_route=\/wp\/v2\/posts"}],"about":[{"href":"https:\/\/challengeseconomiques.com\/index.php?rest_route=\/wp\/v2\/types\/post"}],"author":[{"embeddable":true,"href":"https:\/\/challengeseconomiques.com\/index.php?rest_route=\/wp\/v2\/users\/1"}],"replies":[{"embeddable":true,"href":"https:\/\/challengeseconomiques.com\/index.php?rest_route=%2Fwp%2Fv2%2Fcomments&post=5759"}],"version-history":[{"count":1,"href":"https:\/\/challengeseconomiques.com\/index.php?rest_route=\/wp\/v2\/posts\/5759\/revisions"}],"predecessor-version":[{"id":5761,"href":"https:\/\/challengeseconomiques.com\/index.php?rest_route=\/wp\/v2\/posts\/5759\/revisions\/5761"}],"wp:featuredmedia":[{"embeddable":true,"href":"https:\/\/challengeseconomiques.com\/index.php?rest_route=\/wp\/v2\/media\/5760"}],"wp:attachment":[{"href":"https:\/\/challengeseconomiques.com\/index.php?rest_route=%2Fwp%2Fv2%2Fmedia&parent=5759"}],"wp:term":[{"taxonomy":"category","embeddable":true,"href":"https:\/\/challengeseconomiques.com\/index.php?rest_route=%2Fwp%2Fv2%2Fcategories&post=5759"},{"taxonomy":"post_tag","embeddable":true,"href":"https:\/\/challengeseconomiques.com\/index.php?rest_route=%2Fwp%2Fv2%2Ftags&post=5759"}],"curies":[{"name":"wp","href":"https:\/\/api.w.org\/{rel}","templated":true}]}}