{"id":5747,"date":"2023-12-07T11:42:14","date_gmt":"2023-12-07T11:42:14","guid":{"rendered":"https:\/\/challengeseconomiques.com\/?p=5747"},"modified":"2023-12-07T12:09:57","modified_gmt":"2023-12-07T12:09:57","slug":"societe-generale-annonce-la-cession-de-ses-filiales-au-burkina-faso-et-au-mozambique-au-groupe-vista","status":"publish","type":"post","link":"https:\/\/challengeseconomiques.com\/?p=5747","title":{"rendered":"Soci\u00e9t\u00e9 G\u00e9n\u00e9rale annonce la cession de ses filiales au Burkina Faso et au Mozambique au groupe Vista"},"content":{"rendered":"<p class=\"texte textearticle\"><strong>\u00a0Alors que Soci\u00e9t\u00e9 G\u00e9n\u00e9rale continue la voilure en Afrique, le groupe panafricain dirig\u00e9 par le banquier burkinab\u00e9 Simon Tiemtor\u00e9 en profite pour augmenter son empreinte sur le continent. <\/strong><\/p>\n<p class=\"texte textearticle\">La banque fran\u00e7aise Soci\u00e9t\u00e9 G\u00e9n\u00e9rale a annonc\u00e9, dans un communiqu\u00e9 publi\u00e9 ce jeudi 7 d\u00e9cembre 2023, avoir sign\u00e9 des accords avec le groupe bancaire panafricain Vista afin de lui c\u00e9der la totalit\u00e9 de ses parts dans deux filiales au Burkina Faso et au Mozambique.<\/p>\n<p class=\"texte textearticle\"><em>\u00ab\u00a0Selon les engagements pris, le groupe Vista reprendrait la totalit\u00e9 des activit\u00e9s op\u00e9r\u00e9es par ces filiales ainsi que l&rsquo;int\u00e9gralit\u00e9 des portefeuilles clients et l&rsquo;ensemble des collaborateurs de ces entit\u00e9s\u00a0\u00bb,<\/em> a indiqu\u00e9 Soci\u00e9t\u00e9 G\u00e9n\u00e9rale dans son communiqu\u00e9, sans d\u00e9voiler les d\u00e9tails financiers des transactions.<\/p>\n<p class=\"texte textearticle\"><em>\u00ab\u00a0La r\u00e9alisation de chacune de ces op\u00e9rations, qui pourrait intervenir en 2024, est soumise \u00e0 l&rsquo;approbation des instances de gouvernance des entit\u00e9s, aux conditions suspensives usuelles ainsi qu&rsquo;\u00e0 la validation des autorit\u00e9s financi\u00e8res et r\u00e9glementaires comp\u00e9tentes\u00a0\u00bb<\/em>, a ajout\u00e9 la banque au logo rouge et noir qui d\u00e9tient Soci\u00e9t\u00e9 G\u00e9n\u00e9rale Burkina Faso et Banco Soci\u00e9t\u00e9 G\u00e9n\u00e9rale Mo\u00e7ambique \u00e0 hauteur de 52,6% et 65% respectivement.<\/p>\n<p class=\"texte textearticle\">Soci\u00e9t\u00e9 G\u00e9n\u00e9rale avait d\u00e9j\u00e0 annonc\u00e9 en juin dernier la vente au groupe panafricain dirig\u00e9 par le banquier burkinab\u00e9 Simon Tiemtor\u00e9 de ses filiales au Congo-Brazzaville et en Guin\u00e9e Equatoriale. Ces deux pays d\u2019Afrique centrale s\u2019y sont oppos\u00e9s, tout en annon\u00e7ant qu\u2019ils comptent exercer leur droit de pr\u00e9emption.<\/p>\n<p class=\"texte textearticle\">La banque fran\u00e7aise a \u00e9galement annonc\u00e9, en m\u00eame temps, la cession de ses filiales en Mauritanie et au Tchad au groupe Coris Holding, un groupe bancaire fond\u00e9 par le banquier burkinab\u00e9 Idrissa Nassa.<\/p>\n<p class=\"texte textearticle\">Une fois que les cessions de ses filiales au Congo-Brazzaville, en Guin\u00e9e Equatoriale en Mauritanie, au Tchad, au Burkina Faso et au Mozambique auront \u00e9t\u00e9 finalis\u00e9es, Soci\u00e9t\u00e9 g\u00e9n\u00e9rale restera pr\u00e9sente dans 10 pays africains.<\/p>\n<p class=\"texte textearticle\">Le d\u00e9sengagement de la banque tricolore implant\u00e9e en Afrique depuis plus de 100 ans de ces march\u00e9s a \u00e9t\u00e9 la premi\u00e8re d\u00e9cision prise par le PDG Slawomir Krupa pour <em>\u00ab\u00a0affiner l&rsquo;utilisation du capital de l\u2019institution\u00a0\u00bb.<\/em><\/p>\n<p class=\"texte textearticle\">Soci\u00e9t\u00e9 G\u00e9n\u00e9rale pourrait \u00e9galement r\u00e9duire davantage la voilure sur le continent, puisqu\u2019un <em>\u00ab\u00a0examen strat\u00e9gique\u00a0\u00bb<\/em> de sa participation de 52,34% dans l&rsquo;Union Internationale de Banques (UIB) en Tunisie est en cours.<\/p>\n<p class=\"texte textearticle\">A noter par ailleurs que le groupe Vista s\u2019est d\u00e9j\u00e0 offert des filiales d&rsquo;autres groupes bancaires fran\u00e7ais pr\u00e9sents en Afrique. Il a notamment acquis en 2021 les participations majoritaires des filiales de BNP Paribas en Guin\u00e9e Conakry (55%) et au Burkina Faso (51%), gr\u00e2ce \u00e0 un soutien financier de 59 millions d&rsquo;euros (63,6 millions de dollars) apport\u00e9 par la Banque africaine d&rsquo;import-export (Afreximbank).<\/p>\n<p><strong>(Agence Ecofin)<br \/>\n<\/strong><\/p>\n","protected":false},"excerpt":{"rendered":"<p>\u00a0Alors que Soci\u00e9t\u00e9 G\u00e9n\u00e9rale continue la voilure en Afrique, le groupe panafricain dirig\u00e9 par le banquier burkinab\u00e9 Simon Tiemtor\u00e9 en profite pour augmenter son empreinte&#8230;<\/p>\n","protected":false},"author":1,"featured_media":5748,"comment_status":"closed","ping_status":"open","sticky":false,"template":"","format":"standard","meta":{"_jetpack_memberships_contains_paid_content":false,"footnotes":""},"categories":[8,10],"tags":[],"class_list":["post-5747","post","type-post","status-publish","format-standard","has-post-thumbnail","hentry","category-actualite-economique","category-infos-eco","wpcat-8-id","wpcat-10-id"],"yoast_head":"<!-- This site is optimized with the Yoast SEO plugin v27.1.1 - https:\/\/yoast.com\/product\/yoast-seo-wordpress\/ -->\n<title>Soci\u00e9t\u00e9 G\u00e9n\u00e9rale annonce la cession de ses filiales au Burkina Faso et au Mozambique au groupe Vista - challenges economiques<\/title>\n<meta name=\"robots\" content=\"index, follow, max-snippet:-1, max-image-preview:large, max-video-preview:-1\" \/>\n<link rel=\"canonical\" href=\"https:\/\/challengeseconomiques.com\/?p=5747\" \/>\n<meta property=\"og:locale\" content=\"fr_FR\" \/>\n<meta property=\"og:type\" content=\"article\" \/>\n<meta property=\"og:title\" content=\"Soci\u00e9t\u00e9 G\u00e9n\u00e9rale annonce la cession de ses filiales au Burkina Faso et au Mozambique au groupe Vista - challenges economiques\" \/>\n<meta property=\"og:description\" content=\"\u00a0Alors que Soci\u00e9t\u00e9 G\u00e9n\u00e9rale continue la voilure en Afrique, le groupe panafricain dirig\u00e9 par le banquier burkinab\u00e9 Simon Tiemtor\u00e9 en profite pour augmenter son empreinte...\" \/>\n<meta property=\"og:url\" content=\"https:\/\/challengeseconomiques.com\/?p=5747\" \/>\n<meta property=\"og:site_name\" content=\"challenges economiques\" \/>\n<meta property=\"article:published_time\" content=\"2023-12-07T11:42:14+00:00\" \/>\n<meta property=\"article:modified_time\" content=\"2023-12-07T12:09:57+00:00\" \/>\n<meta property=\"og:image\" content=\"https:\/\/challengeseconomiques.com\/wp-content\/uploads\/2023\/12\/sg.jpg\" \/>\n\t<meta property=\"og:image:width\" content=\"1000\" \/>\n\t<meta property=\"og:image:height\" content=\"750\" \/>\n\t<meta property=\"og:image:type\" content=\"image\/jpeg\" \/>\n<meta name=\"author\" content=\"admin\" \/>\n<meta name=\"twitter:card\" content=\"summary_large_image\" \/>\n<meta name=\"twitter:label1\" content=\"\u00c9crit par\" \/>\n\t<meta name=\"twitter:data1\" content=\"admin\" \/>\n\t<meta name=\"twitter:label2\" content=\"Dur\u00e9e de lecture estim\u00e9e\" \/>\n\t<meta name=\"twitter:data2\" content=\"2 minutes\" \/>\n<script type=\"application\/ld+json\" class=\"yoast-schema-graph\">{\"@context\":\"https:\/\/schema.org\",\"@graph\":[{\"@type\":\"Article\",\"@id\":\"https:\/\/challengeseconomiques.com\/?p=5747#article\",\"isPartOf\":{\"@id\":\"https:\/\/challengeseconomiques.com\/?p=5747\"},\"author\":{\"name\":\"admin\",\"@id\":\"https:\/\/challengeseconomiques.com\/#\/schema\/person\/b4568c9afebc5a9238a771873801e349\"},\"headline\":\"Soci\u00e9t\u00e9 G\u00e9n\u00e9rale annonce la cession de ses filiales au Burkina Faso et au Mozambique au groupe Vista\",\"datePublished\":\"2023-12-07T11:42:14+00:00\",\"dateModified\":\"2023-12-07T12:09:57+00:00\",\"mainEntityOfPage\":{\"@id\":\"https:\/\/challengeseconomiques.com\/?p=5747\"},\"wordCount\":505,\"image\":{\"@id\":\"https:\/\/challengeseconomiques.com\/?p=5747#primaryimage\"},\"thumbnailUrl\":\"https:\/\/challengeseconomiques.com\/wp-content\/uploads\/2023\/12\/sg.jpg\",\"articleSection\":[\"Actualit\u00e9 \u00e9conomique\",\"Infos \u00e9co\"],\"inLanguage\":\"fr-FR\"},{\"@type\":\"WebPage\",\"@id\":\"https:\/\/challengeseconomiques.com\/?p=5747\",\"url\":\"https:\/\/challengeseconomiques.com\/?p=5747\",\"name\":\"Soci\u00e9t\u00e9 G\u00e9n\u00e9rale annonce la cession de ses filiales au Burkina Faso et au Mozambique au groupe Vista - challenges economiques\",\"isPartOf\":{\"@id\":\"https:\/\/challengeseconomiques.com\/#website\"},\"primaryImageOfPage\":{\"@id\":\"https:\/\/challengeseconomiques.com\/?p=5747#primaryimage\"},\"image\":{\"@id\":\"https:\/\/challengeseconomiques.com\/?p=5747#primaryimage\"},\"thumbnailUrl\":\"https:\/\/challengeseconomiques.com\/wp-content\/uploads\/2023\/12\/sg.jpg\",\"datePublished\":\"2023-12-07T11:42:14+00:00\",\"dateModified\":\"2023-12-07T12:09:57+00:00\",\"author\":{\"@id\":\"https:\/\/challengeseconomiques.com\/#\/schema\/person\/b4568c9afebc5a9238a771873801e349\"},\"breadcrumb\":{\"@id\":\"https:\/\/challengeseconomiques.com\/?p=5747#breadcrumb\"},\"inLanguage\":\"fr-FR\",\"potentialAction\":[{\"@type\":\"ReadAction\",\"target\":[\"https:\/\/challengeseconomiques.com\/?p=5747\"]}]},{\"@type\":\"ImageObject\",\"inLanguage\":\"fr-FR\",\"@id\":\"https:\/\/challengeseconomiques.com\/?p=5747#primaryimage\",\"url\":\"https:\/\/challengeseconomiques.com\/wp-content\/uploads\/2023\/12\/sg.jpg\",\"contentUrl\":\"https:\/\/challengeseconomiques.com\/wp-content\/uploads\/2023\/12\/sg.jpg\",\"width\":1000,\"height\":750},{\"@type\":\"BreadcrumbList\",\"@id\":\"https:\/\/challengeseconomiques.com\/?p=5747#breadcrumb\",\"itemListElement\":[{\"@type\":\"ListItem\",\"position\":1,\"name\":\"Home\",\"item\":\"https:\/\/challengeseconomiques.com\/\"},{\"@type\":\"ListItem\",\"position\":2,\"name\":\"Soci\u00e9t\u00e9 G\u00e9n\u00e9rale annonce la cession de ses filiales au Burkina Faso et au Mozambique au groupe Vista\"}]},{\"@type\":\"WebSite\",\"@id\":\"https:\/\/challengeseconomiques.com\/#website\",\"url\":\"https:\/\/challengeseconomiques.com\/\",\"name\":\"challenges economiques\",\"description\":\"\",\"potentialAction\":[{\"@type\":\"SearchAction\",\"target\":{\"@type\":\"EntryPoint\",\"urlTemplate\":\"https:\/\/challengeseconomiques.com\/?s={search_term_string}\"},\"query-input\":{\"@type\":\"PropertyValueSpecification\",\"valueRequired\":true,\"valueName\":\"search_term_string\"}}],\"inLanguage\":\"fr-FR\"},{\"@type\":\"Person\",\"@id\":\"https:\/\/challengeseconomiques.com\/#\/schema\/person\/b4568c9afebc5a9238a771873801e349\",\"name\":\"admin\",\"image\":{\"@type\":\"ImageObject\",\"inLanguage\":\"fr-FR\",\"@id\":\"https:\/\/challengeseconomiques.com\/#\/schema\/person\/image\/\",\"url\":\"https:\/\/secure.gravatar.com\/avatar\/099e42240b5eea11acdb72751fcce0dd918603f0749d24974b7984ea47ed9fd9?s=96&d=mm&r=g\",\"contentUrl\":\"https:\/\/secure.gravatar.com\/avatar\/099e42240b5eea11acdb72751fcce0dd918603f0749d24974b7984ea47ed9fd9?s=96&d=mm&r=g\",\"caption\":\"admin\"},\"sameAs\":[\"https:\/\/challengeseconomiques.com\"],\"url\":\"https:\/\/challengeseconomiques.com\/?author=1\"}]}<\/script>\n<!-- \/ Yoast SEO plugin. -->","yoast_head_json":{"title":"Soci\u00e9t\u00e9 G\u00e9n\u00e9rale annonce la cession de ses filiales au Burkina Faso et au Mozambique au groupe Vista - challenges economiques","robots":{"index":"index","follow":"follow","max-snippet":"max-snippet:-1","max-image-preview":"max-image-preview:large","max-video-preview":"max-video-preview:-1"},"canonical":"https:\/\/challengeseconomiques.com\/?p=5747","og_locale":"fr_FR","og_type":"article","og_title":"Soci\u00e9t\u00e9 G\u00e9n\u00e9rale annonce la cession de ses filiales au Burkina Faso et au Mozambique au groupe Vista - challenges economiques","og_description":"\u00a0Alors que Soci\u00e9t\u00e9 G\u00e9n\u00e9rale continue la voilure en Afrique, le groupe panafricain dirig\u00e9 par le banquier burkinab\u00e9 Simon Tiemtor\u00e9 en profite pour augmenter son empreinte...","og_url":"https:\/\/challengeseconomiques.com\/?p=5747","og_site_name":"challenges economiques","article_published_time":"2023-12-07T11:42:14+00:00","article_modified_time":"2023-12-07T12:09:57+00:00","og_image":[{"width":1000,"height":750,"url":"https:\/\/challengeseconomiques.com\/wp-content\/uploads\/2023\/12\/sg.jpg","type":"image\/jpeg"}],"author":"admin","twitter_card":"summary_large_image","twitter_misc":{"\u00c9crit par":"admin","Dur\u00e9e de lecture estim\u00e9e":"2 minutes"},"schema":{"@context":"https:\/\/schema.org","@graph":[{"@type":"Article","@id":"https:\/\/challengeseconomiques.com\/?p=5747#article","isPartOf":{"@id":"https:\/\/challengeseconomiques.com\/?p=5747"},"author":{"name":"admin","@id":"https:\/\/challengeseconomiques.com\/#\/schema\/person\/b4568c9afebc5a9238a771873801e349"},"headline":"Soci\u00e9t\u00e9 G\u00e9n\u00e9rale annonce la cession de ses filiales au Burkina Faso et au Mozambique au groupe Vista","datePublished":"2023-12-07T11:42:14+00:00","dateModified":"2023-12-07T12:09:57+00:00","mainEntityOfPage":{"@id":"https:\/\/challengeseconomiques.com\/?p=5747"},"wordCount":505,"image":{"@id":"https:\/\/challengeseconomiques.com\/?p=5747#primaryimage"},"thumbnailUrl":"https:\/\/challengeseconomiques.com\/wp-content\/uploads\/2023\/12\/sg.jpg","articleSection":["Actualit\u00e9 \u00e9conomique","Infos \u00e9co"],"inLanguage":"fr-FR"},{"@type":"WebPage","@id":"https:\/\/challengeseconomiques.com\/?p=5747","url":"https:\/\/challengeseconomiques.com\/?p=5747","name":"Soci\u00e9t\u00e9 G\u00e9n\u00e9rale annonce la cession de ses filiales au Burkina Faso et au Mozambique au groupe Vista - challenges economiques","isPartOf":{"@id":"https:\/\/challengeseconomiques.com\/#website"},"primaryImageOfPage":{"@id":"https:\/\/challengeseconomiques.com\/?p=5747#primaryimage"},"image":{"@id":"https:\/\/challengeseconomiques.com\/?p=5747#primaryimage"},"thumbnailUrl":"https:\/\/challengeseconomiques.com\/wp-content\/uploads\/2023\/12\/sg.jpg","datePublished":"2023-12-07T11:42:14+00:00","dateModified":"2023-12-07T12:09:57+00:00","author":{"@id":"https:\/\/challengeseconomiques.com\/#\/schema\/person\/b4568c9afebc5a9238a771873801e349"},"breadcrumb":{"@id":"https:\/\/challengeseconomiques.com\/?p=5747#breadcrumb"},"inLanguage":"fr-FR","potentialAction":[{"@type":"ReadAction","target":["https:\/\/challengeseconomiques.com\/?p=5747"]}]},{"@type":"ImageObject","inLanguage":"fr-FR","@id":"https:\/\/challengeseconomiques.com\/?p=5747#primaryimage","url":"https:\/\/challengeseconomiques.com\/wp-content\/uploads\/2023\/12\/sg.jpg","contentUrl":"https:\/\/challengeseconomiques.com\/wp-content\/uploads\/2023\/12\/sg.jpg","width":1000,"height":750},{"@type":"BreadcrumbList","@id":"https:\/\/challengeseconomiques.com\/?p=5747#breadcrumb","itemListElement":[{"@type":"ListItem","position":1,"name":"Home","item":"https:\/\/challengeseconomiques.com\/"},{"@type":"ListItem","position":2,"name":"Soci\u00e9t\u00e9 G\u00e9n\u00e9rale annonce la cession de ses filiales au Burkina Faso et au Mozambique au groupe Vista"}]},{"@type":"WebSite","@id":"https:\/\/challengeseconomiques.com\/#website","url":"https:\/\/challengeseconomiques.com\/","name":"challenges economiques","description":"","potentialAction":[{"@type":"SearchAction","target":{"@type":"EntryPoint","urlTemplate":"https:\/\/challengeseconomiques.com\/?s={search_term_string}"},"query-input":{"@type":"PropertyValueSpecification","valueRequired":true,"valueName":"search_term_string"}}],"inLanguage":"fr-FR"},{"@type":"Person","@id":"https:\/\/challengeseconomiques.com\/#\/schema\/person\/b4568c9afebc5a9238a771873801e349","name":"admin","image":{"@type":"ImageObject","inLanguage":"fr-FR","@id":"https:\/\/challengeseconomiques.com\/#\/schema\/person\/image\/","url":"https:\/\/secure.gravatar.com\/avatar\/099e42240b5eea11acdb72751fcce0dd918603f0749d24974b7984ea47ed9fd9?s=96&d=mm&r=g","contentUrl":"https:\/\/secure.gravatar.com\/avatar\/099e42240b5eea11acdb72751fcce0dd918603f0749d24974b7984ea47ed9fd9?s=96&d=mm&r=g","caption":"admin"},"sameAs":["https:\/\/challengeseconomiques.com"],"url":"https:\/\/challengeseconomiques.com\/?author=1"}]}},"jetpack_featured_media_url":"https:\/\/challengeseconomiques.com\/wp-content\/uploads\/2023\/12\/sg.jpg","jetpack_sharing_enabled":true,"_links":{"self":[{"href":"https:\/\/challengeseconomiques.com\/index.php?rest_route=\/wp\/v2\/posts\/5747","targetHints":{"allow":["GET"]}}],"collection":[{"href":"https:\/\/challengeseconomiques.com\/index.php?rest_route=\/wp\/v2\/posts"}],"about":[{"href":"https:\/\/challengeseconomiques.com\/index.php?rest_route=\/wp\/v2\/types\/post"}],"author":[{"embeddable":true,"href":"https:\/\/challengeseconomiques.com\/index.php?rest_route=\/wp\/v2\/users\/1"}],"replies":[{"embeddable":true,"href":"https:\/\/challengeseconomiques.com\/index.php?rest_route=%2Fwp%2Fv2%2Fcomments&post=5747"}],"version-history":[{"count":1,"href":"https:\/\/challengeseconomiques.com\/index.php?rest_route=\/wp\/v2\/posts\/5747\/revisions"}],"predecessor-version":[{"id":5749,"href":"https:\/\/challengeseconomiques.com\/index.php?rest_route=\/wp\/v2\/posts\/5747\/revisions\/5749"}],"wp:featuredmedia":[{"embeddable":true,"href":"https:\/\/challengeseconomiques.com\/index.php?rest_route=\/wp\/v2\/media\/5748"}],"wp:attachment":[{"href":"https:\/\/challengeseconomiques.com\/index.php?rest_route=%2Fwp%2Fv2%2Fmedia&parent=5747"}],"wp:term":[{"taxonomy":"category","embeddable":true,"href":"https:\/\/challengeseconomiques.com\/index.php?rest_route=%2Fwp%2Fv2%2Fcategories&post=5747"},{"taxonomy":"post_tag","embeddable":true,"href":"https:\/\/challengeseconomiques.com\/index.php?rest_route=%2Fwp%2Fv2%2Ftags&post=5747"}],"curies":[{"name":"wp","href":"https:\/\/api.w.org\/{rel}","templated":true}]}}