{"id":5745,"date":"2023-12-06T22:05:26","date_gmt":"2023-12-06T22:05:26","guid":{"rendered":"https:\/\/challengeseconomiques.com\/?p=5745"},"modified":"2023-12-06T21:08:52","modified_gmt":"2023-12-06T21:08:52","slug":"la-bceao-fixe-son-taux-directeur-a-350-avec-une-hausse-de-025-point","status":"publish","type":"post","link":"https:\/\/challengeseconomiques.com\/?p=5745","title":{"rendered":"La BCEAO fixe son taux directeur \u00e0 3,50 %, avec une hausse de 0,25 point"},"content":{"rendered":"<p><strong> Jean-Claude Kassi Brou,gouverneur de la BCEAO<\/strong><\/p>\n<p><strong>La Banque centrale des \u00c9tats de l\u2019Afrique de l\u2019Ouest (BCEAO) a d\u00e9clar\u00e9, mercredi, \u00e0 Dakar, avoir d\u00e9cid\u00e9 de relever de 0,25 point son taux directeur, celui auquel elle pr\u00eate ses ressources aux banques commerciales, \u00e0 partir du 16 d\u00e9cembre prochain.<\/strong><\/p>\n<p>Le but de cette d\u00e9cision est d\u2019\u2018\u2019anticiper\u2019\u2019 et de \u2018\u2019contenir l\u2019impact des risques\u2019\u2019 \u00e9conomiques, a expliqu\u00e9 le gouverneur de la BCEAO, Jean-Claude Kassi Brou, lors d\u2019une conf\u00e9rence de presse\u00a0 donn\u00e9e \u00e0 la suite d\u2019une r\u00e9union du comit\u00e9 de politique mon\u00e9taire (CPM) de l\u2019institution financi\u00e8re.<\/p>\n<p>\u2018\u2019Le principal taux directeur, auquel la BCEAO pr\u00eatera ses ressources aux banques passera de 3,25 \u00e0 3,50 %\u2019\u2019, a pr\u00e9cis\u00e9 M. Brou.<\/p>\n<p>Le coefficient des r\u00e9serves obligatoires est maintenu \u00e0 3,0 %, selon le comit\u00e9 de politique mon\u00e9taire. Ce coefficient d\u00e9signe la proportion des d\u00e9p\u00f4ts de la client\u00e8le et des cr\u00e9dits que les banques sont tenues de conserver \u00e0 la banque centrale.<\/p>\n<p>\u2018\u2019Cette d\u00e9cision (le rel\u00e8vement du taux directeur) survient dans un contexte o\u00f9 les risques d\u2019un retour des tensions inflationnistes sont en hausse, en lien avec la mont\u00e9e des incertitudes, tant au niveau international que r\u00e9gional\u2019\u2019, a expliqu\u00e9 Jean-Claude Kassi Brou.<\/p>\n<p>La hausse du taux directeur et le maintien \u00e0 son niveau actuel du coefficient des r\u00e9serves obligatoires tiennent \u00e9galement compte \u2018\u2019des tensions sur les comptes ext\u00e9rieurs de l\u2019Union\u2019\u2019, les huit membres de la BCEAO.<\/p>\n<p>La banque centrale s\u2019attend \u00e0 un taux de croissance \u00e9conomique de 5,7 % pour l\u2019Union \u00e9conomique et mon\u00e9taire ouest-africaine, soit le m\u00eame taux qu\u2019en 2022, contre 6,1 % en 2021.<\/p>\n<p><strong>\u2018\u2019Soutenir l\u2019activit\u00e9 \u00e9conomique de l\u2019Union\u2019\u2019<\/strong><\/p>\n<p>\u2018\u2019L\u2019activit\u00e9 \u00e9conomique au sein de l\u2019Union a maintenu la dynamique de progression au troisi\u00e8me trimestre 2023, laissant augurer pour l\u2019ensemble de l\u2019ann\u00e9e 2023 une croissance \u00e9conomique projet\u00e9e \u00e0 5,7 %\u2019\u2019, a expliqu\u00e9 le pr\u00e9sident du CPM et gouverneur de la BCEAO.<\/p>\n<p>Le taux d\u2019inflation annuel devrait \u00eatre de 3,7 % au terme de l\u2019ann\u00e9e 2023. Il \u00e9tait de 7,4 % en 2022.<\/p>\n<p>\u2018\u2019Les cr\u00e9dits \u00e0 l\u2019\u00e9conomie continuent d\u2019\u00e9voluer \u00e0 un rythme soutenu, enregistrant une progression de 13,9 % en rythme annuel \u00e0 fin septembre 2023, apr\u00e8s 16,2 % \u00e0 la fin juin 2023\u2019\u2019, indique la Banque centrale des \u00c9tats de l\u2019Afrique de l\u2019Ouest.<\/p>\n<p>Le rythme de progression des cr\u00e9dits accord\u00e9s aux entreprises priv\u00e9es est de 15,0 %, apr\u00e8s une hausse de 18,9% au trimestre pr\u00e9c\u00e9dent, selon la BCEAO.<\/p>\n<p>Les cr\u00e9dits octroy\u00e9s aux m\u00e9nages ont augment\u00e9 de 9,8 %, apr\u00e8s une hausse de 11,3 % trois mois plus t\u00f4t, selon le gouverneur de la banque centrale. \u2018\u2019Cette \u00e9volution permet de soutenir l\u2019activit\u00e9 \u00e9conomique de l\u2019Union.\u2019\u2019<\/p>\n<p>M. Brou assure que \u2018\u2019le comit\u00e9 de politique mon\u00e9taire prendra, si cela est n\u00e9cessaire, les mesures idoines pour assurer la stabilit\u00e9 mon\u00e9taire de la zone contre les risques qui entourent les perspectives macro\u00e9conomiques\u2019\u2019.<\/p>\n<p><strong>(APS)<\/strong><\/p>\n","protected":false},"excerpt":{"rendered":"<p>Jean-Claude Kassi Brou,gouverneur de la BCEAO La Banque centrale des \u00c9tats de l\u2019Afrique de l\u2019Ouest (BCEAO) a d\u00e9clar\u00e9, mercredi, \u00e0 Dakar, avoir d\u00e9cid\u00e9 de relever&#8230;<\/p>\n","protected":false},"author":1,"featured_media":4367,"comment_status":"closed","ping_status":"open","sticky":false,"template":"","format":"standard","meta":{"_jetpack_memberships_contains_paid_content":false,"footnotes":""},"categories":[23,8,10],"tags":[],"class_list":["post-5745","post","type-post","status-publish","format-standard","has-post-thumbnail","hentry","category-a-la-une","category-actualite-economique","category-infos-eco","wpcat-23-id","wpcat-8-id","wpcat-10-id"],"yoast_head":"<!-- This site is optimized with the Yoast SEO plugin v27.1.1 - https:\/\/yoast.com\/product\/yoast-seo-wordpress\/ -->\n<title>La BCEAO fixe son taux directeur \u00e0 3,50 %, avec une hausse de 0,25 point - challenges economiques<\/title>\n<meta name=\"robots\" content=\"index, follow, max-snippet:-1, max-image-preview:large, max-video-preview:-1\" \/>\n<link rel=\"canonical\" href=\"https:\/\/challengeseconomiques.com\/?p=5745\" \/>\n<meta property=\"og:locale\" content=\"fr_FR\" \/>\n<meta property=\"og:type\" content=\"article\" \/>\n<meta property=\"og:title\" content=\"La BCEAO fixe son taux directeur \u00e0 3,50 %, avec une hausse de 0,25 point - challenges economiques\" \/>\n<meta property=\"og:description\" content=\"Jean-Claude Kassi Brou,gouverneur de la BCEAO La Banque centrale des \u00c9tats de l\u2019Afrique de l\u2019Ouest (BCEAO) a d\u00e9clar\u00e9, mercredi, \u00e0 Dakar, avoir d\u00e9cid\u00e9 de relever...\" \/>\n<meta property=\"og:url\" content=\"https:\/\/challengeseconomiques.com\/?p=5745\" \/>\n<meta property=\"og:site_name\" content=\"challenges economiques\" \/>\n<meta property=\"article:published_time\" content=\"2023-12-06T22:05:26+00:00\" \/>\n<meta property=\"og:image\" content=\"https:\/\/challengeseconomiques.com\/wp-content\/uploads\/2022\/12\/Jean-Claude-Kassi-Brou-gouverneur-BCEAO-770x470-1.webp\" \/>\n\t<meta property=\"og:image:width\" content=\"770\" \/>\n\t<meta property=\"og:image:height\" content=\"470\" \/>\n\t<meta property=\"og:image:type\" content=\"image\/webp\" \/>\n<meta name=\"author\" content=\"admin\" \/>\n<meta name=\"twitter:card\" content=\"summary_large_image\" \/>\n<meta name=\"twitter:label1\" content=\"\u00c9crit par\" \/>\n\t<meta name=\"twitter:data1\" content=\"admin\" \/>\n\t<meta name=\"twitter:label2\" content=\"Dur\u00e9e de lecture estim\u00e9e\" \/>\n\t<meta name=\"twitter:data2\" content=\"2 minutes\" \/>\n<script type=\"application\/ld+json\" class=\"yoast-schema-graph\">{\"@context\":\"https:\/\/schema.org\",\"@graph\":[{\"@type\":\"Article\",\"@id\":\"https:\/\/challengeseconomiques.com\/?p=5745#article\",\"isPartOf\":{\"@id\":\"https:\/\/challengeseconomiques.com\/?p=5745\"},\"author\":{\"name\":\"admin\",\"@id\":\"https:\/\/challengeseconomiques.com\/#\/schema\/person\/b4568c9afebc5a9238a771873801e349\"},\"headline\":\"La BCEAO fixe son taux directeur \u00e0 3,50 %, avec une hausse de 0,25 point\",\"datePublished\":\"2023-12-06T22:05:26+00:00\",\"mainEntityOfPage\":{\"@id\":\"https:\/\/challengeseconomiques.com\/?p=5745\"},\"wordCount\":497,\"image\":{\"@id\":\"https:\/\/challengeseconomiques.com\/?p=5745#primaryimage\"},\"thumbnailUrl\":\"https:\/\/challengeseconomiques.com\/wp-content\/uploads\/2022\/12\/Jean-Claude-Kassi-Brou-gouverneur-BCEAO-770x470-1.webp\",\"articleSection\":[\"A la une\",\"Actualit\u00e9 \u00e9conomique\",\"Infos \u00e9co\"],\"inLanguage\":\"fr-FR\"},{\"@type\":\"WebPage\",\"@id\":\"https:\/\/challengeseconomiques.com\/?p=5745\",\"url\":\"https:\/\/challengeseconomiques.com\/?p=5745\",\"name\":\"La BCEAO fixe son taux directeur \u00e0 3,50 %, avec une hausse de 0,25 point - challenges economiques\",\"isPartOf\":{\"@id\":\"https:\/\/challengeseconomiques.com\/#website\"},\"primaryImageOfPage\":{\"@id\":\"https:\/\/challengeseconomiques.com\/?p=5745#primaryimage\"},\"image\":{\"@id\":\"https:\/\/challengeseconomiques.com\/?p=5745#primaryimage\"},\"thumbnailUrl\":\"https:\/\/challengeseconomiques.com\/wp-content\/uploads\/2022\/12\/Jean-Claude-Kassi-Brou-gouverneur-BCEAO-770x470-1.webp\",\"datePublished\":\"2023-12-06T22:05:26+00:00\",\"author\":{\"@id\":\"https:\/\/challengeseconomiques.com\/#\/schema\/person\/b4568c9afebc5a9238a771873801e349\"},\"breadcrumb\":{\"@id\":\"https:\/\/challengeseconomiques.com\/?p=5745#breadcrumb\"},\"inLanguage\":\"fr-FR\",\"potentialAction\":[{\"@type\":\"ReadAction\",\"target\":[\"https:\/\/challengeseconomiques.com\/?p=5745\"]}]},{\"@type\":\"ImageObject\",\"inLanguage\":\"fr-FR\",\"@id\":\"https:\/\/challengeseconomiques.com\/?p=5745#primaryimage\",\"url\":\"https:\/\/challengeseconomiques.com\/wp-content\/uploads\/2022\/12\/Jean-Claude-Kassi-Brou-gouverneur-BCEAO-770x470-1.webp\",\"contentUrl\":\"https:\/\/challengeseconomiques.com\/wp-content\/uploads\/2022\/12\/Jean-Claude-Kassi-Brou-gouverneur-BCEAO-770x470-1.webp\",\"width\":770,\"height\":470},{\"@type\":\"BreadcrumbList\",\"@id\":\"https:\/\/challengeseconomiques.com\/?p=5745#breadcrumb\",\"itemListElement\":[{\"@type\":\"ListItem\",\"position\":1,\"name\":\"Home\",\"item\":\"https:\/\/challengeseconomiques.com\/\"},{\"@type\":\"ListItem\",\"position\":2,\"name\":\"La BCEAO fixe son taux directeur \u00e0 3,50 %, avec une hausse de 0,25 point\"}]},{\"@type\":\"WebSite\",\"@id\":\"https:\/\/challengeseconomiques.com\/#website\",\"url\":\"https:\/\/challengeseconomiques.com\/\",\"name\":\"challenges economiques\",\"description\":\"\",\"potentialAction\":[{\"@type\":\"SearchAction\",\"target\":{\"@type\":\"EntryPoint\",\"urlTemplate\":\"https:\/\/challengeseconomiques.com\/?s={search_term_string}\"},\"query-input\":{\"@type\":\"PropertyValueSpecification\",\"valueRequired\":true,\"valueName\":\"search_term_string\"}}],\"inLanguage\":\"fr-FR\"},{\"@type\":\"Person\",\"@id\":\"https:\/\/challengeseconomiques.com\/#\/schema\/person\/b4568c9afebc5a9238a771873801e349\",\"name\":\"admin\",\"image\":{\"@type\":\"ImageObject\",\"inLanguage\":\"fr-FR\",\"@id\":\"https:\/\/challengeseconomiques.com\/#\/schema\/person\/image\/\",\"url\":\"https:\/\/secure.gravatar.com\/avatar\/099e42240b5eea11acdb72751fcce0dd918603f0749d24974b7984ea47ed9fd9?s=96&d=mm&r=g\",\"contentUrl\":\"https:\/\/secure.gravatar.com\/avatar\/099e42240b5eea11acdb72751fcce0dd918603f0749d24974b7984ea47ed9fd9?s=96&d=mm&r=g\",\"caption\":\"admin\"},\"sameAs\":[\"https:\/\/challengeseconomiques.com\"],\"url\":\"https:\/\/challengeseconomiques.com\/?author=1\"}]}<\/script>\n<!-- \/ Yoast SEO plugin. -->","yoast_head_json":{"title":"La BCEAO fixe son taux directeur \u00e0 3,50 %, avec une hausse de 0,25 point - challenges economiques","robots":{"index":"index","follow":"follow","max-snippet":"max-snippet:-1","max-image-preview":"max-image-preview:large","max-video-preview":"max-video-preview:-1"},"canonical":"https:\/\/challengeseconomiques.com\/?p=5745","og_locale":"fr_FR","og_type":"article","og_title":"La BCEAO fixe son taux directeur \u00e0 3,50 %, avec une hausse de 0,25 point - challenges economiques","og_description":"Jean-Claude Kassi Brou,gouverneur de la BCEAO La Banque centrale des \u00c9tats de l\u2019Afrique de l\u2019Ouest (BCEAO) a d\u00e9clar\u00e9, mercredi, \u00e0 Dakar, avoir d\u00e9cid\u00e9 de relever...","og_url":"https:\/\/challengeseconomiques.com\/?p=5745","og_site_name":"challenges economiques","article_published_time":"2023-12-06T22:05:26+00:00","og_image":[{"width":770,"height":470,"url":"https:\/\/challengeseconomiques.com\/wp-content\/uploads\/2022\/12\/Jean-Claude-Kassi-Brou-gouverneur-BCEAO-770x470-1.webp","type":"image\/webp"}],"author":"admin","twitter_card":"summary_large_image","twitter_misc":{"\u00c9crit par":"admin","Dur\u00e9e de lecture estim\u00e9e":"2 minutes"},"schema":{"@context":"https:\/\/schema.org","@graph":[{"@type":"Article","@id":"https:\/\/challengeseconomiques.com\/?p=5745#article","isPartOf":{"@id":"https:\/\/challengeseconomiques.com\/?p=5745"},"author":{"name":"admin","@id":"https:\/\/challengeseconomiques.com\/#\/schema\/person\/b4568c9afebc5a9238a771873801e349"},"headline":"La BCEAO fixe son taux directeur \u00e0 3,50 %, avec une hausse de 0,25 point","datePublished":"2023-12-06T22:05:26+00:00","mainEntityOfPage":{"@id":"https:\/\/challengeseconomiques.com\/?p=5745"},"wordCount":497,"image":{"@id":"https:\/\/challengeseconomiques.com\/?p=5745#primaryimage"},"thumbnailUrl":"https:\/\/challengeseconomiques.com\/wp-content\/uploads\/2022\/12\/Jean-Claude-Kassi-Brou-gouverneur-BCEAO-770x470-1.webp","articleSection":["A la une","Actualit\u00e9 \u00e9conomique","Infos \u00e9co"],"inLanguage":"fr-FR"},{"@type":"WebPage","@id":"https:\/\/challengeseconomiques.com\/?p=5745","url":"https:\/\/challengeseconomiques.com\/?p=5745","name":"La BCEAO fixe son taux directeur \u00e0 3,50 %, avec une hausse de 0,25 point - challenges economiques","isPartOf":{"@id":"https:\/\/challengeseconomiques.com\/#website"},"primaryImageOfPage":{"@id":"https:\/\/challengeseconomiques.com\/?p=5745#primaryimage"},"image":{"@id":"https:\/\/challengeseconomiques.com\/?p=5745#primaryimage"},"thumbnailUrl":"https:\/\/challengeseconomiques.com\/wp-content\/uploads\/2022\/12\/Jean-Claude-Kassi-Brou-gouverneur-BCEAO-770x470-1.webp","datePublished":"2023-12-06T22:05:26+00:00","author":{"@id":"https:\/\/challengeseconomiques.com\/#\/schema\/person\/b4568c9afebc5a9238a771873801e349"},"breadcrumb":{"@id":"https:\/\/challengeseconomiques.com\/?p=5745#breadcrumb"},"inLanguage":"fr-FR","potentialAction":[{"@type":"ReadAction","target":["https:\/\/challengeseconomiques.com\/?p=5745"]}]},{"@type":"ImageObject","inLanguage":"fr-FR","@id":"https:\/\/challengeseconomiques.com\/?p=5745#primaryimage","url":"https:\/\/challengeseconomiques.com\/wp-content\/uploads\/2022\/12\/Jean-Claude-Kassi-Brou-gouverneur-BCEAO-770x470-1.webp","contentUrl":"https:\/\/challengeseconomiques.com\/wp-content\/uploads\/2022\/12\/Jean-Claude-Kassi-Brou-gouverneur-BCEAO-770x470-1.webp","width":770,"height":470},{"@type":"BreadcrumbList","@id":"https:\/\/challengeseconomiques.com\/?p=5745#breadcrumb","itemListElement":[{"@type":"ListItem","position":1,"name":"Home","item":"https:\/\/challengeseconomiques.com\/"},{"@type":"ListItem","position":2,"name":"La BCEAO fixe son taux directeur \u00e0 3,50 %, avec une hausse de 0,25 point"}]},{"@type":"WebSite","@id":"https:\/\/challengeseconomiques.com\/#website","url":"https:\/\/challengeseconomiques.com\/","name":"challenges economiques","description":"","potentialAction":[{"@type":"SearchAction","target":{"@type":"EntryPoint","urlTemplate":"https:\/\/challengeseconomiques.com\/?s={search_term_string}"},"query-input":{"@type":"PropertyValueSpecification","valueRequired":true,"valueName":"search_term_string"}}],"inLanguage":"fr-FR"},{"@type":"Person","@id":"https:\/\/challengeseconomiques.com\/#\/schema\/person\/b4568c9afebc5a9238a771873801e349","name":"admin","image":{"@type":"ImageObject","inLanguage":"fr-FR","@id":"https:\/\/challengeseconomiques.com\/#\/schema\/person\/image\/","url":"https:\/\/secure.gravatar.com\/avatar\/099e42240b5eea11acdb72751fcce0dd918603f0749d24974b7984ea47ed9fd9?s=96&d=mm&r=g","contentUrl":"https:\/\/secure.gravatar.com\/avatar\/099e42240b5eea11acdb72751fcce0dd918603f0749d24974b7984ea47ed9fd9?s=96&d=mm&r=g","caption":"admin"},"sameAs":["https:\/\/challengeseconomiques.com"],"url":"https:\/\/challengeseconomiques.com\/?author=1"}]}},"jetpack_featured_media_url":"https:\/\/challengeseconomiques.com\/wp-content\/uploads\/2022\/12\/Jean-Claude-Kassi-Brou-gouverneur-BCEAO-770x470-1.webp","jetpack_sharing_enabled":true,"_links":{"self":[{"href":"https:\/\/challengeseconomiques.com\/index.php?rest_route=\/wp\/v2\/posts\/5745","targetHints":{"allow":["GET"]}}],"collection":[{"href":"https:\/\/challengeseconomiques.com\/index.php?rest_route=\/wp\/v2\/posts"}],"about":[{"href":"https:\/\/challengeseconomiques.com\/index.php?rest_route=\/wp\/v2\/types\/post"}],"author":[{"embeddable":true,"href":"https:\/\/challengeseconomiques.com\/index.php?rest_route=\/wp\/v2\/users\/1"}],"replies":[{"embeddable":true,"href":"https:\/\/challengeseconomiques.com\/index.php?rest_route=%2Fwp%2Fv2%2Fcomments&post=5745"}],"version-history":[{"count":1,"href":"https:\/\/challengeseconomiques.com\/index.php?rest_route=\/wp\/v2\/posts\/5745\/revisions"}],"predecessor-version":[{"id":5746,"href":"https:\/\/challengeseconomiques.com\/index.php?rest_route=\/wp\/v2\/posts\/5745\/revisions\/5746"}],"wp:featuredmedia":[{"embeddable":true,"href":"https:\/\/challengeseconomiques.com\/index.php?rest_route=\/wp\/v2\/media\/4367"}],"wp:attachment":[{"href":"https:\/\/challengeseconomiques.com\/index.php?rest_route=%2Fwp%2Fv2%2Fmedia&parent=5745"}],"wp:term":[{"taxonomy":"category","embeddable":true,"href":"https:\/\/challengeseconomiques.com\/index.php?rest_route=%2Fwp%2Fv2%2Fcategories&post=5745"},{"taxonomy":"post_tag","embeddable":true,"href":"https:\/\/challengeseconomiques.com\/index.php?rest_route=%2Fwp%2Fv2%2Ftags&post=5745"}],"curies":[{"name":"wp","href":"https:\/\/api.w.org\/{rel}","templated":true}]}}