{"id":5732,"date":"2023-12-05T15:28:02","date_gmt":"2023-12-05T15:28:02","guid":{"rendered":"https:\/\/challengeseconomiques.com\/?p=5732"},"modified":"2023-12-05T15:28:27","modified_gmt":"2023-12-05T15:28:27","slug":"le-mali-mobilise-25-milliards-de-recettes-sur-les-9-premiers-mois-de-2023-gouvernement","status":"publish","type":"post","link":"https:\/\/challengeseconomiques.com\/?p=5732","title":{"rendered":"Le Mali mobilise 2,5 milliards $ de recettes sur les 9 premiers mois de 2023 (gouvernement)"},"content":{"rendered":"<p class=\"texte textearticle\"><strong>\u00a0En juillet, le Mali a r\u00e9vis\u00e9 son budget 2023 augmentant de 175,3 millions $ les pr\u00e9visions de recettes. Les autorit\u00e9s expliquent cette hausse par l\u2019encaissement de recettes exceptionnelles et des d\u00e9penses suppl\u00e9mentaires en mati\u00e8re de s\u00e9curisation du territoire national.<\/strong><\/p>\n<p class=\"texte textearticle\">Dans le rapport d\u2019ex\u00e9cution de son budget pour l\u2019ann\u00e9e 2023, le gouvernement du Mali indique \u00eatre parvenu \u00e0 mobiliser 1\u00a0507,143 milliards FCFA (2,5 milliards\u00a0$) au terme des 9 premiers mois de l\u2019ann\u00e9e, contre 1\u00a0188,450 milliards de FCFA (1,96 milliard\u00a0$) pour la m\u00eame p\u00e9riode en 2022. Cette mobilisation repr\u00e9sente un taux de r\u00e9alisation de 71,37% par rapport aux 2\u00a0304,475 milliards FCFA projet\u00e9s dans le budget r\u00e9vis\u00e9 2023.<\/p>\n<p class=\"texte textearticle\">Ce niveau de mobilisation des ressources a \u00e9t\u00e9 port\u00e9 par la Direction des imp\u00f4ts, qui a rapport\u00e9 835 milliards FCFA, suivie de la Direction des douanes qui a contribu\u00e9 \u00e0 hauteur de 553,1 milliards FCFA. Bien que ce pays du Sahel connaisse une crise s\u00e9curitaire aliment\u00e9e par les groupes arm\u00e9s terroristes dans le nord, son \u00e9conomie affiche une r\u00e9silience face aux chocs endog\u00e8nes et exog\u00e8nes.<\/p>\n<p class=\"texte textearticle\">Les autorit\u00e9s maliennes estiment que \u00ab\u00a0<em>le niveau d\u2019ex\u00e9cution affiche une relative ma\u00eetrise du d\u00e9ficit budg\u00e9taire, toute chose qui a permis de contenir les besoins de financement en de\u00e7\u00e0 des ressources mobilis\u00e9es<\/em>\u00a0\u00bb. En effet, les besoins de financement \u00e9valu\u00e9s \u00e0 709,356 milliards FCFA (1,17 milliard\u00a0$), ont \u00e9t\u00e9 int\u00e9gralement couverts par les ressources de financement mobilis\u00e9es \u00e0 hauteur de 967,060 milliards FCFA \u00e0 fin septembre 2023, souligne le rapport.<\/p>\n<p class=\"texte textearticle\">M\u00eame si le budget pr\u00e9sente une certaine forme d\u2019\u00e9quilibre, la structure des d\u00e9penses fait ressortir une affectation majoritaire des ressources mobilis\u00e9es \u00e0 la consommation. A un peu plus de 732 milliards FCFA, les d\u00e9penses du personnel repr\u00e9sentent \u00e0 elles seules 43,6% du total des d\u00e9penses engag\u00e9es. La deuxi\u00e8me cat\u00e9gorie de d\u00e9penses est celle relative aux biens et services (28,8%). Dans un pays qui fait face \u00e0 des d\u00e9fis s\u00e9curitaires, les minist\u00e8res y relatifs ont b\u00e9n\u00e9fici\u00e9 de la plus grande part des engagements liquid\u00e9s (436 milliards FCFA). Toutefois le portefeuille de l\u2019\u00e9ducation reste le premier poste de d\u00e9penses par minist\u00e8re (328,7 milliards FCFA).<\/p>\n<p class=\"texte textearticle\">Pour rappel, en juillet dernier, le Mali a adopt\u00e9 une loi de Finances rectificative pr\u00e9sentant une hausse de 4,75% des recettes pour l\u2019exercice budg\u00e9taire 2023. Selon le gouvernement, cette rectification du budget 2023 tenait compte entre autres \u00ab\u00a0<em>de nouvelles annonces d\u2019appui budg\u00e9taire et de l\u2019encaissement de recettes exceptionnelles, des d\u00e9penses suppl\u00e9mentaires en mati\u00e8re de charges salariales, de s\u00e9curisation du territoire national et de soutien \u00e0 l\u2019\u00e9conomie\u00a0\u00bb<\/em>.<\/p>\n<p><strong>(Agence Ecofin)<br \/>\n<\/strong><\/p>\n<p class=\"texte textearticle\">\n","protected":false},"excerpt":{"rendered":"<p>\u00a0En juillet, le Mali a r\u00e9vis\u00e9 son budget 2023 augmentant de 175,3 millions $ les pr\u00e9visions de recettes. Les autorit\u00e9s expliquent cette hausse par l\u2019encaissement&#8230;<\/p>\n","protected":false},"author":1,"featured_media":4214,"comment_status":"closed","ping_status":"open","sticky":false,"template":"","format":"standard","meta":{"_jetpack_memberships_contains_paid_content":false,"footnotes":""},"categories":[8,10],"tags":[],"class_list":["post-5732","post","type-post","status-publish","format-standard","has-post-thumbnail","hentry","category-actualite-economique","category-infos-eco","wpcat-8-id","wpcat-10-id"],"yoast_head":"<!-- This site is optimized with the Yoast SEO plugin v27.1.1 - https:\/\/yoast.com\/product\/yoast-seo-wordpress\/ -->\n<title>Le Mali mobilise 2,5 milliards $ de recettes sur les 9 premiers mois de 2023 (gouvernement) - challenges economiques<\/title>\n<meta name=\"robots\" content=\"index, follow, max-snippet:-1, max-image-preview:large, max-video-preview:-1\" \/>\n<link rel=\"canonical\" href=\"https:\/\/challengeseconomiques.com\/?p=5732\" \/>\n<meta property=\"og:locale\" content=\"fr_FR\" \/>\n<meta property=\"og:type\" content=\"article\" \/>\n<meta property=\"og:title\" content=\"Le Mali mobilise 2,5 milliards $ de recettes sur les 9 premiers mois de 2023 (gouvernement) - challenges economiques\" \/>\n<meta property=\"og:description\" content=\"\u00a0En juillet, le Mali a r\u00e9vis\u00e9 son budget 2023 augmentant de 175,3 millions $ les pr\u00e9visions de recettes. Les autorit\u00e9s expliquent cette hausse par l\u2019encaissement...\" \/>\n<meta property=\"og:url\" content=\"https:\/\/challengeseconomiques.com\/?p=5732\" \/>\n<meta property=\"og:site_name\" content=\"challenges economiques\" \/>\n<meta property=\"article:published_time\" content=\"2023-12-05T15:28:02+00:00\" \/>\n<meta property=\"article:modified_time\" content=\"2023-12-05T15:28:27+00:00\" \/>\n<meta property=\"og:image\" content=\"https:\/\/challengeseconomiques.com\/wp-content\/uploads\/2022\/11\/malia.jpg\" \/>\n\t<meta property=\"og:image:width\" content=\"612\" \/>\n\t<meta property=\"og:image:height\" content=\"392\" \/>\n\t<meta property=\"og:image:type\" content=\"image\/jpeg\" \/>\n<meta name=\"author\" content=\"admin\" \/>\n<meta name=\"twitter:card\" content=\"summary_large_image\" \/>\n<meta name=\"twitter:label1\" content=\"\u00c9crit par\" \/>\n\t<meta name=\"twitter:data1\" content=\"admin\" \/>\n\t<meta name=\"twitter:label2\" content=\"Dur\u00e9e de lecture estim\u00e9e\" \/>\n\t<meta name=\"twitter:data2\" content=\"2 minutes\" \/>\n<script type=\"application\/ld+json\" class=\"yoast-schema-graph\">{\"@context\":\"https:\/\/schema.org\",\"@graph\":[{\"@type\":\"Article\",\"@id\":\"https:\/\/challengeseconomiques.com\/?p=5732#article\",\"isPartOf\":{\"@id\":\"https:\/\/challengeseconomiques.com\/?p=5732\"},\"author\":{\"name\":\"admin\",\"@id\":\"https:\/\/challengeseconomiques.com\/#\/schema\/person\/b4568c9afebc5a9238a771873801e349\"},\"headline\":\"Le Mali mobilise 2,5 milliards $ de recettes sur les 9 premiers mois de 2023 (gouvernement)\",\"datePublished\":\"2023-12-05T15:28:02+00:00\",\"dateModified\":\"2023-12-05T15:28:27+00:00\",\"mainEntityOfPage\":{\"@id\":\"https:\/\/challengeseconomiques.com\/?p=5732\"},\"wordCount\":452,\"image\":{\"@id\":\"https:\/\/challengeseconomiques.com\/?p=5732#primaryimage\"},\"thumbnailUrl\":\"https:\/\/challengeseconomiques.com\/wp-content\/uploads\/2022\/11\/malia.jpg\",\"articleSection\":[\"Actualit\u00e9 \u00e9conomique\",\"Infos \u00e9co\"],\"inLanguage\":\"fr-FR\"},{\"@type\":\"WebPage\",\"@id\":\"https:\/\/challengeseconomiques.com\/?p=5732\",\"url\":\"https:\/\/challengeseconomiques.com\/?p=5732\",\"name\":\"Le Mali mobilise 2,5 milliards $ de recettes sur les 9 premiers mois de 2023 (gouvernement) - challenges economiques\",\"isPartOf\":{\"@id\":\"https:\/\/challengeseconomiques.com\/#website\"},\"primaryImageOfPage\":{\"@id\":\"https:\/\/challengeseconomiques.com\/?p=5732#primaryimage\"},\"image\":{\"@id\":\"https:\/\/challengeseconomiques.com\/?p=5732#primaryimage\"},\"thumbnailUrl\":\"https:\/\/challengeseconomiques.com\/wp-content\/uploads\/2022\/11\/malia.jpg\",\"datePublished\":\"2023-12-05T15:28:02+00:00\",\"dateModified\":\"2023-12-05T15:28:27+00:00\",\"author\":{\"@id\":\"https:\/\/challengeseconomiques.com\/#\/schema\/person\/b4568c9afebc5a9238a771873801e349\"},\"breadcrumb\":{\"@id\":\"https:\/\/challengeseconomiques.com\/?p=5732#breadcrumb\"},\"inLanguage\":\"fr-FR\",\"potentialAction\":[{\"@type\":\"ReadAction\",\"target\":[\"https:\/\/challengeseconomiques.com\/?p=5732\"]}]},{\"@type\":\"ImageObject\",\"inLanguage\":\"fr-FR\",\"@id\":\"https:\/\/challengeseconomiques.com\/?p=5732#primaryimage\",\"url\":\"https:\/\/challengeseconomiques.com\/wp-content\/uploads\/2022\/11\/malia.jpg\",\"contentUrl\":\"https:\/\/challengeseconomiques.com\/wp-content\/uploads\/2022\/11\/malia.jpg\",\"width\":612,\"height\":392,\"caption\":\"A view of the headquarters of the BCEAO from the Niger River. Image taken by Aliou Hasseye. Bamako, Mali, March 8, 2019\"},{\"@type\":\"BreadcrumbList\",\"@id\":\"https:\/\/challengeseconomiques.com\/?p=5732#breadcrumb\",\"itemListElement\":[{\"@type\":\"ListItem\",\"position\":1,\"name\":\"Home\",\"item\":\"https:\/\/challengeseconomiques.com\/\"},{\"@type\":\"ListItem\",\"position\":2,\"name\":\"Le Mali mobilise 2,5 milliards $ de recettes sur les 9 premiers mois de 2023 (gouvernement)\"}]},{\"@type\":\"WebSite\",\"@id\":\"https:\/\/challengeseconomiques.com\/#website\",\"url\":\"https:\/\/challengeseconomiques.com\/\",\"name\":\"challenges economiques\",\"description\":\"\",\"potentialAction\":[{\"@type\":\"SearchAction\",\"target\":{\"@type\":\"EntryPoint\",\"urlTemplate\":\"https:\/\/challengeseconomiques.com\/?s={search_term_string}\"},\"query-input\":{\"@type\":\"PropertyValueSpecification\",\"valueRequired\":true,\"valueName\":\"search_term_string\"}}],\"inLanguage\":\"fr-FR\"},{\"@type\":\"Person\",\"@id\":\"https:\/\/challengeseconomiques.com\/#\/schema\/person\/b4568c9afebc5a9238a771873801e349\",\"name\":\"admin\",\"image\":{\"@type\":\"ImageObject\",\"inLanguage\":\"fr-FR\",\"@id\":\"https:\/\/challengeseconomiques.com\/#\/schema\/person\/image\/\",\"url\":\"https:\/\/secure.gravatar.com\/avatar\/099e42240b5eea11acdb72751fcce0dd918603f0749d24974b7984ea47ed9fd9?s=96&d=mm&r=g\",\"contentUrl\":\"https:\/\/secure.gravatar.com\/avatar\/099e42240b5eea11acdb72751fcce0dd918603f0749d24974b7984ea47ed9fd9?s=96&d=mm&r=g\",\"caption\":\"admin\"},\"sameAs\":[\"https:\/\/challengeseconomiques.com\"],\"url\":\"https:\/\/challengeseconomiques.com\/?author=1\"}]}<\/script>\n<!-- \/ Yoast SEO plugin. -->","yoast_head_json":{"title":"Le Mali mobilise 2,5 milliards $ de recettes sur les 9 premiers mois de 2023 (gouvernement) - challenges economiques","robots":{"index":"index","follow":"follow","max-snippet":"max-snippet:-1","max-image-preview":"max-image-preview:large","max-video-preview":"max-video-preview:-1"},"canonical":"https:\/\/challengeseconomiques.com\/?p=5732","og_locale":"fr_FR","og_type":"article","og_title":"Le Mali mobilise 2,5 milliards $ de recettes sur les 9 premiers mois de 2023 (gouvernement) - challenges economiques","og_description":"\u00a0En juillet, le Mali a r\u00e9vis\u00e9 son budget 2023 augmentant de 175,3 millions $ les pr\u00e9visions de recettes. Les autorit\u00e9s expliquent cette hausse par l\u2019encaissement...","og_url":"https:\/\/challengeseconomiques.com\/?p=5732","og_site_name":"challenges economiques","article_published_time":"2023-12-05T15:28:02+00:00","article_modified_time":"2023-12-05T15:28:27+00:00","og_image":[{"width":612,"height":392,"url":"https:\/\/challengeseconomiques.com\/wp-content\/uploads\/2022\/11\/malia.jpg","type":"image\/jpeg"}],"author":"admin","twitter_card":"summary_large_image","twitter_misc":{"\u00c9crit par":"admin","Dur\u00e9e de lecture estim\u00e9e":"2 minutes"},"schema":{"@context":"https:\/\/schema.org","@graph":[{"@type":"Article","@id":"https:\/\/challengeseconomiques.com\/?p=5732#article","isPartOf":{"@id":"https:\/\/challengeseconomiques.com\/?p=5732"},"author":{"name":"admin","@id":"https:\/\/challengeseconomiques.com\/#\/schema\/person\/b4568c9afebc5a9238a771873801e349"},"headline":"Le Mali mobilise 2,5 milliards $ de recettes sur les 9 premiers mois de 2023 (gouvernement)","datePublished":"2023-12-05T15:28:02+00:00","dateModified":"2023-12-05T15:28:27+00:00","mainEntityOfPage":{"@id":"https:\/\/challengeseconomiques.com\/?p=5732"},"wordCount":452,"image":{"@id":"https:\/\/challengeseconomiques.com\/?p=5732#primaryimage"},"thumbnailUrl":"https:\/\/challengeseconomiques.com\/wp-content\/uploads\/2022\/11\/malia.jpg","articleSection":["Actualit\u00e9 \u00e9conomique","Infos \u00e9co"],"inLanguage":"fr-FR"},{"@type":"WebPage","@id":"https:\/\/challengeseconomiques.com\/?p=5732","url":"https:\/\/challengeseconomiques.com\/?p=5732","name":"Le Mali mobilise 2,5 milliards $ de recettes sur les 9 premiers mois de 2023 (gouvernement) - challenges economiques","isPartOf":{"@id":"https:\/\/challengeseconomiques.com\/#website"},"primaryImageOfPage":{"@id":"https:\/\/challengeseconomiques.com\/?p=5732#primaryimage"},"image":{"@id":"https:\/\/challengeseconomiques.com\/?p=5732#primaryimage"},"thumbnailUrl":"https:\/\/challengeseconomiques.com\/wp-content\/uploads\/2022\/11\/malia.jpg","datePublished":"2023-12-05T15:28:02+00:00","dateModified":"2023-12-05T15:28:27+00:00","author":{"@id":"https:\/\/challengeseconomiques.com\/#\/schema\/person\/b4568c9afebc5a9238a771873801e349"},"breadcrumb":{"@id":"https:\/\/challengeseconomiques.com\/?p=5732#breadcrumb"},"inLanguage":"fr-FR","potentialAction":[{"@type":"ReadAction","target":["https:\/\/challengeseconomiques.com\/?p=5732"]}]},{"@type":"ImageObject","inLanguage":"fr-FR","@id":"https:\/\/challengeseconomiques.com\/?p=5732#primaryimage","url":"https:\/\/challengeseconomiques.com\/wp-content\/uploads\/2022\/11\/malia.jpg","contentUrl":"https:\/\/challengeseconomiques.com\/wp-content\/uploads\/2022\/11\/malia.jpg","width":612,"height":392,"caption":"A view of the headquarters of the BCEAO from the Niger River. Image taken by Aliou Hasseye. Bamako, Mali, March 8, 2019"},{"@type":"BreadcrumbList","@id":"https:\/\/challengeseconomiques.com\/?p=5732#breadcrumb","itemListElement":[{"@type":"ListItem","position":1,"name":"Home","item":"https:\/\/challengeseconomiques.com\/"},{"@type":"ListItem","position":2,"name":"Le Mali mobilise 2,5 milliards $ de recettes sur les 9 premiers mois de 2023 (gouvernement)"}]},{"@type":"WebSite","@id":"https:\/\/challengeseconomiques.com\/#website","url":"https:\/\/challengeseconomiques.com\/","name":"challenges economiques","description":"","potentialAction":[{"@type":"SearchAction","target":{"@type":"EntryPoint","urlTemplate":"https:\/\/challengeseconomiques.com\/?s={search_term_string}"},"query-input":{"@type":"PropertyValueSpecification","valueRequired":true,"valueName":"search_term_string"}}],"inLanguage":"fr-FR"},{"@type":"Person","@id":"https:\/\/challengeseconomiques.com\/#\/schema\/person\/b4568c9afebc5a9238a771873801e349","name":"admin","image":{"@type":"ImageObject","inLanguage":"fr-FR","@id":"https:\/\/challengeseconomiques.com\/#\/schema\/person\/image\/","url":"https:\/\/secure.gravatar.com\/avatar\/099e42240b5eea11acdb72751fcce0dd918603f0749d24974b7984ea47ed9fd9?s=96&d=mm&r=g","contentUrl":"https:\/\/secure.gravatar.com\/avatar\/099e42240b5eea11acdb72751fcce0dd918603f0749d24974b7984ea47ed9fd9?s=96&d=mm&r=g","caption":"admin"},"sameAs":["https:\/\/challengeseconomiques.com"],"url":"https:\/\/challengeseconomiques.com\/?author=1"}]}},"jetpack_featured_media_url":"https:\/\/challengeseconomiques.com\/wp-content\/uploads\/2022\/11\/malia.jpg","jetpack_sharing_enabled":true,"_links":{"self":[{"href":"https:\/\/challengeseconomiques.com\/index.php?rest_route=\/wp\/v2\/posts\/5732","targetHints":{"allow":["GET"]}}],"collection":[{"href":"https:\/\/challengeseconomiques.com\/index.php?rest_route=\/wp\/v2\/posts"}],"about":[{"href":"https:\/\/challengeseconomiques.com\/index.php?rest_route=\/wp\/v2\/types\/post"}],"author":[{"embeddable":true,"href":"https:\/\/challengeseconomiques.com\/index.php?rest_route=\/wp\/v2\/users\/1"}],"replies":[{"embeddable":true,"href":"https:\/\/challengeseconomiques.com\/index.php?rest_route=%2Fwp%2Fv2%2Fcomments&post=5732"}],"version-history":[{"count":1,"href":"https:\/\/challengeseconomiques.com\/index.php?rest_route=\/wp\/v2\/posts\/5732\/revisions"}],"predecessor-version":[{"id":5733,"href":"https:\/\/challengeseconomiques.com\/index.php?rest_route=\/wp\/v2\/posts\/5732\/revisions\/5733"}],"wp:featuredmedia":[{"embeddable":true,"href":"https:\/\/challengeseconomiques.com\/index.php?rest_route=\/wp\/v2\/media\/4214"}],"wp:attachment":[{"href":"https:\/\/challengeseconomiques.com\/index.php?rest_route=%2Fwp%2Fv2%2Fmedia&parent=5732"}],"wp:term":[{"taxonomy":"category","embeddable":true,"href":"https:\/\/challengeseconomiques.com\/index.php?rest_route=%2Fwp%2Fv2%2Fcategories&post=5732"},{"taxonomy":"post_tag","embeddable":true,"href":"https:\/\/challengeseconomiques.com\/index.php?rest_route=%2Fwp%2Fv2%2Ftags&post=5732"}],"curies":[{"name":"wp","href":"https:\/\/api.w.org\/{rel}","templated":true}]}}