{"id":5729,"date":"2023-12-05T12:07:16","date_gmt":"2023-12-05T12:07:16","guid":{"rendered":"https:\/\/challengeseconomiques.com\/?p=5729"},"modified":"2023-12-05T12:08:04","modified_gmt":"2023-12-05T12:08:04","slug":"13eme-edition-du-siagro-les-systemes-dinnovation-agricole-pour-latteinte-de-la-souverainete-alimentaire","status":"publish","type":"post","link":"https:\/\/challengeseconomiques.com\/?p=5729","title":{"rendered":"13\u00e8me \u00e9dition du SIAGRO : les syst\u00e8mes d\u2019innovation agricole pour l\u2019atteinte de la souverainet\u00e9 alimentaire"},"content":{"rendered":"<p><strong>La 13<sup>\u00e8me<\/sup> \u00e9dition du Salon International des Industries et Techniques Agroalimentaires (SIAGRO) se d\u00e9roule du 30 novembre au 2 d\u00e9cembre 2023 au King Fahd Palace. Le th\u00e8me de cette ann\u00e9e est \u00ab\u00a0d\u00e9velopper des syst\u00e8mes d\u2019innovation agricole pour atteindre la souverainet\u00e9 alimentaire\u00a0\u00bb. Les organisateurs veulent promouvoir les innovations dans le domaine agroalimentaire afin d\u2019atteindre la souverainet\u00e9 alimentaire. Pendant trois jours, les exposants ont la possibilit\u00e9 de faire la promotion de leurs \u00e9quipements, mat\u00e9riaux, produits et de proposer leurs services aupr\u00e8s des professionnels, des investisseurs et des acheteurs. <\/strong><\/p>\n<p>Venu pr\u00e9sider la c\u00e9r\u00e9monie d\u2019ouverture, le directeur de cabinet du Minist\u00e8re de l\u2019Agriculture, de l\u2019Equipement Rural et de la Souverainet\u00e9 Alimentaire, Boubacar Sow a exprim\u00e9 sa satisfaction d\u2019y avoir rencontr\u00e9 de hautes personnalit\u00e9s. Apr\u00e8s un tour dans les diff\u00e9rents stands, il s\u2019est dit rassur\u00e9 quant au devenir du continent et du monde. M. Sow a montr\u00e9 son optimisme par rapport \u00e0 l\u2019atteinte de l\u2019objectif de la souverainet\u00e9 alimentaire. Il a \u00e9galement d\u00e9cern\u00e9 une mention sp\u00e9ciale \u00e0 la d\u00e9l\u00e9gation alg\u00e9rienne, fortement repr\u00e9sent\u00e9e.<br \/>\nPour sa part, l\u2019ambassadeur d\u2019Alg\u00e9rie au S\u00e9n\u00e9gal, Khaled Zohret Bouhalouan a f\u00e9licit\u00e9 les organisateurs. Il consid\u00e8re cette \u00e9dition du SIAGRO comme une r\u00e9elle \u00e9tape sur le chemin du renforcement des relations alg\u00e9ro-s\u00e9n\u00e9galaises.<br \/>\nDans la m\u00eame veine, son compatriote, Benssemane Amine, PDG de SIPSA Food Dakar, a salu\u00e9 l\u2019initiative. Il a, par ailleurs, appr\u00e9ci\u00e9 la place accord\u00e9e \u00e0 la d\u00e9l\u00e9gation alg\u00e9rienne en tant que co-organisatrice de l\u2019\u00e9v\u00e9nement.<br \/>\nDe son c\u00f4t\u00e9, la promotrice du SIAGRO, Fama Th\u00e9r\u00e8se K\u00e2 a indiqu\u00e9 que huit pays sont repr\u00e9sent\u00e9s \u00e0 cette rencontre internationale. Elle a aussi fait savoir qu\u2019\u00e0 partir de cette \u00e9dition, l\u2019\u00e9v\u00e9nement aura lieu chaque ann\u00e9e, et ne sera plus biennal<\/p>\n<p>&nbsp;<\/p>\n<div class=\"post-footer clearfix\">\n<div class=\"post-tag-container\">\n<div class=\"tag-lists\">(BIE)<\/div>\n<\/div>\n<\/div>\n","protected":false},"excerpt":{"rendered":"<p>La 13\u00e8me \u00e9dition du Salon International des Industries et Techniques Agroalimentaires (SIAGRO) se d\u00e9roule du 30 novembre au 2 d\u00e9cembre 2023 au King Fahd Palace&#8230;.<\/p>\n","protected":false},"author":1,"featured_media":5730,"comment_status":"closed","ping_status":"open","sticky":false,"template":"","format":"standard","meta":{"_jetpack_memberships_contains_paid_content":false,"footnotes":""},"categories":[23,10],"tags":[],"class_list":["post-5729","post","type-post","status-publish","format-standard","has-post-thumbnail","hentry","category-a-la-une","category-infos-eco","wpcat-23-id","wpcat-10-id"],"yoast_head":"<!-- This site is optimized with the Yoast SEO plugin v27.1.1 - https:\/\/yoast.com\/product\/yoast-seo-wordpress\/ -->\n<title>13\u00e8me \u00e9dition du SIAGRO : les syst\u00e8mes d\u2019innovation agricole pour l\u2019atteinte de la souverainet\u00e9 alimentaire - challenges economiques<\/title>\n<meta name=\"robots\" content=\"index, follow, max-snippet:-1, max-image-preview:large, max-video-preview:-1\" \/>\n<link rel=\"canonical\" href=\"https:\/\/challengeseconomiques.com\/?p=5729\" \/>\n<meta property=\"og:locale\" content=\"fr_FR\" \/>\n<meta property=\"og:type\" content=\"article\" \/>\n<meta property=\"og:title\" content=\"13\u00e8me \u00e9dition du SIAGRO : les syst\u00e8mes d\u2019innovation agricole pour l\u2019atteinte de la souverainet\u00e9 alimentaire - challenges economiques\" \/>\n<meta property=\"og:description\" content=\"La 13\u00e8me \u00e9dition du Salon International des Industries et Techniques Agroalimentaires (SIAGRO) se d\u00e9roule du 30 novembre au 2 d\u00e9cembre 2023 au King Fahd Palace....\" \/>\n<meta property=\"og:url\" content=\"https:\/\/challengeseconomiques.com\/?p=5729\" \/>\n<meta property=\"og:site_name\" content=\"challenges economiques\" \/>\n<meta property=\"article:published_time\" content=\"2023-12-05T12:07:16+00:00\" \/>\n<meta property=\"article:modified_time\" content=\"2023-12-05T12:08:04+00:00\" \/>\n<meta property=\"og:image\" content=\"https:\/\/challengeseconomiques.com\/wp-content\/uploads\/2023\/12\/Siagro-1536x1152-1.jpg\" \/>\n\t<meta property=\"og:image:width\" content=\"1536\" \/>\n\t<meta property=\"og:image:height\" content=\"1152\" \/>\n\t<meta property=\"og:image:type\" content=\"image\/jpeg\" \/>\n<meta name=\"author\" content=\"admin\" \/>\n<meta name=\"twitter:card\" content=\"summary_large_image\" \/>\n<meta name=\"twitter:label1\" content=\"\u00c9crit par\" \/>\n\t<meta name=\"twitter:data1\" content=\"admin\" \/>\n\t<meta name=\"twitter:label2\" content=\"Dur\u00e9e de lecture estim\u00e9e\" \/>\n\t<meta name=\"twitter:data2\" content=\"2 minutes\" \/>\n<script type=\"application\/ld+json\" class=\"yoast-schema-graph\">{\"@context\":\"https:\/\/schema.org\",\"@graph\":[{\"@type\":\"Article\",\"@id\":\"https:\/\/challengeseconomiques.com\/?p=5729#article\",\"isPartOf\":{\"@id\":\"https:\/\/challengeseconomiques.com\/?p=5729\"},\"author\":{\"name\":\"admin\",\"@id\":\"https:\/\/challengeseconomiques.com\/#\/schema\/person\/b4568c9afebc5a9238a771873801e349\"},\"headline\":\"13\u00e8me \u00e9dition du SIAGRO : les syst\u00e8mes d\u2019innovation agricole pour l\u2019atteinte de la souverainet\u00e9 alimentaire\",\"datePublished\":\"2023-12-05T12:07:16+00:00\",\"dateModified\":\"2023-12-05T12:08:04+00:00\",\"mainEntityOfPage\":{\"@id\":\"https:\/\/challengeseconomiques.com\/?p=5729\"},\"wordCount\":345,\"image\":{\"@id\":\"https:\/\/challengeseconomiques.com\/?p=5729#primaryimage\"},\"thumbnailUrl\":\"https:\/\/challengeseconomiques.com\/wp-content\/uploads\/2023\/12\/Siagro-1536x1152-1.jpg\",\"articleSection\":[\"A la une\",\"Infos \u00e9co\"],\"inLanguage\":\"fr-FR\"},{\"@type\":\"WebPage\",\"@id\":\"https:\/\/challengeseconomiques.com\/?p=5729\",\"url\":\"https:\/\/challengeseconomiques.com\/?p=5729\",\"name\":\"13\u00e8me \u00e9dition du SIAGRO : les syst\u00e8mes d\u2019innovation agricole pour l\u2019atteinte de la souverainet\u00e9 alimentaire - challenges economiques\",\"isPartOf\":{\"@id\":\"https:\/\/challengeseconomiques.com\/#website\"},\"primaryImageOfPage\":{\"@id\":\"https:\/\/challengeseconomiques.com\/?p=5729#primaryimage\"},\"image\":{\"@id\":\"https:\/\/challengeseconomiques.com\/?p=5729#primaryimage\"},\"thumbnailUrl\":\"https:\/\/challengeseconomiques.com\/wp-content\/uploads\/2023\/12\/Siagro-1536x1152-1.jpg\",\"datePublished\":\"2023-12-05T12:07:16+00:00\",\"dateModified\":\"2023-12-05T12:08:04+00:00\",\"author\":{\"@id\":\"https:\/\/challengeseconomiques.com\/#\/schema\/person\/b4568c9afebc5a9238a771873801e349\"},\"breadcrumb\":{\"@id\":\"https:\/\/challengeseconomiques.com\/?p=5729#breadcrumb\"},\"inLanguage\":\"fr-FR\",\"potentialAction\":[{\"@type\":\"ReadAction\",\"target\":[\"https:\/\/challengeseconomiques.com\/?p=5729\"]}]},{\"@type\":\"ImageObject\",\"inLanguage\":\"fr-FR\",\"@id\":\"https:\/\/challengeseconomiques.com\/?p=5729#primaryimage\",\"url\":\"https:\/\/challengeseconomiques.com\/wp-content\/uploads\/2023\/12\/Siagro-1536x1152-1.jpg\",\"contentUrl\":\"https:\/\/challengeseconomiques.com\/wp-content\/uploads\/2023\/12\/Siagro-1536x1152-1.jpg\",\"width\":1536,\"height\":1152},{\"@type\":\"BreadcrumbList\",\"@id\":\"https:\/\/challengeseconomiques.com\/?p=5729#breadcrumb\",\"itemListElement\":[{\"@type\":\"ListItem\",\"position\":1,\"name\":\"Home\",\"item\":\"https:\/\/challengeseconomiques.com\/\"},{\"@type\":\"ListItem\",\"position\":2,\"name\":\"13\u00e8me \u00e9dition du SIAGRO : les syst\u00e8mes d\u2019innovation agricole pour l\u2019atteinte de la souverainet\u00e9 alimentaire\"}]},{\"@type\":\"WebSite\",\"@id\":\"https:\/\/challengeseconomiques.com\/#website\",\"url\":\"https:\/\/challengeseconomiques.com\/\",\"name\":\"challenges economiques\",\"description\":\"\",\"potentialAction\":[{\"@type\":\"SearchAction\",\"target\":{\"@type\":\"EntryPoint\",\"urlTemplate\":\"https:\/\/challengeseconomiques.com\/?s={search_term_string}\"},\"query-input\":{\"@type\":\"PropertyValueSpecification\",\"valueRequired\":true,\"valueName\":\"search_term_string\"}}],\"inLanguage\":\"fr-FR\"},{\"@type\":\"Person\",\"@id\":\"https:\/\/challengeseconomiques.com\/#\/schema\/person\/b4568c9afebc5a9238a771873801e349\",\"name\":\"admin\",\"image\":{\"@type\":\"ImageObject\",\"inLanguage\":\"fr-FR\",\"@id\":\"https:\/\/challengeseconomiques.com\/#\/schema\/person\/image\/\",\"url\":\"https:\/\/secure.gravatar.com\/avatar\/099e42240b5eea11acdb72751fcce0dd918603f0749d24974b7984ea47ed9fd9?s=96&d=mm&r=g\",\"contentUrl\":\"https:\/\/secure.gravatar.com\/avatar\/099e42240b5eea11acdb72751fcce0dd918603f0749d24974b7984ea47ed9fd9?s=96&d=mm&r=g\",\"caption\":\"admin\"},\"sameAs\":[\"https:\/\/challengeseconomiques.com\"],\"url\":\"https:\/\/challengeseconomiques.com\/?author=1\"}]}<\/script>\n<!-- \/ Yoast SEO plugin. -->","yoast_head_json":{"title":"13\u00e8me \u00e9dition du SIAGRO : les syst\u00e8mes d\u2019innovation agricole pour l\u2019atteinte de la souverainet\u00e9 alimentaire - challenges economiques","robots":{"index":"index","follow":"follow","max-snippet":"max-snippet:-1","max-image-preview":"max-image-preview:large","max-video-preview":"max-video-preview:-1"},"canonical":"https:\/\/challengeseconomiques.com\/?p=5729","og_locale":"fr_FR","og_type":"article","og_title":"13\u00e8me \u00e9dition du SIAGRO : les syst\u00e8mes d\u2019innovation agricole pour l\u2019atteinte de la souverainet\u00e9 alimentaire - challenges economiques","og_description":"La 13\u00e8me \u00e9dition du Salon International des Industries et Techniques Agroalimentaires (SIAGRO) se d\u00e9roule du 30 novembre au 2 d\u00e9cembre 2023 au King Fahd Palace....","og_url":"https:\/\/challengeseconomiques.com\/?p=5729","og_site_name":"challenges economiques","article_published_time":"2023-12-05T12:07:16+00:00","article_modified_time":"2023-12-05T12:08:04+00:00","og_image":[{"width":1536,"height":1152,"url":"https:\/\/challengeseconomiques.com\/wp-content\/uploads\/2023\/12\/Siagro-1536x1152-1.jpg","type":"image\/jpeg"}],"author":"admin","twitter_card":"summary_large_image","twitter_misc":{"\u00c9crit par":"admin","Dur\u00e9e de lecture estim\u00e9e":"2 minutes"},"schema":{"@context":"https:\/\/schema.org","@graph":[{"@type":"Article","@id":"https:\/\/challengeseconomiques.com\/?p=5729#article","isPartOf":{"@id":"https:\/\/challengeseconomiques.com\/?p=5729"},"author":{"name":"admin","@id":"https:\/\/challengeseconomiques.com\/#\/schema\/person\/b4568c9afebc5a9238a771873801e349"},"headline":"13\u00e8me \u00e9dition du SIAGRO : les syst\u00e8mes d\u2019innovation agricole pour l\u2019atteinte de la souverainet\u00e9 alimentaire","datePublished":"2023-12-05T12:07:16+00:00","dateModified":"2023-12-05T12:08:04+00:00","mainEntityOfPage":{"@id":"https:\/\/challengeseconomiques.com\/?p=5729"},"wordCount":345,"image":{"@id":"https:\/\/challengeseconomiques.com\/?p=5729#primaryimage"},"thumbnailUrl":"https:\/\/challengeseconomiques.com\/wp-content\/uploads\/2023\/12\/Siagro-1536x1152-1.jpg","articleSection":["A la une","Infos \u00e9co"],"inLanguage":"fr-FR"},{"@type":"WebPage","@id":"https:\/\/challengeseconomiques.com\/?p=5729","url":"https:\/\/challengeseconomiques.com\/?p=5729","name":"13\u00e8me \u00e9dition du SIAGRO : les syst\u00e8mes d\u2019innovation agricole pour l\u2019atteinte de la souverainet\u00e9 alimentaire - challenges economiques","isPartOf":{"@id":"https:\/\/challengeseconomiques.com\/#website"},"primaryImageOfPage":{"@id":"https:\/\/challengeseconomiques.com\/?p=5729#primaryimage"},"image":{"@id":"https:\/\/challengeseconomiques.com\/?p=5729#primaryimage"},"thumbnailUrl":"https:\/\/challengeseconomiques.com\/wp-content\/uploads\/2023\/12\/Siagro-1536x1152-1.jpg","datePublished":"2023-12-05T12:07:16+00:00","dateModified":"2023-12-05T12:08:04+00:00","author":{"@id":"https:\/\/challengeseconomiques.com\/#\/schema\/person\/b4568c9afebc5a9238a771873801e349"},"breadcrumb":{"@id":"https:\/\/challengeseconomiques.com\/?p=5729#breadcrumb"},"inLanguage":"fr-FR","potentialAction":[{"@type":"ReadAction","target":["https:\/\/challengeseconomiques.com\/?p=5729"]}]},{"@type":"ImageObject","inLanguage":"fr-FR","@id":"https:\/\/challengeseconomiques.com\/?p=5729#primaryimage","url":"https:\/\/challengeseconomiques.com\/wp-content\/uploads\/2023\/12\/Siagro-1536x1152-1.jpg","contentUrl":"https:\/\/challengeseconomiques.com\/wp-content\/uploads\/2023\/12\/Siagro-1536x1152-1.jpg","width":1536,"height":1152},{"@type":"BreadcrumbList","@id":"https:\/\/challengeseconomiques.com\/?p=5729#breadcrumb","itemListElement":[{"@type":"ListItem","position":1,"name":"Home","item":"https:\/\/challengeseconomiques.com\/"},{"@type":"ListItem","position":2,"name":"13\u00e8me \u00e9dition du SIAGRO : les syst\u00e8mes d\u2019innovation agricole pour l\u2019atteinte de la souverainet\u00e9 alimentaire"}]},{"@type":"WebSite","@id":"https:\/\/challengeseconomiques.com\/#website","url":"https:\/\/challengeseconomiques.com\/","name":"challenges economiques","description":"","potentialAction":[{"@type":"SearchAction","target":{"@type":"EntryPoint","urlTemplate":"https:\/\/challengeseconomiques.com\/?s={search_term_string}"},"query-input":{"@type":"PropertyValueSpecification","valueRequired":true,"valueName":"search_term_string"}}],"inLanguage":"fr-FR"},{"@type":"Person","@id":"https:\/\/challengeseconomiques.com\/#\/schema\/person\/b4568c9afebc5a9238a771873801e349","name":"admin","image":{"@type":"ImageObject","inLanguage":"fr-FR","@id":"https:\/\/challengeseconomiques.com\/#\/schema\/person\/image\/","url":"https:\/\/secure.gravatar.com\/avatar\/099e42240b5eea11acdb72751fcce0dd918603f0749d24974b7984ea47ed9fd9?s=96&d=mm&r=g","contentUrl":"https:\/\/secure.gravatar.com\/avatar\/099e42240b5eea11acdb72751fcce0dd918603f0749d24974b7984ea47ed9fd9?s=96&d=mm&r=g","caption":"admin"},"sameAs":["https:\/\/challengeseconomiques.com"],"url":"https:\/\/challengeseconomiques.com\/?author=1"}]}},"jetpack_featured_media_url":"https:\/\/challengeseconomiques.com\/wp-content\/uploads\/2023\/12\/Siagro-1536x1152-1.jpg","jetpack_sharing_enabled":true,"_links":{"self":[{"href":"https:\/\/challengeseconomiques.com\/index.php?rest_route=\/wp\/v2\/posts\/5729","targetHints":{"allow":["GET"]}}],"collection":[{"href":"https:\/\/challengeseconomiques.com\/index.php?rest_route=\/wp\/v2\/posts"}],"about":[{"href":"https:\/\/challengeseconomiques.com\/index.php?rest_route=\/wp\/v2\/types\/post"}],"author":[{"embeddable":true,"href":"https:\/\/challengeseconomiques.com\/index.php?rest_route=\/wp\/v2\/users\/1"}],"replies":[{"embeddable":true,"href":"https:\/\/challengeseconomiques.com\/index.php?rest_route=%2Fwp%2Fv2%2Fcomments&post=5729"}],"version-history":[{"count":1,"href":"https:\/\/challengeseconomiques.com\/index.php?rest_route=\/wp\/v2\/posts\/5729\/revisions"}],"predecessor-version":[{"id":5731,"href":"https:\/\/challengeseconomiques.com\/index.php?rest_route=\/wp\/v2\/posts\/5729\/revisions\/5731"}],"wp:featuredmedia":[{"embeddable":true,"href":"https:\/\/challengeseconomiques.com\/index.php?rest_route=\/wp\/v2\/media\/5730"}],"wp:attachment":[{"href":"https:\/\/challengeseconomiques.com\/index.php?rest_route=%2Fwp%2Fv2%2Fmedia&parent=5729"}],"wp:term":[{"taxonomy":"category","embeddable":true,"href":"https:\/\/challengeseconomiques.com\/index.php?rest_route=%2Fwp%2Fv2%2Fcategories&post=5729"},{"taxonomy":"post_tag","embeddable":true,"href":"https:\/\/challengeseconomiques.com\/index.php?rest_route=%2Fwp%2Fv2%2Ftags&post=5729"}],"curies":[{"name":"wp","href":"https:\/\/api.w.org\/{rel}","templated":true}]}}