{"id":5657,"date":"2023-11-22T13:37:44","date_gmt":"2023-11-22T13:37:44","guid":{"rendered":"https:\/\/challengeseconomiques.com\/?p=5657"},"modified":"2023-11-22T13:39:12","modified_gmt":"2023-11-22T13:39:12","slug":"fatou-diane-gueye-veut-booster-lentrepreneuriat-feminin-en-privilegiant-lapproche-par-la-chaine-de-valeur","status":"publish","type":"post","link":"https:\/\/challengeseconomiques.com\/?p=5657","title":{"rendered":"Fatou Dian\u00e9 Gueye veut booster l\u2019entreprenariat f\u00e9minin en privil\u00e9giant l\u2019approche par la chaine de valeur"},"content":{"rendered":"<p><strong>Fatou Dian\u00e9 Gueye, la ministre de la femme, de la famille et de la protection des enfants\u00a0a indiqu\u00e9 que l\u2019approche par la chaine de valeur doit \u00eatre privil\u00e9gi\u00e9e, pour organiser et booster l\u2019entrepreneuriat f\u00e9minin au S\u00e9n\u00e9gal<\/strong>.<\/p>\n<p>Elle affirme que c\u2019est une approche, qui en terme d\u2019avantages, notamment sur le plan agricole, comprend les liaisons s\u00e9quentielles a\u0300 travers lesquelles les mati\u00e8res premi\u00e8res et les ressources sont converties en \u00ab\u00a0produits destin\u00e9s au march\u00e9\u00a0\u00bb.<\/p>\n<p>La ministre de la femme, de la famille et de la protection des enfants intervenait \u00e0 l\u2019occasion du lancement des 96 heures de l\u2019entreprenariat f\u00e9minin, qui avaient comme th\u00e8me\u00a0: \u00ab\u00a0la structuration des chaines de valeur et le renforcement des capacit\u00e9s productives \u00bb.<\/p>\n<p>Elle soutient que le th\u00e8me au menu de la pr\u00e9sente \u00e9dition des 96 heures de l\u2019entrepreneuriat f\u00e9minin, peut offrir l\u2019opportunit\u00e9 de r\u00e9inventer une modalit\u00e9 d\u2019organisation pour les femmes entrepreneures en vue d\u2019optimiser leurs investissements et d\u2019accroitre significativement leur productivit\u00e9 et leur comp\u00e9titivit\u00e9.<\/p>\n<p>Il faut rappeler que la cha\u00eene de valeur, notamment agricole, identifie l\u2019ensemble des acteurs (priv\u00e9s et publics, y compris les prestataires de services) et des activit\u00e9s qui font passer un produit agricole de base de la production dans les champs jusqu\u2019au consommateur final, chaque \u00e9tape ajoutant de la valeur au produit.<\/p>\n<p>Le processus peut inclure la production, la transformation, l\u2019emballage, le stockage, le transport et la distribution. Chaque maillon de la cha\u00eene a au moins une liaison en amont et en aval.<\/p>\n<p>\u00ab\u00a0Le th\u00e8me nous interpelle et surtout sur l\u2019urgence d\u2019acc\u00e9l\u00e9rer nos actions, pour un positionnement int\u00e9gral des femmes dans le syst\u00e8me de production de biens et de services de notre pays. Sous ce rapport, les r\u00e9formes induites par le Plan S\u00e9n\u00e9gal Emergent, notre unique r\u00e9f\u00e9rentiel des politiques publiques, sont tr\u00e8s prometteuses\u00a0\u00bb, a relev\u00e9 Fatou Dian\u00e9 Gueye.<\/p>\n<p>A son avis, le S\u00e9n\u00e9gal dispose aujourd\u2019hui, de ce point de vue d\u2019un cadre favorable au suivi des engagements et \u00e0 l\u2019\u00e9largissement du cercle de championnes, afin de promouvoir un entreprenariat f\u00e9minin viable et porteur de croissance.<\/p>\n<p>La ministre de la femme, de la famille et de la protection des enfants a par ailleurs insist\u00e9 sur le fait que les 96 heures de l\u2019entrepreneuriat f\u00e9minin doivent marquer le d\u00e9marrage d\u2019un processus it\u00e9ratif, participatif autour de fili\u00e8res et domaines d\u2019activit\u00e9 g\u00e9n\u00e9ralement investis par les femmes entrepreneures en milieu urbain et en milieu rural.<\/p>\n<p>\u00ab\u00a0Pour cette \u00e9dition, nous avons choisi de structurer les quatre domaines d\u2019activit\u00e9s que sont l\u2019aviculture, l\u2019horticulture, la transformation des produits agricoles et la saponification. Ainsi huit cent (800) femmes entrepreneures \u00e9voluant dans ces cr\u00e9neaux seront r\u00e9unies ici, pendant 4 jours, pour examiner et adopter de nouvelles modalit\u00e9s d\u2019intervention susceptibles d\u2019optimiser les avantages de l\u2019approche par la cha\u00eene de valeur\u00a0\u00bb, a-t-elle annonc\u00e9.<\/p>\n<p>A propos des entreprises agricoles, elle a rappel\u00e9 qu\u2019elles constituent un autre acteur important de la Chaine de Valeur, susceptible de stimuler le d\u00e9veloppement rural, d\u2019assurer l\u2019enl\u00e8vement des produits de base aupr\u00e8s des producteurs, et de fournir en m\u00eame temps des possibilit\u00e9s d\u2019emploi.<\/p>\n<p>\u00ab\u00a0Les entreprises agricoles peuvent jouer d\u2019autres r\u00f4les, par exemple en servant de canal d\u2019acc\u00e8s aux march\u00e9s pour les producteurs, ou en leur fournissant des intrants agricoles et\/ou des financements, pour leur assurer un approvisionnement en intrants et un transfert de m\u00e9thodes ou de technologies de production\u00a0\u00bb, a-t-elle fait remarquer.<\/p>\n","protected":false},"excerpt":{"rendered":"<p>Fatou Dian\u00e9 Gueye, la ministre de la femme, de la famille et de la protection des enfants\u00a0a indiqu\u00e9 que l\u2019approche par la chaine de valeur&#8230;<\/p>\n","protected":false},"author":1,"featured_media":5658,"comment_status":"closed","ping_status":"open","sticky":false,"template":"","format":"standard","meta":{"_jetpack_memberships_contains_paid_content":false,"footnotes":""},"categories":[23,8,10],"tags":[],"class_list":["post-5657","post","type-post","status-publish","format-standard","has-post-thumbnail","hentry","category-a-la-une","category-actualite-economique","category-infos-eco","wpcat-23-id","wpcat-8-id","wpcat-10-id"],"yoast_head":"<!-- This site is optimized with the Yoast SEO plugin v27.1.1 - https:\/\/yoast.com\/product\/yoast-seo-wordpress\/ -->\n<title>Fatou Dian\u00e9 Gueye veut booster l\u2019entreprenariat f\u00e9minin en privil\u00e9giant l\u2019approche par la chaine de valeur - challenges economiques<\/title>\n<meta name=\"robots\" content=\"index, follow, max-snippet:-1, max-image-preview:large, max-video-preview:-1\" \/>\n<link rel=\"canonical\" href=\"https:\/\/challengeseconomiques.com\/?p=5657\" \/>\n<meta property=\"og:locale\" content=\"fr_FR\" \/>\n<meta property=\"og:type\" content=\"article\" \/>\n<meta property=\"og:title\" content=\"Fatou Dian\u00e9 Gueye veut booster l\u2019entreprenariat f\u00e9minin en privil\u00e9giant l\u2019approche par la chaine de valeur - challenges economiques\" \/>\n<meta property=\"og:description\" content=\"Fatou Dian\u00e9 Gueye, la ministre de la femme, de la famille et de la protection des enfants\u00a0a indiqu\u00e9 que l\u2019approche par la chaine de valeur...\" \/>\n<meta property=\"og:url\" content=\"https:\/\/challengeseconomiques.com\/?p=5657\" \/>\n<meta property=\"og:site_name\" content=\"challenges economiques\" \/>\n<meta property=\"article:published_time\" content=\"2023-11-22T13:37:44+00:00\" \/>\n<meta property=\"article:modified_time\" content=\"2023-11-22T13:39:12+00:00\" \/>\n<meta property=\"og:image\" content=\"https:\/\/challengeseconomiques.com\/wp-content\/uploads\/2023\/11\/FATOU-DIAN2-GUEYE.jpg\" \/>\n\t<meta property=\"og:image:width\" content=\"1080\" \/>\n\t<meta property=\"og:image:height\" content=\"606\" \/>\n\t<meta property=\"og:image:type\" content=\"image\/jpeg\" \/>\n<meta name=\"author\" content=\"admin\" \/>\n<meta name=\"twitter:card\" content=\"summary_large_image\" \/>\n<meta name=\"twitter:label1\" content=\"\u00c9crit par\" \/>\n\t<meta name=\"twitter:data1\" content=\"admin\" \/>\n\t<meta name=\"twitter:label2\" content=\"Dur\u00e9e de lecture estim\u00e9e\" \/>\n\t<meta name=\"twitter:data2\" content=\"3 minutes\" \/>\n<script type=\"application\/ld+json\" class=\"yoast-schema-graph\">{\"@context\":\"https:\/\/schema.org\",\"@graph\":[{\"@type\":\"Article\",\"@id\":\"https:\/\/challengeseconomiques.com\/?p=5657#article\",\"isPartOf\":{\"@id\":\"https:\/\/challengeseconomiques.com\/?p=5657\"},\"author\":{\"name\":\"admin\",\"@id\":\"https:\/\/challengeseconomiques.com\/#\/schema\/person\/b4568c9afebc5a9238a771873801e349\"},\"headline\":\"Fatou Dian\u00e9 Gueye veut booster l\u2019entreprenariat f\u00e9minin en privil\u00e9giant l\u2019approche par la chaine de valeur\",\"datePublished\":\"2023-11-22T13:37:44+00:00\",\"dateModified\":\"2023-11-22T13:39:12+00:00\",\"mainEntityOfPage\":{\"@id\":\"https:\/\/challengeseconomiques.com\/?p=5657\"},\"wordCount\":639,\"image\":{\"@id\":\"https:\/\/challengeseconomiques.com\/?p=5657#primaryimage\"},\"thumbnailUrl\":\"https:\/\/challengeseconomiques.com\/wp-content\/uploads\/2023\/11\/FATOU-DIAN2-GUEYE.jpg\",\"articleSection\":[\"A la une\",\"Actualit\u00e9 \u00e9conomique\",\"Infos \u00e9co\"],\"inLanguage\":\"fr-FR\"},{\"@type\":\"WebPage\",\"@id\":\"https:\/\/challengeseconomiques.com\/?p=5657\",\"url\":\"https:\/\/challengeseconomiques.com\/?p=5657\",\"name\":\"Fatou Dian\u00e9 Gueye veut booster l\u2019entreprenariat f\u00e9minin en privil\u00e9giant l\u2019approche par la chaine de valeur - challenges economiques\",\"isPartOf\":{\"@id\":\"https:\/\/challengeseconomiques.com\/#website\"},\"primaryImageOfPage\":{\"@id\":\"https:\/\/challengeseconomiques.com\/?p=5657#primaryimage\"},\"image\":{\"@id\":\"https:\/\/challengeseconomiques.com\/?p=5657#primaryimage\"},\"thumbnailUrl\":\"https:\/\/challengeseconomiques.com\/wp-content\/uploads\/2023\/11\/FATOU-DIAN2-GUEYE.jpg\",\"datePublished\":\"2023-11-22T13:37:44+00:00\",\"dateModified\":\"2023-11-22T13:39:12+00:00\",\"author\":{\"@id\":\"https:\/\/challengeseconomiques.com\/#\/schema\/person\/b4568c9afebc5a9238a771873801e349\"},\"breadcrumb\":{\"@id\":\"https:\/\/challengeseconomiques.com\/?p=5657#breadcrumb\"},\"inLanguage\":\"fr-FR\",\"potentialAction\":[{\"@type\":\"ReadAction\",\"target\":[\"https:\/\/challengeseconomiques.com\/?p=5657\"]}]},{\"@type\":\"ImageObject\",\"inLanguage\":\"fr-FR\",\"@id\":\"https:\/\/challengeseconomiques.com\/?p=5657#primaryimage\",\"url\":\"https:\/\/challengeseconomiques.com\/wp-content\/uploads\/2023\/11\/FATOU-DIAN2-GUEYE.jpg\",\"contentUrl\":\"https:\/\/challengeseconomiques.com\/wp-content\/uploads\/2023\/11\/FATOU-DIAN2-GUEYE.jpg\",\"width\":1080,\"height\":606},{\"@type\":\"BreadcrumbList\",\"@id\":\"https:\/\/challengeseconomiques.com\/?p=5657#breadcrumb\",\"itemListElement\":[{\"@type\":\"ListItem\",\"position\":1,\"name\":\"Home\",\"item\":\"https:\/\/challengeseconomiques.com\/\"},{\"@type\":\"ListItem\",\"position\":2,\"name\":\"Fatou Dian\u00e9 Gueye veut booster l\u2019entreprenariat f\u00e9minin en privil\u00e9giant l\u2019approche par la chaine de valeur\"}]},{\"@type\":\"WebSite\",\"@id\":\"https:\/\/challengeseconomiques.com\/#website\",\"url\":\"https:\/\/challengeseconomiques.com\/\",\"name\":\"challenges economiques\",\"description\":\"\",\"potentialAction\":[{\"@type\":\"SearchAction\",\"target\":{\"@type\":\"EntryPoint\",\"urlTemplate\":\"https:\/\/challengeseconomiques.com\/?s={search_term_string}\"},\"query-input\":{\"@type\":\"PropertyValueSpecification\",\"valueRequired\":true,\"valueName\":\"search_term_string\"}}],\"inLanguage\":\"fr-FR\"},{\"@type\":\"Person\",\"@id\":\"https:\/\/challengeseconomiques.com\/#\/schema\/person\/b4568c9afebc5a9238a771873801e349\",\"name\":\"admin\",\"image\":{\"@type\":\"ImageObject\",\"inLanguage\":\"fr-FR\",\"@id\":\"https:\/\/challengeseconomiques.com\/#\/schema\/person\/image\/\",\"url\":\"https:\/\/secure.gravatar.com\/avatar\/099e42240b5eea11acdb72751fcce0dd918603f0749d24974b7984ea47ed9fd9?s=96&d=mm&r=g\",\"contentUrl\":\"https:\/\/secure.gravatar.com\/avatar\/099e42240b5eea11acdb72751fcce0dd918603f0749d24974b7984ea47ed9fd9?s=96&d=mm&r=g\",\"caption\":\"admin\"},\"sameAs\":[\"https:\/\/challengeseconomiques.com\"],\"url\":\"https:\/\/challengeseconomiques.com\/?author=1\"}]}<\/script>\n<!-- \/ Yoast SEO plugin. -->","yoast_head_json":{"title":"Fatou Dian\u00e9 Gueye veut booster l\u2019entreprenariat f\u00e9minin en privil\u00e9giant l\u2019approche par la chaine de valeur - challenges economiques","robots":{"index":"index","follow":"follow","max-snippet":"max-snippet:-1","max-image-preview":"max-image-preview:large","max-video-preview":"max-video-preview:-1"},"canonical":"https:\/\/challengeseconomiques.com\/?p=5657","og_locale":"fr_FR","og_type":"article","og_title":"Fatou Dian\u00e9 Gueye veut booster l\u2019entreprenariat f\u00e9minin en privil\u00e9giant l\u2019approche par la chaine de valeur - challenges economiques","og_description":"Fatou Dian\u00e9 Gueye, la ministre de la femme, de la famille et de la protection des enfants\u00a0a indiqu\u00e9 que l\u2019approche par la chaine de valeur...","og_url":"https:\/\/challengeseconomiques.com\/?p=5657","og_site_name":"challenges economiques","article_published_time":"2023-11-22T13:37:44+00:00","article_modified_time":"2023-11-22T13:39:12+00:00","og_image":[{"width":1080,"height":606,"url":"https:\/\/challengeseconomiques.com\/wp-content\/uploads\/2023\/11\/FATOU-DIAN2-GUEYE.jpg","type":"image\/jpeg"}],"author":"admin","twitter_card":"summary_large_image","twitter_misc":{"\u00c9crit par":"admin","Dur\u00e9e de lecture estim\u00e9e":"3 minutes"},"schema":{"@context":"https:\/\/schema.org","@graph":[{"@type":"Article","@id":"https:\/\/challengeseconomiques.com\/?p=5657#article","isPartOf":{"@id":"https:\/\/challengeseconomiques.com\/?p=5657"},"author":{"name":"admin","@id":"https:\/\/challengeseconomiques.com\/#\/schema\/person\/b4568c9afebc5a9238a771873801e349"},"headline":"Fatou Dian\u00e9 Gueye veut booster l\u2019entreprenariat f\u00e9minin en privil\u00e9giant l\u2019approche par la chaine de valeur","datePublished":"2023-11-22T13:37:44+00:00","dateModified":"2023-11-22T13:39:12+00:00","mainEntityOfPage":{"@id":"https:\/\/challengeseconomiques.com\/?p=5657"},"wordCount":639,"image":{"@id":"https:\/\/challengeseconomiques.com\/?p=5657#primaryimage"},"thumbnailUrl":"https:\/\/challengeseconomiques.com\/wp-content\/uploads\/2023\/11\/FATOU-DIAN2-GUEYE.jpg","articleSection":["A la une","Actualit\u00e9 \u00e9conomique","Infos \u00e9co"],"inLanguage":"fr-FR"},{"@type":"WebPage","@id":"https:\/\/challengeseconomiques.com\/?p=5657","url":"https:\/\/challengeseconomiques.com\/?p=5657","name":"Fatou Dian\u00e9 Gueye veut booster l\u2019entreprenariat f\u00e9minin en privil\u00e9giant l\u2019approche par la chaine de valeur - challenges economiques","isPartOf":{"@id":"https:\/\/challengeseconomiques.com\/#website"},"primaryImageOfPage":{"@id":"https:\/\/challengeseconomiques.com\/?p=5657#primaryimage"},"image":{"@id":"https:\/\/challengeseconomiques.com\/?p=5657#primaryimage"},"thumbnailUrl":"https:\/\/challengeseconomiques.com\/wp-content\/uploads\/2023\/11\/FATOU-DIAN2-GUEYE.jpg","datePublished":"2023-11-22T13:37:44+00:00","dateModified":"2023-11-22T13:39:12+00:00","author":{"@id":"https:\/\/challengeseconomiques.com\/#\/schema\/person\/b4568c9afebc5a9238a771873801e349"},"breadcrumb":{"@id":"https:\/\/challengeseconomiques.com\/?p=5657#breadcrumb"},"inLanguage":"fr-FR","potentialAction":[{"@type":"ReadAction","target":["https:\/\/challengeseconomiques.com\/?p=5657"]}]},{"@type":"ImageObject","inLanguage":"fr-FR","@id":"https:\/\/challengeseconomiques.com\/?p=5657#primaryimage","url":"https:\/\/challengeseconomiques.com\/wp-content\/uploads\/2023\/11\/FATOU-DIAN2-GUEYE.jpg","contentUrl":"https:\/\/challengeseconomiques.com\/wp-content\/uploads\/2023\/11\/FATOU-DIAN2-GUEYE.jpg","width":1080,"height":606},{"@type":"BreadcrumbList","@id":"https:\/\/challengeseconomiques.com\/?p=5657#breadcrumb","itemListElement":[{"@type":"ListItem","position":1,"name":"Home","item":"https:\/\/challengeseconomiques.com\/"},{"@type":"ListItem","position":2,"name":"Fatou Dian\u00e9 Gueye veut booster l\u2019entreprenariat f\u00e9minin en privil\u00e9giant l\u2019approche par la chaine de valeur"}]},{"@type":"WebSite","@id":"https:\/\/challengeseconomiques.com\/#website","url":"https:\/\/challengeseconomiques.com\/","name":"challenges economiques","description":"","potentialAction":[{"@type":"SearchAction","target":{"@type":"EntryPoint","urlTemplate":"https:\/\/challengeseconomiques.com\/?s={search_term_string}"},"query-input":{"@type":"PropertyValueSpecification","valueRequired":true,"valueName":"search_term_string"}}],"inLanguage":"fr-FR"},{"@type":"Person","@id":"https:\/\/challengeseconomiques.com\/#\/schema\/person\/b4568c9afebc5a9238a771873801e349","name":"admin","image":{"@type":"ImageObject","inLanguage":"fr-FR","@id":"https:\/\/challengeseconomiques.com\/#\/schema\/person\/image\/","url":"https:\/\/secure.gravatar.com\/avatar\/099e42240b5eea11acdb72751fcce0dd918603f0749d24974b7984ea47ed9fd9?s=96&d=mm&r=g","contentUrl":"https:\/\/secure.gravatar.com\/avatar\/099e42240b5eea11acdb72751fcce0dd918603f0749d24974b7984ea47ed9fd9?s=96&d=mm&r=g","caption":"admin"},"sameAs":["https:\/\/challengeseconomiques.com"],"url":"https:\/\/challengeseconomiques.com\/?author=1"}]}},"jetpack_featured_media_url":"https:\/\/challengeseconomiques.com\/wp-content\/uploads\/2023\/11\/FATOU-DIAN2-GUEYE.jpg","jetpack_sharing_enabled":true,"_links":{"self":[{"href":"https:\/\/challengeseconomiques.com\/index.php?rest_route=\/wp\/v2\/posts\/5657","targetHints":{"allow":["GET"]}}],"collection":[{"href":"https:\/\/challengeseconomiques.com\/index.php?rest_route=\/wp\/v2\/posts"}],"about":[{"href":"https:\/\/challengeseconomiques.com\/index.php?rest_route=\/wp\/v2\/types\/post"}],"author":[{"embeddable":true,"href":"https:\/\/challengeseconomiques.com\/index.php?rest_route=\/wp\/v2\/users\/1"}],"replies":[{"embeddable":true,"href":"https:\/\/challengeseconomiques.com\/index.php?rest_route=%2Fwp%2Fv2%2Fcomments&post=5657"}],"version-history":[{"count":2,"href":"https:\/\/challengeseconomiques.com\/index.php?rest_route=\/wp\/v2\/posts\/5657\/revisions"}],"predecessor-version":[{"id":5661,"href":"https:\/\/challengeseconomiques.com\/index.php?rest_route=\/wp\/v2\/posts\/5657\/revisions\/5661"}],"wp:featuredmedia":[{"embeddable":true,"href":"https:\/\/challengeseconomiques.com\/index.php?rest_route=\/wp\/v2\/media\/5658"}],"wp:attachment":[{"href":"https:\/\/challengeseconomiques.com\/index.php?rest_route=%2Fwp%2Fv2%2Fmedia&parent=5657"}],"wp:term":[{"taxonomy":"category","embeddable":true,"href":"https:\/\/challengeseconomiques.com\/index.php?rest_route=%2Fwp%2Fv2%2Fcategories&post=5657"},{"taxonomy":"post_tag","embeddable":true,"href":"https:\/\/challengeseconomiques.com\/index.php?rest_route=%2Fwp%2Fv2%2Ftags&post=5657"}],"curies":[{"name":"wp","href":"https:\/\/api.w.org\/{rel}","templated":true}]}}