{"id":5636,"date":"2023-11-17T12:56:11","date_gmt":"2023-11-17T12:56:11","guid":{"rendered":"https:\/\/challengeseconomiques.com\/?p=5636"},"modified":"2023-11-17T12:58:05","modified_gmt":"2023-11-17T12:58:05","slug":"afis-awards-2023-la-brvm-laureate-du-prix-de-linnovative-deal-of-the-year","status":"publish","type":"post","link":"https:\/\/challengeseconomiques.com\/?p=5636","title":{"rendered":"AFIS AWARDS 2023 : La BRVM laur\u00e9ate du prix de l&rsquo;Innovative deal on the year"},"content":{"rendered":"<p><strong>La Bourse R\u00e9gionale des Valeurs Mobili\u00e8res (BRVM) a re\u00e7u le Prix de l\u2019Innovative Deal of the Year de l\u2019AFIS AWARDS 2023 conjointement avec la SGI EDC Investment Corporation, \u00e0 l\u2019occasion de l\u2019African Financial Industry Summit (AFIS), tenu \u00e0 Lom\u00e9 au Togo, les 15 et 16 novembre 2023.<\/strong><\/p>\n<p>Ce prix est attribu\u00e9 relativement au succ\u00e8s de l\u2019introduction \u00e0 la BRVM de Orange C\u00f4te d\u2019Ivoire le 30 d\u00e9cembre 2022 avec une capitalisation record \u00e0 l\u2019introduction de 1538,19 milliards de Francs CFA.<\/p>\n<p>La distinction faite \u00e0 la BRVM \u00e0 travers le Prix \u00ab Innovative Deal of the Year \u00bb traduit la reconnaissance de l\u2019industrie financi\u00e8re africaine \u00e0 une op\u00e9ration rare ces derniers temps sur les march\u00e9s (privatisation partielle par IPO) qui a permis de hisser la place boursi\u00e8re de l\u2019UEMOA \u00e0 la cinqui\u00e8me place des bourses africaines en termes de capitalisation en septembre 2023.<\/p>\n<p>Dr Edoh Kossi AMENOUNVE a exprim\u00e9 toute la reconnaissance de la BRVM, de son Conseil d\u2019Administration, de sa Direction G\u00e9n\u00e9rale et de l\u2019ensemble de son personnel qui sont honor\u00e9s de recevoir cette distinction. Elle vient couronner les efforts entrepris depuis plusieurs ann\u00e9es en termes de promotion du march\u00e9 financier r\u00e9gional et d\u2019innovation.<\/p>\n<p>Dr AMENOUNVE a saisi l\u2019opportunit\u00e9 pour t\u00e9moigner sa profonde gratitude au Gouvernement ivoirien et \u00e0 son Comit\u00e9 de Privatisation dont il a salu\u00e9 la vision et le leadership. Il a tenu \u00e0 les remercier pour leur permanente sollicitude \u00e0 l\u2019\u00e9gard de la BRVM.<\/p>\n<p><strong>(Source: BRVM)<\/strong><\/p>\n","protected":false},"excerpt":{"rendered":"<p>La Bourse R\u00e9gionale des Valeurs Mobili\u00e8res (BRVM) a re\u00e7u le Prix de l\u2019Innovative Deal of the Year de l\u2019AFIS AWARDS 2023 conjointement avec la SGI&#8230;<\/p>\n","protected":false},"author":1,"featured_media":5639,"comment_status":"closed","ping_status":"open","sticky":false,"template":"","format":"standard","meta":{"_jetpack_memberships_contains_paid_content":false,"footnotes":""},"categories":[8,10],"tags":[],"class_list":["post-5636","post","type-post","status-publish","format-standard","has-post-thumbnail","hentry","category-actualite-economique","category-infos-eco","wpcat-8-id","wpcat-10-id"],"yoast_head":"<!-- This site is optimized with the Yoast SEO plugin v27.1.1 - https:\/\/yoast.com\/product\/yoast-seo-wordpress\/ -->\n<title>AFIS AWARDS 2023 : La BRVM laur\u00e9ate du prix de l&#039;Innovative deal on the year - challenges economiques<\/title>\n<meta name=\"robots\" content=\"index, follow, max-snippet:-1, max-image-preview:large, max-video-preview:-1\" \/>\n<link rel=\"canonical\" href=\"https:\/\/challengeseconomiques.com\/?p=5636\" \/>\n<meta property=\"og:locale\" content=\"fr_FR\" \/>\n<meta property=\"og:type\" content=\"article\" \/>\n<meta property=\"og:title\" content=\"AFIS AWARDS 2023 : La BRVM laur\u00e9ate du prix de l&#039;Innovative deal on the year - challenges economiques\" \/>\n<meta property=\"og:description\" content=\"La Bourse R\u00e9gionale des Valeurs Mobili\u00e8res (BRVM) a re\u00e7u le Prix de l\u2019Innovative Deal of the Year de l\u2019AFIS AWARDS 2023 conjointement avec la SGI...\" \/>\n<meta property=\"og:url\" content=\"https:\/\/challengeseconomiques.com\/?p=5636\" \/>\n<meta property=\"og:site_name\" content=\"challenges economiques\" \/>\n<meta property=\"article:published_time\" content=\"2023-11-17T12:56:11+00:00\" \/>\n<meta property=\"article:modified_time\" content=\"2023-11-17T12:58:05+00:00\" \/>\n<meta property=\"og:image\" content=\"https:\/\/challengeseconomiques.com\/wp-content\/uploads\/2023\/11\/koffibon.jpg\" \/>\n\t<meta property=\"og:image:width\" content=\"659\" \/>\n\t<meta property=\"og:image:height\" content=\"479\" \/>\n\t<meta property=\"og:image:type\" content=\"image\/jpeg\" \/>\n<meta name=\"author\" content=\"admin\" \/>\n<meta name=\"twitter:card\" content=\"summary_large_image\" \/>\n<meta name=\"twitter:label1\" content=\"\u00c9crit par\" \/>\n\t<meta name=\"twitter:data1\" content=\"admin\" \/>\n\t<meta name=\"twitter:label2\" content=\"Dur\u00e9e de lecture estim\u00e9e\" \/>\n\t<meta name=\"twitter:data2\" content=\"1 minute\" \/>\n<script type=\"application\/ld+json\" class=\"yoast-schema-graph\">{\"@context\":\"https:\/\/schema.org\",\"@graph\":[{\"@type\":\"Article\",\"@id\":\"https:\/\/challengeseconomiques.com\/?p=5636#article\",\"isPartOf\":{\"@id\":\"https:\/\/challengeseconomiques.com\/?p=5636\"},\"author\":{\"name\":\"admin\",\"@id\":\"https:\/\/challengeseconomiques.com\/#\/schema\/person\/b4568c9afebc5a9238a771873801e349\"},\"headline\":\"AFIS AWARDS 2023 : La BRVM laur\u00e9ate du prix de l&rsquo;Innovative deal on the year\",\"datePublished\":\"2023-11-17T12:56:11+00:00\",\"dateModified\":\"2023-11-17T12:58:05+00:00\",\"mainEntityOfPage\":{\"@id\":\"https:\/\/challengeseconomiques.com\/?p=5636\"},\"wordCount\":263,\"image\":{\"@id\":\"https:\/\/challengeseconomiques.com\/?p=5636#primaryimage\"},\"thumbnailUrl\":\"https:\/\/challengeseconomiques.com\/wp-content\/uploads\/2023\/11\/koffibon.jpg\",\"articleSection\":[\"Actualit\u00e9 \u00e9conomique\",\"Infos \u00e9co\"],\"inLanguage\":\"fr-FR\"},{\"@type\":\"WebPage\",\"@id\":\"https:\/\/challengeseconomiques.com\/?p=5636\",\"url\":\"https:\/\/challengeseconomiques.com\/?p=5636\",\"name\":\"AFIS AWARDS 2023 : La BRVM laur\u00e9ate du prix de l'Innovative deal on the year - challenges economiques\",\"isPartOf\":{\"@id\":\"https:\/\/challengeseconomiques.com\/#website\"},\"primaryImageOfPage\":{\"@id\":\"https:\/\/challengeseconomiques.com\/?p=5636#primaryimage\"},\"image\":{\"@id\":\"https:\/\/challengeseconomiques.com\/?p=5636#primaryimage\"},\"thumbnailUrl\":\"https:\/\/challengeseconomiques.com\/wp-content\/uploads\/2023\/11\/koffibon.jpg\",\"datePublished\":\"2023-11-17T12:56:11+00:00\",\"dateModified\":\"2023-11-17T12:58:05+00:00\",\"author\":{\"@id\":\"https:\/\/challengeseconomiques.com\/#\/schema\/person\/b4568c9afebc5a9238a771873801e349\"},\"breadcrumb\":{\"@id\":\"https:\/\/challengeseconomiques.com\/?p=5636#breadcrumb\"},\"inLanguage\":\"fr-FR\",\"potentialAction\":[{\"@type\":\"ReadAction\",\"target\":[\"https:\/\/challengeseconomiques.com\/?p=5636\"]}]},{\"@type\":\"ImageObject\",\"inLanguage\":\"fr-FR\",\"@id\":\"https:\/\/challengeseconomiques.com\/?p=5636#primaryimage\",\"url\":\"https:\/\/challengeseconomiques.com\/wp-content\/uploads\/2023\/11\/koffibon.jpg\",\"contentUrl\":\"https:\/\/challengeseconomiques.com\/wp-content\/uploads\/2023\/11\/koffibon.jpg\",\"width\":659,\"height\":479},{\"@type\":\"BreadcrumbList\",\"@id\":\"https:\/\/challengeseconomiques.com\/?p=5636#breadcrumb\",\"itemListElement\":[{\"@type\":\"ListItem\",\"position\":1,\"name\":\"Home\",\"item\":\"https:\/\/challengeseconomiques.com\/\"},{\"@type\":\"ListItem\",\"position\":2,\"name\":\"AFIS AWARDS 2023 : La BRVM laur\u00e9ate du prix de l&rsquo;Innovative deal on the year\"}]},{\"@type\":\"WebSite\",\"@id\":\"https:\/\/challengeseconomiques.com\/#website\",\"url\":\"https:\/\/challengeseconomiques.com\/\",\"name\":\"challenges economiques\",\"description\":\"\",\"potentialAction\":[{\"@type\":\"SearchAction\",\"target\":{\"@type\":\"EntryPoint\",\"urlTemplate\":\"https:\/\/challengeseconomiques.com\/?s={search_term_string}\"},\"query-input\":{\"@type\":\"PropertyValueSpecification\",\"valueRequired\":true,\"valueName\":\"search_term_string\"}}],\"inLanguage\":\"fr-FR\"},{\"@type\":\"Person\",\"@id\":\"https:\/\/challengeseconomiques.com\/#\/schema\/person\/b4568c9afebc5a9238a771873801e349\",\"name\":\"admin\",\"image\":{\"@type\":\"ImageObject\",\"inLanguage\":\"fr-FR\",\"@id\":\"https:\/\/challengeseconomiques.com\/#\/schema\/person\/image\/\",\"url\":\"https:\/\/secure.gravatar.com\/avatar\/099e42240b5eea11acdb72751fcce0dd918603f0749d24974b7984ea47ed9fd9?s=96&d=mm&r=g\",\"contentUrl\":\"https:\/\/secure.gravatar.com\/avatar\/099e42240b5eea11acdb72751fcce0dd918603f0749d24974b7984ea47ed9fd9?s=96&d=mm&r=g\",\"caption\":\"admin\"},\"sameAs\":[\"https:\/\/challengeseconomiques.com\"],\"url\":\"https:\/\/challengeseconomiques.com\/?author=1\"}]}<\/script>\n<!-- \/ Yoast SEO plugin. -->","yoast_head_json":{"title":"AFIS AWARDS 2023 : La BRVM laur\u00e9ate du prix de l'Innovative deal on the year - challenges economiques","robots":{"index":"index","follow":"follow","max-snippet":"max-snippet:-1","max-image-preview":"max-image-preview:large","max-video-preview":"max-video-preview:-1"},"canonical":"https:\/\/challengeseconomiques.com\/?p=5636","og_locale":"fr_FR","og_type":"article","og_title":"AFIS AWARDS 2023 : La BRVM laur\u00e9ate du prix de l'Innovative deal on the year - challenges economiques","og_description":"La Bourse R\u00e9gionale des Valeurs Mobili\u00e8res (BRVM) a re\u00e7u le Prix de l\u2019Innovative Deal of the Year de l\u2019AFIS AWARDS 2023 conjointement avec la SGI...","og_url":"https:\/\/challengeseconomiques.com\/?p=5636","og_site_name":"challenges economiques","article_published_time":"2023-11-17T12:56:11+00:00","article_modified_time":"2023-11-17T12:58:05+00:00","og_image":[{"width":659,"height":479,"url":"https:\/\/challengeseconomiques.com\/wp-content\/uploads\/2023\/11\/koffibon.jpg","type":"image\/jpeg"}],"author":"admin","twitter_card":"summary_large_image","twitter_misc":{"\u00c9crit par":"admin","Dur\u00e9e de lecture estim\u00e9e":"1 minute"},"schema":{"@context":"https:\/\/schema.org","@graph":[{"@type":"Article","@id":"https:\/\/challengeseconomiques.com\/?p=5636#article","isPartOf":{"@id":"https:\/\/challengeseconomiques.com\/?p=5636"},"author":{"name":"admin","@id":"https:\/\/challengeseconomiques.com\/#\/schema\/person\/b4568c9afebc5a9238a771873801e349"},"headline":"AFIS AWARDS 2023 : La BRVM laur\u00e9ate du prix de l&rsquo;Innovative deal on the year","datePublished":"2023-11-17T12:56:11+00:00","dateModified":"2023-11-17T12:58:05+00:00","mainEntityOfPage":{"@id":"https:\/\/challengeseconomiques.com\/?p=5636"},"wordCount":263,"image":{"@id":"https:\/\/challengeseconomiques.com\/?p=5636#primaryimage"},"thumbnailUrl":"https:\/\/challengeseconomiques.com\/wp-content\/uploads\/2023\/11\/koffibon.jpg","articleSection":["Actualit\u00e9 \u00e9conomique","Infos \u00e9co"],"inLanguage":"fr-FR"},{"@type":"WebPage","@id":"https:\/\/challengeseconomiques.com\/?p=5636","url":"https:\/\/challengeseconomiques.com\/?p=5636","name":"AFIS AWARDS 2023 : La BRVM laur\u00e9ate du prix de l'Innovative deal on the year - challenges economiques","isPartOf":{"@id":"https:\/\/challengeseconomiques.com\/#website"},"primaryImageOfPage":{"@id":"https:\/\/challengeseconomiques.com\/?p=5636#primaryimage"},"image":{"@id":"https:\/\/challengeseconomiques.com\/?p=5636#primaryimage"},"thumbnailUrl":"https:\/\/challengeseconomiques.com\/wp-content\/uploads\/2023\/11\/koffibon.jpg","datePublished":"2023-11-17T12:56:11+00:00","dateModified":"2023-11-17T12:58:05+00:00","author":{"@id":"https:\/\/challengeseconomiques.com\/#\/schema\/person\/b4568c9afebc5a9238a771873801e349"},"breadcrumb":{"@id":"https:\/\/challengeseconomiques.com\/?p=5636#breadcrumb"},"inLanguage":"fr-FR","potentialAction":[{"@type":"ReadAction","target":["https:\/\/challengeseconomiques.com\/?p=5636"]}]},{"@type":"ImageObject","inLanguage":"fr-FR","@id":"https:\/\/challengeseconomiques.com\/?p=5636#primaryimage","url":"https:\/\/challengeseconomiques.com\/wp-content\/uploads\/2023\/11\/koffibon.jpg","contentUrl":"https:\/\/challengeseconomiques.com\/wp-content\/uploads\/2023\/11\/koffibon.jpg","width":659,"height":479},{"@type":"BreadcrumbList","@id":"https:\/\/challengeseconomiques.com\/?p=5636#breadcrumb","itemListElement":[{"@type":"ListItem","position":1,"name":"Home","item":"https:\/\/challengeseconomiques.com\/"},{"@type":"ListItem","position":2,"name":"AFIS AWARDS 2023 : La BRVM laur\u00e9ate du prix de l&rsquo;Innovative deal on the year"}]},{"@type":"WebSite","@id":"https:\/\/challengeseconomiques.com\/#website","url":"https:\/\/challengeseconomiques.com\/","name":"challenges economiques","description":"","potentialAction":[{"@type":"SearchAction","target":{"@type":"EntryPoint","urlTemplate":"https:\/\/challengeseconomiques.com\/?s={search_term_string}"},"query-input":{"@type":"PropertyValueSpecification","valueRequired":true,"valueName":"search_term_string"}}],"inLanguage":"fr-FR"},{"@type":"Person","@id":"https:\/\/challengeseconomiques.com\/#\/schema\/person\/b4568c9afebc5a9238a771873801e349","name":"admin","image":{"@type":"ImageObject","inLanguage":"fr-FR","@id":"https:\/\/challengeseconomiques.com\/#\/schema\/person\/image\/","url":"https:\/\/secure.gravatar.com\/avatar\/099e42240b5eea11acdb72751fcce0dd918603f0749d24974b7984ea47ed9fd9?s=96&d=mm&r=g","contentUrl":"https:\/\/secure.gravatar.com\/avatar\/099e42240b5eea11acdb72751fcce0dd918603f0749d24974b7984ea47ed9fd9?s=96&d=mm&r=g","caption":"admin"},"sameAs":["https:\/\/challengeseconomiques.com"],"url":"https:\/\/challengeseconomiques.com\/?author=1"}]}},"jetpack_featured_media_url":"https:\/\/challengeseconomiques.com\/wp-content\/uploads\/2023\/11\/koffibon.jpg","jetpack_sharing_enabled":true,"_links":{"self":[{"href":"https:\/\/challengeseconomiques.com\/index.php?rest_route=\/wp\/v2\/posts\/5636","targetHints":{"allow":["GET"]}}],"collection":[{"href":"https:\/\/challengeseconomiques.com\/index.php?rest_route=\/wp\/v2\/posts"}],"about":[{"href":"https:\/\/challengeseconomiques.com\/index.php?rest_route=\/wp\/v2\/types\/post"}],"author":[{"embeddable":true,"href":"https:\/\/challengeseconomiques.com\/index.php?rest_route=\/wp\/v2\/users\/1"}],"replies":[{"embeddable":true,"href":"https:\/\/challengeseconomiques.com\/index.php?rest_route=%2Fwp%2Fv2%2Fcomments&post=5636"}],"version-history":[{"count":2,"href":"https:\/\/challengeseconomiques.com\/index.php?rest_route=\/wp\/v2\/posts\/5636\/revisions"}],"predecessor-version":[{"id":5641,"href":"https:\/\/challengeseconomiques.com\/index.php?rest_route=\/wp\/v2\/posts\/5636\/revisions\/5641"}],"wp:featuredmedia":[{"embeddable":true,"href":"https:\/\/challengeseconomiques.com\/index.php?rest_route=\/wp\/v2\/media\/5639"}],"wp:attachment":[{"href":"https:\/\/challengeseconomiques.com\/index.php?rest_route=%2Fwp%2Fv2%2Fmedia&parent=5636"}],"wp:term":[{"taxonomy":"category","embeddable":true,"href":"https:\/\/challengeseconomiques.com\/index.php?rest_route=%2Fwp%2Fv2%2Fcategories&post=5636"},{"taxonomy":"post_tag","embeddable":true,"href":"https:\/\/challengeseconomiques.com\/index.php?rest_route=%2Fwp%2Fv2%2Ftags&post=5636"}],"curies":[{"name":"wp","href":"https:\/\/api.w.org\/{rel}","templated":true}]}}