{"id":5612,"date":"2023-11-16T15:46:46","date_gmt":"2023-11-16T15:46:46","guid":{"rendered":"https:\/\/challengeseconomiques.com\/?p=5612"},"modified":"2023-11-16T15:47:31","modified_gmt":"2023-11-16T15:47:31","slug":"afis-2023-coura-carine-sene-remporte-le-prix-woman-leader","status":"publish","type":"post","link":"https:\/\/challengeseconomiques.com\/?p=5612","title":{"rendered":"AFIS 2023, Coura Carine S\u00e8ne remporte le prix Woman leader"},"content":{"rendered":"<p>Coura Carine S\u00e8ne directrice r\u00e9gionale de Wave dans l\u2019espace Uemoa a remport\u00e9 le prix Woman Leader en marge de l\u2019Africa Financial Industry Summit 2023.<\/p>\n<p>Elle \u00e9tait en comp\u00e9tition avec Khadidiatou Fadika-Coulibaly, Managing Director Hudson et Cie, Pattie Karlawhe Martin directrice de Namibre, Mariam Olusanya, directrice Garantie de Trust Bank et Adji Sokhna \u00a0Mbaye, directrice g\u00e9n\u00e9rale de BOAD TITRISATION.<\/p>\n<p>Elle succ\u00e8de ainsi \u00e0 Delphine Traor\u00e9, Ceo r\u00e9gionale d\u2019Allianz r\u00e9gionale. Coura Carine S\u00e8ne s\u2019est r\u00e9jouie de cette cons\u00e9cration. \u00ab\u00a0C\u2019est la r\u00e9compense de l\u2019audace du d\u00e9sir \u00e0 aller de l\u2019avant de sortir de sa zone de confort parce que je suis ing\u00e9nieur en informatique et je suis entr\u00e9e dans le monde de la finance digitale pour servir les non bancaris\u00e9s et inclure les exclus de la finance. Je d\u00e9die ce prix \u00e0 tout le personnel de Wave\u00a0\u00bb, a-t-elle dit, \u00e9mue devant une importante assistance.<\/p>\n<p>&nbsp;<\/p>\n<p>&nbsp;<\/p>\n","protected":false},"excerpt":{"rendered":"<p>Coura Carine S\u00e8ne directrice r\u00e9gionale de Wave dans l\u2019espace Uemoa a remport\u00e9 le prix Woman Leader en marge de l\u2019Africa Financial Industry Summit 2023. Elle&#8230;<\/p>\n","protected":false},"author":1,"featured_media":5613,"comment_status":"closed","ping_status":"open","sticky":false,"template":"","format":"standard","meta":{"_jetpack_memberships_contains_paid_content":false,"footnotes":""},"categories":[23,8,10],"tags":[],"class_list":["post-5612","post","type-post","status-publish","format-standard","has-post-thumbnail","hentry","category-a-la-une","category-actualite-economique","category-infos-eco","wpcat-23-id","wpcat-8-id","wpcat-10-id"],"yoast_head":"<!-- This site is optimized with the Yoast SEO plugin v27.1.1 - https:\/\/yoast.com\/product\/yoast-seo-wordpress\/ -->\n<title>AFIS 2023, Coura Carine S\u00e8ne remporte le prix Woman leader - challenges economiques<\/title>\n<meta name=\"robots\" content=\"index, follow, max-snippet:-1, max-image-preview:large, max-video-preview:-1\" \/>\n<link rel=\"canonical\" href=\"https:\/\/challengeseconomiques.com\/?p=5612\" \/>\n<meta property=\"og:locale\" content=\"fr_FR\" \/>\n<meta property=\"og:type\" content=\"article\" \/>\n<meta property=\"og:title\" content=\"AFIS 2023, Coura Carine S\u00e8ne remporte le prix Woman leader - challenges economiques\" \/>\n<meta property=\"og:description\" content=\"Coura Carine S\u00e8ne directrice r\u00e9gionale de Wave dans l\u2019espace Uemoa a remport\u00e9 le prix Woman Leader en marge de l\u2019Africa Financial Industry Summit 2023. Elle...\" \/>\n<meta property=\"og:url\" content=\"https:\/\/challengeseconomiques.com\/?p=5612\" \/>\n<meta property=\"og:site_name\" content=\"challenges economiques\" \/>\n<meta property=\"article:published_time\" content=\"2023-11-16T15:46:46+00:00\" \/>\n<meta property=\"article:modified_time\" content=\"2023-11-16T15:47:31+00:00\" \/>\n<meta property=\"og:image\" content=\"https:\/\/challengeseconomiques.com\/wp-content\/uploads\/2023\/11\/carine-Sene.jpg\" \/>\n\t<meta property=\"og:image:width\" content=\"1024\" \/>\n\t<meta property=\"og:image:height\" content=\"683\" \/>\n\t<meta property=\"og:image:type\" content=\"image\/jpeg\" \/>\n<meta name=\"author\" content=\"admin\" \/>\n<meta name=\"twitter:card\" content=\"summary_large_image\" \/>\n<meta name=\"twitter:label1\" content=\"\u00c9crit par\" \/>\n\t<meta name=\"twitter:data1\" content=\"admin\" \/>\n\t<meta name=\"twitter:label2\" content=\"Dur\u00e9e de lecture estim\u00e9e\" \/>\n\t<meta name=\"twitter:data2\" content=\"1 minute\" \/>\n<script type=\"application\/ld+json\" class=\"yoast-schema-graph\">{\"@context\":\"https:\/\/schema.org\",\"@graph\":[{\"@type\":\"Article\",\"@id\":\"https:\/\/challengeseconomiques.com\/?p=5612#article\",\"isPartOf\":{\"@id\":\"https:\/\/challengeseconomiques.com\/?p=5612\"},\"author\":{\"name\":\"admin\",\"@id\":\"https:\/\/challengeseconomiques.com\/#\/schema\/person\/b4568c9afebc5a9238a771873801e349\"},\"headline\":\"AFIS 2023, Coura Carine S\u00e8ne remporte le prix Woman leader\",\"datePublished\":\"2023-11-16T15:46:46+00:00\",\"dateModified\":\"2023-11-16T15:47:31+00:00\",\"mainEntityOfPage\":{\"@id\":\"https:\/\/challengeseconomiques.com\/?p=5612\"},\"wordCount\":173,\"image\":{\"@id\":\"https:\/\/challengeseconomiques.com\/?p=5612#primaryimage\"},\"thumbnailUrl\":\"https:\/\/challengeseconomiques.com\/wp-content\/uploads\/2023\/11\/carine-Sene.jpg\",\"articleSection\":[\"A la une\",\"Actualit\u00e9 \u00e9conomique\",\"Infos \u00e9co\"],\"inLanguage\":\"fr-FR\"},{\"@type\":\"WebPage\",\"@id\":\"https:\/\/challengeseconomiques.com\/?p=5612\",\"url\":\"https:\/\/challengeseconomiques.com\/?p=5612\",\"name\":\"AFIS 2023, Coura Carine S\u00e8ne remporte le prix Woman leader - challenges economiques\",\"isPartOf\":{\"@id\":\"https:\/\/challengeseconomiques.com\/#website\"},\"primaryImageOfPage\":{\"@id\":\"https:\/\/challengeseconomiques.com\/?p=5612#primaryimage\"},\"image\":{\"@id\":\"https:\/\/challengeseconomiques.com\/?p=5612#primaryimage\"},\"thumbnailUrl\":\"https:\/\/challengeseconomiques.com\/wp-content\/uploads\/2023\/11\/carine-Sene.jpg\",\"datePublished\":\"2023-11-16T15:46:46+00:00\",\"dateModified\":\"2023-11-16T15:47:31+00:00\",\"author\":{\"@id\":\"https:\/\/challengeseconomiques.com\/#\/schema\/person\/b4568c9afebc5a9238a771873801e349\"},\"breadcrumb\":{\"@id\":\"https:\/\/challengeseconomiques.com\/?p=5612#breadcrumb\"},\"inLanguage\":\"fr-FR\",\"potentialAction\":[{\"@type\":\"ReadAction\",\"target\":[\"https:\/\/challengeseconomiques.com\/?p=5612\"]}]},{\"@type\":\"ImageObject\",\"inLanguage\":\"fr-FR\",\"@id\":\"https:\/\/challengeseconomiques.com\/?p=5612#primaryimage\",\"url\":\"https:\/\/challengeseconomiques.com\/wp-content\/uploads\/2023\/11\/carine-Sene.jpg\",\"contentUrl\":\"https:\/\/challengeseconomiques.com\/wp-content\/uploads\/2023\/11\/carine-Sene.jpg\",\"width\":1024,\"height\":683},{\"@type\":\"BreadcrumbList\",\"@id\":\"https:\/\/challengeseconomiques.com\/?p=5612#breadcrumb\",\"itemListElement\":[{\"@type\":\"ListItem\",\"position\":1,\"name\":\"Home\",\"item\":\"https:\/\/challengeseconomiques.com\/\"},{\"@type\":\"ListItem\",\"position\":2,\"name\":\"AFIS 2023, Coura Carine S\u00e8ne remporte le prix Woman leader\"}]},{\"@type\":\"WebSite\",\"@id\":\"https:\/\/challengeseconomiques.com\/#website\",\"url\":\"https:\/\/challengeseconomiques.com\/\",\"name\":\"challenges economiques\",\"description\":\"\",\"potentialAction\":[{\"@type\":\"SearchAction\",\"target\":{\"@type\":\"EntryPoint\",\"urlTemplate\":\"https:\/\/challengeseconomiques.com\/?s={search_term_string}\"},\"query-input\":{\"@type\":\"PropertyValueSpecification\",\"valueRequired\":true,\"valueName\":\"search_term_string\"}}],\"inLanguage\":\"fr-FR\"},{\"@type\":\"Person\",\"@id\":\"https:\/\/challengeseconomiques.com\/#\/schema\/person\/b4568c9afebc5a9238a771873801e349\",\"name\":\"admin\",\"image\":{\"@type\":\"ImageObject\",\"inLanguage\":\"fr-FR\",\"@id\":\"https:\/\/challengeseconomiques.com\/#\/schema\/person\/image\/\",\"url\":\"https:\/\/secure.gravatar.com\/avatar\/099e42240b5eea11acdb72751fcce0dd918603f0749d24974b7984ea47ed9fd9?s=96&d=mm&r=g\",\"contentUrl\":\"https:\/\/secure.gravatar.com\/avatar\/099e42240b5eea11acdb72751fcce0dd918603f0749d24974b7984ea47ed9fd9?s=96&d=mm&r=g\",\"caption\":\"admin\"},\"sameAs\":[\"https:\/\/challengeseconomiques.com\"],\"url\":\"https:\/\/challengeseconomiques.com\/?author=1\"}]}<\/script>\n<!-- \/ Yoast SEO plugin. -->","yoast_head_json":{"title":"AFIS 2023, Coura Carine S\u00e8ne remporte le prix Woman leader - challenges economiques","robots":{"index":"index","follow":"follow","max-snippet":"max-snippet:-1","max-image-preview":"max-image-preview:large","max-video-preview":"max-video-preview:-1"},"canonical":"https:\/\/challengeseconomiques.com\/?p=5612","og_locale":"fr_FR","og_type":"article","og_title":"AFIS 2023, Coura Carine S\u00e8ne remporte le prix Woman leader - challenges economiques","og_description":"Coura Carine S\u00e8ne directrice r\u00e9gionale de Wave dans l\u2019espace Uemoa a remport\u00e9 le prix Woman Leader en marge de l\u2019Africa Financial Industry Summit 2023. Elle...","og_url":"https:\/\/challengeseconomiques.com\/?p=5612","og_site_name":"challenges economiques","article_published_time":"2023-11-16T15:46:46+00:00","article_modified_time":"2023-11-16T15:47:31+00:00","og_image":[{"width":1024,"height":683,"url":"https:\/\/challengeseconomiques.com\/wp-content\/uploads\/2023\/11\/carine-Sene.jpg","type":"image\/jpeg"}],"author":"admin","twitter_card":"summary_large_image","twitter_misc":{"\u00c9crit par":"admin","Dur\u00e9e de lecture estim\u00e9e":"1 minute"},"schema":{"@context":"https:\/\/schema.org","@graph":[{"@type":"Article","@id":"https:\/\/challengeseconomiques.com\/?p=5612#article","isPartOf":{"@id":"https:\/\/challengeseconomiques.com\/?p=5612"},"author":{"name":"admin","@id":"https:\/\/challengeseconomiques.com\/#\/schema\/person\/b4568c9afebc5a9238a771873801e349"},"headline":"AFIS 2023, Coura Carine S\u00e8ne remporte le prix Woman leader","datePublished":"2023-11-16T15:46:46+00:00","dateModified":"2023-11-16T15:47:31+00:00","mainEntityOfPage":{"@id":"https:\/\/challengeseconomiques.com\/?p=5612"},"wordCount":173,"image":{"@id":"https:\/\/challengeseconomiques.com\/?p=5612#primaryimage"},"thumbnailUrl":"https:\/\/challengeseconomiques.com\/wp-content\/uploads\/2023\/11\/carine-Sene.jpg","articleSection":["A la une","Actualit\u00e9 \u00e9conomique","Infos \u00e9co"],"inLanguage":"fr-FR"},{"@type":"WebPage","@id":"https:\/\/challengeseconomiques.com\/?p=5612","url":"https:\/\/challengeseconomiques.com\/?p=5612","name":"AFIS 2023, Coura Carine S\u00e8ne remporte le prix Woman leader - challenges economiques","isPartOf":{"@id":"https:\/\/challengeseconomiques.com\/#website"},"primaryImageOfPage":{"@id":"https:\/\/challengeseconomiques.com\/?p=5612#primaryimage"},"image":{"@id":"https:\/\/challengeseconomiques.com\/?p=5612#primaryimage"},"thumbnailUrl":"https:\/\/challengeseconomiques.com\/wp-content\/uploads\/2023\/11\/carine-Sene.jpg","datePublished":"2023-11-16T15:46:46+00:00","dateModified":"2023-11-16T15:47:31+00:00","author":{"@id":"https:\/\/challengeseconomiques.com\/#\/schema\/person\/b4568c9afebc5a9238a771873801e349"},"breadcrumb":{"@id":"https:\/\/challengeseconomiques.com\/?p=5612#breadcrumb"},"inLanguage":"fr-FR","potentialAction":[{"@type":"ReadAction","target":["https:\/\/challengeseconomiques.com\/?p=5612"]}]},{"@type":"ImageObject","inLanguage":"fr-FR","@id":"https:\/\/challengeseconomiques.com\/?p=5612#primaryimage","url":"https:\/\/challengeseconomiques.com\/wp-content\/uploads\/2023\/11\/carine-Sene.jpg","contentUrl":"https:\/\/challengeseconomiques.com\/wp-content\/uploads\/2023\/11\/carine-Sene.jpg","width":1024,"height":683},{"@type":"BreadcrumbList","@id":"https:\/\/challengeseconomiques.com\/?p=5612#breadcrumb","itemListElement":[{"@type":"ListItem","position":1,"name":"Home","item":"https:\/\/challengeseconomiques.com\/"},{"@type":"ListItem","position":2,"name":"AFIS 2023, Coura Carine S\u00e8ne remporte le prix Woman leader"}]},{"@type":"WebSite","@id":"https:\/\/challengeseconomiques.com\/#website","url":"https:\/\/challengeseconomiques.com\/","name":"challenges economiques","description":"","potentialAction":[{"@type":"SearchAction","target":{"@type":"EntryPoint","urlTemplate":"https:\/\/challengeseconomiques.com\/?s={search_term_string}"},"query-input":{"@type":"PropertyValueSpecification","valueRequired":true,"valueName":"search_term_string"}}],"inLanguage":"fr-FR"},{"@type":"Person","@id":"https:\/\/challengeseconomiques.com\/#\/schema\/person\/b4568c9afebc5a9238a771873801e349","name":"admin","image":{"@type":"ImageObject","inLanguage":"fr-FR","@id":"https:\/\/challengeseconomiques.com\/#\/schema\/person\/image\/","url":"https:\/\/secure.gravatar.com\/avatar\/099e42240b5eea11acdb72751fcce0dd918603f0749d24974b7984ea47ed9fd9?s=96&d=mm&r=g","contentUrl":"https:\/\/secure.gravatar.com\/avatar\/099e42240b5eea11acdb72751fcce0dd918603f0749d24974b7984ea47ed9fd9?s=96&d=mm&r=g","caption":"admin"},"sameAs":["https:\/\/challengeseconomiques.com"],"url":"https:\/\/challengeseconomiques.com\/?author=1"}]}},"jetpack_featured_media_url":"https:\/\/challengeseconomiques.com\/wp-content\/uploads\/2023\/11\/carine-Sene.jpg","jetpack_sharing_enabled":true,"_links":{"self":[{"href":"https:\/\/challengeseconomiques.com\/index.php?rest_route=\/wp\/v2\/posts\/5612","targetHints":{"allow":["GET"]}}],"collection":[{"href":"https:\/\/challengeseconomiques.com\/index.php?rest_route=\/wp\/v2\/posts"}],"about":[{"href":"https:\/\/challengeseconomiques.com\/index.php?rest_route=\/wp\/v2\/types\/post"}],"author":[{"embeddable":true,"href":"https:\/\/challengeseconomiques.com\/index.php?rest_route=\/wp\/v2\/users\/1"}],"replies":[{"embeddable":true,"href":"https:\/\/challengeseconomiques.com\/index.php?rest_route=%2Fwp%2Fv2%2Fcomments&post=5612"}],"version-history":[{"count":1,"href":"https:\/\/challengeseconomiques.com\/index.php?rest_route=\/wp\/v2\/posts\/5612\/revisions"}],"predecessor-version":[{"id":5615,"href":"https:\/\/challengeseconomiques.com\/index.php?rest_route=\/wp\/v2\/posts\/5612\/revisions\/5615"}],"wp:featuredmedia":[{"embeddable":true,"href":"https:\/\/challengeseconomiques.com\/index.php?rest_route=\/wp\/v2\/media\/5613"}],"wp:attachment":[{"href":"https:\/\/challengeseconomiques.com\/index.php?rest_route=%2Fwp%2Fv2%2Fmedia&parent=5612"}],"wp:term":[{"taxonomy":"category","embeddable":true,"href":"https:\/\/challengeseconomiques.com\/index.php?rest_route=%2Fwp%2Fv2%2Fcategories&post=5612"},{"taxonomy":"post_tag","embeddable":true,"href":"https:\/\/challengeseconomiques.com\/index.php?rest_route=%2Fwp%2Fv2%2Ftags&post=5612"}],"curies":[{"name":"wp","href":"https:\/\/api.w.org\/{rel}","templated":true}]}}