{"id":5610,"date":"2023-11-15T13:43:40","date_gmt":"2023-11-15T13:43:40","guid":{"rendered":"https:\/\/challengeseconomiques.com\/?p=5610"},"modified":"2023-11-15T13:44:03","modified_gmt":"2023-11-15T13:44:03","slug":"le-senegal-mobilise-90-millions-deuros-aupres-de-la-badea-et-la-bid-pour-la-phase-2-du-ter","status":"publish","type":"post","link":"https:\/\/challengeseconomiques.com\/?p=5610","title":{"rendered":"Le S\u00e9n\u00e9gal mobilise 90 millions d\u2019euros aupr\u00e8s de la BADEA et la BID pour la phase 2 du TER"},"content":{"rendered":"<p>Dans le cadre de la phase 2 du TER (Train Express R\u00e9gional), le S\u00e9n\u00e9gal a sign\u00e9 des conventions avec la Banque arabe pour le d\u00e9veloppement \u00e9conomique en Afrique (BADEA) et la Banque Islamique de d\u00e9veloppement. Le partenariat avec la premi\u00e8re structure porte sur\u00a0 un pr\u00eat d\u2019un montant de cinquante millions (50 000 000) de dollars US, soit environ trente (30) milliards de Francs CFA.<\/p>\n<p>S\u2019agissant de la convention avec la BID, elle concerne une enveloppe de 40 millions d\u2019euros. Ces deux conventions de financement, renseigne un communiqu\u00e9 du minist\u00e8re de l\u2019\u00c9conomie, du Plan et de la Coop\u00e9ration vont permettre le prolongement du Train Express R\u00e9gion jusqu\u2019\u00e0 l\u2019a\u00e9roport Blaise Diagne au grand bonheur des voyageurs.<\/p>\n<p>La connexion ferroviaire Dakar-Aibd cens\u00e9e\u00a0 contribuer de mani\u00e8re significative au d\u00e9sengorgement de l\u2019axe Dakar-Diamniadio, s\u2019inscrit non seulement dans le cadre du Plan S\u00e9n\u00e9gal \u00e9mergent (#PSE) mais proc\u00e8de surtout d\u2019un lifting \u00e0 grande \u00e9chelle du syst\u00e8me a\u00e9roportuaire s\u00e9n\u00e9galais pour r\u00e9pondre \u00e0 la volont\u00e9 du Pr\u00e9sident de la R\u00e9publique, Son Excellence, Macky Sall, de faire du S\u00e9n\u00e9gal un HUB a\u00e9rien \u00e0 l\u2019horizon 2035.<\/p>\n<p>En dehors de la phase 2 du TER, une partie du financement de la BID va permettre la mise en \u0153uvre de 39 projets importants, en particulier, dans les domaines des Infrastructures, de l\u2019\u00c9nergie, de l\u2019Agriculture, de l\u2019Hydraulique, de l\u2019Assainissement, de l\u2019Entreprenariat f\u00e9minin, de l\u2019\u00c9ducation et de la Sant\u00e9.<\/p>\n<p><strong>Sikafinance<\/strong><\/p>\n","protected":false},"excerpt":{"rendered":"<p>Dans le cadre de la phase 2 du TER (Train Express R\u00e9gional), le S\u00e9n\u00e9gal a sign\u00e9 des conventions avec la Banque arabe pour le d\u00e9veloppement&#8230;<\/p>\n","protected":false},"author":1,"featured_media":5607,"comment_status":"closed","ping_status":"open","sticky":false,"template":"","format":"standard","meta":{"_jetpack_memberships_contains_paid_content":false,"footnotes":""},"categories":[8,10],"tags":[],"class_list":["post-5610","post","type-post","status-publish","format-standard","has-post-thumbnail","hentry","category-actualite-economique","category-infos-eco","wpcat-8-id","wpcat-10-id"],"yoast_head":"<!-- This site is optimized with the Yoast SEO plugin v27.1.1 - https:\/\/yoast.com\/product\/yoast-seo-wordpress\/ -->\n<title>Le S\u00e9n\u00e9gal mobilise 90 millions d\u2019euros aupr\u00e8s de la BADEA et la BID pour la phase 2 du TER - challenges economiques<\/title>\n<meta name=\"robots\" content=\"index, follow, max-snippet:-1, max-image-preview:large, max-video-preview:-1\" \/>\n<link rel=\"canonical\" href=\"https:\/\/challengeseconomiques.com\/?p=5610\" \/>\n<meta property=\"og:locale\" content=\"fr_FR\" \/>\n<meta property=\"og:type\" content=\"article\" \/>\n<meta property=\"og:title\" content=\"Le S\u00e9n\u00e9gal mobilise 90 millions d\u2019euros aupr\u00e8s de la BADEA et la BID pour la phase 2 du TER - challenges economiques\" \/>\n<meta property=\"og:description\" content=\"Dans le cadre de la phase 2 du TER (Train Express R\u00e9gional), le S\u00e9n\u00e9gal a sign\u00e9 des conventions avec la Banque arabe pour le d\u00e9veloppement...\" \/>\n<meta property=\"og:url\" content=\"https:\/\/challengeseconomiques.com\/?p=5610\" \/>\n<meta property=\"og:site_name\" content=\"challenges economiques\" \/>\n<meta property=\"article:published_time\" content=\"2023-11-15T13:43:40+00:00\" \/>\n<meta property=\"article:modified_time\" content=\"2023-11-15T13:44:03+00:00\" \/>\n<meta property=\"og:image\" content=\"https:\/\/challengeseconomiques.com\/wp-content\/uploads\/2023\/11\/badeabisenegal.jpg\" \/>\n\t<meta property=\"og:image:width\" content=\"600\" \/>\n\t<meta property=\"og:image:height\" content=\"402\" \/>\n\t<meta property=\"og:image:type\" content=\"image\/jpeg\" \/>\n<meta name=\"author\" content=\"admin\" \/>\n<meta name=\"twitter:card\" content=\"summary_large_image\" \/>\n<meta name=\"twitter:label1\" content=\"\u00c9crit par\" \/>\n\t<meta name=\"twitter:data1\" content=\"admin\" \/>\n\t<meta name=\"twitter:label2\" content=\"Dur\u00e9e de lecture estim\u00e9e\" \/>\n\t<meta name=\"twitter:data2\" content=\"1 minute\" \/>\n<script type=\"application\/ld+json\" class=\"yoast-schema-graph\">{\"@context\":\"https:\/\/schema.org\",\"@graph\":[{\"@type\":\"Article\",\"@id\":\"https:\/\/challengeseconomiques.com\/?p=5610#article\",\"isPartOf\":{\"@id\":\"https:\/\/challengeseconomiques.com\/?p=5610\"},\"author\":{\"name\":\"admin\",\"@id\":\"https:\/\/challengeseconomiques.com\/#\/schema\/person\/b4568c9afebc5a9238a771873801e349\"},\"headline\":\"Le S\u00e9n\u00e9gal mobilise 90 millions d\u2019euros aupr\u00e8s de la BADEA et la BID pour la phase 2 du TER\",\"datePublished\":\"2023-11-15T13:43:40+00:00\",\"dateModified\":\"2023-11-15T13:44:03+00:00\",\"mainEntityOfPage\":{\"@id\":\"https:\/\/challengeseconomiques.com\/?p=5610\"},\"wordCount\":277,\"image\":{\"@id\":\"https:\/\/challengeseconomiques.com\/?p=5610#primaryimage\"},\"thumbnailUrl\":\"https:\/\/challengeseconomiques.com\/wp-content\/uploads\/2023\/11\/badeabisenegal.jpg\",\"articleSection\":[\"Actualit\u00e9 \u00e9conomique\",\"Infos \u00e9co\"],\"inLanguage\":\"fr-FR\"},{\"@type\":\"WebPage\",\"@id\":\"https:\/\/challengeseconomiques.com\/?p=5610\",\"url\":\"https:\/\/challengeseconomiques.com\/?p=5610\",\"name\":\"Le S\u00e9n\u00e9gal mobilise 90 millions d\u2019euros aupr\u00e8s de la BADEA et la BID pour la phase 2 du TER - challenges economiques\",\"isPartOf\":{\"@id\":\"https:\/\/challengeseconomiques.com\/#website\"},\"primaryImageOfPage\":{\"@id\":\"https:\/\/challengeseconomiques.com\/?p=5610#primaryimage\"},\"image\":{\"@id\":\"https:\/\/challengeseconomiques.com\/?p=5610#primaryimage\"},\"thumbnailUrl\":\"https:\/\/challengeseconomiques.com\/wp-content\/uploads\/2023\/11\/badeabisenegal.jpg\",\"datePublished\":\"2023-11-15T13:43:40+00:00\",\"dateModified\":\"2023-11-15T13:44:03+00:00\",\"author\":{\"@id\":\"https:\/\/challengeseconomiques.com\/#\/schema\/person\/b4568c9afebc5a9238a771873801e349\"},\"breadcrumb\":{\"@id\":\"https:\/\/challengeseconomiques.com\/?p=5610#breadcrumb\"},\"inLanguage\":\"fr-FR\",\"potentialAction\":[{\"@type\":\"ReadAction\",\"target\":[\"https:\/\/challengeseconomiques.com\/?p=5610\"]}]},{\"@type\":\"ImageObject\",\"inLanguage\":\"fr-FR\",\"@id\":\"https:\/\/challengeseconomiques.com\/?p=5610#primaryimage\",\"url\":\"https:\/\/challengeseconomiques.com\/wp-content\/uploads\/2023\/11\/badeabisenegal.jpg\",\"contentUrl\":\"https:\/\/challengeseconomiques.com\/wp-content\/uploads\/2023\/11\/badeabisenegal.jpg\",\"width\":600,\"height\":402},{\"@type\":\"BreadcrumbList\",\"@id\":\"https:\/\/challengeseconomiques.com\/?p=5610#breadcrumb\",\"itemListElement\":[{\"@type\":\"ListItem\",\"position\":1,\"name\":\"Home\",\"item\":\"https:\/\/challengeseconomiques.com\/\"},{\"@type\":\"ListItem\",\"position\":2,\"name\":\"Le S\u00e9n\u00e9gal mobilise 90 millions d\u2019euros aupr\u00e8s de la BADEA et la BID pour la phase 2 du TER\"}]},{\"@type\":\"WebSite\",\"@id\":\"https:\/\/challengeseconomiques.com\/#website\",\"url\":\"https:\/\/challengeseconomiques.com\/\",\"name\":\"challenges economiques\",\"description\":\"\",\"potentialAction\":[{\"@type\":\"SearchAction\",\"target\":{\"@type\":\"EntryPoint\",\"urlTemplate\":\"https:\/\/challengeseconomiques.com\/?s={search_term_string}\"},\"query-input\":{\"@type\":\"PropertyValueSpecification\",\"valueRequired\":true,\"valueName\":\"search_term_string\"}}],\"inLanguage\":\"fr-FR\"},{\"@type\":\"Person\",\"@id\":\"https:\/\/challengeseconomiques.com\/#\/schema\/person\/b4568c9afebc5a9238a771873801e349\",\"name\":\"admin\",\"image\":{\"@type\":\"ImageObject\",\"inLanguage\":\"fr-FR\",\"@id\":\"https:\/\/challengeseconomiques.com\/#\/schema\/person\/image\/\",\"url\":\"https:\/\/secure.gravatar.com\/avatar\/099e42240b5eea11acdb72751fcce0dd918603f0749d24974b7984ea47ed9fd9?s=96&d=mm&r=g\",\"contentUrl\":\"https:\/\/secure.gravatar.com\/avatar\/099e42240b5eea11acdb72751fcce0dd918603f0749d24974b7984ea47ed9fd9?s=96&d=mm&r=g\",\"caption\":\"admin\"},\"sameAs\":[\"https:\/\/challengeseconomiques.com\"],\"url\":\"https:\/\/challengeseconomiques.com\/?author=1\"}]}<\/script>\n<!-- \/ Yoast SEO plugin. -->","yoast_head_json":{"title":"Le S\u00e9n\u00e9gal mobilise 90 millions d\u2019euros aupr\u00e8s de la BADEA et la BID pour la phase 2 du TER - challenges economiques","robots":{"index":"index","follow":"follow","max-snippet":"max-snippet:-1","max-image-preview":"max-image-preview:large","max-video-preview":"max-video-preview:-1"},"canonical":"https:\/\/challengeseconomiques.com\/?p=5610","og_locale":"fr_FR","og_type":"article","og_title":"Le S\u00e9n\u00e9gal mobilise 90 millions d\u2019euros aupr\u00e8s de la BADEA et la BID pour la phase 2 du TER - challenges economiques","og_description":"Dans le cadre de la phase 2 du TER (Train Express R\u00e9gional), le S\u00e9n\u00e9gal a sign\u00e9 des conventions avec la Banque arabe pour le d\u00e9veloppement...","og_url":"https:\/\/challengeseconomiques.com\/?p=5610","og_site_name":"challenges economiques","article_published_time":"2023-11-15T13:43:40+00:00","article_modified_time":"2023-11-15T13:44:03+00:00","og_image":[{"width":600,"height":402,"url":"https:\/\/challengeseconomiques.com\/wp-content\/uploads\/2023\/11\/badeabisenegal.jpg","type":"image\/jpeg"}],"author":"admin","twitter_card":"summary_large_image","twitter_misc":{"\u00c9crit par":"admin","Dur\u00e9e de lecture estim\u00e9e":"1 minute"},"schema":{"@context":"https:\/\/schema.org","@graph":[{"@type":"Article","@id":"https:\/\/challengeseconomiques.com\/?p=5610#article","isPartOf":{"@id":"https:\/\/challengeseconomiques.com\/?p=5610"},"author":{"name":"admin","@id":"https:\/\/challengeseconomiques.com\/#\/schema\/person\/b4568c9afebc5a9238a771873801e349"},"headline":"Le S\u00e9n\u00e9gal mobilise 90 millions d\u2019euros aupr\u00e8s de la BADEA et la BID pour la phase 2 du TER","datePublished":"2023-11-15T13:43:40+00:00","dateModified":"2023-11-15T13:44:03+00:00","mainEntityOfPage":{"@id":"https:\/\/challengeseconomiques.com\/?p=5610"},"wordCount":277,"image":{"@id":"https:\/\/challengeseconomiques.com\/?p=5610#primaryimage"},"thumbnailUrl":"https:\/\/challengeseconomiques.com\/wp-content\/uploads\/2023\/11\/badeabisenegal.jpg","articleSection":["Actualit\u00e9 \u00e9conomique","Infos \u00e9co"],"inLanguage":"fr-FR"},{"@type":"WebPage","@id":"https:\/\/challengeseconomiques.com\/?p=5610","url":"https:\/\/challengeseconomiques.com\/?p=5610","name":"Le S\u00e9n\u00e9gal mobilise 90 millions d\u2019euros aupr\u00e8s de la BADEA et la BID pour la phase 2 du TER - challenges economiques","isPartOf":{"@id":"https:\/\/challengeseconomiques.com\/#website"},"primaryImageOfPage":{"@id":"https:\/\/challengeseconomiques.com\/?p=5610#primaryimage"},"image":{"@id":"https:\/\/challengeseconomiques.com\/?p=5610#primaryimage"},"thumbnailUrl":"https:\/\/challengeseconomiques.com\/wp-content\/uploads\/2023\/11\/badeabisenegal.jpg","datePublished":"2023-11-15T13:43:40+00:00","dateModified":"2023-11-15T13:44:03+00:00","author":{"@id":"https:\/\/challengeseconomiques.com\/#\/schema\/person\/b4568c9afebc5a9238a771873801e349"},"breadcrumb":{"@id":"https:\/\/challengeseconomiques.com\/?p=5610#breadcrumb"},"inLanguage":"fr-FR","potentialAction":[{"@type":"ReadAction","target":["https:\/\/challengeseconomiques.com\/?p=5610"]}]},{"@type":"ImageObject","inLanguage":"fr-FR","@id":"https:\/\/challengeseconomiques.com\/?p=5610#primaryimage","url":"https:\/\/challengeseconomiques.com\/wp-content\/uploads\/2023\/11\/badeabisenegal.jpg","contentUrl":"https:\/\/challengeseconomiques.com\/wp-content\/uploads\/2023\/11\/badeabisenegal.jpg","width":600,"height":402},{"@type":"BreadcrumbList","@id":"https:\/\/challengeseconomiques.com\/?p=5610#breadcrumb","itemListElement":[{"@type":"ListItem","position":1,"name":"Home","item":"https:\/\/challengeseconomiques.com\/"},{"@type":"ListItem","position":2,"name":"Le S\u00e9n\u00e9gal mobilise 90 millions d\u2019euros aupr\u00e8s de la BADEA et la BID pour la phase 2 du TER"}]},{"@type":"WebSite","@id":"https:\/\/challengeseconomiques.com\/#website","url":"https:\/\/challengeseconomiques.com\/","name":"challenges economiques","description":"","potentialAction":[{"@type":"SearchAction","target":{"@type":"EntryPoint","urlTemplate":"https:\/\/challengeseconomiques.com\/?s={search_term_string}"},"query-input":{"@type":"PropertyValueSpecification","valueRequired":true,"valueName":"search_term_string"}}],"inLanguage":"fr-FR"},{"@type":"Person","@id":"https:\/\/challengeseconomiques.com\/#\/schema\/person\/b4568c9afebc5a9238a771873801e349","name":"admin","image":{"@type":"ImageObject","inLanguage":"fr-FR","@id":"https:\/\/challengeseconomiques.com\/#\/schema\/person\/image\/","url":"https:\/\/secure.gravatar.com\/avatar\/099e42240b5eea11acdb72751fcce0dd918603f0749d24974b7984ea47ed9fd9?s=96&d=mm&r=g","contentUrl":"https:\/\/secure.gravatar.com\/avatar\/099e42240b5eea11acdb72751fcce0dd918603f0749d24974b7984ea47ed9fd9?s=96&d=mm&r=g","caption":"admin"},"sameAs":["https:\/\/challengeseconomiques.com"],"url":"https:\/\/challengeseconomiques.com\/?author=1"}]}},"jetpack_featured_media_url":"https:\/\/challengeseconomiques.com\/wp-content\/uploads\/2023\/11\/badeabisenegal.jpg","jetpack_sharing_enabled":true,"_links":{"self":[{"href":"https:\/\/challengeseconomiques.com\/index.php?rest_route=\/wp\/v2\/posts\/5610","targetHints":{"allow":["GET"]}}],"collection":[{"href":"https:\/\/challengeseconomiques.com\/index.php?rest_route=\/wp\/v2\/posts"}],"about":[{"href":"https:\/\/challengeseconomiques.com\/index.php?rest_route=\/wp\/v2\/types\/post"}],"author":[{"embeddable":true,"href":"https:\/\/challengeseconomiques.com\/index.php?rest_route=\/wp\/v2\/users\/1"}],"replies":[{"embeddable":true,"href":"https:\/\/challengeseconomiques.com\/index.php?rest_route=%2Fwp%2Fv2%2Fcomments&post=5610"}],"version-history":[{"count":1,"href":"https:\/\/challengeseconomiques.com\/index.php?rest_route=\/wp\/v2\/posts\/5610\/revisions"}],"predecessor-version":[{"id":5611,"href":"https:\/\/challengeseconomiques.com\/index.php?rest_route=\/wp\/v2\/posts\/5610\/revisions\/5611"}],"wp:featuredmedia":[{"embeddable":true,"href":"https:\/\/challengeseconomiques.com\/index.php?rest_route=\/wp\/v2\/media\/5607"}],"wp:attachment":[{"href":"https:\/\/challengeseconomiques.com\/index.php?rest_route=%2Fwp%2Fv2%2Fmedia&parent=5610"}],"wp:term":[{"taxonomy":"category","embeddable":true,"href":"https:\/\/challengeseconomiques.com\/index.php?rest_route=%2Fwp%2Fv2%2Fcategories&post=5610"},{"taxonomy":"post_tag","embeddable":true,"href":"https:\/\/challengeseconomiques.com\/index.php?rest_route=%2Fwp%2Fv2%2Ftags&post=5610"}],"curies":[{"name":"wp","href":"https:\/\/api.w.org\/{rel}","templated":true}]}}