{"id":5600,"date":"2023-11-14T23:12:04","date_gmt":"2023-11-14T23:12:04","guid":{"rendered":"https:\/\/challengeseconomiques.com\/?p=5600"},"modified":"2023-11-14T20:15:59","modified_gmt":"2023-11-14T20:15:59","slug":"entrepreneuriat-initiative-la-der-lance-un-club-dentrepreneurs-pour-aiguiser-la-creativite-des-etudiants","status":"publish","type":"post","link":"https:\/\/challengeseconomiques.com\/?p=5600","title":{"rendered":"ENTREPRENEURIAT-INITIATIVE \/ La DER lance un club d\u2019entrepreneurs pour aiguiser la cr\u00e9ativit\u00e9 des \u00e9tudiants"},"content":{"rendered":"<p>La D\u00e9l\u00e9gation rapide \u00e0 l\u2019entrepreneuriat des femmes et des jeunes (DER\/FJ) a lanc\u00e9, mardi, \u00e0 Dakar, les activit\u00e9s de son \u2018\u2019Club USAID 4 entrepreneurs\u2019\u2019, pour aider \u00e0 la cr\u00e9ativit\u00e9 des \u00e9tudiants poursuivant un parcours acad\u00e9mique ou inscrits dans les \u00e9coles de formation.<\/p>\n<p>Il s\u2019agira de leur donner les outils leur permettant de bien comprendre l\u2019entrepreneuriat. \u2018\u2019Nous voulons faire comprendre aux jeunes qu\u2019ils peuvent commencer \u00e0 entreprendre, m\u00eame s\u2019ils sont encore des \u00e9tudiants\u2019\u2019, a expliqu\u00e9 Dieynaba Seydou Thiam Ka, cheffe du projet USAID Entreprenariat et investissement.<\/p>\n<p>Le \u2018\u2019Club USAID 4 entrepreneurs\u2019\u2019 de la DER\/FJ b\u00e9n\u00e9ficie du soutien de l\u2019USAID, l\u2019Agence des \u00c9tats-Unis d\u2019Am\u00e9rique pour le d\u00e9veloppement international.<\/p>\n<p>La D\u00e9l\u00e9gation g\u00e9n\u00e9rale \u00e0 l\u2019entrepreneuriat rapide des femmes et des jeunes veut, par cette initiative, \u2018\u2019cr\u00e9er sept clubs USAID 4 entrepreneurs\u2019\u2019 dans le pays, dans le but d\u2019atteindre leur cible, toutes les 14 r\u00e9gions s\u00e9n\u00e9galaises.<\/p>\n<p>\u2018\u2019Cinquante projets [\u2026] seront s\u00e9lectionn\u00e9s, encadr\u00e9s et financ\u00e9s par des partenaires\u2019\u2019, a assur\u00e9 Mme Ka, estimant que c\u2019est une \u2018\u2019belle opportunit\u00e9\u2019\u2019 offerte aux \u00e9tudiants.<\/p>\n<p>Le but de cette initiative est de \u2018\u2019c\u00e9l\u00e9brer la cr\u00e9ativit\u00e9, l\u2019innovation et l\u2019esprit d\u2019entreprise [\u2026] Nous comptons encadrer les \u00e9tudiants avec une offre de services non financiers et une offre de services financiers\u2019\u2019, a promis Cheikh Bara Seck, conseiller technique \u00e0 la DER\/FJ et directeur de la promotion de l\u2019entrepreneuriat.<\/p>\n<p>\u2018\u2019Nous essayerons, avec l\u2019aide de nos partenaires, d\u2019aider \u00e0 l\u2019immersion des \u00e9tudiants par des visites aupr\u00e8s des entreprises. Nous allons essayer de faire en sorte que nos offres puissent profiter aux jeunes\u2019\u2019, a-t-il dit.<\/p>\n<p><strong>\u2018\u2019Stimuler l\u2019entreprenariat\u2019\u2019<\/strong><\/p>\n<p>Karim Sy, le fondateur de Jokkolabs, un partenaire de la DER\/FJ, confirme que le \u2018\u2019Club USAID 4 entrepreneurs\u2019\u2019 cherche \u00e0 \u2018\u2019stimuler l\u2019entreprenariat\u2019\u2019, ce qui, \u00e0 ses yeux, \u2018\u2019est possible si les jeunes comprennent qu\u2019il y a des opportunit\u00e9s et se les approprient pour transformer leurs id\u00e9es en succ\u00e8s\u2019\u2019.<\/p>\n<p>\u2018\u2019J\u2019ai une petite exp\u00e9rience dans le domaine de l\u2019entrepreneuriat. Au d\u00e9but, j\u2019\u00e9tais tr\u00e8s dubitatif \u00e0 l\u2019id\u00e9e de venir ici. Je me disais que \u00e7a n\u2019allait \u00eatre que de la th\u00e9orie, mais je me rends compte qu\u2019on quitte la th\u00e9orie pour entre dans la pratique\u2019\u2019, a dit Owanwiri Kabi Ryan, un \u00e9tudiant en management.<\/p>\n<p>Ce ressortissant gabonais, propri\u00e9taire d\u2019une marque de v\u00eatements et d\u2019une soci\u00e9t\u00e9 de production audiovisuelle, juge le club des entrepreneurs de la DER\/FJ \u2018\u2019tr\u00e8s enrichissant\u2019\u2019.<\/p>\n<p>\u2018\u2019Je n\u2019ai pas encore \u00e9labor\u00e9 un projet. Je m\u2019appr\u00eate \u00e0 le faire mais il y a des obstacles li\u00e9s au financement\u2019\u2019, s\u2019inqui\u00e8te Awa Mbaye, une \u00e9tudiante en management \u00e9galement.<\/p>\n<p>\u2018\u2019Je suis l\u00e0 parce que ce club des entrepreneurs peut me donner plus d\u2019exp\u00e9rience et me mettre en contact avec des entrepreneurs qui ont d\u00e9j\u00e0 acquis une certaine exp\u00e9rience\u2019\u2019, esp\u00e8re-t-elle.<\/p>\n<p><strong>(APS)<\/strong><\/p>\n","protected":false},"excerpt":{"rendered":"<p>La D\u00e9l\u00e9gation rapide \u00e0 l\u2019entrepreneuriat des femmes et des jeunes (DER\/FJ) a lanc\u00e9, mardi, \u00e0 Dakar, les activit\u00e9s de son \u2018\u2019Club USAID 4 entrepreneurs\u2019\u2019, pour&#8230;<\/p>\n","protected":false},"author":1,"featured_media":4995,"comment_status":"closed","ping_status":"open","sticky":false,"template":"","format":"standard","meta":{"_jetpack_memberships_contains_paid_content":false,"footnotes":""},"categories":[23,10],"tags":[],"class_list":["post-5600","post","type-post","status-publish","format-standard","has-post-thumbnail","hentry","category-a-la-une","category-infos-eco","wpcat-23-id","wpcat-10-id"],"yoast_head":"<!-- This site is optimized with the Yoast SEO plugin v27.1.1 - https:\/\/yoast.com\/product\/yoast-seo-wordpress\/ -->\n<title>ENTREPRENEURIAT-INITIATIVE \/ La DER lance un club d\u2019entrepreneurs pour aiguiser la cr\u00e9ativit\u00e9 des \u00e9tudiants - challenges economiques<\/title>\n<meta name=\"robots\" content=\"index, follow, max-snippet:-1, max-image-preview:large, max-video-preview:-1\" \/>\n<link rel=\"canonical\" href=\"https:\/\/challengeseconomiques.com\/?p=5600\" \/>\n<meta property=\"og:locale\" content=\"fr_FR\" \/>\n<meta property=\"og:type\" content=\"article\" \/>\n<meta property=\"og:title\" content=\"ENTREPRENEURIAT-INITIATIVE \/ La DER lance un club d\u2019entrepreneurs pour aiguiser la cr\u00e9ativit\u00e9 des \u00e9tudiants - challenges economiques\" \/>\n<meta property=\"og:description\" content=\"La D\u00e9l\u00e9gation rapide \u00e0 l\u2019entrepreneuriat des femmes et des jeunes (DER\/FJ) a lanc\u00e9, mardi, \u00e0 Dakar, les activit\u00e9s de son \u2018\u2019Club USAID 4 entrepreneurs\u2019\u2019, pour...\" \/>\n<meta property=\"og:url\" content=\"https:\/\/challengeseconomiques.com\/?p=5600\" \/>\n<meta property=\"og:site_name\" content=\"challenges economiques\" \/>\n<meta property=\"article:published_time\" content=\"2023-11-14T23:12:04+00:00\" \/>\n<meta property=\"og:image\" content=\"https:\/\/challengeseconomiques.com\/wp-content\/uploads\/2023\/07\/aby-seye.webp\" \/>\n\t<meta property=\"og:image:width\" content=\"720\" \/>\n\t<meta property=\"og:image:height\" content=\"547\" \/>\n\t<meta property=\"og:image:type\" content=\"image\/webp\" \/>\n<meta name=\"author\" content=\"admin\" \/>\n<meta name=\"twitter:card\" content=\"summary_large_image\" \/>\n<meta name=\"twitter:label1\" content=\"\u00c9crit par\" \/>\n\t<meta name=\"twitter:data1\" content=\"admin\" \/>\n\t<meta name=\"twitter:label2\" content=\"Dur\u00e9e de lecture estim\u00e9e\" \/>\n\t<meta name=\"twitter:data2\" content=\"3 minutes\" \/>\n<script type=\"application\/ld+json\" class=\"yoast-schema-graph\">{\"@context\":\"https:\/\/schema.org\",\"@graph\":[{\"@type\":\"Article\",\"@id\":\"https:\/\/challengeseconomiques.com\/?p=5600#article\",\"isPartOf\":{\"@id\":\"https:\/\/challengeseconomiques.com\/?p=5600\"},\"author\":{\"name\":\"admin\",\"@id\":\"https:\/\/challengeseconomiques.com\/#\/schema\/person\/b4568c9afebc5a9238a771873801e349\"},\"headline\":\"ENTREPRENEURIAT-INITIATIVE \/ La DER lance un club d\u2019entrepreneurs pour aiguiser la cr\u00e9ativit\u00e9 des \u00e9tudiants\",\"datePublished\":\"2023-11-14T23:12:04+00:00\",\"mainEntityOfPage\":{\"@id\":\"https:\/\/challengeseconomiques.com\/?p=5600\"},\"wordCount\":517,\"image\":{\"@id\":\"https:\/\/challengeseconomiques.com\/?p=5600#primaryimage\"},\"thumbnailUrl\":\"https:\/\/challengeseconomiques.com\/wp-content\/uploads\/2023\/07\/aby-seye.webp\",\"articleSection\":[\"A la une\",\"Infos \u00e9co\"],\"inLanguage\":\"fr-FR\"},{\"@type\":\"WebPage\",\"@id\":\"https:\/\/challengeseconomiques.com\/?p=5600\",\"url\":\"https:\/\/challengeseconomiques.com\/?p=5600\",\"name\":\"ENTREPRENEURIAT-INITIATIVE \/ La DER lance un club d\u2019entrepreneurs pour aiguiser la cr\u00e9ativit\u00e9 des \u00e9tudiants - challenges economiques\",\"isPartOf\":{\"@id\":\"https:\/\/challengeseconomiques.com\/#website\"},\"primaryImageOfPage\":{\"@id\":\"https:\/\/challengeseconomiques.com\/?p=5600#primaryimage\"},\"image\":{\"@id\":\"https:\/\/challengeseconomiques.com\/?p=5600#primaryimage\"},\"thumbnailUrl\":\"https:\/\/challengeseconomiques.com\/wp-content\/uploads\/2023\/07\/aby-seye.webp\",\"datePublished\":\"2023-11-14T23:12:04+00:00\",\"author\":{\"@id\":\"https:\/\/challengeseconomiques.com\/#\/schema\/person\/b4568c9afebc5a9238a771873801e349\"},\"breadcrumb\":{\"@id\":\"https:\/\/challengeseconomiques.com\/?p=5600#breadcrumb\"},\"inLanguage\":\"fr-FR\",\"potentialAction\":[{\"@type\":\"ReadAction\",\"target\":[\"https:\/\/challengeseconomiques.com\/?p=5600\"]}]},{\"@type\":\"ImageObject\",\"inLanguage\":\"fr-FR\",\"@id\":\"https:\/\/challengeseconomiques.com\/?p=5600#primaryimage\",\"url\":\"https:\/\/challengeseconomiques.com\/wp-content\/uploads\/2023\/07\/aby-seye.webp\",\"contentUrl\":\"https:\/\/challengeseconomiques.com\/wp-content\/uploads\/2023\/07\/aby-seye.webp\",\"width\":720,\"height\":547},{\"@type\":\"BreadcrumbList\",\"@id\":\"https:\/\/challengeseconomiques.com\/?p=5600#breadcrumb\",\"itemListElement\":[{\"@type\":\"ListItem\",\"position\":1,\"name\":\"Home\",\"item\":\"https:\/\/challengeseconomiques.com\/\"},{\"@type\":\"ListItem\",\"position\":2,\"name\":\"ENTREPRENEURIAT-INITIATIVE \/ La DER lance un club d\u2019entrepreneurs pour aiguiser la cr\u00e9ativit\u00e9 des \u00e9tudiants\"}]},{\"@type\":\"WebSite\",\"@id\":\"https:\/\/challengeseconomiques.com\/#website\",\"url\":\"https:\/\/challengeseconomiques.com\/\",\"name\":\"challenges economiques\",\"description\":\"\",\"potentialAction\":[{\"@type\":\"SearchAction\",\"target\":{\"@type\":\"EntryPoint\",\"urlTemplate\":\"https:\/\/challengeseconomiques.com\/?s={search_term_string}\"},\"query-input\":{\"@type\":\"PropertyValueSpecification\",\"valueRequired\":true,\"valueName\":\"search_term_string\"}}],\"inLanguage\":\"fr-FR\"},{\"@type\":\"Person\",\"@id\":\"https:\/\/challengeseconomiques.com\/#\/schema\/person\/b4568c9afebc5a9238a771873801e349\",\"name\":\"admin\",\"image\":{\"@type\":\"ImageObject\",\"inLanguage\":\"fr-FR\",\"@id\":\"https:\/\/challengeseconomiques.com\/#\/schema\/person\/image\/\",\"url\":\"https:\/\/secure.gravatar.com\/avatar\/099e42240b5eea11acdb72751fcce0dd918603f0749d24974b7984ea47ed9fd9?s=96&d=mm&r=g\",\"contentUrl\":\"https:\/\/secure.gravatar.com\/avatar\/099e42240b5eea11acdb72751fcce0dd918603f0749d24974b7984ea47ed9fd9?s=96&d=mm&r=g\",\"caption\":\"admin\"},\"sameAs\":[\"https:\/\/challengeseconomiques.com\"],\"url\":\"https:\/\/challengeseconomiques.com\/?author=1\"}]}<\/script>\n<!-- \/ Yoast SEO plugin. -->","yoast_head_json":{"title":"ENTREPRENEURIAT-INITIATIVE \/ La DER lance un club d\u2019entrepreneurs pour aiguiser la cr\u00e9ativit\u00e9 des \u00e9tudiants - challenges economiques","robots":{"index":"index","follow":"follow","max-snippet":"max-snippet:-1","max-image-preview":"max-image-preview:large","max-video-preview":"max-video-preview:-1"},"canonical":"https:\/\/challengeseconomiques.com\/?p=5600","og_locale":"fr_FR","og_type":"article","og_title":"ENTREPRENEURIAT-INITIATIVE \/ La DER lance un club d\u2019entrepreneurs pour aiguiser la cr\u00e9ativit\u00e9 des \u00e9tudiants - challenges economiques","og_description":"La D\u00e9l\u00e9gation rapide \u00e0 l\u2019entrepreneuriat des femmes et des jeunes (DER\/FJ) a lanc\u00e9, mardi, \u00e0 Dakar, les activit\u00e9s de son \u2018\u2019Club USAID 4 entrepreneurs\u2019\u2019, pour...","og_url":"https:\/\/challengeseconomiques.com\/?p=5600","og_site_name":"challenges economiques","article_published_time":"2023-11-14T23:12:04+00:00","og_image":[{"width":720,"height":547,"url":"https:\/\/challengeseconomiques.com\/wp-content\/uploads\/2023\/07\/aby-seye.webp","type":"image\/webp"}],"author":"admin","twitter_card":"summary_large_image","twitter_misc":{"\u00c9crit par":"admin","Dur\u00e9e de lecture estim\u00e9e":"3 minutes"},"schema":{"@context":"https:\/\/schema.org","@graph":[{"@type":"Article","@id":"https:\/\/challengeseconomiques.com\/?p=5600#article","isPartOf":{"@id":"https:\/\/challengeseconomiques.com\/?p=5600"},"author":{"name":"admin","@id":"https:\/\/challengeseconomiques.com\/#\/schema\/person\/b4568c9afebc5a9238a771873801e349"},"headline":"ENTREPRENEURIAT-INITIATIVE \/ La DER lance un club d\u2019entrepreneurs pour aiguiser la cr\u00e9ativit\u00e9 des \u00e9tudiants","datePublished":"2023-11-14T23:12:04+00:00","mainEntityOfPage":{"@id":"https:\/\/challengeseconomiques.com\/?p=5600"},"wordCount":517,"image":{"@id":"https:\/\/challengeseconomiques.com\/?p=5600#primaryimage"},"thumbnailUrl":"https:\/\/challengeseconomiques.com\/wp-content\/uploads\/2023\/07\/aby-seye.webp","articleSection":["A la une","Infos \u00e9co"],"inLanguage":"fr-FR"},{"@type":"WebPage","@id":"https:\/\/challengeseconomiques.com\/?p=5600","url":"https:\/\/challengeseconomiques.com\/?p=5600","name":"ENTREPRENEURIAT-INITIATIVE \/ La DER lance un club d\u2019entrepreneurs pour aiguiser la cr\u00e9ativit\u00e9 des \u00e9tudiants - challenges economiques","isPartOf":{"@id":"https:\/\/challengeseconomiques.com\/#website"},"primaryImageOfPage":{"@id":"https:\/\/challengeseconomiques.com\/?p=5600#primaryimage"},"image":{"@id":"https:\/\/challengeseconomiques.com\/?p=5600#primaryimage"},"thumbnailUrl":"https:\/\/challengeseconomiques.com\/wp-content\/uploads\/2023\/07\/aby-seye.webp","datePublished":"2023-11-14T23:12:04+00:00","author":{"@id":"https:\/\/challengeseconomiques.com\/#\/schema\/person\/b4568c9afebc5a9238a771873801e349"},"breadcrumb":{"@id":"https:\/\/challengeseconomiques.com\/?p=5600#breadcrumb"},"inLanguage":"fr-FR","potentialAction":[{"@type":"ReadAction","target":["https:\/\/challengeseconomiques.com\/?p=5600"]}]},{"@type":"ImageObject","inLanguage":"fr-FR","@id":"https:\/\/challengeseconomiques.com\/?p=5600#primaryimage","url":"https:\/\/challengeseconomiques.com\/wp-content\/uploads\/2023\/07\/aby-seye.webp","contentUrl":"https:\/\/challengeseconomiques.com\/wp-content\/uploads\/2023\/07\/aby-seye.webp","width":720,"height":547},{"@type":"BreadcrumbList","@id":"https:\/\/challengeseconomiques.com\/?p=5600#breadcrumb","itemListElement":[{"@type":"ListItem","position":1,"name":"Home","item":"https:\/\/challengeseconomiques.com\/"},{"@type":"ListItem","position":2,"name":"ENTREPRENEURIAT-INITIATIVE \/ La DER lance un club d\u2019entrepreneurs pour aiguiser la cr\u00e9ativit\u00e9 des \u00e9tudiants"}]},{"@type":"WebSite","@id":"https:\/\/challengeseconomiques.com\/#website","url":"https:\/\/challengeseconomiques.com\/","name":"challenges economiques","description":"","potentialAction":[{"@type":"SearchAction","target":{"@type":"EntryPoint","urlTemplate":"https:\/\/challengeseconomiques.com\/?s={search_term_string}"},"query-input":{"@type":"PropertyValueSpecification","valueRequired":true,"valueName":"search_term_string"}}],"inLanguage":"fr-FR"},{"@type":"Person","@id":"https:\/\/challengeseconomiques.com\/#\/schema\/person\/b4568c9afebc5a9238a771873801e349","name":"admin","image":{"@type":"ImageObject","inLanguage":"fr-FR","@id":"https:\/\/challengeseconomiques.com\/#\/schema\/person\/image\/","url":"https:\/\/secure.gravatar.com\/avatar\/099e42240b5eea11acdb72751fcce0dd918603f0749d24974b7984ea47ed9fd9?s=96&d=mm&r=g","contentUrl":"https:\/\/secure.gravatar.com\/avatar\/099e42240b5eea11acdb72751fcce0dd918603f0749d24974b7984ea47ed9fd9?s=96&d=mm&r=g","caption":"admin"},"sameAs":["https:\/\/challengeseconomiques.com"],"url":"https:\/\/challengeseconomiques.com\/?author=1"}]}},"jetpack_featured_media_url":"https:\/\/challengeseconomiques.com\/wp-content\/uploads\/2023\/07\/aby-seye.webp","jetpack_sharing_enabled":true,"_links":{"self":[{"href":"https:\/\/challengeseconomiques.com\/index.php?rest_route=\/wp\/v2\/posts\/5600","targetHints":{"allow":["GET"]}}],"collection":[{"href":"https:\/\/challengeseconomiques.com\/index.php?rest_route=\/wp\/v2\/posts"}],"about":[{"href":"https:\/\/challengeseconomiques.com\/index.php?rest_route=\/wp\/v2\/types\/post"}],"author":[{"embeddable":true,"href":"https:\/\/challengeseconomiques.com\/index.php?rest_route=\/wp\/v2\/users\/1"}],"replies":[{"embeddable":true,"href":"https:\/\/challengeseconomiques.com\/index.php?rest_route=%2Fwp%2Fv2%2Fcomments&post=5600"}],"version-history":[{"count":1,"href":"https:\/\/challengeseconomiques.com\/index.php?rest_route=\/wp\/v2\/posts\/5600\/revisions"}],"predecessor-version":[{"id":5601,"href":"https:\/\/challengeseconomiques.com\/index.php?rest_route=\/wp\/v2\/posts\/5600\/revisions\/5601"}],"wp:featuredmedia":[{"embeddable":true,"href":"https:\/\/challengeseconomiques.com\/index.php?rest_route=\/wp\/v2\/media\/4995"}],"wp:attachment":[{"href":"https:\/\/challengeseconomiques.com\/index.php?rest_route=%2Fwp%2Fv2%2Fmedia&parent=5600"}],"wp:term":[{"taxonomy":"category","embeddable":true,"href":"https:\/\/challengeseconomiques.com\/index.php?rest_route=%2Fwp%2Fv2%2Fcategories&post=5600"},{"taxonomy":"post_tag","embeddable":true,"href":"https:\/\/challengeseconomiques.com\/index.php?rest_route=%2Fwp%2Fv2%2Ftags&post=5600"}],"curies":[{"name":"wp","href":"https:\/\/api.w.org\/{rel}","templated":true}]}}