{"id":5597,"date":"2023-11-14T20:02:51","date_gmt":"2023-11-14T20:02:51","guid":{"rendered":"https:\/\/challengeseconomiques.com\/?p=5597"},"modified":"2023-11-14T20:03:22","modified_gmt":"2023-11-14T20:03:22","slug":"le-senegal-veut-integrer-le-climat-dans-le-processus-budgetaire","status":"publish","type":"post","link":"https:\/\/challengeseconomiques.com\/?p=5597","title":{"rendered":"Le S\u00e9n\u00e9gal veut int\u00e9grer le climat dans le processus budg\u00e9taire"},"content":{"rendered":"<p><strong>Moustapha Ba, le ministre des finances et du budget a fait part du v\u0153u du gouvernement du S\u00e9n\u00e9gal d\u2019int\u00e9grer le climat dans le processus budg\u00e9taire. Intervenant ce 14 novembre , au Centre international de conf\u00e9rence Abdou Diouf, \u00e0 l\u2019occasion d\u2019un forum de haut niveau sur le financement de l\u2019action climat, le ministre a indiqu\u00e9 , que l\u2019int\u00e9gration du climat dans le processus de budg\u00e9tisation constitue une priorit\u00e9 pour l\u2019Etat du S\u00e9n\u00e9gal.<\/strong><\/p>\n<p>Le climat occupe une place centre centrale dans la conception du budget et les grands investissements. L\u2019aspect climat est tenu en compte dans tous les projets d\u2019investissement Pour ce faire, l\u2019Etat du S\u00e9n\u00e9gal est en train de \u00ab\u00a0r\u00e9viser les plans strat\u00e9giques de d\u00e9veloppement (PSD)\u00a0\u00bb, a annonc\u00e9 Moustapha Ba.<\/p>\n<p>\u00ab\u00a0Cette condition figure parmi les crit\u00e8res retenus dans les \u00e9valuations ex-ante et ex-post des projets. Du point de vue normatif, en octobre 2023, le Gouvernement s\u00e9n\u00e9galais a adopt\u00e9 le d\u00e9cret portant r\u00e9glementation du Cadre g\u00e9n\u00e9ral de gestion des Investissements publics, qui permet de renforcer le dispositif de gestion des investissements publics (GIP)\u00a0\u00bb, a relev\u00e9 le ministre des finances et du budget.<\/p>\n<p>Ainsi, a-t-il insist\u00e9 sur le fait que tout \u00ab\u00a0projet d\u2019investissement sup\u00e9rieur \u00e0 500 millions de\u00a0 francs CFA est soumis \u00e0 une analyse environnementale\u00a0\u00bb avant son int\u00e9gration dans le Programme d\u2019Investissements prioritaires (PIP).<\/p>\n<p>A propos la gestion des risques budg\u00e9taires li\u00e9s au climat, Moustapha Ba a pr\u00e9cis\u00e9 que le budget de l\u2019\u00c9tat pour 2024 s\u2019est dot\u00e9 sp\u00e9cifiquement de 30,76 milliards de FCFA de \u00ab provisions pour risques budg\u00e9taires \u00bb et d\u2019un Fonds de Calamit\u00e9 d\u2019un montant de 1,02 milliards de francs (FCFA), non sans rappeler que le S\u00e9n\u00e9gal est membre de l\u2019African Risk and Capacity (ARC) depuis 2012 et a b\u00e9n\u00e9fici\u00e9 d\u2019un d\u00e9caissement en 2014 dans le cadre de la souscription \u00e0 la Police s\u00e9cheresse..<\/p>\n<p>\u00ab\u00a0Le S\u00e9n\u00e9gal exp\u00e9rimente depuis 2019 \u00e9galement le Programme Replica et a b\u00e9n\u00e9fici\u00e9e en 2022 d\u2019une mise en place d\u2019une couverture contre les impacts des pand\u00e9mies. En perspective, le p\u00e9rim\u00e8tre de la couverture des risques sera \u00e9largi avec la prise en compte des inondations\u00a0\u00bb, a-t-il soulign\u00e9.<\/p>\n<p>Parall\u00e8lement, il est revenu sur les autres initiatives appuy\u00e9es par les Partenaires bilat\u00e9raux et multilat\u00e9raux traditionnels du S\u00e9n\u00e9gal, lesquels sont en cours de r\u00e9alisation, afin de renforcer le dispositif national existant int\u00e9grant ainsi la dimension changement climatique dans les politiques publiques.<\/p>\n<p>\u00ab\u00a0Il s\u2019agit, entre autres de l\u2019\u00e9laboration du Rapport national sur le Changement climatique et le D\u00e9veloppement (CCDR) avec l\u2019appui de la Banque Mondiale, de la strat\u00e9gie de financement des risques de catastrophe et de l\u2019adh\u00e9sion \u00e0 l\u2019initiative Bouclier mondial ou Global Shield, lanc\u00e9e par les pays du G7 et du V20 lors de la COP27 en novembre 2022\u00a0\u00bb, a list\u00e9 le ministre du budget.<\/p>\n<p><strong>Idrissa GUEYE<\/strong><\/p>\n","protected":false},"excerpt":{"rendered":"<p>Moustapha Ba, le ministre des finances et du budget a fait part du v\u0153u du gouvernement du S\u00e9n\u00e9gal d\u2019int\u00e9grer le climat dans le processus budg\u00e9taire&#8230;.<\/p>\n","protected":false},"author":1,"featured_media":5598,"comment_status":"closed","ping_status":"open","sticky":false,"template":"","format":"standard","meta":{"_jetpack_memberships_contains_paid_content":false,"footnotes":""},"categories":[23,10],"tags":[],"class_list":["post-5597","post","type-post","status-publish","format-standard","has-post-thumbnail","hentry","category-a-la-une","category-infos-eco","wpcat-23-id","wpcat-10-id"],"yoast_head":"<!-- This site is optimized with the Yoast SEO plugin v27.1.1 - https:\/\/yoast.com\/product\/yoast-seo-wordpress\/ -->\n<title>Le S\u00e9n\u00e9gal veut int\u00e9grer le climat dans le processus budg\u00e9taire - challenges economiques<\/title>\n<meta name=\"robots\" content=\"index, follow, max-snippet:-1, max-image-preview:large, max-video-preview:-1\" \/>\n<link rel=\"canonical\" href=\"https:\/\/challengeseconomiques.com\/?p=5597\" \/>\n<meta property=\"og:locale\" content=\"fr_FR\" \/>\n<meta property=\"og:type\" content=\"article\" \/>\n<meta property=\"og:title\" content=\"Le S\u00e9n\u00e9gal veut int\u00e9grer le climat dans le processus budg\u00e9taire - challenges economiques\" \/>\n<meta property=\"og:description\" content=\"Moustapha Ba, le ministre des finances et du budget a fait part du v\u0153u du gouvernement du S\u00e9n\u00e9gal d\u2019int\u00e9grer le climat dans le processus budg\u00e9taire....\" \/>\n<meta property=\"og:url\" content=\"https:\/\/challengeseconomiques.com\/?p=5597\" \/>\n<meta property=\"og:site_name\" content=\"challenges economiques\" \/>\n<meta property=\"article:published_time\" content=\"2023-11-14T20:02:51+00:00\" \/>\n<meta property=\"article:modified_time\" content=\"2023-11-14T20:03:22+00:00\" \/>\n<meta property=\"og:image\" content=\"https:\/\/challengeseconomiques.com\/wp-content\/uploads\/2023\/11\/moustaphababudget.jpg\" \/>\n\t<meta property=\"og:image:width\" content=\"956\" \/>\n\t<meta property=\"og:image:height\" content=\"827\" \/>\n\t<meta property=\"og:image:type\" content=\"image\/jpeg\" \/>\n<meta name=\"author\" content=\"admin\" \/>\n<meta name=\"twitter:card\" content=\"summary_large_image\" \/>\n<meta name=\"twitter:label1\" content=\"\u00c9crit par\" \/>\n\t<meta name=\"twitter:data1\" content=\"admin\" \/>\n\t<meta name=\"twitter:label2\" content=\"Dur\u00e9e de lecture estim\u00e9e\" \/>\n\t<meta name=\"twitter:data2\" content=\"3 minutes\" \/>\n<script type=\"application\/ld+json\" class=\"yoast-schema-graph\">{\"@context\":\"https:\/\/schema.org\",\"@graph\":[{\"@type\":\"Article\",\"@id\":\"https:\/\/challengeseconomiques.com\/?p=5597#article\",\"isPartOf\":{\"@id\":\"https:\/\/challengeseconomiques.com\/?p=5597\"},\"author\":{\"name\":\"admin\",\"@id\":\"https:\/\/challengeseconomiques.com\/#\/schema\/person\/b4568c9afebc5a9238a771873801e349\"},\"headline\":\"Le S\u00e9n\u00e9gal veut int\u00e9grer le climat dans le processus budg\u00e9taire\",\"datePublished\":\"2023-11-14T20:02:51+00:00\",\"dateModified\":\"2023-11-14T20:03:22+00:00\",\"mainEntityOfPage\":{\"@id\":\"https:\/\/challengeseconomiques.com\/?p=5597\"},\"wordCount\":520,\"image\":{\"@id\":\"https:\/\/challengeseconomiques.com\/?p=5597#primaryimage\"},\"thumbnailUrl\":\"https:\/\/challengeseconomiques.com\/wp-content\/uploads\/2023\/11\/moustaphababudget.jpg\",\"articleSection\":[\"A la une\",\"Infos \u00e9co\"],\"inLanguage\":\"fr-FR\"},{\"@type\":\"WebPage\",\"@id\":\"https:\/\/challengeseconomiques.com\/?p=5597\",\"url\":\"https:\/\/challengeseconomiques.com\/?p=5597\",\"name\":\"Le S\u00e9n\u00e9gal veut int\u00e9grer le climat dans le processus budg\u00e9taire - challenges economiques\",\"isPartOf\":{\"@id\":\"https:\/\/challengeseconomiques.com\/#website\"},\"primaryImageOfPage\":{\"@id\":\"https:\/\/challengeseconomiques.com\/?p=5597#primaryimage\"},\"image\":{\"@id\":\"https:\/\/challengeseconomiques.com\/?p=5597#primaryimage\"},\"thumbnailUrl\":\"https:\/\/challengeseconomiques.com\/wp-content\/uploads\/2023\/11\/moustaphababudget.jpg\",\"datePublished\":\"2023-11-14T20:02:51+00:00\",\"dateModified\":\"2023-11-14T20:03:22+00:00\",\"author\":{\"@id\":\"https:\/\/challengeseconomiques.com\/#\/schema\/person\/b4568c9afebc5a9238a771873801e349\"},\"breadcrumb\":{\"@id\":\"https:\/\/challengeseconomiques.com\/?p=5597#breadcrumb\"},\"inLanguage\":\"fr-FR\",\"potentialAction\":[{\"@type\":\"ReadAction\",\"target\":[\"https:\/\/challengeseconomiques.com\/?p=5597\"]}]},{\"@type\":\"ImageObject\",\"inLanguage\":\"fr-FR\",\"@id\":\"https:\/\/challengeseconomiques.com\/?p=5597#primaryimage\",\"url\":\"https:\/\/challengeseconomiques.com\/wp-content\/uploads\/2023\/11\/moustaphababudget.jpg\",\"contentUrl\":\"https:\/\/challengeseconomiques.com\/wp-content\/uploads\/2023\/11\/moustaphababudget.jpg\",\"width\":956,\"height\":827},{\"@type\":\"BreadcrumbList\",\"@id\":\"https:\/\/challengeseconomiques.com\/?p=5597#breadcrumb\",\"itemListElement\":[{\"@type\":\"ListItem\",\"position\":1,\"name\":\"Home\",\"item\":\"https:\/\/challengeseconomiques.com\/\"},{\"@type\":\"ListItem\",\"position\":2,\"name\":\"Le S\u00e9n\u00e9gal veut int\u00e9grer le climat dans le processus budg\u00e9taire\"}]},{\"@type\":\"WebSite\",\"@id\":\"https:\/\/challengeseconomiques.com\/#website\",\"url\":\"https:\/\/challengeseconomiques.com\/\",\"name\":\"challenges economiques\",\"description\":\"\",\"potentialAction\":[{\"@type\":\"SearchAction\",\"target\":{\"@type\":\"EntryPoint\",\"urlTemplate\":\"https:\/\/challengeseconomiques.com\/?s={search_term_string}\"},\"query-input\":{\"@type\":\"PropertyValueSpecification\",\"valueRequired\":true,\"valueName\":\"search_term_string\"}}],\"inLanguage\":\"fr-FR\"},{\"@type\":\"Person\",\"@id\":\"https:\/\/challengeseconomiques.com\/#\/schema\/person\/b4568c9afebc5a9238a771873801e349\",\"name\":\"admin\",\"image\":{\"@type\":\"ImageObject\",\"inLanguage\":\"fr-FR\",\"@id\":\"https:\/\/challengeseconomiques.com\/#\/schema\/person\/image\/\",\"url\":\"https:\/\/secure.gravatar.com\/avatar\/099e42240b5eea11acdb72751fcce0dd918603f0749d24974b7984ea47ed9fd9?s=96&d=mm&r=g\",\"contentUrl\":\"https:\/\/secure.gravatar.com\/avatar\/099e42240b5eea11acdb72751fcce0dd918603f0749d24974b7984ea47ed9fd9?s=96&d=mm&r=g\",\"caption\":\"admin\"},\"sameAs\":[\"https:\/\/challengeseconomiques.com\"],\"url\":\"https:\/\/challengeseconomiques.com\/?author=1\"}]}<\/script>\n<!-- \/ Yoast SEO plugin. -->","yoast_head_json":{"title":"Le S\u00e9n\u00e9gal veut int\u00e9grer le climat dans le processus budg\u00e9taire - challenges economiques","robots":{"index":"index","follow":"follow","max-snippet":"max-snippet:-1","max-image-preview":"max-image-preview:large","max-video-preview":"max-video-preview:-1"},"canonical":"https:\/\/challengeseconomiques.com\/?p=5597","og_locale":"fr_FR","og_type":"article","og_title":"Le S\u00e9n\u00e9gal veut int\u00e9grer le climat dans le processus budg\u00e9taire - challenges economiques","og_description":"Moustapha Ba, le ministre des finances et du budget a fait part du v\u0153u du gouvernement du S\u00e9n\u00e9gal d\u2019int\u00e9grer le climat dans le processus budg\u00e9taire....","og_url":"https:\/\/challengeseconomiques.com\/?p=5597","og_site_name":"challenges economiques","article_published_time":"2023-11-14T20:02:51+00:00","article_modified_time":"2023-11-14T20:03:22+00:00","og_image":[{"width":956,"height":827,"url":"https:\/\/challengeseconomiques.com\/wp-content\/uploads\/2023\/11\/moustaphababudget.jpg","type":"image\/jpeg"}],"author":"admin","twitter_card":"summary_large_image","twitter_misc":{"\u00c9crit par":"admin","Dur\u00e9e de lecture estim\u00e9e":"3 minutes"},"schema":{"@context":"https:\/\/schema.org","@graph":[{"@type":"Article","@id":"https:\/\/challengeseconomiques.com\/?p=5597#article","isPartOf":{"@id":"https:\/\/challengeseconomiques.com\/?p=5597"},"author":{"name":"admin","@id":"https:\/\/challengeseconomiques.com\/#\/schema\/person\/b4568c9afebc5a9238a771873801e349"},"headline":"Le S\u00e9n\u00e9gal veut int\u00e9grer le climat dans le processus budg\u00e9taire","datePublished":"2023-11-14T20:02:51+00:00","dateModified":"2023-11-14T20:03:22+00:00","mainEntityOfPage":{"@id":"https:\/\/challengeseconomiques.com\/?p=5597"},"wordCount":520,"image":{"@id":"https:\/\/challengeseconomiques.com\/?p=5597#primaryimage"},"thumbnailUrl":"https:\/\/challengeseconomiques.com\/wp-content\/uploads\/2023\/11\/moustaphababudget.jpg","articleSection":["A la une","Infos \u00e9co"],"inLanguage":"fr-FR"},{"@type":"WebPage","@id":"https:\/\/challengeseconomiques.com\/?p=5597","url":"https:\/\/challengeseconomiques.com\/?p=5597","name":"Le S\u00e9n\u00e9gal veut int\u00e9grer le climat dans le processus budg\u00e9taire - challenges economiques","isPartOf":{"@id":"https:\/\/challengeseconomiques.com\/#website"},"primaryImageOfPage":{"@id":"https:\/\/challengeseconomiques.com\/?p=5597#primaryimage"},"image":{"@id":"https:\/\/challengeseconomiques.com\/?p=5597#primaryimage"},"thumbnailUrl":"https:\/\/challengeseconomiques.com\/wp-content\/uploads\/2023\/11\/moustaphababudget.jpg","datePublished":"2023-11-14T20:02:51+00:00","dateModified":"2023-11-14T20:03:22+00:00","author":{"@id":"https:\/\/challengeseconomiques.com\/#\/schema\/person\/b4568c9afebc5a9238a771873801e349"},"breadcrumb":{"@id":"https:\/\/challengeseconomiques.com\/?p=5597#breadcrumb"},"inLanguage":"fr-FR","potentialAction":[{"@type":"ReadAction","target":["https:\/\/challengeseconomiques.com\/?p=5597"]}]},{"@type":"ImageObject","inLanguage":"fr-FR","@id":"https:\/\/challengeseconomiques.com\/?p=5597#primaryimage","url":"https:\/\/challengeseconomiques.com\/wp-content\/uploads\/2023\/11\/moustaphababudget.jpg","contentUrl":"https:\/\/challengeseconomiques.com\/wp-content\/uploads\/2023\/11\/moustaphababudget.jpg","width":956,"height":827},{"@type":"BreadcrumbList","@id":"https:\/\/challengeseconomiques.com\/?p=5597#breadcrumb","itemListElement":[{"@type":"ListItem","position":1,"name":"Home","item":"https:\/\/challengeseconomiques.com\/"},{"@type":"ListItem","position":2,"name":"Le S\u00e9n\u00e9gal veut int\u00e9grer le climat dans le processus budg\u00e9taire"}]},{"@type":"WebSite","@id":"https:\/\/challengeseconomiques.com\/#website","url":"https:\/\/challengeseconomiques.com\/","name":"challenges economiques","description":"","potentialAction":[{"@type":"SearchAction","target":{"@type":"EntryPoint","urlTemplate":"https:\/\/challengeseconomiques.com\/?s={search_term_string}"},"query-input":{"@type":"PropertyValueSpecification","valueRequired":true,"valueName":"search_term_string"}}],"inLanguage":"fr-FR"},{"@type":"Person","@id":"https:\/\/challengeseconomiques.com\/#\/schema\/person\/b4568c9afebc5a9238a771873801e349","name":"admin","image":{"@type":"ImageObject","inLanguage":"fr-FR","@id":"https:\/\/challengeseconomiques.com\/#\/schema\/person\/image\/","url":"https:\/\/secure.gravatar.com\/avatar\/099e42240b5eea11acdb72751fcce0dd918603f0749d24974b7984ea47ed9fd9?s=96&d=mm&r=g","contentUrl":"https:\/\/secure.gravatar.com\/avatar\/099e42240b5eea11acdb72751fcce0dd918603f0749d24974b7984ea47ed9fd9?s=96&d=mm&r=g","caption":"admin"},"sameAs":["https:\/\/challengeseconomiques.com"],"url":"https:\/\/challengeseconomiques.com\/?author=1"}]}},"jetpack_featured_media_url":"https:\/\/challengeseconomiques.com\/wp-content\/uploads\/2023\/11\/moustaphababudget.jpg","jetpack_sharing_enabled":true,"_links":{"self":[{"href":"https:\/\/challengeseconomiques.com\/index.php?rest_route=\/wp\/v2\/posts\/5597","targetHints":{"allow":["GET"]}}],"collection":[{"href":"https:\/\/challengeseconomiques.com\/index.php?rest_route=\/wp\/v2\/posts"}],"about":[{"href":"https:\/\/challengeseconomiques.com\/index.php?rest_route=\/wp\/v2\/types\/post"}],"author":[{"embeddable":true,"href":"https:\/\/challengeseconomiques.com\/index.php?rest_route=\/wp\/v2\/users\/1"}],"replies":[{"embeddable":true,"href":"https:\/\/challengeseconomiques.com\/index.php?rest_route=%2Fwp%2Fv2%2Fcomments&post=5597"}],"version-history":[{"count":1,"href":"https:\/\/challengeseconomiques.com\/index.php?rest_route=\/wp\/v2\/posts\/5597\/revisions"}],"predecessor-version":[{"id":5599,"href":"https:\/\/challengeseconomiques.com\/index.php?rest_route=\/wp\/v2\/posts\/5597\/revisions\/5599"}],"wp:featuredmedia":[{"embeddable":true,"href":"https:\/\/challengeseconomiques.com\/index.php?rest_route=\/wp\/v2\/media\/5598"}],"wp:attachment":[{"href":"https:\/\/challengeseconomiques.com\/index.php?rest_route=%2Fwp%2Fv2%2Fmedia&parent=5597"}],"wp:term":[{"taxonomy":"category","embeddable":true,"href":"https:\/\/challengeseconomiques.com\/index.php?rest_route=%2Fwp%2Fv2%2Fcategories&post=5597"},{"taxonomy":"post_tag","embeddable":true,"href":"https:\/\/challengeseconomiques.com\/index.php?rest_route=%2Fwp%2Fv2%2Ftags&post=5597"}],"curies":[{"name":"wp","href":"https:\/\/api.w.org\/{rel}","templated":true}]}}