{"id":5591,"date":"2023-11-14T16:42:03","date_gmt":"2023-11-14T16:42:03","guid":{"rendered":"https:\/\/challengeseconomiques.com\/?p=5591"},"modified":"2023-11-14T16:45:53","modified_gmt":"2023-11-14T16:45:53","slug":"echanges-commerciaux-entre-le-senegal-et-la-tunisie-45-milliards-fcfa-pour-les-premiers-mois-de-lannee","status":"publish","type":"post","link":"https:\/\/challengeseconomiques.com\/?p=5591","title":{"rendered":"Echanges commerciaux entre le S\u00e9n\u00e9gal et la Tunisie : 45 milliards FCFA  pour les premiers mois de l\u2019ann\u00e9e"},"content":{"rendered":"<p>Le volume des \u00e9changes commerciaux entre la Tunisie et le S\u00e9n\u00e9gal \u00a0a atteint 45 milliards de FCFA, au cours des premiers mois de l\u2019ann\u00e9e a d\u00e9clar\u00e9 l\u2019ambassadeur de ce pays du Maghreb \u00e0 Dakar. Son Excellence Rachid Saidani s&rsquo;exprimait lors de\u00a0 la c\u00e9r\u00e9monie de signature du protocole de coop\u00e9ration entre la conf\u00e9d\u00e9ration nationale des employeurs du S\u00e9n\u00e9gal (CNES), la chambre de commerce d\u2019industrie et d\u2019agriculture de Dakar (CCIAD) et la chambre Tuniso-S\u00e9n\u00e9galaise de commerce et d\u2019industrie (CTSCI), le mardi 14 novembre 2023.<\/p>\n<p>Ce dynamisme au niveau de la coop\u00e9ration entre les deux pays, qui pour rappel entretiennent des liens s\u00e9culaires depuis de nombreuses ann\u00e9es, \u00a0fait du S\u00e9n\u00e9gal, le premier partenaire commercial de la Tunisie en Afrique au sud du Sahara, selon M. Saidani.<\/p>\n<p>Il a pr\u00e9cis\u00e9 que ces \u00e9changes commerciaux ont connu une \u00e9volution notable de 18,8%. Toutefois ce chiffre peut \u00eatre am\u00e9lior\u00e9 d\u2019apr\u00e8s lui. \u00ab\u00a0Il est facile de doubler nos \u00e9changes commerciaux\u00a0\u00bb a dit l\u2019ambassadeur de la Tunisie devant un public compos\u00e9 d\u2019investisseurs tunisiens et d\u2019acteurs du secteur priv\u00e9 s\u00e9n\u00e9galais.<\/p>\n<p>Le premier vice-pr\u00e9sident de la CCIAD, Ibrahima Lo prenant la balle au rebond a pour sa part d\u00e9clar\u00e9 que les 45 milliards annonc\u00e9s par l\u2019ambassadeur \u00a0sont bons mais peuvent \u00eatre multipli\u00e9 par 10.<\/p>\n<p>Pour atteindre cet objectif, il faut une \u00ab\u00a0volont\u00e9 forte\u00a0\u00bb.\u00a0Et c\u2019est ce qui caract\u00e9rise les relations entre les trois parties \u00e0 cette convention, d\u2019apr\u00e8s le pr\u00e9sident la CNES, Adama Lam. Pour M. Lam, il faut renforcer et diversifier les \u00e9changes entre les deux pays dans le cadre d\u2019une coop\u00e9ration multiforme. Adama Lam a profit\u00e9 de cette tribune pour demander la r\u00e9ciprocit\u00e9. Aux hommes d\u2019affaires tunisiens, il lancera un appel pour \u00a0faciliter l\u2019installation des priv\u00e9s s\u00e9n\u00e9galais en Tunisie, \u00ab\u00a0une terre africaine, au porte de l\u2019Europe\u00a0\u00bb. Le patron de la CNES est convaincu que le protocole tripartite qu\u2019ils ont sign\u00e9 doit \u00eatre un socle qui resserre les relations d\u2019affaires entre la Tunisie et le S\u00e9n\u00e9gal.<\/p>\n<p>Mouhamed Ali Elaouani Cherif, pr\u00e9sident de la chambre tuniso-s\u00e9n\u00e9galaise de commerce et d\u2019industrie a rassur\u00e9 le pr\u00e9sident Lam. M. Ch\u00e9rif a dit qu\u2019ils vont aider les hommes d\u2019affaires s\u00e9n\u00e9galais \u00e0 s\u2019installer en Tunisie. Avec les nombreuses r\u00e9unions qu\u2019ils ont eues durant leur s\u00e9jour \u00e0 Dakar, \u00a0et les rencontres B to B qui sont pr\u00e9vues, l\u2019introduction d\u2019investisseurs tunisiens aupr\u00e8s d\u2019investisseurs s\u00e9n\u00e9galais sera facilit\u00e9e selon lui. Car du c\u00f4t\u00e9 tunisien, a indiqu\u00e9 le pr\u00e9sident de la CTSCI, de plus en plus, des hommes d\u2019affaires tunisiens viennent s\u2019implanter au S\u00e9n\u00e9gal. Ils sont dans plusieurs secteurs notamment le BTP, l\u2019agriculture, l\u2019agro-alimentaire et la sant\u00e9. Le secteur bancaire revient ainsi que le secteur de l\u2019assurance n\u2019est pas en reste.<\/p>\n","protected":false},"excerpt":{"rendered":"<p>Le volume des \u00e9changes commerciaux entre la Tunisie et le S\u00e9n\u00e9gal \u00a0a atteint 45 milliards de FCFA, au cours des premiers mois de l\u2019ann\u00e9e a&#8230;<\/p>\n","protected":false},"author":1,"featured_media":5592,"comment_status":"closed","ping_status":"open","sticky":false,"template":"","format":"standard","meta":{"_jetpack_memberships_contains_paid_content":false,"footnotes":""},"categories":[23,10],"tags":[],"class_list":["post-5591","post","type-post","status-publish","format-standard","has-post-thumbnail","hentry","category-a-la-une","category-infos-eco","wpcat-23-id","wpcat-10-id"],"yoast_head":"<!-- This site is optimized with the Yoast SEO plugin v27.1.1 - https:\/\/yoast.com\/product\/yoast-seo-wordpress\/ -->\n<title>Echanges commerciaux entre le S\u00e9n\u00e9gal et la Tunisie : 45 milliards FCFA pour les premiers mois de l\u2019ann\u00e9e - challenges economiques<\/title>\n<meta name=\"robots\" content=\"index, follow, max-snippet:-1, max-image-preview:large, max-video-preview:-1\" \/>\n<link rel=\"canonical\" href=\"https:\/\/challengeseconomiques.com\/?p=5591\" \/>\n<meta property=\"og:locale\" content=\"fr_FR\" \/>\n<meta property=\"og:type\" content=\"article\" \/>\n<meta property=\"og:title\" content=\"Echanges commerciaux entre le S\u00e9n\u00e9gal et la Tunisie : 45 milliards FCFA pour les premiers mois de l\u2019ann\u00e9e - challenges economiques\" \/>\n<meta property=\"og:description\" content=\"Le volume des \u00e9changes commerciaux entre la Tunisie et le S\u00e9n\u00e9gal \u00a0a atteint 45 milliards de FCFA, au cours des premiers mois de l\u2019ann\u00e9e a...\" \/>\n<meta property=\"og:url\" content=\"https:\/\/challengeseconomiques.com\/?p=5591\" \/>\n<meta property=\"og:site_name\" content=\"challenges economiques\" \/>\n<meta property=\"article:published_time\" content=\"2023-11-14T16:42:03+00:00\" \/>\n<meta property=\"article:modified_time\" content=\"2023-11-14T16:45:53+00:00\" \/>\n<meta property=\"og:image\" content=\"https:\/\/challengeseconomiques.com\/wp-content\/uploads\/2023\/11\/tunisiesenegal.jpg\" \/>\n\t<meta property=\"og:image:width\" content=\"1080\" \/>\n\t<meta property=\"og:image:height\" content=\"715\" \/>\n\t<meta property=\"og:image:type\" content=\"image\/jpeg\" \/>\n<meta name=\"author\" content=\"admin\" \/>\n<meta name=\"twitter:card\" content=\"summary_large_image\" \/>\n<meta name=\"twitter:label1\" content=\"\u00c9crit par\" \/>\n\t<meta name=\"twitter:data1\" content=\"admin\" \/>\n\t<meta name=\"twitter:label2\" content=\"Dur\u00e9e de lecture estim\u00e9e\" \/>\n\t<meta name=\"twitter:data2\" content=\"3 minutes\" \/>\n<script type=\"application\/ld+json\" class=\"yoast-schema-graph\">{\"@context\":\"https:\/\/schema.org\",\"@graph\":[{\"@type\":\"Article\",\"@id\":\"https:\/\/challengeseconomiques.com\/?p=5591#article\",\"isPartOf\":{\"@id\":\"https:\/\/challengeseconomiques.com\/?p=5591\"},\"author\":{\"name\":\"admin\",\"@id\":\"https:\/\/challengeseconomiques.com\/#\/schema\/person\/b4568c9afebc5a9238a771873801e349\"},\"headline\":\"Echanges commerciaux entre le S\u00e9n\u00e9gal et la Tunisie : 45 milliards FCFA pour les premiers mois de l\u2019ann\u00e9e\",\"datePublished\":\"2023-11-14T16:42:03+00:00\",\"dateModified\":\"2023-11-14T16:45:53+00:00\",\"mainEntityOfPage\":{\"@id\":\"https:\/\/challengeseconomiques.com\/?p=5591\"},\"wordCount\":528,\"image\":{\"@id\":\"https:\/\/challengeseconomiques.com\/?p=5591#primaryimage\"},\"thumbnailUrl\":\"https:\/\/challengeseconomiques.com\/wp-content\/uploads\/2023\/11\/tunisiesenegal.jpg\",\"articleSection\":[\"A la une\",\"Infos \u00e9co\"],\"inLanguage\":\"fr-FR\"},{\"@type\":\"WebPage\",\"@id\":\"https:\/\/challengeseconomiques.com\/?p=5591\",\"url\":\"https:\/\/challengeseconomiques.com\/?p=5591\",\"name\":\"Echanges commerciaux entre le S\u00e9n\u00e9gal et la Tunisie : 45 milliards FCFA pour les premiers mois de l\u2019ann\u00e9e - challenges economiques\",\"isPartOf\":{\"@id\":\"https:\/\/challengeseconomiques.com\/#website\"},\"primaryImageOfPage\":{\"@id\":\"https:\/\/challengeseconomiques.com\/?p=5591#primaryimage\"},\"image\":{\"@id\":\"https:\/\/challengeseconomiques.com\/?p=5591#primaryimage\"},\"thumbnailUrl\":\"https:\/\/challengeseconomiques.com\/wp-content\/uploads\/2023\/11\/tunisiesenegal.jpg\",\"datePublished\":\"2023-11-14T16:42:03+00:00\",\"dateModified\":\"2023-11-14T16:45:53+00:00\",\"author\":{\"@id\":\"https:\/\/challengeseconomiques.com\/#\/schema\/person\/b4568c9afebc5a9238a771873801e349\"},\"breadcrumb\":{\"@id\":\"https:\/\/challengeseconomiques.com\/?p=5591#breadcrumb\"},\"inLanguage\":\"fr-FR\",\"potentialAction\":[{\"@type\":\"ReadAction\",\"target\":[\"https:\/\/challengeseconomiques.com\/?p=5591\"]}]},{\"@type\":\"ImageObject\",\"inLanguage\":\"fr-FR\",\"@id\":\"https:\/\/challengeseconomiques.com\/?p=5591#primaryimage\",\"url\":\"https:\/\/challengeseconomiques.com\/wp-content\/uploads\/2023\/11\/tunisiesenegal.jpg\",\"contentUrl\":\"https:\/\/challengeseconomiques.com\/wp-content\/uploads\/2023\/11\/tunisiesenegal.jpg\",\"width\":1080,\"height\":715},{\"@type\":\"BreadcrumbList\",\"@id\":\"https:\/\/challengeseconomiques.com\/?p=5591#breadcrumb\",\"itemListElement\":[{\"@type\":\"ListItem\",\"position\":1,\"name\":\"Home\",\"item\":\"https:\/\/challengeseconomiques.com\/\"},{\"@type\":\"ListItem\",\"position\":2,\"name\":\"Echanges commerciaux entre le S\u00e9n\u00e9gal et la Tunisie : 45 milliards FCFA pour les premiers mois de l\u2019ann\u00e9e\"}]},{\"@type\":\"WebSite\",\"@id\":\"https:\/\/challengeseconomiques.com\/#website\",\"url\":\"https:\/\/challengeseconomiques.com\/\",\"name\":\"challenges economiques\",\"description\":\"\",\"potentialAction\":[{\"@type\":\"SearchAction\",\"target\":{\"@type\":\"EntryPoint\",\"urlTemplate\":\"https:\/\/challengeseconomiques.com\/?s={search_term_string}\"},\"query-input\":{\"@type\":\"PropertyValueSpecification\",\"valueRequired\":true,\"valueName\":\"search_term_string\"}}],\"inLanguage\":\"fr-FR\"},{\"@type\":\"Person\",\"@id\":\"https:\/\/challengeseconomiques.com\/#\/schema\/person\/b4568c9afebc5a9238a771873801e349\",\"name\":\"admin\",\"image\":{\"@type\":\"ImageObject\",\"inLanguage\":\"fr-FR\",\"@id\":\"https:\/\/challengeseconomiques.com\/#\/schema\/person\/image\/\",\"url\":\"https:\/\/secure.gravatar.com\/avatar\/099e42240b5eea11acdb72751fcce0dd918603f0749d24974b7984ea47ed9fd9?s=96&d=mm&r=g\",\"contentUrl\":\"https:\/\/secure.gravatar.com\/avatar\/099e42240b5eea11acdb72751fcce0dd918603f0749d24974b7984ea47ed9fd9?s=96&d=mm&r=g\",\"caption\":\"admin\"},\"sameAs\":[\"https:\/\/challengeseconomiques.com\"],\"url\":\"https:\/\/challengeseconomiques.com\/?author=1\"}]}<\/script>\n<!-- \/ Yoast SEO plugin. -->","yoast_head_json":{"title":"Echanges commerciaux entre le S\u00e9n\u00e9gal et la Tunisie : 45 milliards FCFA pour les premiers mois de l\u2019ann\u00e9e - challenges economiques","robots":{"index":"index","follow":"follow","max-snippet":"max-snippet:-1","max-image-preview":"max-image-preview:large","max-video-preview":"max-video-preview:-1"},"canonical":"https:\/\/challengeseconomiques.com\/?p=5591","og_locale":"fr_FR","og_type":"article","og_title":"Echanges commerciaux entre le S\u00e9n\u00e9gal et la Tunisie : 45 milliards FCFA pour les premiers mois de l\u2019ann\u00e9e - challenges economiques","og_description":"Le volume des \u00e9changes commerciaux entre la Tunisie et le S\u00e9n\u00e9gal \u00a0a atteint 45 milliards de FCFA, au cours des premiers mois de l\u2019ann\u00e9e a...","og_url":"https:\/\/challengeseconomiques.com\/?p=5591","og_site_name":"challenges economiques","article_published_time":"2023-11-14T16:42:03+00:00","article_modified_time":"2023-11-14T16:45:53+00:00","og_image":[{"width":1080,"height":715,"url":"https:\/\/challengeseconomiques.com\/wp-content\/uploads\/2023\/11\/tunisiesenegal.jpg","type":"image\/jpeg"}],"author":"admin","twitter_card":"summary_large_image","twitter_misc":{"\u00c9crit par":"admin","Dur\u00e9e de lecture estim\u00e9e":"3 minutes"},"schema":{"@context":"https:\/\/schema.org","@graph":[{"@type":"Article","@id":"https:\/\/challengeseconomiques.com\/?p=5591#article","isPartOf":{"@id":"https:\/\/challengeseconomiques.com\/?p=5591"},"author":{"name":"admin","@id":"https:\/\/challengeseconomiques.com\/#\/schema\/person\/b4568c9afebc5a9238a771873801e349"},"headline":"Echanges commerciaux entre le S\u00e9n\u00e9gal et la Tunisie : 45 milliards FCFA pour les premiers mois de l\u2019ann\u00e9e","datePublished":"2023-11-14T16:42:03+00:00","dateModified":"2023-11-14T16:45:53+00:00","mainEntityOfPage":{"@id":"https:\/\/challengeseconomiques.com\/?p=5591"},"wordCount":528,"image":{"@id":"https:\/\/challengeseconomiques.com\/?p=5591#primaryimage"},"thumbnailUrl":"https:\/\/challengeseconomiques.com\/wp-content\/uploads\/2023\/11\/tunisiesenegal.jpg","articleSection":["A la une","Infos \u00e9co"],"inLanguage":"fr-FR"},{"@type":"WebPage","@id":"https:\/\/challengeseconomiques.com\/?p=5591","url":"https:\/\/challengeseconomiques.com\/?p=5591","name":"Echanges commerciaux entre le S\u00e9n\u00e9gal et la Tunisie : 45 milliards FCFA pour les premiers mois de l\u2019ann\u00e9e - challenges economiques","isPartOf":{"@id":"https:\/\/challengeseconomiques.com\/#website"},"primaryImageOfPage":{"@id":"https:\/\/challengeseconomiques.com\/?p=5591#primaryimage"},"image":{"@id":"https:\/\/challengeseconomiques.com\/?p=5591#primaryimage"},"thumbnailUrl":"https:\/\/challengeseconomiques.com\/wp-content\/uploads\/2023\/11\/tunisiesenegal.jpg","datePublished":"2023-11-14T16:42:03+00:00","dateModified":"2023-11-14T16:45:53+00:00","author":{"@id":"https:\/\/challengeseconomiques.com\/#\/schema\/person\/b4568c9afebc5a9238a771873801e349"},"breadcrumb":{"@id":"https:\/\/challengeseconomiques.com\/?p=5591#breadcrumb"},"inLanguage":"fr-FR","potentialAction":[{"@type":"ReadAction","target":["https:\/\/challengeseconomiques.com\/?p=5591"]}]},{"@type":"ImageObject","inLanguage":"fr-FR","@id":"https:\/\/challengeseconomiques.com\/?p=5591#primaryimage","url":"https:\/\/challengeseconomiques.com\/wp-content\/uploads\/2023\/11\/tunisiesenegal.jpg","contentUrl":"https:\/\/challengeseconomiques.com\/wp-content\/uploads\/2023\/11\/tunisiesenegal.jpg","width":1080,"height":715},{"@type":"BreadcrumbList","@id":"https:\/\/challengeseconomiques.com\/?p=5591#breadcrumb","itemListElement":[{"@type":"ListItem","position":1,"name":"Home","item":"https:\/\/challengeseconomiques.com\/"},{"@type":"ListItem","position":2,"name":"Echanges commerciaux entre le S\u00e9n\u00e9gal et la Tunisie : 45 milliards FCFA pour les premiers mois de l\u2019ann\u00e9e"}]},{"@type":"WebSite","@id":"https:\/\/challengeseconomiques.com\/#website","url":"https:\/\/challengeseconomiques.com\/","name":"challenges economiques","description":"","potentialAction":[{"@type":"SearchAction","target":{"@type":"EntryPoint","urlTemplate":"https:\/\/challengeseconomiques.com\/?s={search_term_string}"},"query-input":{"@type":"PropertyValueSpecification","valueRequired":true,"valueName":"search_term_string"}}],"inLanguage":"fr-FR"},{"@type":"Person","@id":"https:\/\/challengeseconomiques.com\/#\/schema\/person\/b4568c9afebc5a9238a771873801e349","name":"admin","image":{"@type":"ImageObject","inLanguage":"fr-FR","@id":"https:\/\/challengeseconomiques.com\/#\/schema\/person\/image\/","url":"https:\/\/secure.gravatar.com\/avatar\/099e42240b5eea11acdb72751fcce0dd918603f0749d24974b7984ea47ed9fd9?s=96&d=mm&r=g","contentUrl":"https:\/\/secure.gravatar.com\/avatar\/099e42240b5eea11acdb72751fcce0dd918603f0749d24974b7984ea47ed9fd9?s=96&d=mm&r=g","caption":"admin"},"sameAs":["https:\/\/challengeseconomiques.com"],"url":"https:\/\/challengeseconomiques.com\/?author=1"}]}},"jetpack_featured_media_url":"https:\/\/challengeseconomiques.com\/wp-content\/uploads\/2023\/11\/tunisiesenegal.jpg","jetpack_sharing_enabled":true,"_links":{"self":[{"href":"https:\/\/challengeseconomiques.com\/index.php?rest_route=\/wp\/v2\/posts\/5591","targetHints":{"allow":["GET"]}}],"collection":[{"href":"https:\/\/challengeseconomiques.com\/index.php?rest_route=\/wp\/v2\/posts"}],"about":[{"href":"https:\/\/challengeseconomiques.com\/index.php?rest_route=\/wp\/v2\/types\/post"}],"author":[{"embeddable":true,"href":"https:\/\/challengeseconomiques.com\/index.php?rest_route=\/wp\/v2\/users\/1"}],"replies":[{"embeddable":true,"href":"https:\/\/challengeseconomiques.com\/index.php?rest_route=%2Fwp%2Fv2%2Fcomments&post=5591"}],"version-history":[{"count":3,"href":"https:\/\/challengeseconomiques.com\/index.php?rest_route=\/wp\/v2\/posts\/5591\/revisions"}],"predecessor-version":[{"id":5596,"href":"https:\/\/challengeseconomiques.com\/index.php?rest_route=\/wp\/v2\/posts\/5591\/revisions\/5596"}],"wp:featuredmedia":[{"embeddable":true,"href":"https:\/\/challengeseconomiques.com\/index.php?rest_route=\/wp\/v2\/media\/5592"}],"wp:attachment":[{"href":"https:\/\/challengeseconomiques.com\/index.php?rest_route=%2Fwp%2Fv2%2Fmedia&parent=5591"}],"wp:term":[{"taxonomy":"category","embeddable":true,"href":"https:\/\/challengeseconomiques.com\/index.php?rest_route=%2Fwp%2Fv2%2Fcategories&post=5591"},{"taxonomy":"post_tag","embeddable":true,"href":"https:\/\/challengeseconomiques.com\/index.php?rest_route=%2Fwp%2Fv2%2Ftags&post=5591"}],"curies":[{"name":"wp","href":"https:\/\/api.w.org\/{rel}","templated":true}]}}