{"id":5570,"date":"2023-11-09T16:18:25","date_gmt":"2023-11-09T16:18:25","guid":{"rendered":"https:\/\/challengeseconomiques.com\/?p=5570"},"modified":"2023-11-09T16:18:56","modified_gmt":"2023-11-09T16:18:56","slug":"senegal-hausse-des-depenses-publiques-a-fin-septembre-2023","status":"publish","type":"post","link":"https:\/\/challengeseconomiques.com\/?p=5570","title":{"rendered":"S\u00e9n\u00e9gal :Hausse des d\u00e9penses publiques \u00e0 fin septembre 2023"},"content":{"rendered":"<p>Les d\u00e9penses budg\u00e9taires hors celles ex\u00e9cut\u00e9es sur ressources ext\u00e9rieures, \u00a0ont \u00e9t\u00e9 ex\u00e9cut\u00e9es \u00e0 hauteur de 3291,9 milliards \u00e0 fin septembre 2023 contre 2995,8 milliards un an auparavant, soit une augmentation de 296,1 milliards (+9,9%). Cette orientation est expliqu\u00e9e par la hausse des d\u00e9penses de transfert et subvention, des int\u00e9r\u00eats sur la dette et de la masse salariale. En effet, les d\u00e9penses en transfert et subvention se sont accrues de 16,1% pour se situer \u00e0 1037,0 milliards. La dynamique a \u00e9t\u00e9 renforc\u00e9e par les hausses des charges d\u2019int\u00e9r\u00eats sur la dette (407,1 milliards) et des traitements et salaires (951,1 milliards) qui se sont confort\u00e9s respectivement de 35,2% et 19,0%. En revanche, les investissements financ\u00e9s sur ressources internes se sont repli\u00e9s de 14,5% pour se situer \u00e0 606,5 milliards.<\/p>\n<p><strong>(Source\u00a0: Dpee)<\/strong><\/p>\n","protected":false},"excerpt":{"rendered":"<p>Les d\u00e9penses budg\u00e9taires hors celles ex\u00e9cut\u00e9es sur ressources ext\u00e9rieures, \u00a0ont \u00e9t\u00e9 ex\u00e9cut\u00e9es \u00e0 hauteur de 3291,9 milliards \u00e0 fin septembre 2023 contre 2995,8 milliards un&#8230;<\/p>\n","protected":false},"author":1,"featured_media":5571,"comment_status":"closed","ping_status":"open","sticky":false,"template":"","format":"standard","meta":{"_jetpack_memberships_contains_paid_content":false,"footnotes":""},"categories":[8,10],"tags":[],"class_list":["post-5570","post","type-post","status-publish","format-standard","has-post-thumbnail","hentry","category-actualite-economique","category-infos-eco","wpcat-8-id","wpcat-10-id"],"yoast_head":"<!-- This site is optimized with the Yoast SEO plugin v27.1.1 - https:\/\/yoast.com\/product\/yoast-seo-wordpress\/ -->\n<title>S\u00e9n\u00e9gal :Hausse des d\u00e9penses publiques \u00e0 fin septembre 2023 - challenges economiques<\/title>\n<meta name=\"robots\" content=\"index, follow, max-snippet:-1, max-image-preview:large, max-video-preview:-1\" \/>\n<link rel=\"canonical\" href=\"https:\/\/challengeseconomiques.com\/?p=5570\" \/>\n<meta property=\"og:locale\" content=\"fr_FR\" \/>\n<meta property=\"og:type\" content=\"article\" \/>\n<meta property=\"og:title\" content=\"S\u00e9n\u00e9gal :Hausse des d\u00e9penses publiques \u00e0 fin septembre 2023 - challenges economiques\" \/>\n<meta property=\"og:description\" content=\"Les d\u00e9penses budg\u00e9taires hors celles ex\u00e9cut\u00e9es sur ressources ext\u00e9rieures, \u00a0ont \u00e9t\u00e9 ex\u00e9cut\u00e9es \u00e0 hauteur de 3291,9 milliards \u00e0 fin septembre 2023 contre 2995,8 milliards un...\" \/>\n<meta property=\"og:url\" content=\"https:\/\/challengeseconomiques.com\/?p=5570\" \/>\n<meta property=\"og:site_name\" content=\"challenges economiques\" \/>\n<meta property=\"article:published_time\" content=\"2023-11-09T16:18:25+00:00\" \/>\n<meta property=\"article:modified_time\" content=\"2023-11-09T16:18:56+00:00\" \/>\n<meta property=\"og:image\" content=\"https:\/\/challengeseconomiques.com\/wp-content\/uploads\/2023\/11\/Budget-calculette.jpg\" \/>\n\t<meta property=\"og:image:width\" content=\"1024\" \/>\n\t<meta property=\"og:image:height\" content=\"578\" \/>\n\t<meta property=\"og:image:type\" content=\"image\/jpeg\" \/>\n<meta name=\"author\" content=\"admin\" \/>\n<meta name=\"twitter:card\" content=\"summary_large_image\" \/>\n<meta name=\"twitter:label1\" content=\"\u00c9crit par\" \/>\n\t<meta name=\"twitter:data1\" content=\"admin\" \/>\n\t<meta name=\"twitter:label2\" content=\"Dur\u00e9e de lecture estim\u00e9e\" \/>\n\t<meta name=\"twitter:data2\" content=\"1 minute\" \/>\n<script type=\"application\/ld+json\" class=\"yoast-schema-graph\">{\"@context\":\"https:\/\/schema.org\",\"@graph\":[{\"@type\":\"Article\",\"@id\":\"https:\/\/challengeseconomiques.com\/?p=5570#article\",\"isPartOf\":{\"@id\":\"https:\/\/challengeseconomiques.com\/?p=5570\"},\"author\":{\"name\":\"admin\",\"@id\":\"https:\/\/challengeseconomiques.com\/#\/schema\/person\/b4568c9afebc5a9238a771873801e349\"},\"headline\":\"S\u00e9n\u00e9gal :Hausse des d\u00e9penses publiques \u00e0 fin septembre 2023\",\"datePublished\":\"2023-11-09T16:18:25+00:00\",\"dateModified\":\"2023-11-09T16:18:56+00:00\",\"mainEntityOfPage\":{\"@id\":\"https:\/\/challengeseconomiques.com\/?p=5570\"},\"wordCount\":141,\"image\":{\"@id\":\"https:\/\/challengeseconomiques.com\/?p=5570#primaryimage\"},\"thumbnailUrl\":\"https:\/\/challengeseconomiques.com\/wp-content\/uploads\/2023\/11\/Budget-calculette.jpg\",\"articleSection\":[\"Actualit\u00e9 \u00e9conomique\",\"Infos \u00e9co\"],\"inLanguage\":\"fr-FR\"},{\"@type\":\"WebPage\",\"@id\":\"https:\/\/challengeseconomiques.com\/?p=5570\",\"url\":\"https:\/\/challengeseconomiques.com\/?p=5570\",\"name\":\"S\u00e9n\u00e9gal :Hausse des d\u00e9penses publiques \u00e0 fin septembre 2023 - challenges economiques\",\"isPartOf\":{\"@id\":\"https:\/\/challengeseconomiques.com\/#website\"},\"primaryImageOfPage\":{\"@id\":\"https:\/\/challengeseconomiques.com\/?p=5570#primaryimage\"},\"image\":{\"@id\":\"https:\/\/challengeseconomiques.com\/?p=5570#primaryimage\"},\"thumbnailUrl\":\"https:\/\/challengeseconomiques.com\/wp-content\/uploads\/2023\/11\/Budget-calculette.jpg\",\"datePublished\":\"2023-11-09T16:18:25+00:00\",\"dateModified\":\"2023-11-09T16:18:56+00:00\",\"author\":{\"@id\":\"https:\/\/challengeseconomiques.com\/#\/schema\/person\/b4568c9afebc5a9238a771873801e349\"},\"breadcrumb\":{\"@id\":\"https:\/\/challengeseconomiques.com\/?p=5570#breadcrumb\"},\"inLanguage\":\"fr-FR\",\"potentialAction\":[{\"@type\":\"ReadAction\",\"target\":[\"https:\/\/challengeseconomiques.com\/?p=5570\"]}]},{\"@type\":\"ImageObject\",\"inLanguage\":\"fr-FR\",\"@id\":\"https:\/\/challengeseconomiques.com\/?p=5570#primaryimage\",\"url\":\"https:\/\/challengeseconomiques.com\/wp-content\/uploads\/2023\/11\/Budget-calculette.jpg\",\"contentUrl\":\"https:\/\/challengeseconomiques.com\/wp-content\/uploads\/2023\/11\/Budget-calculette.jpg\",\"width\":1024,\"height\":578},{\"@type\":\"BreadcrumbList\",\"@id\":\"https:\/\/challengeseconomiques.com\/?p=5570#breadcrumb\",\"itemListElement\":[{\"@type\":\"ListItem\",\"position\":1,\"name\":\"Home\",\"item\":\"https:\/\/challengeseconomiques.com\/\"},{\"@type\":\"ListItem\",\"position\":2,\"name\":\"S\u00e9n\u00e9gal :Hausse des d\u00e9penses publiques \u00e0 fin septembre 2023\"}]},{\"@type\":\"WebSite\",\"@id\":\"https:\/\/challengeseconomiques.com\/#website\",\"url\":\"https:\/\/challengeseconomiques.com\/\",\"name\":\"challenges economiques\",\"description\":\"\",\"potentialAction\":[{\"@type\":\"SearchAction\",\"target\":{\"@type\":\"EntryPoint\",\"urlTemplate\":\"https:\/\/challengeseconomiques.com\/?s={search_term_string}\"},\"query-input\":{\"@type\":\"PropertyValueSpecification\",\"valueRequired\":true,\"valueName\":\"search_term_string\"}}],\"inLanguage\":\"fr-FR\"},{\"@type\":\"Person\",\"@id\":\"https:\/\/challengeseconomiques.com\/#\/schema\/person\/b4568c9afebc5a9238a771873801e349\",\"name\":\"admin\",\"image\":{\"@type\":\"ImageObject\",\"inLanguage\":\"fr-FR\",\"@id\":\"https:\/\/challengeseconomiques.com\/#\/schema\/person\/image\/\",\"url\":\"https:\/\/secure.gravatar.com\/avatar\/099e42240b5eea11acdb72751fcce0dd918603f0749d24974b7984ea47ed9fd9?s=96&d=mm&r=g\",\"contentUrl\":\"https:\/\/secure.gravatar.com\/avatar\/099e42240b5eea11acdb72751fcce0dd918603f0749d24974b7984ea47ed9fd9?s=96&d=mm&r=g\",\"caption\":\"admin\"},\"sameAs\":[\"https:\/\/challengeseconomiques.com\"],\"url\":\"https:\/\/challengeseconomiques.com\/?author=1\"}]}<\/script>\n<!-- \/ Yoast SEO plugin. -->","yoast_head_json":{"title":"S\u00e9n\u00e9gal :Hausse des d\u00e9penses publiques \u00e0 fin septembre 2023 - challenges economiques","robots":{"index":"index","follow":"follow","max-snippet":"max-snippet:-1","max-image-preview":"max-image-preview:large","max-video-preview":"max-video-preview:-1"},"canonical":"https:\/\/challengeseconomiques.com\/?p=5570","og_locale":"fr_FR","og_type":"article","og_title":"S\u00e9n\u00e9gal :Hausse des d\u00e9penses publiques \u00e0 fin septembre 2023 - challenges economiques","og_description":"Les d\u00e9penses budg\u00e9taires hors celles ex\u00e9cut\u00e9es sur ressources ext\u00e9rieures, \u00a0ont \u00e9t\u00e9 ex\u00e9cut\u00e9es \u00e0 hauteur de 3291,9 milliards \u00e0 fin septembre 2023 contre 2995,8 milliards un...","og_url":"https:\/\/challengeseconomiques.com\/?p=5570","og_site_name":"challenges economiques","article_published_time":"2023-11-09T16:18:25+00:00","article_modified_time":"2023-11-09T16:18:56+00:00","og_image":[{"width":1024,"height":578,"url":"https:\/\/challengeseconomiques.com\/wp-content\/uploads\/2023\/11\/Budget-calculette.jpg","type":"image\/jpeg"}],"author":"admin","twitter_card":"summary_large_image","twitter_misc":{"\u00c9crit par":"admin","Dur\u00e9e de lecture estim\u00e9e":"1 minute"},"schema":{"@context":"https:\/\/schema.org","@graph":[{"@type":"Article","@id":"https:\/\/challengeseconomiques.com\/?p=5570#article","isPartOf":{"@id":"https:\/\/challengeseconomiques.com\/?p=5570"},"author":{"name":"admin","@id":"https:\/\/challengeseconomiques.com\/#\/schema\/person\/b4568c9afebc5a9238a771873801e349"},"headline":"S\u00e9n\u00e9gal :Hausse des d\u00e9penses publiques \u00e0 fin septembre 2023","datePublished":"2023-11-09T16:18:25+00:00","dateModified":"2023-11-09T16:18:56+00:00","mainEntityOfPage":{"@id":"https:\/\/challengeseconomiques.com\/?p=5570"},"wordCount":141,"image":{"@id":"https:\/\/challengeseconomiques.com\/?p=5570#primaryimage"},"thumbnailUrl":"https:\/\/challengeseconomiques.com\/wp-content\/uploads\/2023\/11\/Budget-calculette.jpg","articleSection":["Actualit\u00e9 \u00e9conomique","Infos \u00e9co"],"inLanguage":"fr-FR"},{"@type":"WebPage","@id":"https:\/\/challengeseconomiques.com\/?p=5570","url":"https:\/\/challengeseconomiques.com\/?p=5570","name":"S\u00e9n\u00e9gal :Hausse des d\u00e9penses publiques \u00e0 fin septembre 2023 - challenges economiques","isPartOf":{"@id":"https:\/\/challengeseconomiques.com\/#website"},"primaryImageOfPage":{"@id":"https:\/\/challengeseconomiques.com\/?p=5570#primaryimage"},"image":{"@id":"https:\/\/challengeseconomiques.com\/?p=5570#primaryimage"},"thumbnailUrl":"https:\/\/challengeseconomiques.com\/wp-content\/uploads\/2023\/11\/Budget-calculette.jpg","datePublished":"2023-11-09T16:18:25+00:00","dateModified":"2023-11-09T16:18:56+00:00","author":{"@id":"https:\/\/challengeseconomiques.com\/#\/schema\/person\/b4568c9afebc5a9238a771873801e349"},"breadcrumb":{"@id":"https:\/\/challengeseconomiques.com\/?p=5570#breadcrumb"},"inLanguage":"fr-FR","potentialAction":[{"@type":"ReadAction","target":["https:\/\/challengeseconomiques.com\/?p=5570"]}]},{"@type":"ImageObject","inLanguage":"fr-FR","@id":"https:\/\/challengeseconomiques.com\/?p=5570#primaryimage","url":"https:\/\/challengeseconomiques.com\/wp-content\/uploads\/2023\/11\/Budget-calculette.jpg","contentUrl":"https:\/\/challengeseconomiques.com\/wp-content\/uploads\/2023\/11\/Budget-calculette.jpg","width":1024,"height":578},{"@type":"BreadcrumbList","@id":"https:\/\/challengeseconomiques.com\/?p=5570#breadcrumb","itemListElement":[{"@type":"ListItem","position":1,"name":"Home","item":"https:\/\/challengeseconomiques.com\/"},{"@type":"ListItem","position":2,"name":"S\u00e9n\u00e9gal :Hausse des d\u00e9penses publiques \u00e0 fin septembre 2023"}]},{"@type":"WebSite","@id":"https:\/\/challengeseconomiques.com\/#website","url":"https:\/\/challengeseconomiques.com\/","name":"challenges economiques","description":"","potentialAction":[{"@type":"SearchAction","target":{"@type":"EntryPoint","urlTemplate":"https:\/\/challengeseconomiques.com\/?s={search_term_string}"},"query-input":{"@type":"PropertyValueSpecification","valueRequired":true,"valueName":"search_term_string"}}],"inLanguage":"fr-FR"},{"@type":"Person","@id":"https:\/\/challengeseconomiques.com\/#\/schema\/person\/b4568c9afebc5a9238a771873801e349","name":"admin","image":{"@type":"ImageObject","inLanguage":"fr-FR","@id":"https:\/\/challengeseconomiques.com\/#\/schema\/person\/image\/","url":"https:\/\/secure.gravatar.com\/avatar\/099e42240b5eea11acdb72751fcce0dd918603f0749d24974b7984ea47ed9fd9?s=96&d=mm&r=g","contentUrl":"https:\/\/secure.gravatar.com\/avatar\/099e42240b5eea11acdb72751fcce0dd918603f0749d24974b7984ea47ed9fd9?s=96&d=mm&r=g","caption":"admin"},"sameAs":["https:\/\/challengeseconomiques.com"],"url":"https:\/\/challengeseconomiques.com\/?author=1"}]}},"jetpack_featured_media_url":"https:\/\/challengeseconomiques.com\/wp-content\/uploads\/2023\/11\/Budget-calculette.jpg","jetpack_sharing_enabled":true,"_links":{"self":[{"href":"https:\/\/challengeseconomiques.com\/index.php?rest_route=\/wp\/v2\/posts\/5570","targetHints":{"allow":["GET"]}}],"collection":[{"href":"https:\/\/challengeseconomiques.com\/index.php?rest_route=\/wp\/v2\/posts"}],"about":[{"href":"https:\/\/challengeseconomiques.com\/index.php?rest_route=\/wp\/v2\/types\/post"}],"author":[{"embeddable":true,"href":"https:\/\/challengeseconomiques.com\/index.php?rest_route=\/wp\/v2\/users\/1"}],"replies":[{"embeddable":true,"href":"https:\/\/challengeseconomiques.com\/index.php?rest_route=%2Fwp%2Fv2%2Fcomments&post=5570"}],"version-history":[{"count":1,"href":"https:\/\/challengeseconomiques.com\/index.php?rest_route=\/wp\/v2\/posts\/5570\/revisions"}],"predecessor-version":[{"id":5572,"href":"https:\/\/challengeseconomiques.com\/index.php?rest_route=\/wp\/v2\/posts\/5570\/revisions\/5572"}],"wp:featuredmedia":[{"embeddable":true,"href":"https:\/\/challengeseconomiques.com\/index.php?rest_route=\/wp\/v2\/media\/5571"}],"wp:attachment":[{"href":"https:\/\/challengeseconomiques.com\/index.php?rest_route=%2Fwp%2Fv2%2Fmedia&parent=5570"}],"wp:term":[{"taxonomy":"category","embeddable":true,"href":"https:\/\/challengeseconomiques.com\/index.php?rest_route=%2Fwp%2Fv2%2Fcategories&post=5570"},{"taxonomy":"post_tag","embeddable":true,"href":"https:\/\/challengeseconomiques.com\/index.php?rest_route=%2Fwp%2Fv2%2Ftags&post=5570"}],"curies":[{"name":"wp","href":"https:\/\/api.w.org\/{rel}","templated":true}]}}