{"id":5560,"date":"2023-11-09T11:50:19","date_gmt":"2023-11-09T11:50:19","guid":{"rendered":"https:\/\/challengeseconomiques.com\/?p=5560"},"modified":"2023-11-09T12:46:38","modified_gmt":"2023-11-09T12:46:38","slug":"le-dr-mbaye-ndiaye-est-le-nouveau-dg-des-douanes-senegalaises","status":"publish","type":"post","link":"https:\/\/challengeseconomiques.com\/?p=5560","title":{"rendered":"Le Dr Mbaye Ndiaye est le nouveau  DG des douanes s\u00e9n\u00e9galaises"},"content":{"rendered":"<p>La douane a un nouveau chef. Il s\u2019agit Mbaye Ndiaye. Il a \u00e9t\u00e9 nomm\u00e9 hier mercredi 8 novembre 2023, \u00a0Directeur g\u00e9n\u00e9ral des douanes, \u00e0 l\u2019issue du conseil des ministres, tenu au palais de la R\u00e9publique. Inspecteur principal des douanes de classe exceptionnelle, M. Ndiaye remplace \u00e0 ce poste, Abdourahmane Di\u00e9ye. D\u2019apr\u00e8s le site de la douane , Mbaye Ndiaye atterri en terrain connu. \u00ab Il connait les rouages, le fonctionnement, les enjeux et la port\u00e9e des missions. \u00bb peut-on lire sur l\u2019article consacr\u00e9 \u00e0 sa nomination sur ce site . <strong>\u00a0<\/strong><\/p>\n<p>Le nouveau DG de la douane est docteur en droit. Il a un parcours professionnel riche d\u2019une vingtaine d\u2019ann\u00e9es d\u2019exercice. Il \u00e9tait le directeur des op\u00e9rations douani\u00e8re jusqu\u2019\u00e0 sa nomination. Avant, le Dr Mbaye a assum\u00e9 les fonctions de la Directeur r\u00e9gional Nord (Louga, Saint-Louis, Matam) de Mai 2016 jusqu\u2019\u00e0 sa nomination \u00e0 la t\u00eate de la Direction des Op\u00e9rations douani\u00e8res le 8 Mai 2019. Son passage dans cette partie du pays est tr\u00e8s appr\u00e9ci\u00e9 selon le site de la douane. Le nouveau patron de la douane devra apporter sa touche de \u00ab\u00a0 manager\u00a0hors pair\u00a0\u00bbpour apporter sa pierre au chantier de\u00a0\u00ab la modernisation de l\u2019Administration douani\u00e8re marqu\u00e9 par le renforcement des moyens d\u2019action et d\u2019intervention des unit\u00e9s op\u00e9rationnelles sur l\u2019ensemble du territoire national\u00a0\u00bb.<\/p>\n<p>&nbsp;<\/p>\n","protected":false},"excerpt":{"rendered":"<p>La douane a un nouveau chef. Il s\u2019agit Mbaye Ndiaye. Il a \u00e9t\u00e9 nomm\u00e9 hier mercredi 8 novembre 2023, \u00a0Directeur g\u00e9n\u00e9ral des douanes, \u00e0 l\u2019issue&#8230;<\/p>\n","protected":false},"author":1,"featured_media":5566,"comment_status":"closed","ping_status":"open","sticky":false,"template":"","format":"standard","meta":{"_jetpack_memberships_contains_paid_content":false,"footnotes":""},"categories":[23,8,10],"tags":[],"class_list":["post-5560","post","type-post","status-publish","format-standard","has-post-thumbnail","hentry","category-a-la-une","category-actualite-economique","category-infos-eco","wpcat-23-id","wpcat-8-id","wpcat-10-id"],"yoast_head":"<!-- This site is optimized with the Yoast SEO plugin v27.1.1 - https:\/\/yoast.com\/product\/yoast-seo-wordpress\/ -->\n<title>Le Dr Mbaye Ndiaye est le nouveau DG des douanes s\u00e9n\u00e9galaises - challenges economiques<\/title>\n<meta name=\"robots\" content=\"index, follow, max-snippet:-1, max-image-preview:large, max-video-preview:-1\" \/>\n<link rel=\"canonical\" href=\"https:\/\/challengeseconomiques.com\/?p=5560\" \/>\n<meta property=\"og:locale\" content=\"fr_FR\" \/>\n<meta property=\"og:type\" content=\"article\" \/>\n<meta property=\"og:title\" content=\"Le Dr Mbaye Ndiaye est le nouveau DG des douanes s\u00e9n\u00e9galaises - challenges economiques\" \/>\n<meta property=\"og:description\" content=\"La douane a un nouveau chef. Il s\u2019agit Mbaye Ndiaye. Il a \u00e9t\u00e9 nomm\u00e9 hier mercredi 8 novembre 2023, \u00a0Directeur g\u00e9n\u00e9ral des douanes, \u00e0 l\u2019issue...\" \/>\n<meta property=\"og:url\" content=\"https:\/\/challengeseconomiques.com\/?p=5560\" \/>\n<meta property=\"og:site_name\" content=\"challenges economiques\" \/>\n<meta property=\"article:published_time\" content=\"2023-11-09T11:50:19+00:00\" \/>\n<meta property=\"article:modified_time\" content=\"2023-11-09T12:46:38+00:00\" \/>\n<meta property=\"og:image\" content=\"https:\/\/challengeseconomiques.com\/wp-content\/uploads\/2023\/11\/mbayendiayebon.jpg\" \/>\n\t<meta property=\"og:image:width\" content=\"600\" \/>\n\t<meta property=\"og:image:height\" content=\"480\" \/>\n\t<meta property=\"og:image:type\" content=\"image\/jpeg\" \/>\n<meta name=\"author\" content=\"admin\" \/>\n<meta name=\"twitter:card\" content=\"summary_large_image\" \/>\n<meta name=\"twitter:label1\" content=\"\u00c9crit par\" \/>\n\t<meta name=\"twitter:data1\" content=\"admin\" \/>\n\t<meta name=\"twitter:label2\" content=\"Dur\u00e9e de lecture estim\u00e9e\" \/>\n\t<meta name=\"twitter:data2\" content=\"1 minute\" \/>\n<script type=\"application\/ld+json\" class=\"yoast-schema-graph\">{\"@context\":\"https:\/\/schema.org\",\"@graph\":[{\"@type\":\"Article\",\"@id\":\"https:\/\/challengeseconomiques.com\/?p=5560#article\",\"isPartOf\":{\"@id\":\"https:\/\/challengeseconomiques.com\/?p=5560\"},\"author\":{\"name\":\"admin\",\"@id\":\"https:\/\/challengeseconomiques.com\/#\/schema\/person\/b4568c9afebc5a9238a771873801e349\"},\"headline\":\"Le Dr Mbaye Ndiaye est le nouveau DG des douanes s\u00e9n\u00e9galaises\",\"datePublished\":\"2023-11-09T11:50:19+00:00\",\"dateModified\":\"2023-11-09T12:46:38+00:00\",\"mainEntityOfPage\":{\"@id\":\"https:\/\/challengeseconomiques.com\/?p=5560\"},\"wordCount\":244,\"image\":{\"@id\":\"https:\/\/challengeseconomiques.com\/?p=5560#primaryimage\"},\"thumbnailUrl\":\"https:\/\/challengeseconomiques.com\/wp-content\/uploads\/2023\/11\/mbayendiayebon.jpg\",\"articleSection\":[\"A la une\",\"Actualit\u00e9 \u00e9conomique\",\"Infos \u00e9co\"],\"inLanguage\":\"fr-FR\"},{\"@type\":\"WebPage\",\"@id\":\"https:\/\/challengeseconomiques.com\/?p=5560\",\"url\":\"https:\/\/challengeseconomiques.com\/?p=5560\",\"name\":\"Le Dr Mbaye Ndiaye est le nouveau DG des douanes s\u00e9n\u00e9galaises - challenges economiques\",\"isPartOf\":{\"@id\":\"https:\/\/challengeseconomiques.com\/#website\"},\"primaryImageOfPage\":{\"@id\":\"https:\/\/challengeseconomiques.com\/?p=5560#primaryimage\"},\"image\":{\"@id\":\"https:\/\/challengeseconomiques.com\/?p=5560#primaryimage\"},\"thumbnailUrl\":\"https:\/\/challengeseconomiques.com\/wp-content\/uploads\/2023\/11\/mbayendiayebon.jpg\",\"datePublished\":\"2023-11-09T11:50:19+00:00\",\"dateModified\":\"2023-11-09T12:46:38+00:00\",\"author\":{\"@id\":\"https:\/\/challengeseconomiques.com\/#\/schema\/person\/b4568c9afebc5a9238a771873801e349\"},\"breadcrumb\":{\"@id\":\"https:\/\/challengeseconomiques.com\/?p=5560#breadcrumb\"},\"inLanguage\":\"fr-FR\",\"potentialAction\":[{\"@type\":\"ReadAction\",\"target\":[\"https:\/\/challengeseconomiques.com\/?p=5560\"]}]},{\"@type\":\"ImageObject\",\"inLanguage\":\"fr-FR\",\"@id\":\"https:\/\/challengeseconomiques.com\/?p=5560#primaryimage\",\"url\":\"https:\/\/challengeseconomiques.com\/wp-content\/uploads\/2023\/11\/mbayendiayebon.jpg\",\"contentUrl\":\"https:\/\/challengeseconomiques.com\/wp-content\/uploads\/2023\/11\/mbayendiayebon.jpg\",\"width\":600,\"height\":480},{\"@type\":\"BreadcrumbList\",\"@id\":\"https:\/\/challengeseconomiques.com\/?p=5560#breadcrumb\",\"itemListElement\":[{\"@type\":\"ListItem\",\"position\":1,\"name\":\"Home\",\"item\":\"https:\/\/challengeseconomiques.com\/\"},{\"@type\":\"ListItem\",\"position\":2,\"name\":\"Le Dr Mbaye Ndiaye est le nouveau DG des douanes s\u00e9n\u00e9galaises\"}]},{\"@type\":\"WebSite\",\"@id\":\"https:\/\/challengeseconomiques.com\/#website\",\"url\":\"https:\/\/challengeseconomiques.com\/\",\"name\":\"challenges economiques\",\"description\":\"\",\"potentialAction\":[{\"@type\":\"SearchAction\",\"target\":{\"@type\":\"EntryPoint\",\"urlTemplate\":\"https:\/\/challengeseconomiques.com\/?s={search_term_string}\"},\"query-input\":{\"@type\":\"PropertyValueSpecification\",\"valueRequired\":true,\"valueName\":\"search_term_string\"}}],\"inLanguage\":\"fr-FR\"},{\"@type\":\"Person\",\"@id\":\"https:\/\/challengeseconomiques.com\/#\/schema\/person\/b4568c9afebc5a9238a771873801e349\",\"name\":\"admin\",\"image\":{\"@type\":\"ImageObject\",\"inLanguage\":\"fr-FR\",\"@id\":\"https:\/\/challengeseconomiques.com\/#\/schema\/person\/image\/\",\"url\":\"https:\/\/secure.gravatar.com\/avatar\/099e42240b5eea11acdb72751fcce0dd918603f0749d24974b7984ea47ed9fd9?s=96&d=mm&r=g\",\"contentUrl\":\"https:\/\/secure.gravatar.com\/avatar\/099e42240b5eea11acdb72751fcce0dd918603f0749d24974b7984ea47ed9fd9?s=96&d=mm&r=g\",\"caption\":\"admin\"},\"sameAs\":[\"https:\/\/challengeseconomiques.com\"],\"url\":\"https:\/\/challengeseconomiques.com\/?author=1\"}]}<\/script>\n<!-- \/ Yoast SEO plugin. -->","yoast_head_json":{"title":"Le Dr Mbaye Ndiaye est le nouveau DG des douanes s\u00e9n\u00e9galaises - challenges economiques","robots":{"index":"index","follow":"follow","max-snippet":"max-snippet:-1","max-image-preview":"max-image-preview:large","max-video-preview":"max-video-preview:-1"},"canonical":"https:\/\/challengeseconomiques.com\/?p=5560","og_locale":"fr_FR","og_type":"article","og_title":"Le Dr Mbaye Ndiaye est le nouveau DG des douanes s\u00e9n\u00e9galaises - challenges economiques","og_description":"La douane a un nouveau chef. Il s\u2019agit Mbaye Ndiaye. Il a \u00e9t\u00e9 nomm\u00e9 hier mercredi 8 novembre 2023, \u00a0Directeur g\u00e9n\u00e9ral des douanes, \u00e0 l\u2019issue...","og_url":"https:\/\/challengeseconomiques.com\/?p=5560","og_site_name":"challenges economiques","article_published_time":"2023-11-09T11:50:19+00:00","article_modified_time":"2023-11-09T12:46:38+00:00","og_image":[{"width":600,"height":480,"url":"https:\/\/challengeseconomiques.com\/wp-content\/uploads\/2023\/11\/mbayendiayebon.jpg","type":"image\/jpeg"}],"author":"admin","twitter_card":"summary_large_image","twitter_misc":{"\u00c9crit par":"admin","Dur\u00e9e de lecture estim\u00e9e":"1 minute"},"schema":{"@context":"https:\/\/schema.org","@graph":[{"@type":"Article","@id":"https:\/\/challengeseconomiques.com\/?p=5560#article","isPartOf":{"@id":"https:\/\/challengeseconomiques.com\/?p=5560"},"author":{"name":"admin","@id":"https:\/\/challengeseconomiques.com\/#\/schema\/person\/b4568c9afebc5a9238a771873801e349"},"headline":"Le Dr Mbaye Ndiaye est le nouveau DG des douanes s\u00e9n\u00e9galaises","datePublished":"2023-11-09T11:50:19+00:00","dateModified":"2023-11-09T12:46:38+00:00","mainEntityOfPage":{"@id":"https:\/\/challengeseconomiques.com\/?p=5560"},"wordCount":244,"image":{"@id":"https:\/\/challengeseconomiques.com\/?p=5560#primaryimage"},"thumbnailUrl":"https:\/\/challengeseconomiques.com\/wp-content\/uploads\/2023\/11\/mbayendiayebon.jpg","articleSection":["A la une","Actualit\u00e9 \u00e9conomique","Infos \u00e9co"],"inLanguage":"fr-FR"},{"@type":"WebPage","@id":"https:\/\/challengeseconomiques.com\/?p=5560","url":"https:\/\/challengeseconomiques.com\/?p=5560","name":"Le Dr Mbaye Ndiaye est le nouveau DG des douanes s\u00e9n\u00e9galaises - challenges economiques","isPartOf":{"@id":"https:\/\/challengeseconomiques.com\/#website"},"primaryImageOfPage":{"@id":"https:\/\/challengeseconomiques.com\/?p=5560#primaryimage"},"image":{"@id":"https:\/\/challengeseconomiques.com\/?p=5560#primaryimage"},"thumbnailUrl":"https:\/\/challengeseconomiques.com\/wp-content\/uploads\/2023\/11\/mbayendiayebon.jpg","datePublished":"2023-11-09T11:50:19+00:00","dateModified":"2023-11-09T12:46:38+00:00","author":{"@id":"https:\/\/challengeseconomiques.com\/#\/schema\/person\/b4568c9afebc5a9238a771873801e349"},"breadcrumb":{"@id":"https:\/\/challengeseconomiques.com\/?p=5560#breadcrumb"},"inLanguage":"fr-FR","potentialAction":[{"@type":"ReadAction","target":["https:\/\/challengeseconomiques.com\/?p=5560"]}]},{"@type":"ImageObject","inLanguage":"fr-FR","@id":"https:\/\/challengeseconomiques.com\/?p=5560#primaryimage","url":"https:\/\/challengeseconomiques.com\/wp-content\/uploads\/2023\/11\/mbayendiayebon.jpg","contentUrl":"https:\/\/challengeseconomiques.com\/wp-content\/uploads\/2023\/11\/mbayendiayebon.jpg","width":600,"height":480},{"@type":"BreadcrumbList","@id":"https:\/\/challengeseconomiques.com\/?p=5560#breadcrumb","itemListElement":[{"@type":"ListItem","position":1,"name":"Home","item":"https:\/\/challengeseconomiques.com\/"},{"@type":"ListItem","position":2,"name":"Le Dr Mbaye Ndiaye est le nouveau DG des douanes s\u00e9n\u00e9galaises"}]},{"@type":"WebSite","@id":"https:\/\/challengeseconomiques.com\/#website","url":"https:\/\/challengeseconomiques.com\/","name":"challenges economiques","description":"","potentialAction":[{"@type":"SearchAction","target":{"@type":"EntryPoint","urlTemplate":"https:\/\/challengeseconomiques.com\/?s={search_term_string}"},"query-input":{"@type":"PropertyValueSpecification","valueRequired":true,"valueName":"search_term_string"}}],"inLanguage":"fr-FR"},{"@type":"Person","@id":"https:\/\/challengeseconomiques.com\/#\/schema\/person\/b4568c9afebc5a9238a771873801e349","name":"admin","image":{"@type":"ImageObject","inLanguage":"fr-FR","@id":"https:\/\/challengeseconomiques.com\/#\/schema\/person\/image\/","url":"https:\/\/secure.gravatar.com\/avatar\/099e42240b5eea11acdb72751fcce0dd918603f0749d24974b7984ea47ed9fd9?s=96&d=mm&r=g","contentUrl":"https:\/\/secure.gravatar.com\/avatar\/099e42240b5eea11acdb72751fcce0dd918603f0749d24974b7984ea47ed9fd9?s=96&d=mm&r=g","caption":"admin"},"sameAs":["https:\/\/challengeseconomiques.com"],"url":"https:\/\/challengeseconomiques.com\/?author=1"}]}},"jetpack_featured_media_url":"https:\/\/challengeseconomiques.com\/wp-content\/uploads\/2023\/11\/mbayendiayebon.jpg","jetpack_sharing_enabled":true,"_links":{"self":[{"href":"https:\/\/challengeseconomiques.com\/index.php?rest_route=\/wp\/v2\/posts\/5560","targetHints":{"allow":["GET"]}}],"collection":[{"href":"https:\/\/challengeseconomiques.com\/index.php?rest_route=\/wp\/v2\/posts"}],"about":[{"href":"https:\/\/challengeseconomiques.com\/index.php?rest_route=\/wp\/v2\/types\/post"}],"author":[{"embeddable":true,"href":"https:\/\/challengeseconomiques.com\/index.php?rest_route=\/wp\/v2\/users\/1"}],"replies":[{"embeddable":true,"href":"https:\/\/challengeseconomiques.com\/index.php?rest_route=%2Fwp%2Fv2%2Fcomments&post=5560"}],"version-history":[{"count":1,"href":"https:\/\/challengeseconomiques.com\/index.php?rest_route=\/wp\/v2\/posts\/5560\/revisions"}],"predecessor-version":[{"id":5562,"href":"https:\/\/challengeseconomiques.com\/index.php?rest_route=\/wp\/v2\/posts\/5560\/revisions\/5562"}],"wp:featuredmedia":[{"embeddable":true,"href":"https:\/\/challengeseconomiques.com\/index.php?rest_route=\/wp\/v2\/media\/5566"}],"wp:attachment":[{"href":"https:\/\/challengeseconomiques.com\/index.php?rest_route=%2Fwp%2Fv2%2Fmedia&parent=5560"}],"wp:term":[{"taxonomy":"category","embeddable":true,"href":"https:\/\/challengeseconomiques.com\/index.php?rest_route=%2Fwp%2Fv2%2Fcategories&post=5560"},{"taxonomy":"post_tag","embeddable":true,"href":"https:\/\/challengeseconomiques.com\/index.php?rest_route=%2Fwp%2Fv2%2Ftags&post=5560"}],"curies":[{"name":"wp","href":"https:\/\/api.w.org\/{rel}","templated":true}]}}