{"id":5556,"date":"2023-11-08T09:54:28","date_gmt":"2023-11-08T09:54:28","guid":{"rendered":"https:\/\/challengeseconomiques.com\/?p=5556"},"modified":"2023-11-08T09:55:08","modified_gmt":"2023-11-08T09:55:08","slug":"cooperation-economique-tisser-des-relations-daffaires-entre-operateurs-economiques-senegalais-et-afro-americains","status":"publish","type":"post","link":"https:\/\/challengeseconomiques.com\/?p=5556","title":{"rendered":"Coop\u00e9ration \u00e9conomique : Tisser des relations d\u2019affaires entre op\u00e9rateurs \u00e9conomiques s\u00e9n\u00e9galais et afro-am\u00e9ricains"},"content":{"rendered":"<p><strong>L\u2019Agence Nationale charg\u00e9e de la Promotion de l\u2019Investissement et des Grands Travaux (APIX-S.A.) a organis\u00e9 le vendredi 3 novembre 2023 une table ronde regroupant des op\u00e9rateurs \u00e9conomiques s\u00e9n\u00e9galais et des chefs d\u2019entreprise membres de la National Black Chamber of Commerce (NBCC), une structure regroupant des entrepreneurs afro-am\u00e9ricains bas\u00e9s aux \u00c9tats-Unis. Les deux parties ont exprim\u00e9 leur volont\u00e9 de nouer des partenariats fructueux.<\/strong><\/p>\n<p>Lors de cette rencontre pr\u00e9sid\u00e9e par le Directeur G\u00e9n\u00e9ral de l\u2019APIX, Abdoulaye Bald\u00e9, le Directeur G\u00e9n\u00e9ral de la NBCC, Charles H. DeBow, et le Secr\u00e9taire G\u00e9n\u00e9ral de la Chambre de Commerce, d\u2019Industrie et d\u2019Agriculture de Dakar (CCIAD), Dr. Mbaye Chim\u00e8re Ndiaye, les op\u00e9rateurs \u00e9conomiques des deux c\u00f4t\u00e9s ont pr\u00e9sent\u00e9 leurs entreprises en vue de trouver des partenariats d\u2019affaires.<br \/>\nL\u2019APIX a effectu\u00e9 une pr\u00e9sentation d\u00e9taill\u00e9e de la situation \u00e9conomique du S\u00e9n\u00e9gal, mettant particuli\u00e8rement l\u2019accent sur le climat des affaires favorable aux investissements \u00e9trangers. Ainsi, de nombreuses opportunit\u00e9s d\u2019investissement peuvent \u00eatre saisies par les hommes d\u2019affaires afro-am\u00e9ricains.<br \/>\nDe leur c\u00f4t\u00e9, des chefs d\u2019entreprise s\u00e9n\u00e9galais ont exprim\u00e9 leur d\u00e9sir de nouer des partenariats avec des entreprises afro-am\u00e9ricaines.<br \/>\nSelon le Secr\u00e9taire G\u00e9n\u00e9ral de la CCIAD, cette table ronde rev\u00eat une importance capitale en ce sens qu\u2019elle permettra de jeter les bases d\u2019une coop\u00e9ration \u00e9conomique et commerciale fructueuse au profit des deux pays, les \u00c9tats-Unis et le S\u00e9n\u00e9gal. Il estime que c\u2019est \u00ab\u00a0une occasion pour les op\u00e9rateurs \u00e9conomiques de la NBCC et ceux du S\u00e9n\u00e9gal de tisser des relations qui pourront d\u00e9boucher sur des actions concr\u00e8tes.\u00a0\u00bb<\/p>\n<p><strong>Sanou BADIAN<\/strong>E (BIE)<\/p>\n","protected":false},"excerpt":{"rendered":"<p>L\u2019Agence Nationale charg\u00e9e de la Promotion de l\u2019Investissement et des Grands Travaux (APIX-S.A.) a organis\u00e9 le vendredi 3 novembre 2023 une table ronde regroupant des&#8230;<\/p>\n","protected":false},"author":1,"featured_media":5557,"comment_status":"closed","ping_status":"open","sticky":false,"template":"","format":"standard","meta":{"_jetpack_memberships_contains_paid_content":false,"footnotes":""},"categories":[8,10],"tags":[],"class_list":["post-5556","post","type-post","status-publish","format-standard","has-post-thumbnail","hentry","category-actualite-economique","category-infos-eco","wpcat-8-id","wpcat-10-id"],"yoast_head":"<!-- This site is optimized with the Yoast SEO plugin v27.1.1 - https:\/\/yoast.com\/product\/yoast-seo-wordpress\/ -->\n<title>Coop\u00e9ration \u00e9conomique : Tisser des relations d\u2019affaires entre op\u00e9rateurs \u00e9conomiques s\u00e9n\u00e9galais et afro-am\u00e9ricains - challenges economiques<\/title>\n<meta name=\"robots\" content=\"index, follow, max-snippet:-1, max-image-preview:large, max-video-preview:-1\" \/>\n<link rel=\"canonical\" href=\"https:\/\/challengeseconomiques.com\/?p=5556\" \/>\n<meta property=\"og:locale\" content=\"fr_FR\" \/>\n<meta property=\"og:type\" content=\"article\" \/>\n<meta property=\"og:title\" content=\"Coop\u00e9ration \u00e9conomique : Tisser des relations d\u2019affaires entre op\u00e9rateurs \u00e9conomiques s\u00e9n\u00e9galais et afro-am\u00e9ricains - challenges economiques\" \/>\n<meta property=\"og:description\" content=\"L\u2019Agence Nationale charg\u00e9e de la Promotion de l\u2019Investissement et des Grands Travaux (APIX-S.A.) a organis\u00e9 le vendredi 3 novembre 2023 une table ronde regroupant des...\" \/>\n<meta property=\"og:url\" content=\"https:\/\/challengeseconomiques.com\/?p=5556\" \/>\n<meta property=\"og:site_name\" content=\"challenges economiques\" \/>\n<meta property=\"article:published_time\" content=\"2023-11-08T09:54:28+00:00\" \/>\n<meta property=\"article:modified_time\" content=\"2023-11-08T09:55:08+00:00\" \/>\n<meta property=\"og:image\" content=\"https:\/\/challengeseconomiques.com\/wp-content\/uploads\/2023\/11\/Cooperation_Economique_USA-Senegal_CCIAD_0.jpeg\" \/>\n\t<meta property=\"og:image:width\" content=\"1280\" \/>\n\t<meta property=\"og:image:height\" content=\"960\" \/>\n\t<meta property=\"og:image:type\" content=\"image\/jpeg\" \/>\n<meta name=\"author\" content=\"admin\" \/>\n<meta name=\"twitter:card\" content=\"summary_large_image\" \/>\n<meta name=\"twitter:label1\" content=\"\u00c9crit par\" \/>\n\t<meta name=\"twitter:data1\" content=\"admin\" \/>\n\t<meta name=\"twitter:label2\" content=\"Dur\u00e9e de lecture estim\u00e9e\" \/>\n\t<meta name=\"twitter:data2\" content=\"2 minutes\" \/>\n<script type=\"application\/ld+json\" class=\"yoast-schema-graph\">{\"@context\":\"https:\/\/schema.org\",\"@graph\":[{\"@type\":\"Article\",\"@id\":\"https:\/\/challengeseconomiques.com\/?p=5556#article\",\"isPartOf\":{\"@id\":\"https:\/\/challengeseconomiques.com\/?p=5556\"},\"author\":{\"name\":\"admin\",\"@id\":\"https:\/\/challengeseconomiques.com\/#\/schema\/person\/b4568c9afebc5a9238a771873801e349\"},\"headline\":\"Coop\u00e9ration \u00e9conomique : Tisser des relations d\u2019affaires entre op\u00e9rateurs \u00e9conomiques s\u00e9n\u00e9galais et afro-am\u00e9ricains\",\"datePublished\":\"2023-11-08T09:54:28+00:00\",\"dateModified\":\"2023-11-08T09:55:08+00:00\",\"mainEntityOfPage\":{\"@id\":\"https:\/\/challengeseconomiques.com\/?p=5556\"},\"wordCount\":323,\"image\":{\"@id\":\"https:\/\/challengeseconomiques.com\/?p=5556#primaryimage\"},\"thumbnailUrl\":\"https:\/\/challengeseconomiques.com\/wp-content\/uploads\/2023\/11\/Cooperation_Economique_USA-Senegal_CCIAD_0.jpeg\",\"articleSection\":[\"Actualit\u00e9 \u00e9conomique\",\"Infos \u00e9co\"],\"inLanguage\":\"fr-FR\"},{\"@type\":\"WebPage\",\"@id\":\"https:\/\/challengeseconomiques.com\/?p=5556\",\"url\":\"https:\/\/challengeseconomiques.com\/?p=5556\",\"name\":\"Coop\u00e9ration \u00e9conomique : Tisser des relations d\u2019affaires entre op\u00e9rateurs \u00e9conomiques s\u00e9n\u00e9galais et afro-am\u00e9ricains - challenges economiques\",\"isPartOf\":{\"@id\":\"https:\/\/challengeseconomiques.com\/#website\"},\"primaryImageOfPage\":{\"@id\":\"https:\/\/challengeseconomiques.com\/?p=5556#primaryimage\"},\"image\":{\"@id\":\"https:\/\/challengeseconomiques.com\/?p=5556#primaryimage\"},\"thumbnailUrl\":\"https:\/\/challengeseconomiques.com\/wp-content\/uploads\/2023\/11\/Cooperation_Economique_USA-Senegal_CCIAD_0.jpeg\",\"datePublished\":\"2023-11-08T09:54:28+00:00\",\"dateModified\":\"2023-11-08T09:55:08+00:00\",\"author\":{\"@id\":\"https:\/\/challengeseconomiques.com\/#\/schema\/person\/b4568c9afebc5a9238a771873801e349\"},\"breadcrumb\":{\"@id\":\"https:\/\/challengeseconomiques.com\/?p=5556#breadcrumb\"},\"inLanguage\":\"fr-FR\",\"potentialAction\":[{\"@type\":\"ReadAction\",\"target\":[\"https:\/\/challengeseconomiques.com\/?p=5556\"]}]},{\"@type\":\"ImageObject\",\"inLanguage\":\"fr-FR\",\"@id\":\"https:\/\/challengeseconomiques.com\/?p=5556#primaryimage\",\"url\":\"https:\/\/challengeseconomiques.com\/wp-content\/uploads\/2023\/11\/Cooperation_Economique_USA-Senegal_CCIAD_0.jpeg\",\"contentUrl\":\"https:\/\/challengeseconomiques.com\/wp-content\/uploads\/2023\/11\/Cooperation_Economique_USA-Senegal_CCIAD_0.jpeg\",\"width\":1280,\"height\":960},{\"@type\":\"BreadcrumbList\",\"@id\":\"https:\/\/challengeseconomiques.com\/?p=5556#breadcrumb\",\"itemListElement\":[{\"@type\":\"ListItem\",\"position\":1,\"name\":\"Home\",\"item\":\"https:\/\/challengeseconomiques.com\/\"},{\"@type\":\"ListItem\",\"position\":2,\"name\":\"Coop\u00e9ration \u00e9conomique : Tisser des relations d\u2019affaires entre op\u00e9rateurs \u00e9conomiques s\u00e9n\u00e9galais et afro-am\u00e9ricains\"}]},{\"@type\":\"WebSite\",\"@id\":\"https:\/\/challengeseconomiques.com\/#website\",\"url\":\"https:\/\/challengeseconomiques.com\/\",\"name\":\"challenges economiques\",\"description\":\"\",\"potentialAction\":[{\"@type\":\"SearchAction\",\"target\":{\"@type\":\"EntryPoint\",\"urlTemplate\":\"https:\/\/challengeseconomiques.com\/?s={search_term_string}\"},\"query-input\":{\"@type\":\"PropertyValueSpecification\",\"valueRequired\":true,\"valueName\":\"search_term_string\"}}],\"inLanguage\":\"fr-FR\"},{\"@type\":\"Person\",\"@id\":\"https:\/\/challengeseconomiques.com\/#\/schema\/person\/b4568c9afebc5a9238a771873801e349\",\"name\":\"admin\",\"image\":{\"@type\":\"ImageObject\",\"inLanguage\":\"fr-FR\",\"@id\":\"https:\/\/challengeseconomiques.com\/#\/schema\/person\/image\/\",\"url\":\"https:\/\/secure.gravatar.com\/avatar\/099e42240b5eea11acdb72751fcce0dd918603f0749d24974b7984ea47ed9fd9?s=96&d=mm&r=g\",\"contentUrl\":\"https:\/\/secure.gravatar.com\/avatar\/099e42240b5eea11acdb72751fcce0dd918603f0749d24974b7984ea47ed9fd9?s=96&d=mm&r=g\",\"caption\":\"admin\"},\"sameAs\":[\"https:\/\/challengeseconomiques.com\"],\"url\":\"https:\/\/challengeseconomiques.com\/?author=1\"}]}<\/script>\n<!-- \/ Yoast SEO plugin. -->","yoast_head_json":{"title":"Coop\u00e9ration \u00e9conomique : Tisser des relations d\u2019affaires entre op\u00e9rateurs \u00e9conomiques s\u00e9n\u00e9galais et afro-am\u00e9ricains - challenges economiques","robots":{"index":"index","follow":"follow","max-snippet":"max-snippet:-1","max-image-preview":"max-image-preview:large","max-video-preview":"max-video-preview:-1"},"canonical":"https:\/\/challengeseconomiques.com\/?p=5556","og_locale":"fr_FR","og_type":"article","og_title":"Coop\u00e9ration \u00e9conomique : Tisser des relations d\u2019affaires entre op\u00e9rateurs \u00e9conomiques s\u00e9n\u00e9galais et afro-am\u00e9ricains - challenges economiques","og_description":"L\u2019Agence Nationale charg\u00e9e de la Promotion de l\u2019Investissement et des Grands Travaux (APIX-S.A.) a organis\u00e9 le vendredi 3 novembre 2023 une table ronde regroupant des...","og_url":"https:\/\/challengeseconomiques.com\/?p=5556","og_site_name":"challenges economiques","article_published_time":"2023-11-08T09:54:28+00:00","article_modified_time":"2023-11-08T09:55:08+00:00","og_image":[{"width":1280,"height":960,"url":"https:\/\/challengeseconomiques.com\/wp-content\/uploads\/2023\/11\/Cooperation_Economique_USA-Senegal_CCIAD_0.jpeg","type":"image\/jpeg"}],"author":"admin","twitter_card":"summary_large_image","twitter_misc":{"\u00c9crit par":"admin","Dur\u00e9e de lecture estim\u00e9e":"2 minutes"},"schema":{"@context":"https:\/\/schema.org","@graph":[{"@type":"Article","@id":"https:\/\/challengeseconomiques.com\/?p=5556#article","isPartOf":{"@id":"https:\/\/challengeseconomiques.com\/?p=5556"},"author":{"name":"admin","@id":"https:\/\/challengeseconomiques.com\/#\/schema\/person\/b4568c9afebc5a9238a771873801e349"},"headline":"Coop\u00e9ration \u00e9conomique : Tisser des relations d\u2019affaires entre op\u00e9rateurs \u00e9conomiques s\u00e9n\u00e9galais et afro-am\u00e9ricains","datePublished":"2023-11-08T09:54:28+00:00","dateModified":"2023-11-08T09:55:08+00:00","mainEntityOfPage":{"@id":"https:\/\/challengeseconomiques.com\/?p=5556"},"wordCount":323,"image":{"@id":"https:\/\/challengeseconomiques.com\/?p=5556#primaryimage"},"thumbnailUrl":"https:\/\/challengeseconomiques.com\/wp-content\/uploads\/2023\/11\/Cooperation_Economique_USA-Senegal_CCIAD_0.jpeg","articleSection":["Actualit\u00e9 \u00e9conomique","Infos \u00e9co"],"inLanguage":"fr-FR"},{"@type":"WebPage","@id":"https:\/\/challengeseconomiques.com\/?p=5556","url":"https:\/\/challengeseconomiques.com\/?p=5556","name":"Coop\u00e9ration \u00e9conomique : Tisser des relations d\u2019affaires entre op\u00e9rateurs \u00e9conomiques s\u00e9n\u00e9galais et afro-am\u00e9ricains - challenges economiques","isPartOf":{"@id":"https:\/\/challengeseconomiques.com\/#website"},"primaryImageOfPage":{"@id":"https:\/\/challengeseconomiques.com\/?p=5556#primaryimage"},"image":{"@id":"https:\/\/challengeseconomiques.com\/?p=5556#primaryimage"},"thumbnailUrl":"https:\/\/challengeseconomiques.com\/wp-content\/uploads\/2023\/11\/Cooperation_Economique_USA-Senegal_CCIAD_0.jpeg","datePublished":"2023-11-08T09:54:28+00:00","dateModified":"2023-11-08T09:55:08+00:00","author":{"@id":"https:\/\/challengeseconomiques.com\/#\/schema\/person\/b4568c9afebc5a9238a771873801e349"},"breadcrumb":{"@id":"https:\/\/challengeseconomiques.com\/?p=5556#breadcrumb"},"inLanguage":"fr-FR","potentialAction":[{"@type":"ReadAction","target":["https:\/\/challengeseconomiques.com\/?p=5556"]}]},{"@type":"ImageObject","inLanguage":"fr-FR","@id":"https:\/\/challengeseconomiques.com\/?p=5556#primaryimage","url":"https:\/\/challengeseconomiques.com\/wp-content\/uploads\/2023\/11\/Cooperation_Economique_USA-Senegal_CCIAD_0.jpeg","contentUrl":"https:\/\/challengeseconomiques.com\/wp-content\/uploads\/2023\/11\/Cooperation_Economique_USA-Senegal_CCIAD_0.jpeg","width":1280,"height":960},{"@type":"BreadcrumbList","@id":"https:\/\/challengeseconomiques.com\/?p=5556#breadcrumb","itemListElement":[{"@type":"ListItem","position":1,"name":"Home","item":"https:\/\/challengeseconomiques.com\/"},{"@type":"ListItem","position":2,"name":"Coop\u00e9ration \u00e9conomique : Tisser des relations d\u2019affaires entre op\u00e9rateurs \u00e9conomiques s\u00e9n\u00e9galais et afro-am\u00e9ricains"}]},{"@type":"WebSite","@id":"https:\/\/challengeseconomiques.com\/#website","url":"https:\/\/challengeseconomiques.com\/","name":"challenges economiques","description":"","potentialAction":[{"@type":"SearchAction","target":{"@type":"EntryPoint","urlTemplate":"https:\/\/challengeseconomiques.com\/?s={search_term_string}"},"query-input":{"@type":"PropertyValueSpecification","valueRequired":true,"valueName":"search_term_string"}}],"inLanguage":"fr-FR"},{"@type":"Person","@id":"https:\/\/challengeseconomiques.com\/#\/schema\/person\/b4568c9afebc5a9238a771873801e349","name":"admin","image":{"@type":"ImageObject","inLanguage":"fr-FR","@id":"https:\/\/challengeseconomiques.com\/#\/schema\/person\/image\/","url":"https:\/\/secure.gravatar.com\/avatar\/099e42240b5eea11acdb72751fcce0dd918603f0749d24974b7984ea47ed9fd9?s=96&d=mm&r=g","contentUrl":"https:\/\/secure.gravatar.com\/avatar\/099e42240b5eea11acdb72751fcce0dd918603f0749d24974b7984ea47ed9fd9?s=96&d=mm&r=g","caption":"admin"},"sameAs":["https:\/\/challengeseconomiques.com"],"url":"https:\/\/challengeseconomiques.com\/?author=1"}]}},"jetpack_featured_media_url":"https:\/\/challengeseconomiques.com\/wp-content\/uploads\/2023\/11\/Cooperation_Economique_USA-Senegal_CCIAD_0.jpeg","jetpack_sharing_enabled":true,"_links":{"self":[{"href":"https:\/\/challengeseconomiques.com\/index.php?rest_route=\/wp\/v2\/posts\/5556","targetHints":{"allow":["GET"]}}],"collection":[{"href":"https:\/\/challengeseconomiques.com\/index.php?rest_route=\/wp\/v2\/posts"}],"about":[{"href":"https:\/\/challengeseconomiques.com\/index.php?rest_route=\/wp\/v2\/types\/post"}],"author":[{"embeddable":true,"href":"https:\/\/challengeseconomiques.com\/index.php?rest_route=\/wp\/v2\/users\/1"}],"replies":[{"embeddable":true,"href":"https:\/\/challengeseconomiques.com\/index.php?rest_route=%2Fwp%2Fv2%2Fcomments&post=5556"}],"version-history":[{"count":1,"href":"https:\/\/challengeseconomiques.com\/index.php?rest_route=\/wp\/v2\/posts\/5556\/revisions"}],"predecessor-version":[{"id":5558,"href":"https:\/\/challengeseconomiques.com\/index.php?rest_route=\/wp\/v2\/posts\/5556\/revisions\/5558"}],"wp:featuredmedia":[{"embeddable":true,"href":"https:\/\/challengeseconomiques.com\/index.php?rest_route=\/wp\/v2\/media\/5557"}],"wp:attachment":[{"href":"https:\/\/challengeseconomiques.com\/index.php?rest_route=%2Fwp%2Fv2%2Fmedia&parent=5556"}],"wp:term":[{"taxonomy":"category","embeddable":true,"href":"https:\/\/challengeseconomiques.com\/index.php?rest_route=%2Fwp%2Fv2%2Fcategories&post=5556"},{"taxonomy":"post_tag","embeddable":true,"href":"https:\/\/challengeseconomiques.com\/index.php?rest_route=%2Fwp%2Fv2%2Ftags&post=5556"}],"curies":[{"name":"wp","href":"https:\/\/api.w.org\/{rel}","templated":true}]}}