{"id":5553,"date":"2023-11-07T18:16:48","date_gmt":"2023-11-07T18:16:48","guid":{"rendered":"https:\/\/challengeseconomiques.com\/?p=5553"},"modified":"2023-11-07T18:17:11","modified_gmt":"2023-11-07T18:17:11","slug":"les-levees-de-fonds-des-start-up-africaines-ont-augmente-de-236-en-octobre-2023-a-1443-millions","status":"publish","type":"post","link":"https:\/\/challengeseconomiques.com\/?p=5553","title":{"rendered":"Les lev\u00e9es de fonds des start-up africaines ont augment\u00e9 de 23,6% en octobre 2023, \u00e0 144,3 millions $"},"content":{"rendered":"<p class=\"texte textearticle\"><strong>Alors que l\u2019Afrique reste la r\u00e9gion la plus touch\u00e9e par la pauvret\u00e9 \u00e9nerg\u00e9tique \u00e0 l\u2019\u00e9chelle mondiale, le secteur de l\u2019\u00e9nergie a domin\u00e9 les lev\u00e9es de fonds en octobre dernier, rel\u00e9guant le secteur des technologies financi\u00e8res \u00e0 la deuxi\u00e8me place. \u00a0\u00a0\u00a0<\/strong><\/p>\n<p class=\"texte textearticle\">Les lev\u00e9es de fonds r\u00e9alis\u00e9es par les start-up actives en Afrique ont atteint un montant total de 144,3 millions de dollars durant le mois d\u2019octobre 2023, enregistrant ainsi une hausse de 23,6% par rapport aux financements mobilis\u00e9s au cours du mois de septembre de la m\u00eame ann\u00e9e, selon des donn\u00e9es publi\u00e9es par le cabinet de conseil en \u00e9conomie num\u00e9rique TechCabal Insights.<\/p>\n<p class=\"texte textearticle\">Les lev\u00e9es de fonds r\u00e9alis\u00e9es par un total de 27 jeunes pousses africaines en octobre dernier repr\u00e9sentent une baisse de 22,6% par rapport aux 186,4 millions de dollars r\u00e9colt\u00e9s en octobre 2022.<\/p>\n<p class=\"texte textearticle\">La r\u00e9partition de ces lev\u00e9es de fonds par secteur d\u2019activit\u00e9 montre que l\u2019\u00e9nergie a re\u00e7u 57,9% de l\u2019ensemble des financements inject\u00e9s dans les p\u00e9pites de la tech op\u00e9rant sur le continent durant le mois \u00e9coul\u00e9. Viennent ensuite les secteurs de la fintech (20,1%), de la healthtech (6%), de l\u2019agritech (5,3%) et de l\u2019edtech (3%).<\/p>\n<p class=\"texte textearticle\">La ventilation des financements par r\u00e9gion montre d\u2019autre part que l\u2019Afrique de l\u2019Est a attir\u00e9 la partie la plus importante des lev\u00e9es de fonds (79,1 millions de dollars), devant l\u2019Afrique australe (36,8 millions), l&rsquo;Afrique de l&rsquo;Ouest (18,9 millions) et l&rsquo;Afrique du Nord (9,5 millions).<\/p>\n<p class=\"texte textearticle\">Les trois plus grosses lev\u00e9es de fonds recens\u00e9es en octobre 2023 ont \u00e9t\u00e9 r\u00e9alis\u00e9es par la plateforme de financement k\u00e9nyane M-Kopa (65 millions de dollars), la fintech sud-africaine Stitch (25 millions) et la cleantech nig\u00e9riane WATT (13 millions).<\/p>\n<p><strong>(Agence Ecofin)\u00a0 <\/strong><\/p>\n","protected":false},"excerpt":{"rendered":"<p>Alors que l\u2019Afrique reste la r\u00e9gion la plus touch\u00e9e par la pauvret\u00e9 \u00e9nerg\u00e9tique \u00e0 l\u2019\u00e9chelle mondiale, le secteur de l\u2019\u00e9nergie a domin\u00e9 les lev\u00e9es de&#8230;<\/p>\n","protected":false},"author":1,"featured_media":3042,"comment_status":"closed","ping_status":"open","sticky":false,"template":"","format":"standard","meta":{"_jetpack_memberships_contains_paid_content":false,"footnotes":""},"categories":[23,8,10],"tags":[],"class_list":["post-5553","post","type-post","status-publish","format-standard","has-post-thumbnail","hentry","category-a-la-une","category-actualite-economique","category-infos-eco","wpcat-23-id","wpcat-8-id","wpcat-10-id"],"yoast_head":"<!-- This site is optimized with the Yoast SEO plugin v27.1.1 - https:\/\/yoast.com\/product\/yoast-seo-wordpress\/ -->\n<title>Les lev\u00e9es de fonds des start-up africaines ont augment\u00e9 de 23,6% en octobre 2023, \u00e0 144,3 millions $ - challenges economiques<\/title>\n<meta name=\"robots\" content=\"index, follow, max-snippet:-1, max-image-preview:large, max-video-preview:-1\" \/>\n<link rel=\"canonical\" href=\"https:\/\/challengeseconomiques.com\/?p=5553\" \/>\n<meta property=\"og:locale\" content=\"fr_FR\" \/>\n<meta property=\"og:type\" content=\"article\" \/>\n<meta property=\"og:title\" content=\"Les lev\u00e9es de fonds des start-up africaines ont augment\u00e9 de 23,6% en octobre 2023, \u00e0 144,3 millions $ - challenges economiques\" \/>\n<meta property=\"og:description\" content=\"Alors que l\u2019Afrique reste la r\u00e9gion la plus touch\u00e9e par la pauvret\u00e9 \u00e9nerg\u00e9tique \u00e0 l\u2019\u00e9chelle mondiale, le secteur de l\u2019\u00e9nergie a domin\u00e9 les lev\u00e9es de...\" \/>\n<meta property=\"og:url\" content=\"https:\/\/challengeseconomiques.com\/?p=5553\" \/>\n<meta property=\"og:site_name\" content=\"challenges economiques\" \/>\n<meta property=\"article:published_time\" content=\"2023-11-07T18:16:48+00:00\" \/>\n<meta property=\"article:modified_time\" content=\"2023-11-07T18:17:11+00:00\" \/>\n<meta property=\"og:image\" content=\"https:\/\/challengeseconomiques.com\/wp-content\/uploads\/2022\/04\/Startup-Challenge.jpg\" \/>\n\t<meta property=\"og:image:width\" content=\"696\" \/>\n\t<meta property=\"og:image:height\" content=\"418\" \/>\n\t<meta property=\"og:image:type\" content=\"image\/jpeg\" \/>\n<meta name=\"author\" content=\"admin\" \/>\n<meta name=\"twitter:card\" content=\"summary_large_image\" \/>\n<meta name=\"twitter:label1\" content=\"\u00c9crit par\" \/>\n\t<meta name=\"twitter:data1\" content=\"admin\" \/>\n\t<meta name=\"twitter:label2\" content=\"Dur\u00e9e de lecture estim\u00e9e\" \/>\n\t<meta name=\"twitter:data2\" content=\"1 minute\" \/>\n<script type=\"application\/ld+json\" class=\"yoast-schema-graph\">{\"@context\":\"https:\/\/schema.org\",\"@graph\":[{\"@type\":\"Article\",\"@id\":\"https:\/\/challengeseconomiques.com\/?p=5553#article\",\"isPartOf\":{\"@id\":\"https:\/\/challengeseconomiques.com\/?p=5553\"},\"author\":{\"name\":\"admin\",\"@id\":\"https:\/\/challengeseconomiques.com\/#\/schema\/person\/b4568c9afebc5a9238a771873801e349\"},\"headline\":\"Les lev\u00e9es de fonds des start-up africaines ont augment\u00e9 de 23,6% en octobre 2023, \u00e0 144,3 millions $\",\"datePublished\":\"2023-11-07T18:16:48+00:00\",\"dateModified\":\"2023-11-07T18:17:11+00:00\",\"mainEntityOfPage\":{\"@id\":\"https:\/\/challengeseconomiques.com\/?p=5553\"},\"wordCount\":314,\"image\":{\"@id\":\"https:\/\/challengeseconomiques.com\/?p=5553#primaryimage\"},\"thumbnailUrl\":\"https:\/\/challengeseconomiques.com\/wp-content\/uploads\/2022\/04\/Startup-Challenge.jpg\",\"articleSection\":[\"A la une\",\"Actualit\u00e9 \u00e9conomique\",\"Infos \u00e9co\"],\"inLanguage\":\"fr-FR\"},{\"@type\":\"WebPage\",\"@id\":\"https:\/\/challengeseconomiques.com\/?p=5553\",\"url\":\"https:\/\/challengeseconomiques.com\/?p=5553\",\"name\":\"Les lev\u00e9es de fonds des start-up africaines ont augment\u00e9 de 23,6% en octobre 2023, \u00e0 144,3 millions $ - challenges economiques\",\"isPartOf\":{\"@id\":\"https:\/\/challengeseconomiques.com\/#website\"},\"primaryImageOfPage\":{\"@id\":\"https:\/\/challengeseconomiques.com\/?p=5553#primaryimage\"},\"image\":{\"@id\":\"https:\/\/challengeseconomiques.com\/?p=5553#primaryimage\"},\"thumbnailUrl\":\"https:\/\/challengeseconomiques.com\/wp-content\/uploads\/2022\/04\/Startup-Challenge.jpg\",\"datePublished\":\"2023-11-07T18:16:48+00:00\",\"dateModified\":\"2023-11-07T18:17:11+00:00\",\"author\":{\"@id\":\"https:\/\/challengeseconomiques.com\/#\/schema\/person\/b4568c9afebc5a9238a771873801e349\"},\"breadcrumb\":{\"@id\":\"https:\/\/challengeseconomiques.com\/?p=5553#breadcrumb\"},\"inLanguage\":\"fr-FR\",\"potentialAction\":[{\"@type\":\"ReadAction\",\"target\":[\"https:\/\/challengeseconomiques.com\/?p=5553\"]}]},{\"@type\":\"ImageObject\",\"inLanguage\":\"fr-FR\",\"@id\":\"https:\/\/challengeseconomiques.com\/?p=5553#primaryimage\",\"url\":\"https:\/\/challengeseconomiques.com\/wp-content\/uploads\/2022\/04\/Startup-Challenge.jpg\",\"contentUrl\":\"https:\/\/challengeseconomiques.com\/wp-content\/uploads\/2022\/04\/Startup-Challenge.jpg\",\"width\":696,\"height\":418},{\"@type\":\"BreadcrumbList\",\"@id\":\"https:\/\/challengeseconomiques.com\/?p=5553#breadcrumb\",\"itemListElement\":[{\"@type\":\"ListItem\",\"position\":1,\"name\":\"Home\",\"item\":\"https:\/\/challengeseconomiques.com\/\"},{\"@type\":\"ListItem\",\"position\":2,\"name\":\"Les lev\u00e9es de fonds des start-up africaines ont augment\u00e9 de 23,6% en octobre 2023, \u00e0 144,3 millions $\"}]},{\"@type\":\"WebSite\",\"@id\":\"https:\/\/challengeseconomiques.com\/#website\",\"url\":\"https:\/\/challengeseconomiques.com\/\",\"name\":\"challenges economiques\",\"description\":\"\",\"potentialAction\":[{\"@type\":\"SearchAction\",\"target\":{\"@type\":\"EntryPoint\",\"urlTemplate\":\"https:\/\/challengeseconomiques.com\/?s={search_term_string}\"},\"query-input\":{\"@type\":\"PropertyValueSpecification\",\"valueRequired\":true,\"valueName\":\"search_term_string\"}}],\"inLanguage\":\"fr-FR\"},{\"@type\":\"Person\",\"@id\":\"https:\/\/challengeseconomiques.com\/#\/schema\/person\/b4568c9afebc5a9238a771873801e349\",\"name\":\"admin\",\"image\":{\"@type\":\"ImageObject\",\"inLanguage\":\"fr-FR\",\"@id\":\"https:\/\/challengeseconomiques.com\/#\/schema\/person\/image\/\",\"url\":\"https:\/\/secure.gravatar.com\/avatar\/099e42240b5eea11acdb72751fcce0dd918603f0749d24974b7984ea47ed9fd9?s=96&d=mm&r=g\",\"contentUrl\":\"https:\/\/secure.gravatar.com\/avatar\/099e42240b5eea11acdb72751fcce0dd918603f0749d24974b7984ea47ed9fd9?s=96&d=mm&r=g\",\"caption\":\"admin\"},\"sameAs\":[\"https:\/\/challengeseconomiques.com\"],\"url\":\"https:\/\/challengeseconomiques.com\/?author=1\"}]}<\/script>\n<!-- \/ Yoast SEO plugin. -->","yoast_head_json":{"title":"Les lev\u00e9es de fonds des start-up africaines ont augment\u00e9 de 23,6% en octobre 2023, \u00e0 144,3 millions $ - challenges economiques","robots":{"index":"index","follow":"follow","max-snippet":"max-snippet:-1","max-image-preview":"max-image-preview:large","max-video-preview":"max-video-preview:-1"},"canonical":"https:\/\/challengeseconomiques.com\/?p=5553","og_locale":"fr_FR","og_type":"article","og_title":"Les lev\u00e9es de fonds des start-up africaines ont augment\u00e9 de 23,6% en octobre 2023, \u00e0 144,3 millions $ - challenges economiques","og_description":"Alors que l\u2019Afrique reste la r\u00e9gion la plus touch\u00e9e par la pauvret\u00e9 \u00e9nerg\u00e9tique \u00e0 l\u2019\u00e9chelle mondiale, le secteur de l\u2019\u00e9nergie a domin\u00e9 les lev\u00e9es de...","og_url":"https:\/\/challengeseconomiques.com\/?p=5553","og_site_name":"challenges economiques","article_published_time":"2023-11-07T18:16:48+00:00","article_modified_time":"2023-11-07T18:17:11+00:00","og_image":[{"width":696,"height":418,"url":"https:\/\/challengeseconomiques.com\/wp-content\/uploads\/2022\/04\/Startup-Challenge.jpg","type":"image\/jpeg"}],"author":"admin","twitter_card":"summary_large_image","twitter_misc":{"\u00c9crit par":"admin","Dur\u00e9e de lecture estim\u00e9e":"1 minute"},"schema":{"@context":"https:\/\/schema.org","@graph":[{"@type":"Article","@id":"https:\/\/challengeseconomiques.com\/?p=5553#article","isPartOf":{"@id":"https:\/\/challengeseconomiques.com\/?p=5553"},"author":{"name":"admin","@id":"https:\/\/challengeseconomiques.com\/#\/schema\/person\/b4568c9afebc5a9238a771873801e349"},"headline":"Les lev\u00e9es de fonds des start-up africaines ont augment\u00e9 de 23,6% en octobre 2023, \u00e0 144,3 millions $","datePublished":"2023-11-07T18:16:48+00:00","dateModified":"2023-11-07T18:17:11+00:00","mainEntityOfPage":{"@id":"https:\/\/challengeseconomiques.com\/?p=5553"},"wordCount":314,"image":{"@id":"https:\/\/challengeseconomiques.com\/?p=5553#primaryimage"},"thumbnailUrl":"https:\/\/challengeseconomiques.com\/wp-content\/uploads\/2022\/04\/Startup-Challenge.jpg","articleSection":["A la une","Actualit\u00e9 \u00e9conomique","Infos \u00e9co"],"inLanguage":"fr-FR"},{"@type":"WebPage","@id":"https:\/\/challengeseconomiques.com\/?p=5553","url":"https:\/\/challengeseconomiques.com\/?p=5553","name":"Les lev\u00e9es de fonds des start-up africaines ont augment\u00e9 de 23,6% en octobre 2023, \u00e0 144,3 millions $ - challenges economiques","isPartOf":{"@id":"https:\/\/challengeseconomiques.com\/#website"},"primaryImageOfPage":{"@id":"https:\/\/challengeseconomiques.com\/?p=5553#primaryimage"},"image":{"@id":"https:\/\/challengeseconomiques.com\/?p=5553#primaryimage"},"thumbnailUrl":"https:\/\/challengeseconomiques.com\/wp-content\/uploads\/2022\/04\/Startup-Challenge.jpg","datePublished":"2023-11-07T18:16:48+00:00","dateModified":"2023-11-07T18:17:11+00:00","author":{"@id":"https:\/\/challengeseconomiques.com\/#\/schema\/person\/b4568c9afebc5a9238a771873801e349"},"breadcrumb":{"@id":"https:\/\/challengeseconomiques.com\/?p=5553#breadcrumb"},"inLanguage":"fr-FR","potentialAction":[{"@type":"ReadAction","target":["https:\/\/challengeseconomiques.com\/?p=5553"]}]},{"@type":"ImageObject","inLanguage":"fr-FR","@id":"https:\/\/challengeseconomiques.com\/?p=5553#primaryimage","url":"https:\/\/challengeseconomiques.com\/wp-content\/uploads\/2022\/04\/Startup-Challenge.jpg","contentUrl":"https:\/\/challengeseconomiques.com\/wp-content\/uploads\/2022\/04\/Startup-Challenge.jpg","width":696,"height":418},{"@type":"BreadcrumbList","@id":"https:\/\/challengeseconomiques.com\/?p=5553#breadcrumb","itemListElement":[{"@type":"ListItem","position":1,"name":"Home","item":"https:\/\/challengeseconomiques.com\/"},{"@type":"ListItem","position":2,"name":"Les lev\u00e9es de fonds des start-up africaines ont augment\u00e9 de 23,6% en octobre 2023, \u00e0 144,3 millions $"}]},{"@type":"WebSite","@id":"https:\/\/challengeseconomiques.com\/#website","url":"https:\/\/challengeseconomiques.com\/","name":"challenges economiques","description":"","potentialAction":[{"@type":"SearchAction","target":{"@type":"EntryPoint","urlTemplate":"https:\/\/challengeseconomiques.com\/?s={search_term_string}"},"query-input":{"@type":"PropertyValueSpecification","valueRequired":true,"valueName":"search_term_string"}}],"inLanguage":"fr-FR"},{"@type":"Person","@id":"https:\/\/challengeseconomiques.com\/#\/schema\/person\/b4568c9afebc5a9238a771873801e349","name":"admin","image":{"@type":"ImageObject","inLanguage":"fr-FR","@id":"https:\/\/challengeseconomiques.com\/#\/schema\/person\/image\/","url":"https:\/\/secure.gravatar.com\/avatar\/099e42240b5eea11acdb72751fcce0dd918603f0749d24974b7984ea47ed9fd9?s=96&d=mm&r=g","contentUrl":"https:\/\/secure.gravatar.com\/avatar\/099e42240b5eea11acdb72751fcce0dd918603f0749d24974b7984ea47ed9fd9?s=96&d=mm&r=g","caption":"admin"},"sameAs":["https:\/\/challengeseconomiques.com"],"url":"https:\/\/challengeseconomiques.com\/?author=1"}]}},"jetpack_featured_media_url":"https:\/\/challengeseconomiques.com\/wp-content\/uploads\/2022\/04\/Startup-Challenge.jpg","jetpack_sharing_enabled":true,"_links":{"self":[{"href":"https:\/\/challengeseconomiques.com\/index.php?rest_route=\/wp\/v2\/posts\/5553","targetHints":{"allow":["GET"]}}],"collection":[{"href":"https:\/\/challengeseconomiques.com\/index.php?rest_route=\/wp\/v2\/posts"}],"about":[{"href":"https:\/\/challengeseconomiques.com\/index.php?rest_route=\/wp\/v2\/types\/post"}],"author":[{"embeddable":true,"href":"https:\/\/challengeseconomiques.com\/index.php?rest_route=\/wp\/v2\/users\/1"}],"replies":[{"embeddable":true,"href":"https:\/\/challengeseconomiques.com\/index.php?rest_route=%2Fwp%2Fv2%2Fcomments&post=5553"}],"version-history":[{"count":1,"href":"https:\/\/challengeseconomiques.com\/index.php?rest_route=\/wp\/v2\/posts\/5553\/revisions"}],"predecessor-version":[{"id":5554,"href":"https:\/\/challengeseconomiques.com\/index.php?rest_route=\/wp\/v2\/posts\/5553\/revisions\/5554"}],"wp:featuredmedia":[{"embeddable":true,"href":"https:\/\/challengeseconomiques.com\/index.php?rest_route=\/wp\/v2\/media\/3042"}],"wp:attachment":[{"href":"https:\/\/challengeseconomiques.com\/index.php?rest_route=%2Fwp%2Fv2%2Fmedia&parent=5553"}],"wp:term":[{"taxonomy":"category","embeddable":true,"href":"https:\/\/challengeseconomiques.com\/index.php?rest_route=%2Fwp%2Fv2%2Fcategories&post=5553"},{"taxonomy":"post_tag","embeddable":true,"href":"https:\/\/challengeseconomiques.com\/index.php?rest_route=%2Fwp%2Fv2%2Ftags&post=5553"}],"curies":[{"name":"wp","href":"https:\/\/api.w.org\/{rel}","templated":true}]}}