{"id":5535,"date":"2023-11-06T11:24:49","date_gmt":"2023-11-06T11:24:49","guid":{"rendered":"https:\/\/challengeseconomiques.com\/?p=5535"},"modified":"2023-11-06T11:25:48","modified_gmt":"2023-11-06T11:25:48","slug":"la-crse-va-mener-une-enquete-sur-le-systeme-de-facturation-de-senelec-president","status":"publish","type":"post","link":"https:\/\/challengeseconomiques.com\/?p=5535","title":{"rendered":"La Crse va mener une enqu\u00eate sur le syst\u00e8me de facturation de Senelec (pr\u00e9sident)"},"content":{"rendered":"<p><strong>\u00a0La Commission de r\u00e9gulation du secteur de l\u2019\u00e9nergie (Crse) va prochainement mener une enqu\u00eate sur le syst\u00e8me de facturation de Senelec, a annonc\u00e9, son pr\u00e9sident Ibrahima Niane<\/strong><\/p>\n<p>\u2018\u2019Cela fait suite \u00e0 une demande des initiateurs de la p\u00e9tition sur la facturation de Senelec qui nous ont remis un m\u00e9morandum o\u00f9, figure un point qui concerne le syst\u00e8me de facturation. En tant que r\u00e9gulateur, dans de pareille situation, on s\u2019autosaisit\u2019\u2019, a signal\u00e9 M. Niane qui intervenait, jeudi, \u00e0 Dakar, en marge d\u2019une r\u00e9union de prise de contact avec des associations de consommateurs.<\/p>\n<p>Dans ce cadre, a-t-il poursuivi, \u2018\u2019nous avons pris l\u2019initiative de mener une enqu\u00eate avec l\u2019ensemble des parties prenantes y compris les consommateurs, Senelec et le minist\u00e8re en charge de l\u2019Energie pour voir o\u00f9 se situe le probl\u00e8me\u2019\u2019.<\/p>\n<p>\u2018\u2019Nos \u00e9quipes sont en train de pr\u00e9parer les termes de r\u00e9f\u00e9rences pour qu\u2019ils soient bien d\u00e9finis afin de mieux cerner les r\u00e9sultats attendus et le calendrier. D\u2019ici la semaine prochaine, nous allons inviter toutes les parties prenantes pour leur pr\u00e9senter les termes de r\u00e9f\u00e9rences ainsi avoir leur retour\u2019\u2019, a fait savoir le pr\u00e9sident de la Crse.<\/p>\n<p>A la suite de cela, a-t-il expliqu\u00e9, \u2018\u2019nous allons d\u00e9finir les m\u00e9thodologies pour voir comment mener l\u2019enqu\u00eate, aller sur le terrain, produire un rapport, le partager avec les parties prenantes \u00bb.<\/p>\n<p>\u00bbAinsi, les recommandations qui y seront issues vont aller vers l\u2019am\u00e9lioration du syst\u00e8me de facturation de Senelec. Ce qui int\u00e9resse le consommateur est de disposer de l\u2019\u00e9lectricit\u00e9 en quantit\u00e9 et \u00e0 moindre co\u00fbt\u2019\u2019, a t-il soulign\u00e9.<\/p>\n<p>Selon lui, \u00bbl\u2019enqu\u00eate nous \u00e9difiera clairement sur ce qui en est de ce syst\u00e8me de facturation \u00bb.<\/p>\n<p>Pour Momar Ndao, pr\u00e9sident de l\u2019association des consommateurs du S\u00e9n\u00e9gal (Ascosen), \u00bbles commissaires doivent avoir une id\u00e9e exacte des efforts \u00e0 faire pour une meilleure compr\u00e9hension et un meilleur \u00e9change ou une meilleure prise en compte des r\u00e9clamations et anticipations par rapport \u00e0 la satisfaction des besoins des populations \u00bb.<\/p>\n<p>La journaliste Oumy Ndour a remis, le 20 octobre dernier, \u00e0 la Commission de r\u00e9gulation du secteur de l\u2019\u00e9nergie (CRSE), au nom de milliers d\u2019abonn\u00e9s de la Soci\u00e9t\u00e9 nationale d\u2019\u00e9lectricit\u00e9 du S\u00e9n\u00e9gal (Senelec), un m\u00e9morandum d\u00e9non\u00e7ant \u2018\u2019la hausse abusive\u2019\u2019 des tarifs du courant \u00e9lectrique.<\/p>\n<p><strong>(APS)<br \/>\n<\/strong><\/p>\n","protected":false},"excerpt":{"rendered":"<p>\u00a0La Commission de r\u00e9gulation du secteur de l\u2019\u00e9nergie (Crse) va prochainement mener une enqu\u00eate sur le syst\u00e8me de facturation de Senelec, a annonc\u00e9, son pr\u00e9sident&#8230;<\/p>\n","protected":false},"author":1,"featured_media":5536,"comment_status":"closed","ping_status":"open","sticky":false,"template":"","format":"standard","meta":{"_jetpack_memberships_contains_paid_content":false,"footnotes":""},"categories":[8,10],"tags":[],"class_list":["post-5535","post","type-post","status-publish","format-standard","has-post-thumbnail","hentry","category-actualite-economique","category-infos-eco","wpcat-8-id","wpcat-10-id"],"yoast_head":"<!-- This site is optimized with the Yoast SEO plugin v27.1.1 - https:\/\/yoast.com\/product\/yoast-seo-wordpress\/ -->\n<title>La Crse va mener une enqu\u00eate sur le syst\u00e8me de facturation de Senelec (pr\u00e9sident) - challenges economiques<\/title>\n<meta name=\"robots\" content=\"index, follow, max-snippet:-1, max-image-preview:large, max-video-preview:-1\" \/>\n<link rel=\"canonical\" href=\"https:\/\/challengeseconomiques.com\/?p=5535\" \/>\n<meta property=\"og:locale\" content=\"fr_FR\" \/>\n<meta property=\"og:type\" content=\"article\" \/>\n<meta property=\"og:title\" content=\"La Crse va mener une enqu\u00eate sur le syst\u00e8me de facturation de Senelec (pr\u00e9sident) - challenges economiques\" \/>\n<meta property=\"og:description\" content=\"\u00a0La Commission de r\u00e9gulation du secteur de l\u2019\u00e9nergie (Crse) va prochainement mener une enqu\u00eate sur le syst\u00e8me de facturation de Senelec, a annonc\u00e9, son pr\u00e9sident...\" \/>\n<meta property=\"og:url\" content=\"https:\/\/challengeseconomiques.com\/?p=5535\" \/>\n<meta property=\"og:site_name\" content=\"challenges economiques\" \/>\n<meta property=\"article:published_time\" content=\"2023-11-06T11:24:49+00:00\" \/>\n<meta property=\"article:modified_time\" content=\"2023-11-06T11:25:48+00:00\" \/>\n<meta property=\"og:image\" content=\"https:\/\/challengeseconomiques.com\/wp-content\/uploads\/2023\/11\/Pdtcrse2.jpg\" \/>\n\t<meta property=\"og:image:width\" content=\"600\" \/>\n\t<meta property=\"og:image:height\" content=\"559\" \/>\n\t<meta property=\"og:image:type\" content=\"image\/jpeg\" \/>\n<meta name=\"author\" content=\"admin\" \/>\n<meta name=\"twitter:card\" content=\"summary_large_image\" \/>\n<meta name=\"twitter:label1\" content=\"\u00c9crit par\" \/>\n\t<meta name=\"twitter:data1\" content=\"admin\" \/>\n\t<meta name=\"twitter:label2\" content=\"Dur\u00e9e de lecture estim\u00e9e\" \/>\n\t<meta name=\"twitter:data2\" content=\"2 minutes\" \/>\n<script type=\"application\/ld+json\" class=\"yoast-schema-graph\">{\"@context\":\"https:\/\/schema.org\",\"@graph\":[{\"@type\":\"Article\",\"@id\":\"https:\/\/challengeseconomiques.com\/?p=5535#article\",\"isPartOf\":{\"@id\":\"https:\/\/challengeseconomiques.com\/?p=5535\"},\"author\":{\"name\":\"admin\",\"@id\":\"https:\/\/challengeseconomiques.com\/#\/schema\/person\/b4568c9afebc5a9238a771873801e349\"},\"headline\":\"La Crse va mener une enqu\u00eate sur le syst\u00e8me de facturation de Senelec (pr\u00e9sident)\",\"datePublished\":\"2023-11-06T11:24:49+00:00\",\"dateModified\":\"2023-11-06T11:25:48+00:00\",\"mainEntityOfPage\":{\"@id\":\"https:\/\/challengeseconomiques.com\/?p=5535\"},\"wordCount\":430,\"image\":{\"@id\":\"https:\/\/challengeseconomiques.com\/?p=5535#primaryimage\"},\"thumbnailUrl\":\"https:\/\/challengeseconomiques.com\/wp-content\/uploads\/2023\/11\/Pdtcrse2.jpg\",\"articleSection\":[\"Actualit\u00e9 \u00e9conomique\",\"Infos \u00e9co\"],\"inLanguage\":\"fr-FR\"},{\"@type\":\"WebPage\",\"@id\":\"https:\/\/challengeseconomiques.com\/?p=5535\",\"url\":\"https:\/\/challengeseconomiques.com\/?p=5535\",\"name\":\"La Crse va mener une enqu\u00eate sur le syst\u00e8me de facturation de Senelec (pr\u00e9sident) - challenges economiques\",\"isPartOf\":{\"@id\":\"https:\/\/challengeseconomiques.com\/#website\"},\"primaryImageOfPage\":{\"@id\":\"https:\/\/challengeseconomiques.com\/?p=5535#primaryimage\"},\"image\":{\"@id\":\"https:\/\/challengeseconomiques.com\/?p=5535#primaryimage\"},\"thumbnailUrl\":\"https:\/\/challengeseconomiques.com\/wp-content\/uploads\/2023\/11\/Pdtcrse2.jpg\",\"datePublished\":\"2023-11-06T11:24:49+00:00\",\"dateModified\":\"2023-11-06T11:25:48+00:00\",\"author\":{\"@id\":\"https:\/\/challengeseconomiques.com\/#\/schema\/person\/b4568c9afebc5a9238a771873801e349\"},\"breadcrumb\":{\"@id\":\"https:\/\/challengeseconomiques.com\/?p=5535#breadcrumb\"},\"inLanguage\":\"fr-FR\",\"potentialAction\":[{\"@type\":\"ReadAction\",\"target\":[\"https:\/\/challengeseconomiques.com\/?p=5535\"]}]},{\"@type\":\"ImageObject\",\"inLanguage\":\"fr-FR\",\"@id\":\"https:\/\/challengeseconomiques.com\/?p=5535#primaryimage\",\"url\":\"https:\/\/challengeseconomiques.com\/wp-content\/uploads\/2023\/11\/Pdtcrse2.jpg\",\"contentUrl\":\"https:\/\/challengeseconomiques.com\/wp-content\/uploads\/2023\/11\/Pdtcrse2.jpg\",\"width\":600,\"height\":559},{\"@type\":\"BreadcrumbList\",\"@id\":\"https:\/\/challengeseconomiques.com\/?p=5535#breadcrumb\",\"itemListElement\":[{\"@type\":\"ListItem\",\"position\":1,\"name\":\"Home\",\"item\":\"https:\/\/challengeseconomiques.com\/\"},{\"@type\":\"ListItem\",\"position\":2,\"name\":\"La Crse va mener une enqu\u00eate sur le syst\u00e8me de facturation de Senelec (pr\u00e9sident)\"}]},{\"@type\":\"WebSite\",\"@id\":\"https:\/\/challengeseconomiques.com\/#website\",\"url\":\"https:\/\/challengeseconomiques.com\/\",\"name\":\"challenges economiques\",\"description\":\"\",\"potentialAction\":[{\"@type\":\"SearchAction\",\"target\":{\"@type\":\"EntryPoint\",\"urlTemplate\":\"https:\/\/challengeseconomiques.com\/?s={search_term_string}\"},\"query-input\":{\"@type\":\"PropertyValueSpecification\",\"valueRequired\":true,\"valueName\":\"search_term_string\"}}],\"inLanguage\":\"fr-FR\"},{\"@type\":\"Person\",\"@id\":\"https:\/\/challengeseconomiques.com\/#\/schema\/person\/b4568c9afebc5a9238a771873801e349\",\"name\":\"admin\",\"image\":{\"@type\":\"ImageObject\",\"inLanguage\":\"fr-FR\",\"@id\":\"https:\/\/challengeseconomiques.com\/#\/schema\/person\/image\/\",\"url\":\"https:\/\/secure.gravatar.com\/avatar\/099e42240b5eea11acdb72751fcce0dd918603f0749d24974b7984ea47ed9fd9?s=96&d=mm&r=g\",\"contentUrl\":\"https:\/\/secure.gravatar.com\/avatar\/099e42240b5eea11acdb72751fcce0dd918603f0749d24974b7984ea47ed9fd9?s=96&d=mm&r=g\",\"caption\":\"admin\"},\"sameAs\":[\"https:\/\/challengeseconomiques.com\"],\"url\":\"https:\/\/challengeseconomiques.com\/?author=1\"}]}<\/script>\n<!-- \/ Yoast SEO plugin. -->","yoast_head_json":{"title":"La Crse va mener une enqu\u00eate sur le syst\u00e8me de facturation de Senelec (pr\u00e9sident) - challenges economiques","robots":{"index":"index","follow":"follow","max-snippet":"max-snippet:-1","max-image-preview":"max-image-preview:large","max-video-preview":"max-video-preview:-1"},"canonical":"https:\/\/challengeseconomiques.com\/?p=5535","og_locale":"fr_FR","og_type":"article","og_title":"La Crse va mener une enqu\u00eate sur le syst\u00e8me de facturation de Senelec (pr\u00e9sident) - challenges economiques","og_description":"\u00a0La Commission de r\u00e9gulation du secteur de l\u2019\u00e9nergie (Crse) va prochainement mener une enqu\u00eate sur le syst\u00e8me de facturation de Senelec, a annonc\u00e9, son pr\u00e9sident...","og_url":"https:\/\/challengeseconomiques.com\/?p=5535","og_site_name":"challenges economiques","article_published_time":"2023-11-06T11:24:49+00:00","article_modified_time":"2023-11-06T11:25:48+00:00","og_image":[{"width":600,"height":559,"url":"https:\/\/challengeseconomiques.com\/wp-content\/uploads\/2023\/11\/Pdtcrse2.jpg","type":"image\/jpeg"}],"author":"admin","twitter_card":"summary_large_image","twitter_misc":{"\u00c9crit par":"admin","Dur\u00e9e de lecture estim\u00e9e":"2 minutes"},"schema":{"@context":"https:\/\/schema.org","@graph":[{"@type":"Article","@id":"https:\/\/challengeseconomiques.com\/?p=5535#article","isPartOf":{"@id":"https:\/\/challengeseconomiques.com\/?p=5535"},"author":{"name":"admin","@id":"https:\/\/challengeseconomiques.com\/#\/schema\/person\/b4568c9afebc5a9238a771873801e349"},"headline":"La Crse va mener une enqu\u00eate sur le syst\u00e8me de facturation de Senelec (pr\u00e9sident)","datePublished":"2023-11-06T11:24:49+00:00","dateModified":"2023-11-06T11:25:48+00:00","mainEntityOfPage":{"@id":"https:\/\/challengeseconomiques.com\/?p=5535"},"wordCount":430,"image":{"@id":"https:\/\/challengeseconomiques.com\/?p=5535#primaryimage"},"thumbnailUrl":"https:\/\/challengeseconomiques.com\/wp-content\/uploads\/2023\/11\/Pdtcrse2.jpg","articleSection":["Actualit\u00e9 \u00e9conomique","Infos \u00e9co"],"inLanguage":"fr-FR"},{"@type":"WebPage","@id":"https:\/\/challengeseconomiques.com\/?p=5535","url":"https:\/\/challengeseconomiques.com\/?p=5535","name":"La Crse va mener une enqu\u00eate sur le syst\u00e8me de facturation de Senelec (pr\u00e9sident) - challenges economiques","isPartOf":{"@id":"https:\/\/challengeseconomiques.com\/#website"},"primaryImageOfPage":{"@id":"https:\/\/challengeseconomiques.com\/?p=5535#primaryimage"},"image":{"@id":"https:\/\/challengeseconomiques.com\/?p=5535#primaryimage"},"thumbnailUrl":"https:\/\/challengeseconomiques.com\/wp-content\/uploads\/2023\/11\/Pdtcrse2.jpg","datePublished":"2023-11-06T11:24:49+00:00","dateModified":"2023-11-06T11:25:48+00:00","author":{"@id":"https:\/\/challengeseconomiques.com\/#\/schema\/person\/b4568c9afebc5a9238a771873801e349"},"breadcrumb":{"@id":"https:\/\/challengeseconomiques.com\/?p=5535#breadcrumb"},"inLanguage":"fr-FR","potentialAction":[{"@type":"ReadAction","target":["https:\/\/challengeseconomiques.com\/?p=5535"]}]},{"@type":"ImageObject","inLanguage":"fr-FR","@id":"https:\/\/challengeseconomiques.com\/?p=5535#primaryimage","url":"https:\/\/challengeseconomiques.com\/wp-content\/uploads\/2023\/11\/Pdtcrse2.jpg","contentUrl":"https:\/\/challengeseconomiques.com\/wp-content\/uploads\/2023\/11\/Pdtcrse2.jpg","width":600,"height":559},{"@type":"BreadcrumbList","@id":"https:\/\/challengeseconomiques.com\/?p=5535#breadcrumb","itemListElement":[{"@type":"ListItem","position":1,"name":"Home","item":"https:\/\/challengeseconomiques.com\/"},{"@type":"ListItem","position":2,"name":"La Crse va mener une enqu\u00eate sur le syst\u00e8me de facturation de Senelec (pr\u00e9sident)"}]},{"@type":"WebSite","@id":"https:\/\/challengeseconomiques.com\/#website","url":"https:\/\/challengeseconomiques.com\/","name":"challenges economiques","description":"","potentialAction":[{"@type":"SearchAction","target":{"@type":"EntryPoint","urlTemplate":"https:\/\/challengeseconomiques.com\/?s={search_term_string}"},"query-input":{"@type":"PropertyValueSpecification","valueRequired":true,"valueName":"search_term_string"}}],"inLanguage":"fr-FR"},{"@type":"Person","@id":"https:\/\/challengeseconomiques.com\/#\/schema\/person\/b4568c9afebc5a9238a771873801e349","name":"admin","image":{"@type":"ImageObject","inLanguage":"fr-FR","@id":"https:\/\/challengeseconomiques.com\/#\/schema\/person\/image\/","url":"https:\/\/secure.gravatar.com\/avatar\/099e42240b5eea11acdb72751fcce0dd918603f0749d24974b7984ea47ed9fd9?s=96&d=mm&r=g","contentUrl":"https:\/\/secure.gravatar.com\/avatar\/099e42240b5eea11acdb72751fcce0dd918603f0749d24974b7984ea47ed9fd9?s=96&d=mm&r=g","caption":"admin"},"sameAs":["https:\/\/challengeseconomiques.com"],"url":"https:\/\/challengeseconomiques.com\/?author=1"}]}},"jetpack_featured_media_url":"https:\/\/challengeseconomiques.com\/wp-content\/uploads\/2023\/11\/Pdtcrse2.jpg","jetpack_sharing_enabled":true,"_links":{"self":[{"href":"https:\/\/challengeseconomiques.com\/index.php?rest_route=\/wp\/v2\/posts\/5535","targetHints":{"allow":["GET"]}}],"collection":[{"href":"https:\/\/challengeseconomiques.com\/index.php?rest_route=\/wp\/v2\/posts"}],"about":[{"href":"https:\/\/challengeseconomiques.com\/index.php?rest_route=\/wp\/v2\/types\/post"}],"author":[{"embeddable":true,"href":"https:\/\/challengeseconomiques.com\/index.php?rest_route=\/wp\/v2\/users\/1"}],"replies":[{"embeddable":true,"href":"https:\/\/challengeseconomiques.com\/index.php?rest_route=%2Fwp%2Fv2%2Fcomments&post=5535"}],"version-history":[{"count":1,"href":"https:\/\/challengeseconomiques.com\/index.php?rest_route=\/wp\/v2\/posts\/5535\/revisions"}],"predecessor-version":[{"id":5537,"href":"https:\/\/challengeseconomiques.com\/index.php?rest_route=\/wp\/v2\/posts\/5535\/revisions\/5537"}],"wp:featuredmedia":[{"embeddable":true,"href":"https:\/\/challengeseconomiques.com\/index.php?rest_route=\/wp\/v2\/media\/5536"}],"wp:attachment":[{"href":"https:\/\/challengeseconomiques.com\/index.php?rest_route=%2Fwp%2Fv2%2Fmedia&parent=5535"}],"wp:term":[{"taxonomy":"category","embeddable":true,"href":"https:\/\/challengeseconomiques.com\/index.php?rest_route=%2Fwp%2Fv2%2Fcategories&post=5535"},{"taxonomy":"post_tag","embeddable":true,"href":"https:\/\/challengeseconomiques.com\/index.php?rest_route=%2Fwp%2Fv2%2Ftags&post=5535"}],"curies":[{"name":"wp","href":"https:\/\/api.w.org\/{rel}","templated":true}]}}