{"id":5531,"date":"2023-11-02T16:00:47","date_gmt":"2023-11-02T16:00:47","guid":{"rendered":"https:\/\/challengeseconomiques.com\/?p=5531"},"modified":"2023-11-02T16:02:08","modified_gmt":"2023-11-02T16:02:08","slug":"foire-du-consommer-local-la-digitalisation-comme-levier-de-competitivite-des-pme","status":"publish","type":"post","link":"https:\/\/challengeseconomiques.com\/?p=5531","title":{"rendered":"Foire du Consommer Local : La digitalisation comme levier de comp\u00e9titivit\u00e9 des PME"},"content":{"rendered":"<article id=\"post-7136\" class=\"post-content post-single anchor post-7136 post type-post status-publish format-standard has-post-thumbnail hentry category-actu-entreprises category-info-eco tag-economie\" data-anchor=\"https:\/\/bie.cciad.sn\/2023\/10\/31\/foire-du-consommer-local-la-digitalisation-comme-levier-de-competitivite-des-pme\/\">\n<div class=\"post-body clearfix\">\n<div class=\"entry-content clearfix\">\n<p><strong>L\u2019Agence de D\u00e9veloppement et d\u2019Encadrement des Petites et Moyennes Entreprises (ADEPME) a organis\u00e9, ce lundi 30 octobre 2023, sa journ\u00e9e dans le cadre de la 3\u00e8me \u00e9dition du \u00ab\u00a0Mois du Consommer Local\u00a0\u00bb. Il s\u2019agit d\u2019une foire organis\u00e9e par le Minist\u00e8re du Commerce, de la Consommation et des PME \u00e0 travers la Direction des PME. Une occasion saisie par l\u2019ADEPME pour sensibiliser davantage les acteurs \u00e9conomiques locaux sur la n\u00e9cessit\u00e9 d\u2019aller vers la digitalisation de leurs activit\u00e9s.<\/strong><\/p>\n<p>\u00ab\u00a0La digitalisation comme levier de soutien de la comp\u00e9titivit\u00e9 des PME locales\u00a0\u00bb. Tel \u00e9tait le th\u00e8me choisi pour le panel organis\u00e9 lors de la journ\u00e9e de l\u2019ADEPME \u00e0 la Foire \u00ab\u00a0Mois du Consommer Local\u00a0\u00bb.<br \/>\nL\u2019objectif de cette rencontre d\u2019\u00e9changes est de mieux sensibiliser les acteurs \u00e9conomiques sur les avantages de la digitalisation et en particulier sur la n\u00e9cessit\u00e9 de l\u2019int\u00e9grer dans leurs activit\u00e9s professionnelles quotidiennes.<br \/>\nPour Mbaye Diouf, Secr\u00e9taire g\u00e9n\u00e9ral de l\u2019ADEPME, les outils digitaux peuvent consid\u00e9rablement am\u00e9liorer l\u2019organisation au sein des entreprises. En plus de faciliter la gestion de l\u2019entit\u00e9, ces outils pr\u00e9sentent de nombreux avantages pour son d\u00e9veloppement et sa p\u00e9rennit\u00e9.<br \/>\nSelon Ousmane Sy Ndiaye, Directeur ex\u00e9cutif de l\u2019UNACOIS\/Jappo, les nouvelles technologies de l\u2019information et de la communication sont devenues indispensables, au point qu\u2019aucune entreprise ne peut s\u2019en passer. S\u2019adressant \u00e0 un public compos\u00e9 majoritairement de professionnels de l\u2019habillement, M. Ndiaye explique que les nouvelles technologies peuvent grandement contribuer \u00e0 am\u00e9liorer la qualit\u00e9 des v\u00eatements fabriqu\u00e9s localement, en particulier en ce qui concerne la finesse et la finition, qui parfois font d\u00e9faut.<br \/>\nDe son c\u00f4t\u00e9, Path\u00e9 Gueye, pr\u00e9sident de la F\u00e9d\u00e9ration Nationale des Professionnels de l\u2019Habillement (FENAPH), souligne que la digitalisation aidera les acteurs \u00e0 mieux explorer le march\u00e9 international. Cependant, il estime qu\u2019il est n\u00e9cessaire de renforcer les comp\u00e9tences des acteurs de l\u2019habillement en mati\u00e8re de normes internationales de couture.<\/p>\n<p><strong>Une meilleure visibilit\u00e9 de l\u2019entreprise<\/strong><\/p>\n<p>Les avantages de la digitalisation ne se limitent pas \u00e0 l\u2019expansion vers de nouveaux march\u00e9s. Elle offre \u00e9galement une meilleure visibilit\u00e9 sur les activit\u00e9s et les capacit\u00e9s de l\u2019entreprise pour d\u2019\u00e9ventuels partenaires, indique Ousmane Sy Ndiaye. En citant l\u2019exemple de la collaboration entre son organisation et Ecobank, le repr\u00e9sentant de l\u2019UNACOIS\/Jappo explique que gr\u00e2ce \u00e0 la digitalisation, le montant du pr\u00eat octroy\u00e9 par la banque aux commer\u00e7ants membres de la structure est pass\u00e9 de 2 milliards FCFA pendant la p\u00e9riode COVID-19 \u00e0 50 milliards FCFA en 2023, car l\u2019institution financi\u00e8re dispose d\u2019une bonne visibilit\u00e9 sur les capacit\u00e9s de ces commer\u00e7ants b\u00e9n\u00e9ficiaires.<br \/>\nC\u2019est pourquoi Henry Fall Carvallo, de la Direction des PME, affirme que les outils digitaux sont devenus incontournables. Il encourage les acteurs \u00e9conomiques \u00e0 les adopter. \u00ab\u00a0Vous pouvez ma\u00eetriser parfaitement votre m\u00e9tier, mais si vous ne parvenez pas \u00e0 rendre vos produits visibles, votre entreprise risque de dispara\u00eetre\u00a0\u00bb, avertit-il<\/p>\n<p><strong>Sanou BADIANE (BIE)<br \/>\n<\/strong><\/p>\n<p><img fetchpriority=\"high\" decoding=\"async\" class=\"alignnone size-full wp-image-7141\" src=\"https:\/\/bie.cciad.sn\/wp-content\/uploads\/2023\/10\/Foire_Produits_Locaux_4.jpeg\" sizes=\"(max-width: 1024px) 100vw, 1024px\" srcset=\"https:\/\/bie.cciad.sn\/wp-content\/uploads\/2023\/10\/Foire_Produits_Locaux_4.jpeg 1024w, https:\/\/bie.cciad.sn\/wp-content\/uploads\/2023\/10\/Foire_Produits_Locaux_4-300x225.jpeg 300w, https:\/\/bie.cciad.sn\/wp-content\/uploads\/2023\/10\/Foire_Produits_Locaux_4-768x576.jpeg 768w\" alt=\"\" width=\"1024\" height=\"768\" \/><\/p>\n<div class=\"post-footer clearfix\">\n<div class=\"post-tag-container\">\n<div class=\"tag-lists\"><\/div>\n<\/div>\n<\/div>\n<\/div>\n<\/div>\n<\/article>\n","protected":false},"excerpt":{"rendered":"<p>L\u2019Agence de D\u00e9veloppement et d\u2019Encadrement des Petites et Moyennes Entreprises (ADEPME) a organis\u00e9, ce lundi 30 octobre 2023, sa journ\u00e9e dans le cadre de la&#8230;<\/p>\n","protected":false},"author":1,"featured_media":5532,"comment_status":"closed","ping_status":"open","sticky":false,"template":"","format":"standard","meta":{"_jetpack_memberships_contains_paid_content":false,"footnotes":""},"categories":[23,8,10],"tags":[],"class_list":["post-5531","post","type-post","status-publish","format-standard","has-post-thumbnail","hentry","category-a-la-une","category-actualite-economique","category-infos-eco","wpcat-23-id","wpcat-8-id","wpcat-10-id"],"yoast_head":"<!-- This site is optimized with the Yoast SEO plugin v27.1.1 - https:\/\/yoast.com\/product\/yoast-seo-wordpress\/ -->\n<title>Foire du Consommer Local : La digitalisation comme levier de comp\u00e9titivit\u00e9 des PME - challenges economiques<\/title>\n<meta name=\"robots\" content=\"index, follow, max-snippet:-1, max-image-preview:large, max-video-preview:-1\" \/>\n<link rel=\"canonical\" href=\"https:\/\/challengeseconomiques.com\/?p=5531\" \/>\n<meta property=\"og:locale\" content=\"fr_FR\" \/>\n<meta property=\"og:type\" content=\"article\" \/>\n<meta property=\"og:title\" content=\"Foire du Consommer Local : La digitalisation comme levier de comp\u00e9titivit\u00e9 des PME - challenges economiques\" \/>\n<meta property=\"og:description\" content=\"L\u2019Agence de D\u00e9veloppement et d\u2019Encadrement des Petites et Moyennes Entreprises (ADEPME) a organis\u00e9, ce lundi 30 octobre 2023, sa journ\u00e9e dans le cadre de la...\" \/>\n<meta property=\"og:url\" content=\"https:\/\/challengeseconomiques.com\/?p=5531\" \/>\n<meta property=\"og:site_name\" content=\"challenges economiques\" \/>\n<meta property=\"article:published_time\" content=\"2023-11-02T16:00:47+00:00\" \/>\n<meta property=\"article:modified_time\" content=\"2023-11-02T16:02:08+00:00\" \/>\n<meta property=\"og:image\" content=\"https:\/\/challengeseconomiques.com\/wp-content\/uploads\/2023\/11\/Foire_Produits_Locaux_1.jpeg\" \/>\n\t<meta property=\"og:image:width\" content=\"1024\" \/>\n\t<meta property=\"og:image:height\" content=\"768\" \/>\n\t<meta property=\"og:image:type\" content=\"image\/jpeg\" \/>\n<meta name=\"author\" content=\"admin\" \/>\n<meta name=\"twitter:card\" content=\"summary_large_image\" \/>\n<meta name=\"twitter:label1\" content=\"\u00c9crit par\" \/>\n\t<meta name=\"twitter:data1\" content=\"admin\" \/>\n\t<meta name=\"twitter:label2\" content=\"Dur\u00e9e de lecture estim\u00e9e\" \/>\n\t<meta name=\"twitter:data2\" content=\"3 minutes\" \/>\n<script type=\"application\/ld+json\" class=\"yoast-schema-graph\">{\"@context\":\"https:\/\/schema.org\",\"@graph\":[{\"@type\":\"Article\",\"@id\":\"https:\/\/challengeseconomiques.com\/?p=5531#article\",\"isPartOf\":{\"@id\":\"https:\/\/challengeseconomiques.com\/?p=5531\"},\"author\":{\"name\":\"admin\",\"@id\":\"https:\/\/challengeseconomiques.com\/#\/schema\/person\/b4568c9afebc5a9238a771873801e349\"},\"headline\":\"Foire du Consommer Local : La digitalisation comme levier de comp\u00e9titivit\u00e9 des PME\",\"datePublished\":\"2023-11-02T16:00:47+00:00\",\"dateModified\":\"2023-11-02T16:02:08+00:00\",\"mainEntityOfPage\":{\"@id\":\"https:\/\/challengeseconomiques.com\/?p=5531\"},\"wordCount\":536,\"image\":{\"@id\":\"https:\/\/challengeseconomiques.com\/?p=5531#primaryimage\"},\"thumbnailUrl\":\"https:\/\/challengeseconomiques.com\/wp-content\/uploads\/2023\/11\/Foire_Produits_Locaux_1.jpeg\",\"articleSection\":[\"A la une\",\"Actualit\u00e9 \u00e9conomique\",\"Infos \u00e9co\"],\"inLanguage\":\"fr-FR\"},{\"@type\":\"WebPage\",\"@id\":\"https:\/\/challengeseconomiques.com\/?p=5531\",\"url\":\"https:\/\/challengeseconomiques.com\/?p=5531\",\"name\":\"Foire du Consommer Local : La digitalisation comme levier de comp\u00e9titivit\u00e9 des PME - challenges economiques\",\"isPartOf\":{\"@id\":\"https:\/\/challengeseconomiques.com\/#website\"},\"primaryImageOfPage\":{\"@id\":\"https:\/\/challengeseconomiques.com\/?p=5531#primaryimage\"},\"image\":{\"@id\":\"https:\/\/challengeseconomiques.com\/?p=5531#primaryimage\"},\"thumbnailUrl\":\"https:\/\/challengeseconomiques.com\/wp-content\/uploads\/2023\/11\/Foire_Produits_Locaux_1.jpeg\",\"datePublished\":\"2023-11-02T16:00:47+00:00\",\"dateModified\":\"2023-11-02T16:02:08+00:00\",\"author\":{\"@id\":\"https:\/\/challengeseconomiques.com\/#\/schema\/person\/b4568c9afebc5a9238a771873801e349\"},\"breadcrumb\":{\"@id\":\"https:\/\/challengeseconomiques.com\/?p=5531#breadcrumb\"},\"inLanguage\":\"fr-FR\",\"potentialAction\":[{\"@type\":\"ReadAction\",\"target\":[\"https:\/\/challengeseconomiques.com\/?p=5531\"]}]},{\"@type\":\"ImageObject\",\"inLanguage\":\"fr-FR\",\"@id\":\"https:\/\/challengeseconomiques.com\/?p=5531#primaryimage\",\"url\":\"https:\/\/challengeseconomiques.com\/wp-content\/uploads\/2023\/11\/Foire_Produits_Locaux_1.jpeg\",\"contentUrl\":\"https:\/\/challengeseconomiques.com\/wp-content\/uploads\/2023\/11\/Foire_Produits_Locaux_1.jpeg\",\"width\":1024,\"height\":768},{\"@type\":\"BreadcrumbList\",\"@id\":\"https:\/\/challengeseconomiques.com\/?p=5531#breadcrumb\",\"itemListElement\":[{\"@type\":\"ListItem\",\"position\":1,\"name\":\"Home\",\"item\":\"https:\/\/challengeseconomiques.com\/\"},{\"@type\":\"ListItem\",\"position\":2,\"name\":\"Foire du Consommer Local : La digitalisation comme levier de comp\u00e9titivit\u00e9 des PME\"}]},{\"@type\":\"WebSite\",\"@id\":\"https:\/\/challengeseconomiques.com\/#website\",\"url\":\"https:\/\/challengeseconomiques.com\/\",\"name\":\"challenges economiques\",\"description\":\"\",\"potentialAction\":[{\"@type\":\"SearchAction\",\"target\":{\"@type\":\"EntryPoint\",\"urlTemplate\":\"https:\/\/challengeseconomiques.com\/?s={search_term_string}\"},\"query-input\":{\"@type\":\"PropertyValueSpecification\",\"valueRequired\":true,\"valueName\":\"search_term_string\"}}],\"inLanguage\":\"fr-FR\"},{\"@type\":\"Person\",\"@id\":\"https:\/\/challengeseconomiques.com\/#\/schema\/person\/b4568c9afebc5a9238a771873801e349\",\"name\":\"admin\",\"image\":{\"@type\":\"ImageObject\",\"inLanguage\":\"fr-FR\",\"@id\":\"https:\/\/challengeseconomiques.com\/#\/schema\/person\/image\/\",\"url\":\"https:\/\/secure.gravatar.com\/avatar\/099e42240b5eea11acdb72751fcce0dd918603f0749d24974b7984ea47ed9fd9?s=96&d=mm&r=g\",\"contentUrl\":\"https:\/\/secure.gravatar.com\/avatar\/099e42240b5eea11acdb72751fcce0dd918603f0749d24974b7984ea47ed9fd9?s=96&d=mm&r=g\",\"caption\":\"admin\"},\"sameAs\":[\"https:\/\/challengeseconomiques.com\"],\"url\":\"https:\/\/challengeseconomiques.com\/?author=1\"}]}<\/script>\n<!-- \/ Yoast SEO plugin. -->","yoast_head_json":{"title":"Foire du Consommer Local : La digitalisation comme levier de comp\u00e9titivit\u00e9 des PME - challenges economiques","robots":{"index":"index","follow":"follow","max-snippet":"max-snippet:-1","max-image-preview":"max-image-preview:large","max-video-preview":"max-video-preview:-1"},"canonical":"https:\/\/challengeseconomiques.com\/?p=5531","og_locale":"fr_FR","og_type":"article","og_title":"Foire du Consommer Local : La digitalisation comme levier de comp\u00e9titivit\u00e9 des PME - challenges economiques","og_description":"L\u2019Agence de D\u00e9veloppement et d\u2019Encadrement des Petites et Moyennes Entreprises (ADEPME) a organis\u00e9, ce lundi 30 octobre 2023, sa journ\u00e9e dans le cadre de la...","og_url":"https:\/\/challengeseconomiques.com\/?p=5531","og_site_name":"challenges economiques","article_published_time":"2023-11-02T16:00:47+00:00","article_modified_time":"2023-11-02T16:02:08+00:00","og_image":[{"width":1024,"height":768,"url":"https:\/\/challengeseconomiques.com\/wp-content\/uploads\/2023\/11\/Foire_Produits_Locaux_1.jpeg","type":"image\/jpeg"}],"author":"admin","twitter_card":"summary_large_image","twitter_misc":{"\u00c9crit par":"admin","Dur\u00e9e de lecture estim\u00e9e":"3 minutes"},"schema":{"@context":"https:\/\/schema.org","@graph":[{"@type":"Article","@id":"https:\/\/challengeseconomiques.com\/?p=5531#article","isPartOf":{"@id":"https:\/\/challengeseconomiques.com\/?p=5531"},"author":{"name":"admin","@id":"https:\/\/challengeseconomiques.com\/#\/schema\/person\/b4568c9afebc5a9238a771873801e349"},"headline":"Foire du Consommer Local : La digitalisation comme levier de comp\u00e9titivit\u00e9 des PME","datePublished":"2023-11-02T16:00:47+00:00","dateModified":"2023-11-02T16:02:08+00:00","mainEntityOfPage":{"@id":"https:\/\/challengeseconomiques.com\/?p=5531"},"wordCount":536,"image":{"@id":"https:\/\/challengeseconomiques.com\/?p=5531#primaryimage"},"thumbnailUrl":"https:\/\/challengeseconomiques.com\/wp-content\/uploads\/2023\/11\/Foire_Produits_Locaux_1.jpeg","articleSection":["A la une","Actualit\u00e9 \u00e9conomique","Infos \u00e9co"],"inLanguage":"fr-FR"},{"@type":"WebPage","@id":"https:\/\/challengeseconomiques.com\/?p=5531","url":"https:\/\/challengeseconomiques.com\/?p=5531","name":"Foire du Consommer Local : La digitalisation comme levier de comp\u00e9titivit\u00e9 des PME - challenges economiques","isPartOf":{"@id":"https:\/\/challengeseconomiques.com\/#website"},"primaryImageOfPage":{"@id":"https:\/\/challengeseconomiques.com\/?p=5531#primaryimage"},"image":{"@id":"https:\/\/challengeseconomiques.com\/?p=5531#primaryimage"},"thumbnailUrl":"https:\/\/challengeseconomiques.com\/wp-content\/uploads\/2023\/11\/Foire_Produits_Locaux_1.jpeg","datePublished":"2023-11-02T16:00:47+00:00","dateModified":"2023-11-02T16:02:08+00:00","author":{"@id":"https:\/\/challengeseconomiques.com\/#\/schema\/person\/b4568c9afebc5a9238a771873801e349"},"breadcrumb":{"@id":"https:\/\/challengeseconomiques.com\/?p=5531#breadcrumb"},"inLanguage":"fr-FR","potentialAction":[{"@type":"ReadAction","target":["https:\/\/challengeseconomiques.com\/?p=5531"]}]},{"@type":"ImageObject","inLanguage":"fr-FR","@id":"https:\/\/challengeseconomiques.com\/?p=5531#primaryimage","url":"https:\/\/challengeseconomiques.com\/wp-content\/uploads\/2023\/11\/Foire_Produits_Locaux_1.jpeg","contentUrl":"https:\/\/challengeseconomiques.com\/wp-content\/uploads\/2023\/11\/Foire_Produits_Locaux_1.jpeg","width":1024,"height":768},{"@type":"BreadcrumbList","@id":"https:\/\/challengeseconomiques.com\/?p=5531#breadcrumb","itemListElement":[{"@type":"ListItem","position":1,"name":"Home","item":"https:\/\/challengeseconomiques.com\/"},{"@type":"ListItem","position":2,"name":"Foire du Consommer Local : La digitalisation comme levier de comp\u00e9titivit\u00e9 des PME"}]},{"@type":"WebSite","@id":"https:\/\/challengeseconomiques.com\/#website","url":"https:\/\/challengeseconomiques.com\/","name":"challenges economiques","description":"","potentialAction":[{"@type":"SearchAction","target":{"@type":"EntryPoint","urlTemplate":"https:\/\/challengeseconomiques.com\/?s={search_term_string}"},"query-input":{"@type":"PropertyValueSpecification","valueRequired":true,"valueName":"search_term_string"}}],"inLanguage":"fr-FR"},{"@type":"Person","@id":"https:\/\/challengeseconomiques.com\/#\/schema\/person\/b4568c9afebc5a9238a771873801e349","name":"admin","image":{"@type":"ImageObject","inLanguage":"fr-FR","@id":"https:\/\/challengeseconomiques.com\/#\/schema\/person\/image\/","url":"https:\/\/secure.gravatar.com\/avatar\/099e42240b5eea11acdb72751fcce0dd918603f0749d24974b7984ea47ed9fd9?s=96&d=mm&r=g","contentUrl":"https:\/\/secure.gravatar.com\/avatar\/099e42240b5eea11acdb72751fcce0dd918603f0749d24974b7984ea47ed9fd9?s=96&d=mm&r=g","caption":"admin"},"sameAs":["https:\/\/challengeseconomiques.com"],"url":"https:\/\/challengeseconomiques.com\/?author=1"}]}},"jetpack_featured_media_url":"https:\/\/challengeseconomiques.com\/wp-content\/uploads\/2023\/11\/Foire_Produits_Locaux_1.jpeg","jetpack_sharing_enabled":true,"_links":{"self":[{"href":"https:\/\/challengeseconomiques.com\/index.php?rest_route=\/wp\/v2\/posts\/5531","targetHints":{"allow":["GET"]}}],"collection":[{"href":"https:\/\/challengeseconomiques.com\/index.php?rest_route=\/wp\/v2\/posts"}],"about":[{"href":"https:\/\/challengeseconomiques.com\/index.php?rest_route=\/wp\/v2\/types\/post"}],"author":[{"embeddable":true,"href":"https:\/\/challengeseconomiques.com\/index.php?rest_route=\/wp\/v2\/users\/1"}],"replies":[{"embeddable":true,"href":"https:\/\/challengeseconomiques.com\/index.php?rest_route=%2Fwp%2Fv2%2Fcomments&post=5531"}],"version-history":[{"count":2,"href":"https:\/\/challengeseconomiques.com\/index.php?rest_route=\/wp\/v2\/posts\/5531\/revisions"}],"predecessor-version":[{"id":5534,"href":"https:\/\/challengeseconomiques.com\/index.php?rest_route=\/wp\/v2\/posts\/5531\/revisions\/5534"}],"wp:featuredmedia":[{"embeddable":true,"href":"https:\/\/challengeseconomiques.com\/index.php?rest_route=\/wp\/v2\/media\/5532"}],"wp:attachment":[{"href":"https:\/\/challengeseconomiques.com\/index.php?rest_route=%2Fwp%2Fv2%2Fmedia&parent=5531"}],"wp:term":[{"taxonomy":"category","embeddable":true,"href":"https:\/\/challengeseconomiques.com\/index.php?rest_route=%2Fwp%2Fv2%2Fcategories&post=5531"},{"taxonomy":"post_tag","embeddable":true,"href":"https:\/\/challengeseconomiques.com\/index.php?rest_route=%2Fwp%2Fv2%2Ftags&post=5531"}],"curies":[{"name":"wp","href":"https:\/\/api.w.org\/{rel}","templated":true}]}}