{"id":5496,"date":"2023-10-31T10:18:37","date_gmt":"2023-10-31T10:18:37","guid":{"rendered":"https:\/\/challengeseconomiques.com\/?p=5496"},"modified":"2023-10-31T10:24:58","modified_gmt":"2023-10-31T10:24:58","slug":"la-revue-annuelle-de-luemoa-planche-sur-la-transposition-des-dispositions-communautaires","status":"publish","type":"post","link":"https:\/\/challengeseconomiques.com\/?p=5496","title":{"rendered":"La revue annuelle de l\u2019UEMOA planche sur la transposition des dispositions communautaires"},"content":{"rendered":"<p><strong>La revue annuelle des r\u00e9formes, politiques, programmes et projets de l\u2019 UEMOA, ouverte, lundi, \u00e0 Dakar, va plancher sur les difficult\u00e9s not\u00e9es dans la transposition des dispositions communautaires en lois nationales en vue d\u2019apporter des \u00ab\u00a0solutions idoines\u00a0\u00bb susceptibles d\u2019am\u00e9liorer la comp\u00e9titivit\u00e9 des \u00e9conomies au sein de l\u2019organisation r\u00e9gionale, a appris l\u2019APS.<\/strong><\/p>\n<p>Il s\u2019agira \u00ab\u00a0d\u2019\u00e9valuer les r\u00e9sultats atteints et relever les difficult\u00e9s not\u00e9es dans la transposition afin d\u2019apporter les solutions idoines susceptibles d\u2019am\u00e9liorer la comp\u00e9titivit\u00e9 de nos \u00e9conomies\u00a0\u00bb, a d\u00e9clar\u00e9 Ange Mancabou, coordonnateur de la direction des services financiers du minist\u00e8re des Finances et du Budget.<\/p>\n<p>S\u2019exprimant \u00e0 la c\u00e9r\u00e9monie d\u2019ouverture de cette revue de trois jours, M. Mancabou a estim\u00e9 que cette dynamique communautaire devrait permettre aux populations de l\u2019Union de \u00ab\u00a0b\u00e9n\u00e9ficier davantage des fruits de l\u2019int\u00e9gration r\u00e9gionale\u00a0\u00bb.<\/p>\n<p>Selon l\u2019officiel s\u00e9n\u00e9galais, l\u2019objectif principal de cette revue est de \u00ab\u00a0favoriser l\u2019acc\u00e9l\u00e9ration de l\u2019application des r\u00e9formes, politiques, programmes et projets communautaires au sein de l\u2019Union\u00a0\u00bb. Il sera l\u2019occasion pour le S\u00e9n\u00e9gal d\u2019examiner 127 r\u00e9formes et 09 projets, a-t-il inform\u00e9.<\/p>\n<p>&nbsp;<\/p>\n<p>\u00ab\u00a0La mise \u00e0 jour de la grille d\u2019\u00e9valuation des r\u00e9formes concerne l\u2019ajout de cinq textes dans le domaine de la surveillance multilat\u00e9rale, du transport, de l\u2019enseignement sup\u00e9rieur, de la sant\u00e9 et de la culture\u00a0\u00bb, a expliqu\u00e9 le coordonnateur de la direction des services financiers du minist\u00e8re des Finances et du Budget,<\/p>\n<p>Ange Mancabou a aussi parl\u00e9 du retrait de la D\u00e9cision n\u00b013 du Conseil des ministres de l\u2019UEMOA portant cr\u00e9ation de la conf\u00e9rence des ordres des architectes.<\/p>\n<p>Il a rappel\u00e9 que le m\u00e9morandum issu de la revue technique sera pr\u00e9sent\u00e9 lors du volet politique qui r\u00e9unira le pr\u00e9sident de la Commission de l\u2019UEMOA et l\u2019ensemble des ministres concern\u00e9s par les r\u00e9formes et les projets de l\u2019UEMOA.<\/p>\n<p>La repr\u00e9sentante r\u00e9sidente de la Commission de l\u2019Union \u00e9conomique et mon\u00e9taire Ouest africaine (UEMOA) au S\u00e9n\u00e9gal, A\u00efssa Kabo, a pour sa part relev\u00e9 que \u2018\u2019l\u2019exercice de la revue au S\u00e9n\u00e9gal participe \u00e0 l\u2019identification des facteurs pour transformer les flux des diff\u00e9rents efforts communautaires\u2019\u2019.<\/p>\n<p>Elle a aussi \u00e9voqu\u00e9 une anticipation des actions pour une impulsion de la politique cibl\u00e9e au processus d\u2019int\u00e9gration aux plans national et r\u00e9gional\u2019\u2019.<\/p>\n<p>\u2018\u2019Au cours de nos travaux, il sera question d\u2019\u00e9changer sur la base de la grille de pond\u00e9ration retenue de commun accord au cours de notre atelier afin de ressortir les performances r\u00e9alis\u00e9es par le S\u00e9n\u00e9gal dans la mise en \u0153uvre des r\u00e9formes politiques, programmes et projets communautaires de l\u2019UEMOA\u2019\u2019, a-t-elle fait remarquer.<\/p>\n<p>&nbsp;<\/p>\n<p>La repr\u00e9sentante-r\u00e9sidente de la Commission de l\u2019UEMOA s\u2019est f\u00e9licit\u00e9e de l\u2019engouement et la forte adh\u00e9sion des Etats membres lors des derni\u00e8res \u00e9ditions de la revue annuelle.<\/p>\n<p>Selon A\u00efssa Kabo, les r\u00e9formes communautaires ont encourag\u00e9 une dynamisation du dispositif national de suivi de mise en \u0153uvre des textes, contribuant ainsi \u00e0 un meilleur suivi de l\u2019ex\u00e9cution des projets et programmes communautaires\u00a0\u00bb.<\/p>\n<p>Elle a not\u00e9 que le taux moyen de mise en \u0153uvre des r\u00e9formes communautaires \u00e9tait de 74,5% en 2022 contre 76,1% en 2021.<\/p>\n<p><strong>(APS)<\/strong><\/p>\n","protected":false},"excerpt":{"rendered":"<p>La revue annuelle des r\u00e9formes, politiques, programmes et projets de l\u2019 UEMOA, ouverte, lundi, \u00e0 Dakar, va plancher sur les difficult\u00e9s not\u00e9es dans la transposition&#8230;<\/p>\n","protected":false},"author":1,"featured_media":5501,"comment_status":"closed","ping_status":"open","sticky":false,"template":"","format":"standard","meta":{"_jetpack_memberships_contains_paid_content":false,"footnotes":""},"categories":[23,8,10],"tags":[],"class_list":["post-5496","post","type-post","status-publish","format-standard","has-post-thumbnail","hentry","category-a-la-une","category-actualite-economique","category-infos-eco","wpcat-23-id","wpcat-8-id","wpcat-10-id"],"yoast_head":"<!-- This site is optimized with the Yoast SEO plugin v27.1.1 - https:\/\/yoast.com\/product\/yoast-seo-wordpress\/ -->\n<title>La revue annuelle de l\u2019UEMOA planche sur la transposition des dispositions communautaires - challenges economiques<\/title>\n<meta name=\"robots\" content=\"index, follow, max-snippet:-1, max-image-preview:large, max-video-preview:-1\" \/>\n<link rel=\"canonical\" href=\"https:\/\/challengeseconomiques.com\/?p=5496\" \/>\n<meta property=\"og:locale\" content=\"fr_FR\" \/>\n<meta property=\"og:type\" content=\"article\" \/>\n<meta property=\"og:title\" content=\"La revue annuelle de l\u2019UEMOA planche sur la transposition des dispositions communautaires - challenges economiques\" \/>\n<meta property=\"og:description\" content=\"La revue annuelle des r\u00e9formes, politiques, programmes et projets de l\u2019 UEMOA, ouverte, lundi, \u00e0 Dakar, va plancher sur les difficult\u00e9s not\u00e9es dans la transposition...\" \/>\n<meta property=\"og:url\" content=\"https:\/\/challengeseconomiques.com\/?p=5496\" \/>\n<meta property=\"og:site_name\" content=\"challenges economiques\" \/>\n<meta property=\"article:published_time\" content=\"2023-10-31T10:18:37+00:00\" \/>\n<meta property=\"article:modified_time\" content=\"2023-10-31T10:24:58+00:00\" \/>\n<meta property=\"og:image\" content=\"https:\/\/challengeseconomiques.com\/wp-content\/uploads\/2023\/10\/revuebon.jpg\" \/>\n\t<meta property=\"og:image:width\" content=\"1920\" \/>\n\t<meta property=\"og:image:height\" content=\"1440\" \/>\n\t<meta property=\"og:image:type\" content=\"image\/jpeg\" \/>\n<meta name=\"author\" content=\"admin\" \/>\n<meta name=\"twitter:card\" content=\"summary_large_image\" \/>\n<meta name=\"twitter:label1\" content=\"\u00c9crit par\" \/>\n\t<meta name=\"twitter:data1\" content=\"admin\" \/>\n\t<meta name=\"twitter:label2\" content=\"Dur\u00e9e de lecture estim\u00e9e\" \/>\n\t<meta name=\"twitter:data2\" content=\"3 minutes\" \/>\n<script type=\"application\/ld+json\" class=\"yoast-schema-graph\">{\"@context\":\"https:\/\/schema.org\",\"@graph\":[{\"@type\":\"Article\",\"@id\":\"https:\/\/challengeseconomiques.com\/?p=5496#article\",\"isPartOf\":{\"@id\":\"https:\/\/challengeseconomiques.com\/?p=5496\"},\"author\":{\"name\":\"admin\",\"@id\":\"https:\/\/challengeseconomiques.com\/#\/schema\/person\/b4568c9afebc5a9238a771873801e349\"},\"headline\":\"La revue annuelle de l\u2019UEMOA planche sur la transposition des dispositions communautaires\",\"datePublished\":\"2023-10-31T10:18:37+00:00\",\"dateModified\":\"2023-10-31T10:24:58+00:00\",\"mainEntityOfPage\":{\"@id\":\"https:\/\/challengeseconomiques.com\/?p=5496\"},\"wordCount\":593,\"image\":{\"@id\":\"https:\/\/challengeseconomiques.com\/?p=5496#primaryimage\"},\"thumbnailUrl\":\"https:\/\/challengeseconomiques.com\/wp-content\/uploads\/2023\/10\/revuebon.jpg\",\"articleSection\":[\"A la une\",\"Actualit\u00e9 \u00e9conomique\",\"Infos \u00e9co\"],\"inLanguage\":\"fr-FR\"},{\"@type\":\"WebPage\",\"@id\":\"https:\/\/challengeseconomiques.com\/?p=5496\",\"url\":\"https:\/\/challengeseconomiques.com\/?p=5496\",\"name\":\"La revue annuelle de l\u2019UEMOA planche sur la transposition des dispositions communautaires - challenges economiques\",\"isPartOf\":{\"@id\":\"https:\/\/challengeseconomiques.com\/#website\"},\"primaryImageOfPage\":{\"@id\":\"https:\/\/challengeseconomiques.com\/?p=5496#primaryimage\"},\"image\":{\"@id\":\"https:\/\/challengeseconomiques.com\/?p=5496#primaryimage\"},\"thumbnailUrl\":\"https:\/\/challengeseconomiques.com\/wp-content\/uploads\/2023\/10\/revuebon.jpg\",\"datePublished\":\"2023-10-31T10:18:37+00:00\",\"dateModified\":\"2023-10-31T10:24:58+00:00\",\"author\":{\"@id\":\"https:\/\/challengeseconomiques.com\/#\/schema\/person\/b4568c9afebc5a9238a771873801e349\"},\"breadcrumb\":{\"@id\":\"https:\/\/challengeseconomiques.com\/?p=5496#breadcrumb\"},\"inLanguage\":\"fr-FR\",\"potentialAction\":[{\"@type\":\"ReadAction\",\"target\":[\"https:\/\/challengeseconomiques.com\/?p=5496\"]}]},{\"@type\":\"ImageObject\",\"inLanguage\":\"fr-FR\",\"@id\":\"https:\/\/challengeseconomiques.com\/?p=5496#primaryimage\",\"url\":\"https:\/\/challengeseconomiques.com\/wp-content\/uploads\/2023\/10\/revuebon.jpg\",\"contentUrl\":\"https:\/\/challengeseconomiques.com\/wp-content\/uploads\/2023\/10\/revuebon.jpg\",\"width\":1920,\"height\":1440},{\"@type\":\"BreadcrumbList\",\"@id\":\"https:\/\/challengeseconomiques.com\/?p=5496#breadcrumb\",\"itemListElement\":[{\"@type\":\"ListItem\",\"position\":1,\"name\":\"Home\",\"item\":\"https:\/\/challengeseconomiques.com\/\"},{\"@type\":\"ListItem\",\"position\":2,\"name\":\"La revue annuelle de l\u2019UEMOA planche sur la transposition des dispositions communautaires\"}]},{\"@type\":\"WebSite\",\"@id\":\"https:\/\/challengeseconomiques.com\/#website\",\"url\":\"https:\/\/challengeseconomiques.com\/\",\"name\":\"challenges economiques\",\"description\":\"\",\"potentialAction\":[{\"@type\":\"SearchAction\",\"target\":{\"@type\":\"EntryPoint\",\"urlTemplate\":\"https:\/\/challengeseconomiques.com\/?s={search_term_string}\"},\"query-input\":{\"@type\":\"PropertyValueSpecification\",\"valueRequired\":true,\"valueName\":\"search_term_string\"}}],\"inLanguage\":\"fr-FR\"},{\"@type\":\"Person\",\"@id\":\"https:\/\/challengeseconomiques.com\/#\/schema\/person\/b4568c9afebc5a9238a771873801e349\",\"name\":\"admin\",\"image\":{\"@type\":\"ImageObject\",\"inLanguage\":\"fr-FR\",\"@id\":\"https:\/\/challengeseconomiques.com\/#\/schema\/person\/image\/\",\"url\":\"https:\/\/secure.gravatar.com\/avatar\/099e42240b5eea11acdb72751fcce0dd918603f0749d24974b7984ea47ed9fd9?s=96&d=mm&r=g\",\"contentUrl\":\"https:\/\/secure.gravatar.com\/avatar\/099e42240b5eea11acdb72751fcce0dd918603f0749d24974b7984ea47ed9fd9?s=96&d=mm&r=g\",\"caption\":\"admin\"},\"sameAs\":[\"https:\/\/challengeseconomiques.com\"],\"url\":\"https:\/\/challengeseconomiques.com\/?author=1\"}]}<\/script>\n<!-- \/ Yoast SEO plugin. -->","yoast_head_json":{"title":"La revue annuelle de l\u2019UEMOA planche sur la transposition des dispositions communautaires - challenges economiques","robots":{"index":"index","follow":"follow","max-snippet":"max-snippet:-1","max-image-preview":"max-image-preview:large","max-video-preview":"max-video-preview:-1"},"canonical":"https:\/\/challengeseconomiques.com\/?p=5496","og_locale":"fr_FR","og_type":"article","og_title":"La revue annuelle de l\u2019UEMOA planche sur la transposition des dispositions communautaires - challenges economiques","og_description":"La revue annuelle des r\u00e9formes, politiques, programmes et projets de l\u2019 UEMOA, ouverte, lundi, \u00e0 Dakar, va plancher sur les difficult\u00e9s not\u00e9es dans la transposition...","og_url":"https:\/\/challengeseconomiques.com\/?p=5496","og_site_name":"challenges economiques","article_published_time":"2023-10-31T10:18:37+00:00","article_modified_time":"2023-10-31T10:24:58+00:00","og_image":[{"width":1920,"height":1440,"url":"https:\/\/challengeseconomiques.com\/wp-content\/uploads\/2023\/10\/revuebon.jpg","type":"image\/jpeg"}],"author":"admin","twitter_card":"summary_large_image","twitter_misc":{"\u00c9crit par":"admin","Dur\u00e9e de lecture estim\u00e9e":"3 minutes"},"schema":{"@context":"https:\/\/schema.org","@graph":[{"@type":"Article","@id":"https:\/\/challengeseconomiques.com\/?p=5496#article","isPartOf":{"@id":"https:\/\/challengeseconomiques.com\/?p=5496"},"author":{"name":"admin","@id":"https:\/\/challengeseconomiques.com\/#\/schema\/person\/b4568c9afebc5a9238a771873801e349"},"headline":"La revue annuelle de l\u2019UEMOA planche sur la transposition des dispositions communautaires","datePublished":"2023-10-31T10:18:37+00:00","dateModified":"2023-10-31T10:24:58+00:00","mainEntityOfPage":{"@id":"https:\/\/challengeseconomiques.com\/?p=5496"},"wordCount":593,"image":{"@id":"https:\/\/challengeseconomiques.com\/?p=5496#primaryimage"},"thumbnailUrl":"https:\/\/challengeseconomiques.com\/wp-content\/uploads\/2023\/10\/revuebon.jpg","articleSection":["A la une","Actualit\u00e9 \u00e9conomique","Infos \u00e9co"],"inLanguage":"fr-FR"},{"@type":"WebPage","@id":"https:\/\/challengeseconomiques.com\/?p=5496","url":"https:\/\/challengeseconomiques.com\/?p=5496","name":"La revue annuelle de l\u2019UEMOA planche sur la transposition des dispositions communautaires - challenges economiques","isPartOf":{"@id":"https:\/\/challengeseconomiques.com\/#website"},"primaryImageOfPage":{"@id":"https:\/\/challengeseconomiques.com\/?p=5496#primaryimage"},"image":{"@id":"https:\/\/challengeseconomiques.com\/?p=5496#primaryimage"},"thumbnailUrl":"https:\/\/challengeseconomiques.com\/wp-content\/uploads\/2023\/10\/revuebon.jpg","datePublished":"2023-10-31T10:18:37+00:00","dateModified":"2023-10-31T10:24:58+00:00","author":{"@id":"https:\/\/challengeseconomiques.com\/#\/schema\/person\/b4568c9afebc5a9238a771873801e349"},"breadcrumb":{"@id":"https:\/\/challengeseconomiques.com\/?p=5496#breadcrumb"},"inLanguage":"fr-FR","potentialAction":[{"@type":"ReadAction","target":["https:\/\/challengeseconomiques.com\/?p=5496"]}]},{"@type":"ImageObject","inLanguage":"fr-FR","@id":"https:\/\/challengeseconomiques.com\/?p=5496#primaryimage","url":"https:\/\/challengeseconomiques.com\/wp-content\/uploads\/2023\/10\/revuebon.jpg","contentUrl":"https:\/\/challengeseconomiques.com\/wp-content\/uploads\/2023\/10\/revuebon.jpg","width":1920,"height":1440},{"@type":"BreadcrumbList","@id":"https:\/\/challengeseconomiques.com\/?p=5496#breadcrumb","itemListElement":[{"@type":"ListItem","position":1,"name":"Home","item":"https:\/\/challengeseconomiques.com\/"},{"@type":"ListItem","position":2,"name":"La revue annuelle de l\u2019UEMOA planche sur la transposition des dispositions communautaires"}]},{"@type":"WebSite","@id":"https:\/\/challengeseconomiques.com\/#website","url":"https:\/\/challengeseconomiques.com\/","name":"challenges economiques","description":"","potentialAction":[{"@type":"SearchAction","target":{"@type":"EntryPoint","urlTemplate":"https:\/\/challengeseconomiques.com\/?s={search_term_string}"},"query-input":{"@type":"PropertyValueSpecification","valueRequired":true,"valueName":"search_term_string"}}],"inLanguage":"fr-FR"},{"@type":"Person","@id":"https:\/\/challengeseconomiques.com\/#\/schema\/person\/b4568c9afebc5a9238a771873801e349","name":"admin","image":{"@type":"ImageObject","inLanguage":"fr-FR","@id":"https:\/\/challengeseconomiques.com\/#\/schema\/person\/image\/","url":"https:\/\/secure.gravatar.com\/avatar\/099e42240b5eea11acdb72751fcce0dd918603f0749d24974b7984ea47ed9fd9?s=96&d=mm&r=g","contentUrl":"https:\/\/secure.gravatar.com\/avatar\/099e42240b5eea11acdb72751fcce0dd918603f0749d24974b7984ea47ed9fd9?s=96&d=mm&r=g","caption":"admin"},"sameAs":["https:\/\/challengeseconomiques.com"],"url":"https:\/\/challengeseconomiques.com\/?author=1"}]}},"jetpack_featured_media_url":"https:\/\/challengeseconomiques.com\/wp-content\/uploads\/2023\/10\/revuebon.jpg","jetpack_sharing_enabled":true,"_links":{"self":[{"href":"https:\/\/challengeseconomiques.com\/index.php?rest_route=\/wp\/v2\/posts\/5496","targetHints":{"allow":["GET"]}}],"collection":[{"href":"https:\/\/challengeseconomiques.com\/index.php?rest_route=\/wp\/v2\/posts"}],"about":[{"href":"https:\/\/challengeseconomiques.com\/index.php?rest_route=\/wp\/v2\/types\/post"}],"author":[{"embeddable":true,"href":"https:\/\/challengeseconomiques.com\/index.php?rest_route=\/wp\/v2\/users\/1"}],"replies":[{"embeddable":true,"href":"https:\/\/challengeseconomiques.com\/index.php?rest_route=%2Fwp%2Fv2%2Fcomments&post=5496"}],"version-history":[{"count":1,"href":"https:\/\/challengeseconomiques.com\/index.php?rest_route=\/wp\/v2\/posts\/5496\/revisions"}],"predecessor-version":[{"id":5498,"href":"https:\/\/challengeseconomiques.com\/index.php?rest_route=\/wp\/v2\/posts\/5496\/revisions\/5498"}],"wp:featuredmedia":[{"embeddable":true,"href":"https:\/\/challengeseconomiques.com\/index.php?rest_route=\/wp\/v2\/media\/5501"}],"wp:attachment":[{"href":"https:\/\/challengeseconomiques.com\/index.php?rest_route=%2Fwp%2Fv2%2Fmedia&parent=5496"}],"wp:term":[{"taxonomy":"category","embeddable":true,"href":"https:\/\/challengeseconomiques.com\/index.php?rest_route=%2Fwp%2Fv2%2Fcategories&post=5496"},{"taxonomy":"post_tag","embeddable":true,"href":"https:\/\/challengeseconomiques.com\/index.php?rest_route=%2Fwp%2Fv2%2Ftags&post=5496"}],"curies":[{"name":"wp","href":"https:\/\/api.w.org\/{rel}","templated":true}]}}