{"id":5489,"date":"2023-10-30T11:30:37","date_gmt":"2023-10-30T11:30:37","guid":{"rendered":"https:\/\/challengeseconomiques.com\/?p=5489"},"modified":"2023-10-30T11:30:59","modified_gmt":"2023-10-30T11:30:59","slug":"adama-lam-cnes-representant-du-secteur-prive-augmenter-les-ressources-allouees-aux-chambres-de-commerce","status":"publish","type":"post","link":"https:\/\/challengeseconomiques.com\/?p=5489","title":{"rendered":"Adama Lam, CNES, Repr\u00e9sentant du Secteur Priv\u00e9 : \u00ab Augmenter les ressources allou\u00e9es aux Chambres de Commerce \u00bb"},"content":{"rendered":"<p><strong>Le pr\u00e9sident de la CNES ,Adama Lam au milieu<\/strong><\/p>\n<p><strong>L\u2019Assembl\u00e9e g\u00e9n\u00e9rale sp\u00e9ciale de la CCIAD est un rendez-vous majeur dans la vie de l\u2019Institution Consulaire. Dans sa marche, la CCIAD collabore avec les organisations professionnelles et patronales. C\u2019est ainsi que le pr\u00e9sident de la Conf\u00e9d\u00e9ration Nationale des Employeurs du S\u00e9n\u00e9gal (CNES), Adama Lam, qui repr\u00e9sentait le secteur priv\u00e9 \u00e0 l\u2019AG sp\u00e9ciale de l\u2019Institution Consulaire de Dakar, a lanc\u00e9 un plaidoyer pour l\u2019augmentation des moyens destin\u00e9s aux Chambres de Commerce du S\u00e9n\u00e9gal. <\/strong><\/p>\n<p>Le pr\u00e9sident de la CNES a remerci\u00e9 le pr\u00e9sident de la CCIAD d\u2019avoir associ\u00e9 le secteur priv\u00e9 \u00e0 cette importante rencontre consacr\u00e9e \u00e0 la pr\u00e9sentation des r\u00e9sultats des travaux effectu\u00e9s par les 19 commissions mises en place depuis deux ans.<br \/>\nM. Lam a rappel\u00e9 la promesse consign\u00e9e dans le plan de mandature de M. Sow pr\u00e9sent\u00e9 en 2019 \u00e0 savoir de redonner \u00e0 la CCIAD son lustre d\u2019antan. Il soutient que le pr\u00e9sident de la CCIAD a repris avec succ\u00e8s le flambeau laiss\u00e9 par feu Mamadou Lamine Niang.<br \/>\nSi auparavant la Chambre de Commerce se contentait de donner des avis et de fournir des renseignements commerciaux \u00e0 l\u2019Administration, de nos jours ses missions sont devenues plus diverses et vari\u00e9es, indique-t-il. Celles-ci sont entre autres la repr\u00e9sentation du secteur priv\u00e9 vis-\u00e0-vis des autorit\u00e9s, la participation aux enqu\u00eates \u00e9conomiques et les suggestions \u00e0 l\u2019Administration en vue de la formation professionnelle et de l\u2019orientation professionnelle des entreprises<\/p>\n<p><strong>Soutien des organisations patronales<\/strong><\/p>\n<p>Pour accomplir ces missions, ajoute M. Lam, Abdoulaye Sow et ses collaborateurs ont eu l\u2019ing\u00e9nieuse id\u00e9e de cr\u00e9er dix-neuf (19) commissions englobant l\u2019ensemble des segments de l\u2019\u00e9conomie nationale. Il a f\u00e9licit\u00e9 le pr\u00e9sident Abdoulaye Sow pour cette d\u00e9marche originale et fondatrice d\u2019une nouvelle Chambre de Commerce.<br \/>\nLe pr\u00e9sident de la CNES assure le pr\u00e9sident de la CCIAD du soutien et de l\u2019accompagnement constant des organisations patronales et professionnelles pour l\u2019atteinte de vos objectifs.<br \/>\nToutefois, M. Lam invite le ministre du Commerce, de la Consommation et des PME \u00e0 porter le plaidoyer aupr\u00e8s de l\u2019autorit\u00e9 dans le but d\u2019augmenter les ressources des CCIA pour leur permettre d\u2019accomplir leurs missions.<\/p>\n<p><strong>(BIE)<\/strong><\/p>\n","protected":false},"excerpt":{"rendered":"<p>Le pr\u00e9sident de la CNES ,Adama Lam au milieu L\u2019Assembl\u00e9e g\u00e9n\u00e9rale sp\u00e9ciale de la CCIAD est un rendez-vous majeur dans la vie de l\u2019Institution Consulaire&#8230;.<\/p>\n","protected":false},"author":1,"featured_media":5490,"comment_status":"closed","ping_status":"open","sticky":false,"template":"","format":"standard","meta":{"_jetpack_memberships_contains_paid_content":false,"footnotes":""},"categories":[8],"tags":[],"class_list":["post-5489","post","type-post","status-publish","format-standard","has-post-thumbnail","hentry","category-actualite-economique","wpcat-8-id"],"yoast_head":"<!-- This site is optimized with the Yoast SEO plugin v27.1.1 - https:\/\/yoast.com\/product\/yoast-seo-wordpress\/ -->\n<title>Adama Lam, CNES, Repr\u00e9sentant du Secteur Priv\u00e9 : \u00ab Augmenter les ressources allou\u00e9es aux Chambres de Commerce \u00bb - challenges economiques<\/title>\n<meta name=\"robots\" content=\"index, follow, max-snippet:-1, max-image-preview:large, max-video-preview:-1\" \/>\n<link rel=\"canonical\" href=\"https:\/\/challengeseconomiques.com\/?p=5489\" \/>\n<meta property=\"og:locale\" content=\"fr_FR\" \/>\n<meta property=\"og:type\" content=\"article\" \/>\n<meta property=\"og:title\" content=\"Adama Lam, CNES, Repr\u00e9sentant du Secteur Priv\u00e9 : \u00ab Augmenter les ressources allou\u00e9es aux Chambres de Commerce \u00bb - challenges economiques\" \/>\n<meta property=\"og:description\" content=\"Le pr\u00e9sident de la CNES ,Adama Lam au milieu L\u2019Assembl\u00e9e g\u00e9n\u00e9rale sp\u00e9ciale de la CCIAD est un rendez-vous majeur dans la vie de l\u2019Institution Consulaire....\" \/>\n<meta property=\"og:url\" content=\"https:\/\/challengeseconomiques.com\/?p=5489\" \/>\n<meta property=\"og:site_name\" content=\"challenges economiques\" \/>\n<meta property=\"article:published_time\" content=\"2023-10-30T11:30:37+00:00\" \/>\n<meta property=\"article:modified_time\" content=\"2023-10-30T11:30:59+00:00\" \/>\n<meta property=\"og:image\" content=\"https:\/\/challengeseconomiques.com\/wp-content\/uploads\/2023\/10\/adamalam.jpeg\" \/>\n\t<meta property=\"og:image:width\" content=\"1536\" \/>\n\t<meta property=\"og:image:height\" content=\"1017\" \/>\n\t<meta property=\"og:image:type\" content=\"image\/jpeg\" \/>\n<meta name=\"author\" content=\"admin\" \/>\n<meta name=\"twitter:card\" content=\"summary_large_image\" \/>\n<meta name=\"twitter:label1\" content=\"\u00c9crit par\" \/>\n\t<meta name=\"twitter:data1\" content=\"admin\" \/>\n\t<meta name=\"twitter:label2\" content=\"Dur\u00e9e de lecture estim\u00e9e\" \/>\n\t<meta name=\"twitter:data2\" content=\"2 minutes\" \/>\n<script type=\"application\/ld+json\" class=\"yoast-schema-graph\">{\"@context\":\"https:\/\/schema.org\",\"@graph\":[{\"@type\":\"Article\",\"@id\":\"https:\/\/challengeseconomiques.com\/?p=5489#article\",\"isPartOf\":{\"@id\":\"https:\/\/challengeseconomiques.com\/?p=5489\"},\"author\":{\"name\":\"admin\",\"@id\":\"https:\/\/challengeseconomiques.com\/#\/schema\/person\/b4568c9afebc5a9238a771873801e349\"},\"headline\":\"Adama Lam, CNES, Repr\u00e9sentant du Secteur Priv\u00e9 : \u00ab Augmenter les ressources allou\u00e9es aux Chambres de Commerce \u00bb\",\"datePublished\":\"2023-10-30T11:30:37+00:00\",\"dateModified\":\"2023-10-30T11:30:59+00:00\",\"mainEntityOfPage\":{\"@id\":\"https:\/\/challengeseconomiques.com\/?p=5489\"},\"wordCount\":413,\"image\":{\"@id\":\"https:\/\/challengeseconomiques.com\/?p=5489#primaryimage\"},\"thumbnailUrl\":\"https:\/\/challengeseconomiques.com\/wp-content\/uploads\/2023\/10\/adamalam.jpeg\",\"articleSection\":[\"Actualit\u00e9 \u00e9conomique\"],\"inLanguage\":\"fr-FR\"},{\"@type\":\"WebPage\",\"@id\":\"https:\/\/challengeseconomiques.com\/?p=5489\",\"url\":\"https:\/\/challengeseconomiques.com\/?p=5489\",\"name\":\"Adama Lam, CNES, Repr\u00e9sentant du Secteur Priv\u00e9 : \u00ab Augmenter les ressources allou\u00e9es aux Chambres de Commerce \u00bb - challenges economiques\",\"isPartOf\":{\"@id\":\"https:\/\/challengeseconomiques.com\/#website\"},\"primaryImageOfPage\":{\"@id\":\"https:\/\/challengeseconomiques.com\/?p=5489#primaryimage\"},\"image\":{\"@id\":\"https:\/\/challengeseconomiques.com\/?p=5489#primaryimage\"},\"thumbnailUrl\":\"https:\/\/challengeseconomiques.com\/wp-content\/uploads\/2023\/10\/adamalam.jpeg\",\"datePublished\":\"2023-10-30T11:30:37+00:00\",\"dateModified\":\"2023-10-30T11:30:59+00:00\",\"author\":{\"@id\":\"https:\/\/challengeseconomiques.com\/#\/schema\/person\/b4568c9afebc5a9238a771873801e349\"},\"breadcrumb\":{\"@id\":\"https:\/\/challengeseconomiques.com\/?p=5489#breadcrumb\"},\"inLanguage\":\"fr-FR\",\"potentialAction\":[{\"@type\":\"ReadAction\",\"target\":[\"https:\/\/challengeseconomiques.com\/?p=5489\"]}]},{\"@type\":\"ImageObject\",\"inLanguage\":\"fr-FR\",\"@id\":\"https:\/\/challengeseconomiques.com\/?p=5489#primaryimage\",\"url\":\"https:\/\/challengeseconomiques.com\/wp-content\/uploads\/2023\/10\/adamalam.jpeg\",\"contentUrl\":\"https:\/\/challengeseconomiques.com\/wp-content\/uploads\/2023\/10\/adamalam.jpeg\",\"width\":1536,\"height\":1017},{\"@type\":\"BreadcrumbList\",\"@id\":\"https:\/\/challengeseconomiques.com\/?p=5489#breadcrumb\",\"itemListElement\":[{\"@type\":\"ListItem\",\"position\":1,\"name\":\"Home\",\"item\":\"https:\/\/challengeseconomiques.com\/\"},{\"@type\":\"ListItem\",\"position\":2,\"name\":\"Adama Lam, CNES, Repr\u00e9sentant du Secteur Priv\u00e9 : \u00ab Augmenter les ressources allou\u00e9es aux Chambres de Commerce \u00bb\"}]},{\"@type\":\"WebSite\",\"@id\":\"https:\/\/challengeseconomiques.com\/#website\",\"url\":\"https:\/\/challengeseconomiques.com\/\",\"name\":\"challenges economiques\",\"description\":\"\",\"potentialAction\":[{\"@type\":\"SearchAction\",\"target\":{\"@type\":\"EntryPoint\",\"urlTemplate\":\"https:\/\/challengeseconomiques.com\/?s={search_term_string}\"},\"query-input\":{\"@type\":\"PropertyValueSpecification\",\"valueRequired\":true,\"valueName\":\"search_term_string\"}}],\"inLanguage\":\"fr-FR\"},{\"@type\":\"Person\",\"@id\":\"https:\/\/challengeseconomiques.com\/#\/schema\/person\/b4568c9afebc5a9238a771873801e349\",\"name\":\"admin\",\"image\":{\"@type\":\"ImageObject\",\"inLanguage\":\"fr-FR\",\"@id\":\"https:\/\/challengeseconomiques.com\/#\/schema\/person\/image\/\",\"url\":\"https:\/\/secure.gravatar.com\/avatar\/099e42240b5eea11acdb72751fcce0dd918603f0749d24974b7984ea47ed9fd9?s=96&d=mm&r=g\",\"contentUrl\":\"https:\/\/secure.gravatar.com\/avatar\/099e42240b5eea11acdb72751fcce0dd918603f0749d24974b7984ea47ed9fd9?s=96&d=mm&r=g\",\"caption\":\"admin\"},\"sameAs\":[\"https:\/\/challengeseconomiques.com\"],\"url\":\"https:\/\/challengeseconomiques.com\/?author=1\"}]}<\/script>\n<!-- \/ Yoast SEO plugin. -->","yoast_head_json":{"title":"Adama Lam, CNES, Repr\u00e9sentant du Secteur Priv\u00e9 : \u00ab Augmenter les ressources allou\u00e9es aux Chambres de Commerce \u00bb - challenges economiques","robots":{"index":"index","follow":"follow","max-snippet":"max-snippet:-1","max-image-preview":"max-image-preview:large","max-video-preview":"max-video-preview:-1"},"canonical":"https:\/\/challengeseconomiques.com\/?p=5489","og_locale":"fr_FR","og_type":"article","og_title":"Adama Lam, CNES, Repr\u00e9sentant du Secteur Priv\u00e9 : \u00ab Augmenter les ressources allou\u00e9es aux Chambres de Commerce \u00bb - challenges economiques","og_description":"Le pr\u00e9sident de la CNES ,Adama Lam au milieu L\u2019Assembl\u00e9e g\u00e9n\u00e9rale sp\u00e9ciale de la CCIAD est un rendez-vous majeur dans la vie de l\u2019Institution Consulaire....","og_url":"https:\/\/challengeseconomiques.com\/?p=5489","og_site_name":"challenges economiques","article_published_time":"2023-10-30T11:30:37+00:00","article_modified_time":"2023-10-30T11:30:59+00:00","og_image":[{"width":1536,"height":1017,"url":"https:\/\/challengeseconomiques.com\/wp-content\/uploads\/2023\/10\/adamalam.jpeg","type":"image\/jpeg"}],"author":"admin","twitter_card":"summary_large_image","twitter_misc":{"\u00c9crit par":"admin","Dur\u00e9e de lecture estim\u00e9e":"2 minutes"},"schema":{"@context":"https:\/\/schema.org","@graph":[{"@type":"Article","@id":"https:\/\/challengeseconomiques.com\/?p=5489#article","isPartOf":{"@id":"https:\/\/challengeseconomiques.com\/?p=5489"},"author":{"name":"admin","@id":"https:\/\/challengeseconomiques.com\/#\/schema\/person\/b4568c9afebc5a9238a771873801e349"},"headline":"Adama Lam, CNES, Repr\u00e9sentant du Secteur Priv\u00e9 : \u00ab Augmenter les ressources allou\u00e9es aux Chambres de Commerce \u00bb","datePublished":"2023-10-30T11:30:37+00:00","dateModified":"2023-10-30T11:30:59+00:00","mainEntityOfPage":{"@id":"https:\/\/challengeseconomiques.com\/?p=5489"},"wordCount":413,"image":{"@id":"https:\/\/challengeseconomiques.com\/?p=5489#primaryimage"},"thumbnailUrl":"https:\/\/challengeseconomiques.com\/wp-content\/uploads\/2023\/10\/adamalam.jpeg","articleSection":["Actualit\u00e9 \u00e9conomique"],"inLanguage":"fr-FR"},{"@type":"WebPage","@id":"https:\/\/challengeseconomiques.com\/?p=5489","url":"https:\/\/challengeseconomiques.com\/?p=5489","name":"Adama Lam, CNES, Repr\u00e9sentant du Secteur Priv\u00e9 : \u00ab Augmenter les ressources allou\u00e9es aux Chambres de Commerce \u00bb - challenges economiques","isPartOf":{"@id":"https:\/\/challengeseconomiques.com\/#website"},"primaryImageOfPage":{"@id":"https:\/\/challengeseconomiques.com\/?p=5489#primaryimage"},"image":{"@id":"https:\/\/challengeseconomiques.com\/?p=5489#primaryimage"},"thumbnailUrl":"https:\/\/challengeseconomiques.com\/wp-content\/uploads\/2023\/10\/adamalam.jpeg","datePublished":"2023-10-30T11:30:37+00:00","dateModified":"2023-10-30T11:30:59+00:00","author":{"@id":"https:\/\/challengeseconomiques.com\/#\/schema\/person\/b4568c9afebc5a9238a771873801e349"},"breadcrumb":{"@id":"https:\/\/challengeseconomiques.com\/?p=5489#breadcrumb"},"inLanguage":"fr-FR","potentialAction":[{"@type":"ReadAction","target":["https:\/\/challengeseconomiques.com\/?p=5489"]}]},{"@type":"ImageObject","inLanguage":"fr-FR","@id":"https:\/\/challengeseconomiques.com\/?p=5489#primaryimage","url":"https:\/\/challengeseconomiques.com\/wp-content\/uploads\/2023\/10\/adamalam.jpeg","contentUrl":"https:\/\/challengeseconomiques.com\/wp-content\/uploads\/2023\/10\/adamalam.jpeg","width":1536,"height":1017},{"@type":"BreadcrumbList","@id":"https:\/\/challengeseconomiques.com\/?p=5489#breadcrumb","itemListElement":[{"@type":"ListItem","position":1,"name":"Home","item":"https:\/\/challengeseconomiques.com\/"},{"@type":"ListItem","position":2,"name":"Adama Lam, CNES, Repr\u00e9sentant du Secteur Priv\u00e9 : \u00ab Augmenter les ressources allou\u00e9es aux Chambres de Commerce \u00bb"}]},{"@type":"WebSite","@id":"https:\/\/challengeseconomiques.com\/#website","url":"https:\/\/challengeseconomiques.com\/","name":"challenges economiques","description":"","potentialAction":[{"@type":"SearchAction","target":{"@type":"EntryPoint","urlTemplate":"https:\/\/challengeseconomiques.com\/?s={search_term_string}"},"query-input":{"@type":"PropertyValueSpecification","valueRequired":true,"valueName":"search_term_string"}}],"inLanguage":"fr-FR"},{"@type":"Person","@id":"https:\/\/challengeseconomiques.com\/#\/schema\/person\/b4568c9afebc5a9238a771873801e349","name":"admin","image":{"@type":"ImageObject","inLanguage":"fr-FR","@id":"https:\/\/challengeseconomiques.com\/#\/schema\/person\/image\/","url":"https:\/\/secure.gravatar.com\/avatar\/099e42240b5eea11acdb72751fcce0dd918603f0749d24974b7984ea47ed9fd9?s=96&d=mm&r=g","contentUrl":"https:\/\/secure.gravatar.com\/avatar\/099e42240b5eea11acdb72751fcce0dd918603f0749d24974b7984ea47ed9fd9?s=96&d=mm&r=g","caption":"admin"},"sameAs":["https:\/\/challengeseconomiques.com"],"url":"https:\/\/challengeseconomiques.com\/?author=1"}]}},"jetpack_featured_media_url":"https:\/\/challengeseconomiques.com\/wp-content\/uploads\/2023\/10\/adamalam.jpeg","jetpack_sharing_enabled":true,"_links":{"self":[{"href":"https:\/\/challengeseconomiques.com\/index.php?rest_route=\/wp\/v2\/posts\/5489","targetHints":{"allow":["GET"]}}],"collection":[{"href":"https:\/\/challengeseconomiques.com\/index.php?rest_route=\/wp\/v2\/posts"}],"about":[{"href":"https:\/\/challengeseconomiques.com\/index.php?rest_route=\/wp\/v2\/types\/post"}],"author":[{"embeddable":true,"href":"https:\/\/challengeseconomiques.com\/index.php?rest_route=\/wp\/v2\/users\/1"}],"replies":[{"embeddable":true,"href":"https:\/\/challengeseconomiques.com\/index.php?rest_route=%2Fwp%2Fv2%2Fcomments&post=5489"}],"version-history":[{"count":1,"href":"https:\/\/challengeseconomiques.com\/index.php?rest_route=\/wp\/v2\/posts\/5489\/revisions"}],"predecessor-version":[{"id":5491,"href":"https:\/\/challengeseconomiques.com\/index.php?rest_route=\/wp\/v2\/posts\/5489\/revisions\/5491"}],"wp:featuredmedia":[{"embeddable":true,"href":"https:\/\/challengeseconomiques.com\/index.php?rest_route=\/wp\/v2\/media\/5490"}],"wp:attachment":[{"href":"https:\/\/challengeseconomiques.com\/index.php?rest_route=%2Fwp%2Fv2%2Fmedia&parent=5489"}],"wp:term":[{"taxonomy":"category","embeddable":true,"href":"https:\/\/challengeseconomiques.com\/index.php?rest_route=%2Fwp%2Fv2%2Fcategories&post=5489"},{"taxonomy":"post_tag","embeddable":true,"href":"https:\/\/challengeseconomiques.com\/index.php?rest_route=%2Fwp%2Fv2%2Ftags&post=5489"}],"curies":[{"name":"wp","href":"https:\/\/api.w.org\/{rel}","templated":true}]}}