{"id":5485,"date":"2023-10-30T11:15:48","date_gmt":"2023-10-30T11:15:48","guid":{"rendered":"https:\/\/challengeseconomiques.com\/?p=5485"},"modified":"2023-10-30T11:20:40","modified_gmt":"2023-10-30T11:20:40","slug":"matam-les-infrastructures-du-padef-ej-vont-avoir-un-fort-impact-dans-la-region-coordonnateur","status":"publish","type":"post","link":"https:\/\/challengeseconomiques.com\/?p=5485","title":{"rendered":"Matam : les infrastructures du PADEF-EJ vont avoir un \u00ab fort impact \u00bb dans la r\u00e9gion (coordonnateur)"},"content":{"rendered":"<p><strong>Mame Thierno Gueye, le Coordonnateur du PADEF EJ, \u00e0 c\u00f4t\u00e9 de lui Meissa Aw, le charg\u00e9 du projet \u00e0 la BID<\/strong><\/p>\n<p><strong>Les infrastructures r\u00e9alis\u00e9es par le Projet d\u2019appui au d\u00e9veloppement de l\u2019entreprenariat f\u00e9minin et de l\u2019emploi des jeunes (PADEF-EJ) vont avoir un \u2018\u2019fort impact\u2019\u2019 sur le plan socio-\u00e9conomique dans la r\u00e9gion de Matam (nord-est), a indiqu\u00e9 le coordonnateur dudit projet, Mame Thierno Gu\u00e8ye.<\/strong><\/p>\n<p>\u2018\u2019Le projet est une r\u00e9ponse du gouvernement du S\u00e9n\u00e9gal \u00e0 la probl\u00e9matique de l\u2019emploi des jeunes filles et des femmes. C\u2019est en ce sens que toutes les infrastructures r\u00e9alis\u00e9es par le PADEF-EJ vont \u00eatre g\u00e9r\u00e9es par des femmes et auront un fort impact sur le plan social et \u00e9conomique dans la r\u00e9gion\u2019\u2019, a-t-il d\u00e9clar\u00e9.<\/p>\n<p>M. Gu\u00e8ye s\u2019exprimait au terme d\u2019une visite de terrain effectu\u00e9e \u00e0 Dembancan\u00e9 et \u00e0 Wendou Boss\u00e9ab\u00e9, deux localit\u00e9s du d\u00e9partement de Kanel o\u00f9 le PADEF-EJ a construit un centre de groupage d\u2019oignon et une unit\u00e9 de transformation des c\u00e9r\u00e9ales locales.<\/p>\n<p>Sur le plan \u00e9conomique, dit-il, il est attendu du projet la cr\u00e9ation d\u2019emplois avec l\u2019exploitation des unit\u00e9s de transformation, ajoutant que \u2018\u2019le centre de groupage d\u2019oignon de Dembancan\u00e9 peut contenir 500 tonnes (\u2026) en p\u00e9riode de campagne\u2019\u2019.<\/p>\n<p>Il a rappel\u00e9 qu\u2019il n\u2019existe pas une infrastructure de cette dimension sur un rayon de plus de 50 kilom\u00e8tres, dans le Dand\u00e9 Mayo.<\/p>\n<p>&nbsp;<\/p>\n<p>\u2018\u2019Si les femmes arrivent \u00e0 le mettre en service et que l\u2019infrastructure soit op\u00e9rationnelle, le consommateur va en b\u00e9n\u00e9ficier, car certainement le prix va consid\u00e9rablement baisser\u2019\u2019, esp\u00e8re-t-il.<\/p>\n<p>Mame Thierno Gu\u00e8ye signale que le projet a r\u00e9alis\u00e9 au moins trois unit\u00e9s de transformation de c\u00e9r\u00e9ales locales, notamment \u00e0 Wendou Boss\u00e9ab\u00e9, \u00e0 Bokidiaw\u00e9 et une autre dans la ville de Matam. Il a aussi mis en place une rizerie \u00e0 Agnam, \u2018\u2019pour un co\u00fbt total pouvant \u00eatre estim\u00e9 \u00e0 plus de 500 millions de francs CFA\u2019\u2019.<\/p>\n<p>Il a \u00e9galement cit\u00e9 l\u2019octroi de financements de la Banque islamique de d\u00e9veloppement (BID) \u00e0 des femmes de la r\u00e9gion de Matam.<\/p>\n<p>Meissa Aw, chef de projet \u00e0 la BID en charge du PADEF-EJ, pr\u00e9cise que le projet veut favoriser l\u2019autonomisation des femmes \u2018\u2019en les dotant de financements pour qu\u2019elles puissent mener des activit\u00e9s g\u00e9n\u00e9ratrices de revenus\u2019\u2019.<\/p>\n<p>Il a signal\u00e9 que des financements d\u2019un montant global de 100 millions de francs CFA ont \u00e9t\u00e9 consentis dans les domaines de l\u2019horticulture, de l\u2019\u00e9levage, du mara\u00eechage et de la production d\u2019oignons en faveur des femmes.<\/p>\n<p>Le PADEF-EJ est un projet du minist\u00e8re de la Femme, de la Famille et de la Protection de la petite enfance. Son budget s\u2019\u00e9l\u00e8ve \u00e0 11 milliards de francs CFA.<\/p>\n<p><strong>(APS)<\/strong><\/p>\n","protected":false},"excerpt":{"rendered":"<p>Mame Thierno Gueye, le Coordonnateur du PADEF EJ, \u00e0 c\u00f4t\u00e9 de lui Meissa Aw, le charg\u00e9 du projet \u00e0 la BID Les infrastructures r\u00e9alis\u00e9es par&#8230;<\/p>\n","protected":false},"author":1,"featured_media":5488,"comment_status":"closed","ping_status":"open","sticky":false,"template":"","format":"standard","meta":{"_jetpack_memberships_contains_paid_content":false,"footnotes":""},"categories":[23,8,10],"tags":[],"class_list":["post-5485","post","type-post","status-publish","format-standard","has-post-thumbnail","hentry","category-a-la-une","category-actualite-economique","category-infos-eco","wpcat-23-id","wpcat-8-id","wpcat-10-id"],"yoast_head":"<!-- This site is optimized with the Yoast SEO plugin v27.1.1 - https:\/\/yoast.com\/product\/yoast-seo-wordpress\/ -->\n<title>Matam : les infrastructures du PADEF-EJ vont avoir un \u00ab fort impact \u00bb dans la r\u00e9gion (coordonnateur) - challenges economiques<\/title>\n<meta name=\"robots\" content=\"index, follow, max-snippet:-1, max-image-preview:large, max-video-preview:-1\" \/>\n<link rel=\"canonical\" href=\"https:\/\/challengeseconomiques.com\/?p=5485\" \/>\n<meta property=\"og:locale\" content=\"fr_FR\" \/>\n<meta property=\"og:type\" content=\"article\" \/>\n<meta property=\"og:title\" content=\"Matam : les infrastructures du PADEF-EJ vont avoir un \u00ab fort impact \u00bb dans la r\u00e9gion (coordonnateur) - challenges economiques\" \/>\n<meta property=\"og:description\" content=\"Mame Thierno Gueye, le Coordonnateur du PADEF EJ, \u00e0 c\u00f4t\u00e9 de lui Meissa Aw, le charg\u00e9 du projet \u00e0 la BID Les infrastructures r\u00e9alis\u00e9es par...\" \/>\n<meta property=\"og:url\" content=\"https:\/\/challengeseconomiques.com\/?p=5485\" \/>\n<meta property=\"og:site_name\" content=\"challenges economiques\" \/>\n<meta property=\"article:published_time\" content=\"2023-10-30T11:15:48+00:00\" \/>\n<meta property=\"article:modified_time\" content=\"2023-10-30T11:20:40+00:00\" \/>\n<meta property=\"og:image\" content=\"https:\/\/challengeseconomiques.com\/wp-content\/uploads\/2023\/10\/mtg2.jpg\" \/>\n\t<meta property=\"og:image:width\" content=\"1080\" \/>\n\t<meta property=\"og:image:height\" content=\"810\" \/>\n\t<meta property=\"og:image:type\" content=\"image\/jpeg\" \/>\n<meta name=\"author\" content=\"admin\" \/>\n<meta name=\"twitter:card\" content=\"summary_large_image\" \/>\n<meta name=\"twitter:label1\" content=\"\u00c9crit par\" \/>\n\t<meta name=\"twitter:data1\" content=\"admin\" \/>\n\t<meta name=\"twitter:label2\" content=\"Dur\u00e9e de lecture estim\u00e9e\" \/>\n\t<meta name=\"twitter:data2\" content=\"2 minutes\" \/>\n<script type=\"application\/ld+json\" class=\"yoast-schema-graph\">{\"@context\":\"https:\/\/schema.org\",\"@graph\":[{\"@type\":\"Article\",\"@id\":\"https:\/\/challengeseconomiques.com\/?p=5485#article\",\"isPartOf\":{\"@id\":\"https:\/\/challengeseconomiques.com\/?p=5485\"},\"author\":{\"name\":\"admin\",\"@id\":\"https:\/\/challengeseconomiques.com\/#\/schema\/person\/b4568c9afebc5a9238a771873801e349\"},\"headline\":\"Matam : les infrastructures du PADEF-EJ vont avoir un \u00ab fort impact \u00bb dans la r\u00e9gion (coordonnateur)\",\"datePublished\":\"2023-10-30T11:15:48+00:00\",\"dateModified\":\"2023-10-30T11:20:40+00:00\",\"mainEntityOfPage\":{\"@id\":\"https:\/\/challengeseconomiques.com\/?p=5485\"},\"wordCount\":494,\"image\":{\"@id\":\"https:\/\/challengeseconomiques.com\/?p=5485#primaryimage\"},\"thumbnailUrl\":\"https:\/\/challengeseconomiques.com\/wp-content\/uploads\/2023\/10\/mtg2.jpg\",\"articleSection\":[\"A la une\",\"Actualit\u00e9 \u00e9conomique\",\"Infos \u00e9co\"],\"inLanguage\":\"fr-FR\"},{\"@type\":\"WebPage\",\"@id\":\"https:\/\/challengeseconomiques.com\/?p=5485\",\"url\":\"https:\/\/challengeseconomiques.com\/?p=5485\",\"name\":\"Matam : les infrastructures du PADEF-EJ vont avoir un \u00ab fort impact \u00bb dans la r\u00e9gion (coordonnateur) - challenges economiques\",\"isPartOf\":{\"@id\":\"https:\/\/challengeseconomiques.com\/#website\"},\"primaryImageOfPage\":{\"@id\":\"https:\/\/challengeseconomiques.com\/?p=5485#primaryimage\"},\"image\":{\"@id\":\"https:\/\/challengeseconomiques.com\/?p=5485#primaryimage\"},\"thumbnailUrl\":\"https:\/\/challengeseconomiques.com\/wp-content\/uploads\/2023\/10\/mtg2.jpg\",\"datePublished\":\"2023-10-30T11:15:48+00:00\",\"dateModified\":\"2023-10-30T11:20:40+00:00\",\"author\":{\"@id\":\"https:\/\/challengeseconomiques.com\/#\/schema\/person\/b4568c9afebc5a9238a771873801e349\"},\"breadcrumb\":{\"@id\":\"https:\/\/challengeseconomiques.com\/?p=5485#breadcrumb\"},\"inLanguage\":\"fr-FR\",\"potentialAction\":[{\"@type\":\"ReadAction\",\"target\":[\"https:\/\/challengeseconomiques.com\/?p=5485\"]}]},{\"@type\":\"ImageObject\",\"inLanguage\":\"fr-FR\",\"@id\":\"https:\/\/challengeseconomiques.com\/?p=5485#primaryimage\",\"url\":\"https:\/\/challengeseconomiques.com\/wp-content\/uploads\/2023\/10\/mtg2.jpg\",\"contentUrl\":\"https:\/\/challengeseconomiques.com\/wp-content\/uploads\/2023\/10\/mtg2.jpg\",\"width\":1080,\"height\":810},{\"@type\":\"BreadcrumbList\",\"@id\":\"https:\/\/challengeseconomiques.com\/?p=5485#breadcrumb\",\"itemListElement\":[{\"@type\":\"ListItem\",\"position\":1,\"name\":\"Home\",\"item\":\"https:\/\/challengeseconomiques.com\/\"},{\"@type\":\"ListItem\",\"position\":2,\"name\":\"Matam : les infrastructures du PADEF-EJ vont avoir un \u00ab fort impact \u00bb dans la r\u00e9gion (coordonnateur)\"}]},{\"@type\":\"WebSite\",\"@id\":\"https:\/\/challengeseconomiques.com\/#website\",\"url\":\"https:\/\/challengeseconomiques.com\/\",\"name\":\"challenges economiques\",\"description\":\"\",\"potentialAction\":[{\"@type\":\"SearchAction\",\"target\":{\"@type\":\"EntryPoint\",\"urlTemplate\":\"https:\/\/challengeseconomiques.com\/?s={search_term_string}\"},\"query-input\":{\"@type\":\"PropertyValueSpecification\",\"valueRequired\":true,\"valueName\":\"search_term_string\"}}],\"inLanguage\":\"fr-FR\"},{\"@type\":\"Person\",\"@id\":\"https:\/\/challengeseconomiques.com\/#\/schema\/person\/b4568c9afebc5a9238a771873801e349\",\"name\":\"admin\",\"image\":{\"@type\":\"ImageObject\",\"inLanguage\":\"fr-FR\",\"@id\":\"https:\/\/challengeseconomiques.com\/#\/schema\/person\/image\/\",\"url\":\"https:\/\/secure.gravatar.com\/avatar\/099e42240b5eea11acdb72751fcce0dd918603f0749d24974b7984ea47ed9fd9?s=96&d=mm&r=g\",\"contentUrl\":\"https:\/\/secure.gravatar.com\/avatar\/099e42240b5eea11acdb72751fcce0dd918603f0749d24974b7984ea47ed9fd9?s=96&d=mm&r=g\",\"caption\":\"admin\"},\"sameAs\":[\"https:\/\/challengeseconomiques.com\"],\"url\":\"https:\/\/challengeseconomiques.com\/?author=1\"}]}<\/script>\n<!-- \/ Yoast SEO plugin. -->","yoast_head_json":{"title":"Matam : les infrastructures du PADEF-EJ vont avoir un \u00ab fort impact \u00bb dans la r\u00e9gion (coordonnateur) - challenges economiques","robots":{"index":"index","follow":"follow","max-snippet":"max-snippet:-1","max-image-preview":"max-image-preview:large","max-video-preview":"max-video-preview:-1"},"canonical":"https:\/\/challengeseconomiques.com\/?p=5485","og_locale":"fr_FR","og_type":"article","og_title":"Matam : les infrastructures du PADEF-EJ vont avoir un \u00ab fort impact \u00bb dans la r\u00e9gion (coordonnateur) - challenges economiques","og_description":"Mame Thierno Gueye, le Coordonnateur du PADEF EJ, \u00e0 c\u00f4t\u00e9 de lui Meissa Aw, le charg\u00e9 du projet \u00e0 la BID Les infrastructures r\u00e9alis\u00e9es par...","og_url":"https:\/\/challengeseconomiques.com\/?p=5485","og_site_name":"challenges economiques","article_published_time":"2023-10-30T11:15:48+00:00","article_modified_time":"2023-10-30T11:20:40+00:00","og_image":[{"width":1080,"height":810,"url":"https:\/\/challengeseconomiques.com\/wp-content\/uploads\/2023\/10\/mtg2.jpg","type":"image\/jpeg"}],"author":"admin","twitter_card":"summary_large_image","twitter_misc":{"\u00c9crit par":"admin","Dur\u00e9e de lecture estim\u00e9e":"2 minutes"},"schema":{"@context":"https:\/\/schema.org","@graph":[{"@type":"Article","@id":"https:\/\/challengeseconomiques.com\/?p=5485#article","isPartOf":{"@id":"https:\/\/challengeseconomiques.com\/?p=5485"},"author":{"name":"admin","@id":"https:\/\/challengeseconomiques.com\/#\/schema\/person\/b4568c9afebc5a9238a771873801e349"},"headline":"Matam : les infrastructures du PADEF-EJ vont avoir un \u00ab fort impact \u00bb dans la r\u00e9gion (coordonnateur)","datePublished":"2023-10-30T11:15:48+00:00","dateModified":"2023-10-30T11:20:40+00:00","mainEntityOfPage":{"@id":"https:\/\/challengeseconomiques.com\/?p=5485"},"wordCount":494,"image":{"@id":"https:\/\/challengeseconomiques.com\/?p=5485#primaryimage"},"thumbnailUrl":"https:\/\/challengeseconomiques.com\/wp-content\/uploads\/2023\/10\/mtg2.jpg","articleSection":["A la une","Actualit\u00e9 \u00e9conomique","Infos \u00e9co"],"inLanguage":"fr-FR"},{"@type":"WebPage","@id":"https:\/\/challengeseconomiques.com\/?p=5485","url":"https:\/\/challengeseconomiques.com\/?p=5485","name":"Matam : les infrastructures du PADEF-EJ vont avoir un \u00ab fort impact \u00bb dans la r\u00e9gion (coordonnateur) - challenges economiques","isPartOf":{"@id":"https:\/\/challengeseconomiques.com\/#website"},"primaryImageOfPage":{"@id":"https:\/\/challengeseconomiques.com\/?p=5485#primaryimage"},"image":{"@id":"https:\/\/challengeseconomiques.com\/?p=5485#primaryimage"},"thumbnailUrl":"https:\/\/challengeseconomiques.com\/wp-content\/uploads\/2023\/10\/mtg2.jpg","datePublished":"2023-10-30T11:15:48+00:00","dateModified":"2023-10-30T11:20:40+00:00","author":{"@id":"https:\/\/challengeseconomiques.com\/#\/schema\/person\/b4568c9afebc5a9238a771873801e349"},"breadcrumb":{"@id":"https:\/\/challengeseconomiques.com\/?p=5485#breadcrumb"},"inLanguage":"fr-FR","potentialAction":[{"@type":"ReadAction","target":["https:\/\/challengeseconomiques.com\/?p=5485"]}]},{"@type":"ImageObject","inLanguage":"fr-FR","@id":"https:\/\/challengeseconomiques.com\/?p=5485#primaryimage","url":"https:\/\/challengeseconomiques.com\/wp-content\/uploads\/2023\/10\/mtg2.jpg","contentUrl":"https:\/\/challengeseconomiques.com\/wp-content\/uploads\/2023\/10\/mtg2.jpg","width":1080,"height":810},{"@type":"BreadcrumbList","@id":"https:\/\/challengeseconomiques.com\/?p=5485#breadcrumb","itemListElement":[{"@type":"ListItem","position":1,"name":"Home","item":"https:\/\/challengeseconomiques.com\/"},{"@type":"ListItem","position":2,"name":"Matam : les infrastructures du PADEF-EJ vont avoir un \u00ab fort impact \u00bb dans la r\u00e9gion (coordonnateur)"}]},{"@type":"WebSite","@id":"https:\/\/challengeseconomiques.com\/#website","url":"https:\/\/challengeseconomiques.com\/","name":"challenges economiques","description":"","potentialAction":[{"@type":"SearchAction","target":{"@type":"EntryPoint","urlTemplate":"https:\/\/challengeseconomiques.com\/?s={search_term_string}"},"query-input":{"@type":"PropertyValueSpecification","valueRequired":true,"valueName":"search_term_string"}}],"inLanguage":"fr-FR"},{"@type":"Person","@id":"https:\/\/challengeseconomiques.com\/#\/schema\/person\/b4568c9afebc5a9238a771873801e349","name":"admin","image":{"@type":"ImageObject","inLanguage":"fr-FR","@id":"https:\/\/challengeseconomiques.com\/#\/schema\/person\/image\/","url":"https:\/\/secure.gravatar.com\/avatar\/099e42240b5eea11acdb72751fcce0dd918603f0749d24974b7984ea47ed9fd9?s=96&d=mm&r=g","contentUrl":"https:\/\/secure.gravatar.com\/avatar\/099e42240b5eea11acdb72751fcce0dd918603f0749d24974b7984ea47ed9fd9?s=96&d=mm&r=g","caption":"admin"},"sameAs":["https:\/\/challengeseconomiques.com"],"url":"https:\/\/challengeseconomiques.com\/?author=1"}]}},"jetpack_featured_media_url":"https:\/\/challengeseconomiques.com\/wp-content\/uploads\/2023\/10\/mtg2.jpg","jetpack_sharing_enabled":true,"_links":{"self":[{"href":"https:\/\/challengeseconomiques.com\/index.php?rest_route=\/wp\/v2\/posts\/5485","targetHints":{"allow":["GET"]}}],"collection":[{"href":"https:\/\/challengeseconomiques.com\/index.php?rest_route=\/wp\/v2\/posts"}],"about":[{"href":"https:\/\/challengeseconomiques.com\/index.php?rest_route=\/wp\/v2\/types\/post"}],"author":[{"embeddable":true,"href":"https:\/\/challengeseconomiques.com\/index.php?rest_route=\/wp\/v2\/users\/1"}],"replies":[{"embeddable":true,"href":"https:\/\/challengeseconomiques.com\/index.php?rest_route=%2Fwp%2Fv2%2Fcomments&post=5485"}],"version-history":[{"count":1,"href":"https:\/\/challengeseconomiques.com\/index.php?rest_route=\/wp\/v2\/posts\/5485\/revisions"}],"predecessor-version":[{"id":5487,"href":"https:\/\/challengeseconomiques.com\/index.php?rest_route=\/wp\/v2\/posts\/5485\/revisions\/5487"}],"wp:featuredmedia":[{"embeddable":true,"href":"https:\/\/challengeseconomiques.com\/index.php?rest_route=\/wp\/v2\/media\/5488"}],"wp:attachment":[{"href":"https:\/\/challengeseconomiques.com\/index.php?rest_route=%2Fwp%2Fv2%2Fmedia&parent=5485"}],"wp:term":[{"taxonomy":"category","embeddable":true,"href":"https:\/\/challengeseconomiques.com\/index.php?rest_route=%2Fwp%2Fv2%2Fcategories&post=5485"},{"taxonomy":"post_tag","embeddable":true,"href":"https:\/\/challengeseconomiques.com\/index.php?rest_route=%2Fwp%2Fv2%2Ftags&post=5485"}],"curies":[{"name":"wp","href":"https:\/\/api.w.org\/{rel}","templated":true}]}}