{"id":5482,"date":"2023-10-30T10:18:21","date_gmt":"2023-10-30T10:18:21","guid":{"rendered":"https:\/\/challengeseconomiques.com\/?p=5482"},"modified":"2023-10-30T10:28:21","modified_gmt":"2023-10-30T10:28:21","slug":"assemblee-generale-speciale-de-la-cciad-linvite-du-ministre-du-commerce-au-secteur-prive","status":"publish","type":"post","link":"https:\/\/challengeseconomiques.com\/?p=5482","title":{"rendered":"Assembl\u00e9e G\u00e9n\u00e9rale Sp\u00e9ciale de la CCIAD : L\u2019invite du Ministre du Commerce au Secteur Priv\u00e9"},"content":{"rendered":"<p><strong>La Chambre de Commerce, d\u2019Industrie et d\u2019Agriculture de Dakar (CCIAD) organise, au si\u00e8ge du Conseil Economique, Social et Environnemental (CESE), une Assembl\u00e9e g\u00e9n\u00e9rale sp\u00e9ciale, le mardi 24 et le mercredi 25 Octobre 2023. Le ministre du Commerce, de la Consommation et des Petites et Moyennes Entreprises, Abdou Karim Fofana, qui a pr\u00e9sid\u00e9 l\u2019ouverture des travaux, a invit\u00e9 le secteur priv\u00e9 \u00e0 jouer sa partition notamment dans le combat pour la souverainet\u00e9 \u00e9conomique, le d\u00e9veloppement industriel et la modernisation des march\u00e9s.<\/strong><\/p>\n<p>\u00ab\u00a0Cr\u00e9\u00e9es en Juin 2021, les Commissions de la Chambre de Commerce de Dakar, structures de propositions et d\u2019aide \u00e0 la prise de d\u00e9cisions, sont d\u2019un grand apport pour nous qui avons la charge de l\u2019ex\u00e9cution des politiques publiques\u00a0\u00bb.<br \/>\nC\u2019est ce qu\u2019a soulign\u00e9 le ministre du Commerce, de la Consommation et des PME, Abdou Karim Fofana, au cours de l\u2019ouverture officielle de l\u2019Assembl\u00e9e g\u00e9n\u00e9rale sp\u00e9ciale de la CCIAD, le 24 Octobre 2023, au si\u00e8ge du Conseil Economique, Social et Environnemental (CESE).<br \/>\nLa mise en place de dix-neuf Commissions, \u00e9pousant tous les secteurs d\u2019activit\u00e9s, anim\u00e9es par des hommes et des femmes choisis en fonction de leur profil, de leur v\u00e9cu et de leur expertise, est une premi\u00e8re dans l\u2019espace consulaire.<br \/>\n\u00ab\u00a0C\u2019est pourquoi, je voudrais chaleureusement f\u00e9liciter le pr\u00e9sident Abdoulaye Sow et ses collaborateurs pour cette heureuse initiative\u00a0\u00bb, a ajout\u00e9 le ministre.<\/p>\n<p><strong>Int\u00e9r\u00eats des op\u00e9rateurs \u00e9conomiques<\/strong><\/p>\n<p>Cette initiative\u00a0est, selon lui, conforme aux dispositions de l\u2019Article premier du D\u00e9cret 2003-827 du 10 octobre 2003 organisant le fonctionnement des CCIAS. Celui-ci stipule\u00a0: \u00ab\u00a0la Chambre de Commerce est un \u00e9tablissement public \u00e0 caract\u00e8re professionnel qui assure la repr\u00e9sentation des int\u00e9r\u00eats des op\u00e9rateurs \u00e9conomiques du S\u00e9n\u00e9gal dans les activit\u00e9s commerciales, industrielles et agricoles\u00a0\u00bb.<br \/>\n\u00ab\u00a0Vous \u00eates donc dans votre r\u00f4le, Monsieur le pr\u00e9sident (de la CCIAD). Tandis que le n\u00f4tre consiste \u00e0 vous accompagner dans cette d\u00e9marche qui permettra\u00a0: d\u2019apporter des r\u00e9ponses appropri\u00e9es aux objectifs de d\u00e9veloppement du secteur priv\u00e9\u00a0; d\u2019adapter l\u2019action consulaire avec les objectifs des nouvelles politiques d\u00e9finies par l\u2019Etat\u00a0; d\u2019avoir un cadre consulaire plus adapt\u00e9 aux imp\u00e9ratifs de performance des entreprises ainsi qu\u2019aux priorit\u00e9s de croissance socio-\u00e9conomiques de l\u2019Etat\u00a0; de renforcer les capacit\u00e9s du dispositif consulaire dans le cadre du dialogue public-priv\u00e9. . .\u00a0\u00bb, a-t-il d\u00e9clar\u00e9.<\/p>\n<p><strong>D\u00e9veloppement d\u2019un secteur priv\u00e9 fort<\/strong><\/p>\n<p>L\u2019accompagnement de l\u2019Etat permettra \u00e9galement de r\u00e9pondre davantage aux attentes des op\u00e9rateurs \u00e9conomiques dans les secteurs du commerce, de l\u2019industrie et de l\u2019agriculture\u00a0et d\u2019apporter des r\u00e9ponses appropri\u00e9es aux objectifs de d\u00e9veloppement du secteur priv\u00e9. Pour le ministre, cet appui permettra aussi aux Chambres Consulaires de retrouver un leadership dans le d\u00e9veloppement d\u2019un secteur priv\u00e9 fort, g\u00e9n\u00e9rateur de richesses et d\u2019emplois.<br \/>\n<strong>\u00ab\u00a0<\/strong>Je serai particuli\u00e8rement attentif \u00e0 vos travaux car cette mission des Chambres de Commerce est en coh\u00e9rence avec les nouvelles politiques mises en place dans le cadre du Plan S\u00e9n\u00e9gal Emergent et de l\u2019Acte 3 de la D\u00e9centralisation. Je puis ainsi vous assurer que les recommandations issues de votre Assembl\u00e9e G\u00e9n\u00e9rale Sp\u00e9ciale seront prises en compte par le Gouvernement\u00a0\u00bb, a promis le ministre du Commerce.<\/p>\n<p><strong>Invite du ministre au secteur priv\u00e9<\/strong><\/p>\n<p>\u00ab Vous \u00eates les cr\u00e9ateurs de richesses \u00bb, a d\u00e9clar\u00e9 le ministre Abdou Karim Fofana, \u00e0 l\u2019endroit des op\u00e9rateurs \u00e9conomiques. \u00ab Nous continuerons \u00e0 soutenir l\u2019industrie \u00bb, a-t-il rassur\u00e9, en invitant le secteur priv\u00e9 \u00e0 jouer pleinement sa partition dans le combat pour la souverainet\u00e9 \u00e9conomique et le d\u00e9veloppement industriel.<br \/>\nL\u2019exploitation du p\u00e9trole et du gaz permettra, selon lui, de baisser les co\u00fbts des facteurs.<br \/>\nAbordant la probl\u00e9matique des march\u00e9s, il a indiqu\u00e9 que les infrastructures marchandes datent de plus de 50 ans.<br \/>\nDans la foul\u00e9e, le ministre a invit\u00e9 la Chambre de Commerce \u00e0 proposer un mod\u00e8le de financement pour la modernisation des march\u00e9s, en Partenariat Public-Priv\u00e9 (PPP) avec l\u2019Etat. Abdou Karim Fofana a \u00e9galement demand\u00e9 aux membres du secteur de saisir les opportunit\u00e9s d\u2019investissements qui existent dans la r\u00e9novation des espaces de commerce. . .<\/p>\n<p><strong>Joseph SENE (BIE)<br \/>\n<\/strong><\/p>\n<p>&nbsp;<\/p>\n<p>&nbsp;<\/p>\n","protected":false},"excerpt":{"rendered":"<p>La Chambre de Commerce, d\u2019Industrie et d\u2019Agriculture de Dakar (CCIAD) organise, au si\u00e8ge du Conseil Economique, Social et Environnemental (CESE), une Assembl\u00e9e g\u00e9n\u00e9rale sp\u00e9ciale, le&#8230;<\/p>\n","protected":false},"author":3,"featured_media":5483,"comment_status":"closed","ping_status":"open","sticky":false,"template":"","format":"standard","meta":{"_jetpack_memberships_contains_paid_content":false,"footnotes":""},"categories":[23,8],"tags":[],"class_list":["post-5482","post","type-post","status-publish","format-standard","has-post-thumbnail","hentry","category-a-la-une","category-actualite-economique","wpcat-23-id","wpcat-8-id"],"yoast_head":"<!-- This site is optimized with the Yoast SEO plugin v27.1.1 - https:\/\/yoast.com\/product\/yoast-seo-wordpress\/ -->\n<title>Assembl\u00e9e G\u00e9n\u00e9rale Sp\u00e9ciale de la CCIAD : L\u2019invite du Ministre du Commerce au Secteur Priv\u00e9 - challenges economiques<\/title>\n<meta name=\"robots\" content=\"index, follow, max-snippet:-1, max-image-preview:large, max-video-preview:-1\" \/>\n<link rel=\"canonical\" href=\"https:\/\/challengeseconomiques.com\/?p=5482\" \/>\n<meta property=\"og:locale\" content=\"fr_FR\" \/>\n<meta property=\"og:type\" content=\"article\" \/>\n<meta property=\"og:title\" content=\"Assembl\u00e9e G\u00e9n\u00e9rale Sp\u00e9ciale de la CCIAD : L\u2019invite du Ministre du Commerce au Secteur Priv\u00e9 - challenges economiques\" \/>\n<meta property=\"og:description\" content=\"La Chambre de Commerce, d\u2019Industrie et d\u2019Agriculture de Dakar (CCIAD) organise, au si\u00e8ge du Conseil Economique, Social et Environnemental (CESE), une Assembl\u00e9e g\u00e9n\u00e9rale sp\u00e9ciale, le...\" \/>\n<meta property=\"og:url\" content=\"https:\/\/challengeseconomiques.com\/?p=5482\" \/>\n<meta property=\"og:site_name\" content=\"challenges economiques\" \/>\n<meta property=\"article:published_time\" content=\"2023-10-30T10:18:21+00:00\" \/>\n<meta property=\"article:modified_time\" content=\"2023-10-30T10:28:21+00:00\" \/>\n<meta property=\"og:image\" content=\"https:\/\/challengeseconomiques.com\/wp-content\/uploads\/2023\/10\/Fofana_Commerce_1-1536x1020-1.jpeg\" \/>\n\t<meta property=\"og:image:width\" content=\"1536\" \/>\n\t<meta property=\"og:image:height\" content=\"1020\" \/>\n\t<meta property=\"og:image:type\" content=\"image\/jpeg\" \/>\n<meta name=\"author\" content=\"aliou kane ndiaye\" \/>\n<meta name=\"twitter:card\" content=\"summary_large_image\" \/>\n<meta name=\"twitter:label1\" content=\"\u00c9crit par\" \/>\n\t<meta name=\"twitter:data1\" content=\"aliou kane ndiaye\" \/>\n\t<meta name=\"twitter:label2\" content=\"Dur\u00e9e de lecture estim\u00e9e\" \/>\n\t<meta name=\"twitter:data2\" content=\"4 minutes\" \/>\n<script type=\"application\/ld+json\" class=\"yoast-schema-graph\">{\"@context\":\"https:\/\/schema.org\",\"@graph\":[{\"@type\":\"Article\",\"@id\":\"https:\/\/challengeseconomiques.com\/?p=5482#article\",\"isPartOf\":{\"@id\":\"https:\/\/challengeseconomiques.com\/?p=5482\"},\"author\":{\"name\":\"aliou kane ndiaye\",\"@id\":\"https:\/\/challengeseconomiques.com\/#\/schema\/person\/2f70a31e102db1741c1a1c00c2bbd8a6\"},\"headline\":\"Assembl\u00e9e G\u00e9n\u00e9rale Sp\u00e9ciale de la CCIAD : L\u2019invite du Ministre du Commerce au Secteur Priv\u00e9\",\"datePublished\":\"2023-10-30T10:18:21+00:00\",\"dateModified\":\"2023-10-30T10:28:21+00:00\",\"mainEntityOfPage\":{\"@id\":\"https:\/\/challengeseconomiques.com\/?p=5482\"},\"wordCount\":746,\"image\":{\"@id\":\"https:\/\/challengeseconomiques.com\/?p=5482#primaryimage\"},\"thumbnailUrl\":\"https:\/\/challengeseconomiques.com\/wp-content\/uploads\/2023\/10\/Fofana_Commerce_1-1536x1020-1.jpeg\",\"articleSection\":[\"A la une\",\"Actualit\u00e9 \u00e9conomique\"],\"inLanguage\":\"fr-FR\"},{\"@type\":\"WebPage\",\"@id\":\"https:\/\/challengeseconomiques.com\/?p=5482\",\"url\":\"https:\/\/challengeseconomiques.com\/?p=5482\",\"name\":\"Assembl\u00e9e G\u00e9n\u00e9rale Sp\u00e9ciale de la CCIAD : L\u2019invite du Ministre du Commerce au Secteur Priv\u00e9 - challenges economiques\",\"isPartOf\":{\"@id\":\"https:\/\/challengeseconomiques.com\/#website\"},\"primaryImageOfPage\":{\"@id\":\"https:\/\/challengeseconomiques.com\/?p=5482#primaryimage\"},\"image\":{\"@id\":\"https:\/\/challengeseconomiques.com\/?p=5482#primaryimage\"},\"thumbnailUrl\":\"https:\/\/challengeseconomiques.com\/wp-content\/uploads\/2023\/10\/Fofana_Commerce_1-1536x1020-1.jpeg\",\"datePublished\":\"2023-10-30T10:18:21+00:00\",\"dateModified\":\"2023-10-30T10:28:21+00:00\",\"author\":{\"@id\":\"https:\/\/challengeseconomiques.com\/#\/schema\/person\/2f70a31e102db1741c1a1c00c2bbd8a6\"},\"breadcrumb\":{\"@id\":\"https:\/\/challengeseconomiques.com\/?p=5482#breadcrumb\"},\"inLanguage\":\"fr-FR\",\"potentialAction\":[{\"@type\":\"ReadAction\",\"target\":[\"https:\/\/challengeseconomiques.com\/?p=5482\"]}]},{\"@type\":\"ImageObject\",\"inLanguage\":\"fr-FR\",\"@id\":\"https:\/\/challengeseconomiques.com\/?p=5482#primaryimage\",\"url\":\"https:\/\/challengeseconomiques.com\/wp-content\/uploads\/2023\/10\/Fofana_Commerce_1-1536x1020-1.jpeg\",\"contentUrl\":\"https:\/\/challengeseconomiques.com\/wp-content\/uploads\/2023\/10\/Fofana_Commerce_1-1536x1020-1.jpeg\",\"width\":1536,\"height\":1020},{\"@type\":\"BreadcrumbList\",\"@id\":\"https:\/\/challengeseconomiques.com\/?p=5482#breadcrumb\",\"itemListElement\":[{\"@type\":\"ListItem\",\"position\":1,\"name\":\"Home\",\"item\":\"https:\/\/challengeseconomiques.com\/\"},{\"@type\":\"ListItem\",\"position\":2,\"name\":\"Assembl\u00e9e G\u00e9n\u00e9rale Sp\u00e9ciale de la CCIAD : L\u2019invite du Ministre du Commerce au Secteur Priv\u00e9\"}]},{\"@type\":\"WebSite\",\"@id\":\"https:\/\/challengeseconomiques.com\/#website\",\"url\":\"https:\/\/challengeseconomiques.com\/\",\"name\":\"challenges economiques\",\"description\":\"\",\"potentialAction\":[{\"@type\":\"SearchAction\",\"target\":{\"@type\":\"EntryPoint\",\"urlTemplate\":\"https:\/\/challengeseconomiques.com\/?s={search_term_string}\"},\"query-input\":{\"@type\":\"PropertyValueSpecification\",\"valueRequired\":true,\"valueName\":\"search_term_string\"}}],\"inLanguage\":\"fr-FR\"},{\"@type\":\"Person\",\"@id\":\"https:\/\/challengeseconomiques.com\/#\/schema\/person\/2f70a31e102db1741c1a1c00c2bbd8a6\",\"name\":\"aliou kane ndiaye\",\"image\":{\"@type\":\"ImageObject\",\"inLanguage\":\"fr-FR\",\"@id\":\"https:\/\/challengeseconomiques.com\/#\/schema\/person\/image\/\",\"url\":\"https:\/\/secure.gravatar.com\/avatar\/df942321e58711a9f1fee838e446766660477bacd4b42fa20400d2c7cf4da7ca?s=96&d=mm&r=g\",\"contentUrl\":\"https:\/\/secure.gravatar.com\/avatar\/df942321e58711a9f1fee838e446766660477bacd4b42fa20400d2c7cf4da7ca?s=96&d=mm&r=g\",\"caption\":\"aliou kane ndiaye\"},\"sameAs\":[\"http:\/\/www.challengeseconomiques.com\"],\"url\":\"https:\/\/challengeseconomiques.com\/?author=3\"}]}<\/script>\n<!-- \/ Yoast SEO plugin. -->","yoast_head_json":{"title":"Assembl\u00e9e G\u00e9n\u00e9rale Sp\u00e9ciale de la CCIAD : L\u2019invite du Ministre du Commerce au Secteur Priv\u00e9 - challenges economiques","robots":{"index":"index","follow":"follow","max-snippet":"max-snippet:-1","max-image-preview":"max-image-preview:large","max-video-preview":"max-video-preview:-1"},"canonical":"https:\/\/challengeseconomiques.com\/?p=5482","og_locale":"fr_FR","og_type":"article","og_title":"Assembl\u00e9e G\u00e9n\u00e9rale Sp\u00e9ciale de la CCIAD : L\u2019invite du Ministre du Commerce au Secteur Priv\u00e9 - challenges economiques","og_description":"La Chambre de Commerce, d\u2019Industrie et d\u2019Agriculture de Dakar (CCIAD) organise, au si\u00e8ge du Conseil Economique, Social et Environnemental (CESE), une Assembl\u00e9e g\u00e9n\u00e9rale sp\u00e9ciale, le...","og_url":"https:\/\/challengeseconomiques.com\/?p=5482","og_site_name":"challenges economiques","article_published_time":"2023-10-30T10:18:21+00:00","article_modified_time":"2023-10-30T10:28:21+00:00","og_image":[{"width":1536,"height":1020,"url":"https:\/\/challengeseconomiques.com\/wp-content\/uploads\/2023\/10\/Fofana_Commerce_1-1536x1020-1.jpeg","type":"image\/jpeg"}],"author":"aliou kane ndiaye","twitter_card":"summary_large_image","twitter_misc":{"\u00c9crit par":"aliou kane ndiaye","Dur\u00e9e de lecture estim\u00e9e":"4 minutes"},"schema":{"@context":"https:\/\/schema.org","@graph":[{"@type":"Article","@id":"https:\/\/challengeseconomiques.com\/?p=5482#article","isPartOf":{"@id":"https:\/\/challengeseconomiques.com\/?p=5482"},"author":{"name":"aliou kane ndiaye","@id":"https:\/\/challengeseconomiques.com\/#\/schema\/person\/2f70a31e102db1741c1a1c00c2bbd8a6"},"headline":"Assembl\u00e9e G\u00e9n\u00e9rale Sp\u00e9ciale de la CCIAD : L\u2019invite du Ministre du Commerce au Secteur Priv\u00e9","datePublished":"2023-10-30T10:18:21+00:00","dateModified":"2023-10-30T10:28:21+00:00","mainEntityOfPage":{"@id":"https:\/\/challengeseconomiques.com\/?p=5482"},"wordCount":746,"image":{"@id":"https:\/\/challengeseconomiques.com\/?p=5482#primaryimage"},"thumbnailUrl":"https:\/\/challengeseconomiques.com\/wp-content\/uploads\/2023\/10\/Fofana_Commerce_1-1536x1020-1.jpeg","articleSection":["A la une","Actualit\u00e9 \u00e9conomique"],"inLanguage":"fr-FR"},{"@type":"WebPage","@id":"https:\/\/challengeseconomiques.com\/?p=5482","url":"https:\/\/challengeseconomiques.com\/?p=5482","name":"Assembl\u00e9e G\u00e9n\u00e9rale Sp\u00e9ciale de la CCIAD : L\u2019invite du Ministre du Commerce au Secteur Priv\u00e9 - challenges economiques","isPartOf":{"@id":"https:\/\/challengeseconomiques.com\/#website"},"primaryImageOfPage":{"@id":"https:\/\/challengeseconomiques.com\/?p=5482#primaryimage"},"image":{"@id":"https:\/\/challengeseconomiques.com\/?p=5482#primaryimage"},"thumbnailUrl":"https:\/\/challengeseconomiques.com\/wp-content\/uploads\/2023\/10\/Fofana_Commerce_1-1536x1020-1.jpeg","datePublished":"2023-10-30T10:18:21+00:00","dateModified":"2023-10-30T10:28:21+00:00","author":{"@id":"https:\/\/challengeseconomiques.com\/#\/schema\/person\/2f70a31e102db1741c1a1c00c2bbd8a6"},"breadcrumb":{"@id":"https:\/\/challengeseconomiques.com\/?p=5482#breadcrumb"},"inLanguage":"fr-FR","potentialAction":[{"@type":"ReadAction","target":["https:\/\/challengeseconomiques.com\/?p=5482"]}]},{"@type":"ImageObject","inLanguage":"fr-FR","@id":"https:\/\/challengeseconomiques.com\/?p=5482#primaryimage","url":"https:\/\/challengeseconomiques.com\/wp-content\/uploads\/2023\/10\/Fofana_Commerce_1-1536x1020-1.jpeg","contentUrl":"https:\/\/challengeseconomiques.com\/wp-content\/uploads\/2023\/10\/Fofana_Commerce_1-1536x1020-1.jpeg","width":1536,"height":1020},{"@type":"BreadcrumbList","@id":"https:\/\/challengeseconomiques.com\/?p=5482#breadcrumb","itemListElement":[{"@type":"ListItem","position":1,"name":"Home","item":"https:\/\/challengeseconomiques.com\/"},{"@type":"ListItem","position":2,"name":"Assembl\u00e9e G\u00e9n\u00e9rale Sp\u00e9ciale de la CCIAD : L\u2019invite du Ministre du Commerce au Secteur Priv\u00e9"}]},{"@type":"WebSite","@id":"https:\/\/challengeseconomiques.com\/#website","url":"https:\/\/challengeseconomiques.com\/","name":"challenges economiques","description":"","potentialAction":[{"@type":"SearchAction","target":{"@type":"EntryPoint","urlTemplate":"https:\/\/challengeseconomiques.com\/?s={search_term_string}"},"query-input":{"@type":"PropertyValueSpecification","valueRequired":true,"valueName":"search_term_string"}}],"inLanguage":"fr-FR"},{"@type":"Person","@id":"https:\/\/challengeseconomiques.com\/#\/schema\/person\/2f70a31e102db1741c1a1c00c2bbd8a6","name":"aliou kane ndiaye","image":{"@type":"ImageObject","inLanguage":"fr-FR","@id":"https:\/\/challengeseconomiques.com\/#\/schema\/person\/image\/","url":"https:\/\/secure.gravatar.com\/avatar\/df942321e58711a9f1fee838e446766660477bacd4b42fa20400d2c7cf4da7ca?s=96&d=mm&r=g","contentUrl":"https:\/\/secure.gravatar.com\/avatar\/df942321e58711a9f1fee838e446766660477bacd4b42fa20400d2c7cf4da7ca?s=96&d=mm&r=g","caption":"aliou kane ndiaye"},"sameAs":["http:\/\/www.challengeseconomiques.com"],"url":"https:\/\/challengeseconomiques.com\/?author=3"}]}},"jetpack_featured_media_url":"https:\/\/challengeseconomiques.com\/wp-content\/uploads\/2023\/10\/Fofana_Commerce_1-1536x1020-1.jpeg","jetpack_sharing_enabled":true,"_links":{"self":[{"href":"https:\/\/challengeseconomiques.com\/index.php?rest_route=\/wp\/v2\/posts\/5482","targetHints":{"allow":["GET"]}}],"collection":[{"href":"https:\/\/challengeseconomiques.com\/index.php?rest_route=\/wp\/v2\/posts"}],"about":[{"href":"https:\/\/challengeseconomiques.com\/index.php?rest_route=\/wp\/v2\/types\/post"}],"author":[{"embeddable":true,"href":"https:\/\/challengeseconomiques.com\/index.php?rest_route=\/wp\/v2\/users\/3"}],"replies":[{"embeddable":true,"href":"https:\/\/challengeseconomiques.com\/index.php?rest_route=%2Fwp%2Fv2%2Fcomments&post=5482"}],"version-history":[{"count":1,"href":"https:\/\/challengeseconomiques.com\/index.php?rest_route=\/wp\/v2\/posts\/5482\/revisions"}],"predecessor-version":[{"id":5484,"href":"https:\/\/challengeseconomiques.com\/index.php?rest_route=\/wp\/v2\/posts\/5482\/revisions\/5484"}],"wp:featuredmedia":[{"embeddable":true,"href":"https:\/\/challengeseconomiques.com\/index.php?rest_route=\/wp\/v2\/media\/5483"}],"wp:attachment":[{"href":"https:\/\/challengeseconomiques.com\/index.php?rest_route=%2Fwp%2Fv2%2Fmedia&parent=5482"}],"wp:term":[{"taxonomy":"category","embeddable":true,"href":"https:\/\/challengeseconomiques.com\/index.php?rest_route=%2Fwp%2Fv2%2Fcategories&post=5482"},{"taxonomy":"post_tag","embeddable":true,"href":"https:\/\/challengeseconomiques.com\/index.php?rest_route=%2Fwp%2Fv2%2Ftags&post=5482"}],"curies":[{"name":"wp","href":"https:\/\/api.w.org\/{rel}","templated":true}]}}